{"id":17441,"date":"2020-11-28T14:15:15","date_gmt":"2020-11-28T13:15:15","guid":{"rendered":"https:\/\/www.apfelpatient.de\/?p=17441"},"modified":"2021-07-01T15:25:47","modified_gmt":"2021-07-01T13:25:47","slug":"right-to-repair-eu-parliament-votes-for-support","status":"publish","type":"post","link":"https:\/\/www.apfelpatient.de\/en\/news\/recht-auf-reparatur-eu-parlament-stimmt-fuer-unterstuetzung","title":{"rendered":"Right to repair: EU Parliament votes for support"},"content":{"rendered":"<p class=\"has-drop-cap\"><strong>This week, the European Parliament voted to support the recommendations of the EU Committee on the Internal Market and Consumer Protection on the &quot;right to repair&quot;. In addition, a system for mandatory labelling of consumer electronics is to be used. This will provide explicit information on the repairability and lifespan of products.<\/strong><\/p>\n\n\n\n<p>In addition to supporting the right to repair, the labelling of consumer electronics is also set to play a major role. The motion will force the EU Commission to &quot;develop and introduce a labelling requirement to provide consumers with clear, immediately visible and easily understandable information on the estimated lifespan and repairability of a product at the time of purchase&quot;. This includes a repair rating, similar to the ratings given by iFixit, which is clearly displayed on the product when it is purchased. France is already planning to introduce repairability ratings for smartphones, laptops and other products from January 2021. In the iFixit <a href=\"https:\/\/de.ifixit.com\/News\/47111\/european-parliament-votes-for-right-to-repair?utm_source=feedburner&amp;utm_medium=feed&amp;utm_campaign=Feed%3A+ifixit%2Fblog+%28iFixit%29\" target=\"_blank\" rel=\"noreferrer noopener\">report<\/a> is it [called:<\/p>\n\n\n\n<h3 class=\"wp-block-heading\" id=\"h-recht-auf-reparatur-hersteller-sollten-gesetzlich-verpflichtet-werden\">Right to repair: \u201cManufacturers should be legally obliged\u201d<\/h3>\n\n\n\n\n\n\n\n<blockquote class=\"wp-block-quote is-layout-flow wp-block-quote-is-layout-flow\"><p>By adopting this report, the European Parliament has sent a clear message: harmonised mandatory labelling indicating durability and addressing premature obsolescence at EU level is the way forward,\u201d said French MEP David Cormand.<\/p><\/blockquote>\n\n\n\n<p>According to a recent EU public opinion survey, 77 percent of EU citizens would rather repair their devices than replace them and 79 percent believe that manufacturers should be legally obliged to make it easier to repair digital devices or replace their parts.<\/p>\n\n\n\n<h3 class=\"wp-block-heading\" id=\"h-recht-auf-reparatur-apple-setzt-unverh-ltnism-ig-hohe-reparaturpreise-an\">Right to repair: Apple sets disproportionately high repair prices<\/h3>\n\n\n\n<blockquote class=\"wp-block-quote is-layout-flow wp-block-quote-is-layout-flow\"><p>We hope this will translate into swift action to introduce a mandatory repairability index for all electrical and electronic products sold across the EU, so that consumers can shop with confidence,\u201d said Ugo Vallauri, co-founder of the Restart project and the European Right to Repair Campaign.<\/p><\/blockquote>\n\n\n\n<p>Apple has been repeatedly criticized for disproportionately high repair prices, such as the fee of 90.60 euros for the maintenance of the <a href=\"https:\/\/www.apfelpatient.de\/en\/news\/homepod-mini-how-much-does-the-repair-cost\">HomePod mini<\/a>, which costs \u20ac96.50, as well as arbitrary repair restrictions, such as blocking repairs to the iPhone 12&#039;s camera without access to Apple&#039;s proprietary cloud-connected system configuration app. Yesterday, the UK Parliament&#039;s Environment Committee published a report chastising Apple for contributing to a &quot;throwaway culture&quot; of &quot;short-lived products&quot;. The EU proposal is likely to encourage a range of repair-friendly policies and product disclosures - but this will depend on whether the European Commission enacts them. (Photo by Andrey_Kuzmin \/ Bigstockphoto)<\/p>\n\n\n\n<ul class=\"wp-block-list\"><li><a href=\"https:\/\/www.apfelpatient.de\/en\/news\/black-friday-cyber-monday-anchor-products-on-offer\">Black Friday &amp; Cyber Monday: Anker products on offer<\/a><\/li><\/ul>\n\n\n\n<h6 class=\"wp-block-heading translation-block\" id=\"h-kennt-ihr-schon-unsere-amazon-storefront-dort-findet-ihr-eine-handverlesene-auswahl-von-diversen-produkten-f-r-euer-iphone-und-co-viel-spa-beim-st-bern\"><em>Have you already visited our Amazon Storefront? There you&#039;ll find a hand-picked selection of various products for your iPhone and other devices \u2013 <span class=\"has-inline-color has-vivid-red-color\"><a href=\"https:\/\/www.amazon.de\/shop\/apfelpatientofficial\" class=\"ek-link\" data-wpel-link=\"exclude\" rel=\"follow noopener\" target=\"_self\"><span style=\"text-decoration: underline\" class=\"ek-underline\">enjoy browsing<\/span><\/a> !<\/span><\/em><\/h6>\n\n\n\n<h6 class=\"wp-block-heading translation-block\" id=\"h-der-beitrag-enthalt-partnerlinks\">This post contains <a data-type=\"URL\" data-id=\"https:\/\/www.apfelpatient.de\/partnerprogramm\" href=\"https:\/\/www.apfelpatient.de\/en\/partner-program\" data-wpel-link=\"internal\" target=\"_self\">affiliate links<\/a>.<\/h6>\n\n\n\n<p><\/p>","protected":false},"excerpt":{"rendered":"<p>The European Parliament voted this week to support the EU Committee\u2019s recommendations on the \u201cright to repair.\u201d<\/p>","protected":false},"author":2,"featured_media":17442,"comment_status":"closed","ping_status":"closed","sticky":false,"template":"","format":"standard","meta":{"jnews-multi-image_gallery":[],"jnews_single_post":{"subtitle":"","format":"standard","video":"","gallery":"","source_name":"","source_url":"","via_name":"","via_url":"","override":[{"single_blog_custom":"","sidebar":"","second_sidebar":"","share_position":"","share_float_style":"","post_date_format":"","post_date_format_custom":"","post_reading_time_wpm":"","zoom_button_out_step":"1","zoom_button_in_step":"1","number_popup_post":"1"}],"image_override":[{"single_post_thumbnail_size":"","single_post_gallery_size":""}],"trending_post_position":"","trending_post_label":"","sponsored_post_label":"","sponsored_post_name":"","sponsored_post_url":"","sponsored_post_logo":"","sponsored_post_desc":""},"jnews_primary_category":{"id":"9"},"footnotes":""},"categories":[9],"tags":[156,14,96,85,18,8,40,13],"class_list":["post-17441","post","type-post","status-publish","format-standard","has-post-thumbnail","hentry","category-news","tag-apple-tv","tag-apple-watch","tag-eu-kommission","tag-homepod","tag-ipad","tag-iphone","tag-mac","tag-techpatient"],"yoast_head":"<!-- This site is optimized with the Yoast SEO Premium plugin v27.5 (Yoast SEO v27.5) - https:\/\/yoast.com\/product\/yoast-seo-premium-wordpress\/ -->\n<title>Recht auf Reparatur: EU-Parlament stimmt f\u00fcr Unterst\u00fctzung Apfelpatient<\/title>\n<meta name=\"description\" content=\"Das EU-Parlament hat diese Woche daf\u00fcr gestimmt, die Empfehlungen des EU-Ausschusses zum &quot;Recht auf Reparatur&quot; zu unterst\u00fctzen.\" \/>\n<meta name=\"robots\" content=\"index, follow, max-snippet:-1, max-image-preview:large, max-video-preview:-1\" \/>\n<link rel=\"canonical\" href=\"https:\/\/www.apfelpatient.de\/en\/news\/right-to-repair-eu-parliament-votes-for-support\" \/>\n<meta property=\"og:locale\" content=\"en_US\" \/>\n<meta property=\"og:type\" content=\"article\" \/>\n<meta property=\"og:title\" content=\"Recht auf Reparatur: EU-Parlament stimmt f\u00fcr Unterst\u00fctzung\" \/>\n<meta property=\"og:description\" content=\"Das EU-Parlament hat diese Woche daf\u00fcr gestimmt, die Empfehlungen des EU-Ausschusses zum &quot;Recht auf Reparatur&quot; zu unterst\u00fctzen.\" \/>\n<meta property=\"og:url\" content=\"https:\/\/www.apfelpatient.de\/en\/news\/right-to-repair-eu-parliament-votes-for-support\" \/>\n<meta property=\"og:site_name\" content=\"Apfelpatient\" \/>\n<meta property=\"article:publisher\" content=\"https:\/\/www.facebook.com\/apfelpatientOfficial\" \/>\n<meta property=\"article:author\" content=\"https:\/\/www.facebook.com\/apfelpatientOfficial\" \/>\n<meta property=\"article:published_time\" content=\"2020-11-28T13:15:15+00:00\" \/>\n<meta property=\"article:modified_time\" content=\"2021-07-01T13:25:47+00:00\" \/>\n<meta property=\"og:image\" content=\"https:\/\/www.apfelpatient.de\/wp-content\/uploads\/2020\/11\/bigstock-EU-flags-in-front-of-European-235923730-1024x683.jpg\" \/>\n\t<meta property=\"og:image:width\" content=\"1024\" \/>\n\t<meta property=\"og:image:height\" content=\"683\" \/>\n\t<meta property=\"og:image:type\" content=\"image\/jpeg\" \/>\n<meta name=\"author\" content=\"Milan\" \/>\n<meta name=\"twitter:card\" content=\"summary_large_image\" \/>\n<meta name=\"twitter:description\" content=\"Das EU-Parlament hat diese Woche daf\u00fcr gestimmt, die Empfehlungen des EU-Ausschusses zum &quot;Recht auf Reparatur&quot; zu unterst\u00fctzen.\" \/>\n<meta name=\"twitter:label1\" content=\"Written by\" \/>\n\t<meta name=\"twitter:data1\" content=\"Milan\" \/>\n\t<meta name=\"twitter:label2\" content=\"Est. reading time\" \/>\n\t<meta name=\"twitter:data2\" content=\"2 minutes\" \/>\n<script type=\"application\/ld+json\" class=\"yoast-schema-graph\">{\"@context\":\"https:\\\/\\\/schema.org\",\"@graph\":[{\"@type\":\"NewsArticle\",\"@id\":\"https:\\\/\\\/www.apfelpatient.de\\\/news\\\/recht-auf-reparatur-eu-parlament-stimmt-fuer-unterstuetzung#article\",\"isPartOf\":{\"@id\":\"https:\\\/\\\/www.apfelpatient.de\\\/news\\\/recht-auf-reparatur-eu-parlament-stimmt-fuer-unterstuetzung\"},\"author\":{\"@type\":\"Organization\",\"@id\":\"https:\\\/\\\/www.apfelpatient.de\\\/en\\\/#organization\",\"name\":\"Apfelpatient\",\"url\":\"https:\\\/\\\/www.apfelpatient.de\\\/en\\\/\"},\"headline\":\"Recht auf Reparatur: EU-Parlament stimmt f\u00fcr Unterst\u00fctzung\",\"datePublished\":\"2020-11-28T13:15:15+00:00\",\"dateModified\":\"2021-07-01T13:25:47+00:00\",\"mainEntityOfPage\":{\"@id\":\"https:\\\/\\\/www.apfelpatient.de\\\/news\\\/recht-auf-reparatur-eu-parlament-stimmt-fuer-unterstuetzung\"},\"wordCount\":458,\"publisher\":{\"@type\":\"Organization\",\"@id\":\"https:\\\/\\\/www.apfelpatient.de\\\/en\\\/#organization\",\"name\":\"Apfelpatient\",\"url\":\"https:\\\/\\\/www.apfelpatient.de\\\/en\\\/\"},\"image\":{\"@id\":\"https:\\\/\\\/www.apfelpatient.de\\\/news\\\/recht-auf-reparatur-eu-parlament-stimmt-fuer-unterstuetzung#primaryimage\"},\"thumbnailUrl\":\"https:\\\/\\\/www.apfelpatient.de\\\/wp-content\\\/uploads\\\/2020\\\/11\\\/bigstock-EU-flags-in-front-of-European-235923730.jpg\",\"keywords\":[\"Apple TV\",\"Apple Watch\",\"EU-Kommission\",\"HomePod\",\"iPad\",\"iPhone\",\"Mac\",\"TechPatient\"],\"articleSection\":\"News\",\"inLanguage\":\"en-US\",\"copyrightYear\":\"2020\",\"copyrightHolder\":{\"@id\":\"https:\\\/\\\/www.apfelpatient.de\\\/en\\\/#organization\"}},{\"@type\":\"WebPage\",\"@id\":\"https:\\\/\\\/www.apfelpatient.de\\\/news\\\/recht-auf-reparatur-eu-parlament-stimmt-fuer-unterstuetzung\",\"url\":\"https:\\\/\\\/www.apfelpatient.de\\\/news\\\/recht-auf-reparatur-eu-parlament-stimmt-fuer-unterstuetzung\",\"name\":\"Recht auf Reparatur: EU-Parlament stimmt f\u00fcr Unterst\u00fctzung Apfelpatient\",\"isPartOf\":{\"@id\":\"https:\\\/\\\/www.apfelpatient.de\\\/#website\"},\"primaryImageOfPage\":{\"@id\":\"https:\\\/\\\/www.apfelpatient.de\\\/news\\\/recht-auf-reparatur-eu-parlament-stimmt-fuer-unterstuetzung#primaryimage\"},\"image\":{\"@id\":\"https:\\\/\\\/www.apfelpatient.de\\\/news\\\/recht-auf-reparatur-eu-parlament-stimmt-fuer-unterstuetzung#primaryimage\"},\"thumbnailUrl\":\"https:\\\/\\\/www.apfelpatient.de\\\/wp-content\\\/uploads\\\/2020\\\/11\\\/bigstock-EU-flags-in-front-of-European-235923730.jpg\",\"datePublished\":\"2020-11-28T13:15:15+00:00\",\"dateModified\":\"2021-07-01T13:25:47+00:00\",\"description\":\"Das EU-Parlament hat diese Woche daf\u00fcr gestimmt, die Empfehlungen des EU-Ausschusses zum \\\"Recht auf Reparatur\\\" zu unterst\u00fctzen.\",\"breadcrumb\":{\"@id\":\"https:\\\/\\\/www.apfelpatient.de\\\/news\\\/recht-auf-reparatur-eu-parlament-stimmt-fuer-unterstuetzung#breadcrumb\"},\"inLanguage\":\"en-US\",\"potentialAction\":[{\"@type\":\"ReadAction\",\"target\":[\"https:\\\/\\\/www.apfelpatient.de\\\/news\\\/recht-auf-reparatur-eu-parlament-stimmt-fuer-unterstuetzung\"]}]},{\"@type\":\"ImageObject\",\"inLanguage\":\"en-US\",\"@id\":\"https:\\\/\\\/www.apfelpatient.de\\\/news\\\/recht-auf-reparatur-eu-parlament-stimmt-fuer-unterstuetzung#primaryimage\",\"url\":\"https:\\\/\\\/www.apfelpatient.de\\\/wp-content\\\/uploads\\\/2020\\\/11\\\/bigstock-EU-flags-in-front-of-European-235923730.jpg\",\"contentUrl\":\"https:\\\/\\\/www.apfelpatient.de\\\/wp-content\\\/uploads\\\/2020\\\/11\\\/bigstock-EU-flags-in-front-of-European-235923730.jpg\",\"width\":1600,\"height\":1067,\"caption\":\"EU flags in front of European Commission building in Brussels\"},{\"@type\":\"BreadcrumbList\",\"@id\":\"https:\\\/\\\/www.apfelpatient.de\\\/news\\\/recht-auf-reparatur-eu-parlament-stimmt-fuer-unterstuetzung#breadcrumb\",\"itemListElement\":[{\"@type\":\"ListItem\",\"position\":1,\"name\":\"Startseite\",\"item\":\"https:\\\/\\\/www.apfelpatient.de\\\/\"},{\"@type\":\"ListItem\",\"position\":2,\"name\":\"Recht auf Reparatur: EU-Parlament stimmt f\u00fcr Unterst\u00fctzung\"}]},{\"@type\":\"WebSite\",\"@id\":\"https:\\\/\\\/www.apfelpatient.de\\\/#website\",\"url\":\"https:\\\/\\\/www.apfelpatient.de\\\/\",\"name\":\"Apfelpatient\",\"description\":\"Alles rund um Apple!\",\"publisher\":{\"@type\":\"Organization\",\"@id\":\"https:\\\/\\\/www.apfelpatient.de\\\/en\\\/#organization\",\"name\":\"Apfelpatient\",\"url\":\"https:\\\/\\\/www.apfelpatient.de\\\/en\\\/\"},\"alternateName\":\"Apfelpatient\",\"potentialAction\":[{\"@type\":\"SearchAction\",\"target\":{\"@type\":\"EntryPoint\",\"urlTemplate\":\"https:\\\/\\\/www.apfelpatient.de\\\/?s={search_term_string}\"},\"query-input\":{\"@type\":\"PropertyValueSpecification\",\"valueRequired\":true,\"valueName\":\"search_term_string\"}}],\"inLanguage\":\"en-US\"},{\"@type\":[\"Person\",\"Organization\"],\"@id\":\"https:\\\/\\\/www.apfelpatient.de\\\/#\\\/schema\\\/person\\\/7dc56ad6c8e9824b76d2c08d4c140e13\",\"name\":\"Milan\",\"logo\":{\"@id\":\"https:\\\/\\\/www.apfelpatient.de\\\/#\\\/schema\\\/person\\\/image\\\/\"},\"description\":\"Hallo und herzlich willkommen auf meinem Technik-Blog! Als gro\u00dfer Apple-Fan berichte ich hier \u00fcber alles, was mit Apple zu tun hat: von den neuesten News und spannenden Ger\u00fcchten \u00fcber hilfreiche Tipps und Tricks bis hin zu ausf\u00fchrlichen Produkttests. Wenn du genauso technikbegeistert bist wie ich, bist du hier genau richtig!\",\"sameAs\":[\"https:\\\/\\\/www.facebook.com\\\/apfelpatientOfficial\",\"https:\\\/\\\/www.linkedin.com\\\/in\\\/milan-jovicic-42aa0231b\"],\"url\":\"https:\\\/\\\/www.apfelpatient.de\\\/en\\\/author\\\/apfeladmin\"}]}<\/script>\n<!-- \/ Yoast SEO Premium plugin. -->","yoast_head_json":{"title":"Right to repair: EU Parliament votes to support Apfelpatient","description":"The EU Parliament voted this week to support the EU committee&#039;s recommendations on the &quot;right to repair&quot;.","robots":{"index":"index","follow":"follow","max-snippet":"max-snippet:-1","max-image-preview":"max-image-preview:large","max-video-preview":"max-video-preview:-1"},"canonical":"https:\/\/www.apfelpatient.de\/en\/news\/right-to-repair-eu-parliament-votes-for-support","og_locale":"en_US","og_type":"article","og_title":"Recht auf Reparatur: EU-Parlament stimmt f\u00fcr Unterst\u00fctzung","og_description":"Das EU-Parlament hat diese Woche daf\u00fcr gestimmt, die Empfehlungen des EU-Ausschusses zum \"Recht auf Reparatur\" zu unterst\u00fctzen.","og_url":"https:\/\/www.apfelpatient.de\/en\/news\/right-to-repair-eu-parliament-votes-for-support","og_site_name":"Apfelpatient","article_publisher":"https:\/\/www.facebook.com\/apfelpatientOfficial","article_author":"https:\/\/www.facebook.com\/apfelpatientOfficial","article_published_time":"2020-11-28T13:15:15+00:00","article_modified_time":"2021-07-01T13:25:47+00:00","og_image":[{"width":1024,"height":683,"url":"https:\/\/www.apfelpatient.de\/wp-content\/uploads\/2020\/11\/bigstock-EU-flags-in-front-of-European-235923730-1024x683.jpg","type":"image\/jpeg"}],"author":"Milan","twitter_card":"summary_large_image","twitter_description":"Das EU-Parlament hat diese Woche daf\u00fcr gestimmt, die Empfehlungen des EU-Ausschusses zum \"Recht auf Reparatur\" zu unterst\u00fctzen.","twitter_misc":{"Written by":"Milan","Est. reading time":"2 minutes"},"schema":{"@context":"https:\/\/schema.org","@graph":[{"@type":"NewsArticle","@id":"https:\/\/www.apfelpatient.de\/news\/recht-auf-reparatur-eu-parlament-stimmt-fuer-unterstuetzung#article","isPartOf":{"@id":"https:\/\/www.apfelpatient.de\/news\/recht-auf-reparatur-eu-parlament-stimmt-fuer-unterstuetzung"},"author":{"@type":"Organization","@id":"https:\/\/www.apfelpatient.de\/en\/#organization","name":"Apfelpatient","url":"https:\/\/www.apfelpatient.de\/en\/"},"headline":"Recht auf Reparatur: EU-Parlament stimmt f\u00fcr Unterst\u00fctzung","datePublished":"2020-11-28T13:15:15+00:00","dateModified":"2021-07-01T13:25:47+00:00","mainEntityOfPage":{"@id":"https:\/\/www.apfelpatient.de\/news\/recht-auf-reparatur-eu-parlament-stimmt-fuer-unterstuetzung"},"wordCount":458,"publisher":{"@type":"Organization","@id":"https:\/\/www.apfelpatient.de\/en\/#organization","name":"Apfelpatient","url":"https:\/\/www.apfelpatient.de\/en\/"},"image":{"@id":"https:\/\/www.apfelpatient.de\/news\/recht-auf-reparatur-eu-parlament-stimmt-fuer-unterstuetzung#primaryimage"},"thumbnailUrl":"https:\/\/www.apfelpatient.de\/wp-content\/uploads\/2020\/11\/bigstock-EU-flags-in-front-of-European-235923730.jpg","keywords":["Apple TV","Apple Watch","EU-Kommission","HomePod","iPad","iPhone","Mac","TechPatient"],"articleSection":"News","inLanguage":"en-US","copyrightYear":"2020","copyrightHolder":{"@id":"https:\/\/www.apfelpatient.de\/en\/#organization"}},{"@type":"WebPage","@id":"https:\/\/www.apfelpatient.de\/news\/recht-auf-reparatur-eu-parlament-stimmt-fuer-unterstuetzung","url":"https:\/\/www.apfelpatient.de\/news\/recht-auf-reparatur-eu-parlament-stimmt-fuer-unterstuetzung","name":"Right to repair: EU Parliament votes to support Apfelpatient","isPartOf":{"@id":"https:\/\/www.apfelpatient.de\/#website"},"primaryImageOfPage":{"@id":"https:\/\/www.apfelpatient.de\/news\/recht-auf-reparatur-eu-parlament-stimmt-fuer-unterstuetzung#primaryimage"},"image":{"@id":"https:\/\/www.apfelpatient.de\/news\/recht-auf-reparatur-eu-parlament-stimmt-fuer-unterstuetzung#primaryimage"},"thumbnailUrl":"https:\/\/www.apfelpatient.de\/wp-content\/uploads\/2020\/11\/bigstock-EU-flags-in-front-of-European-235923730.jpg","datePublished":"2020-11-28T13:15:15+00:00","dateModified":"2021-07-01T13:25:47+00:00","description":"The EU Parliament voted this week to support the EU committee&#039;s recommendations on the &quot;right to repair&quot;.","breadcrumb":{"@id":"https:\/\/www.apfelpatient.de\/news\/recht-auf-reparatur-eu-parlament-stimmt-fuer-unterstuetzung#breadcrumb"},"inLanguage":"en-US","potentialAction":[{"@type":"ReadAction","target":["https:\/\/www.apfelpatient.de\/news\/recht-auf-reparatur-eu-parlament-stimmt-fuer-unterstuetzung"]}]},{"@type":"ImageObject","inLanguage":"en-US","@id":"https:\/\/www.apfelpatient.de\/news\/recht-auf-reparatur-eu-parlament-stimmt-fuer-unterstuetzung#primaryimage","url":"https:\/\/www.apfelpatient.de\/wp-content\/uploads\/2020\/11\/bigstock-EU-flags-in-front-of-European-235923730.jpg","contentUrl":"https:\/\/www.apfelpatient.de\/wp-content\/uploads\/2020\/11\/bigstock-EU-flags-in-front-of-European-235923730.jpg","width":1600,"height":1067,"caption":"EU flags in front of European Commission building in Brussels"},{"@type":"BreadcrumbList","@id":"https:\/\/www.apfelpatient.de\/news\/recht-auf-reparatur-eu-parlament-stimmt-fuer-unterstuetzung#breadcrumb","itemListElement":[{"@type":"ListItem","position":1,"name":"Startseite","item":"https:\/\/www.apfelpatient.de\/"},{"@type":"ListItem","position":2,"name":"Recht auf Reparatur: EU-Parlament stimmt f\u00fcr Unterst\u00fctzung"}]},{"@type":"WebSite","@id":"https:\/\/www.apfelpatient.de\/#website","url":"https:\/\/www.apfelpatient.de\/","name":"apple patient","description":"Everything about Apple!","publisher":{"@type":"Organization","@id":"https:\/\/www.apfelpatient.de\/en\/#organization","name":"Apfelpatient","url":"https:\/\/www.apfelpatient.de\/en\/"},"alternateName":"Apfelpatient","potentialAction":[{"@type":"SearchAction","target":{"@type":"EntryPoint","urlTemplate":"https:\/\/www.apfelpatient.de\/?s={search_term_string}"},"query-input":{"@type":"PropertyValueSpecification","valueRequired":true,"valueName":"search_term_string"}}],"inLanguage":"en-US"},{"@type":["Person","Organization"],"@id":"https:\/\/www.apfelpatient.de\/#\/schema\/person\/7dc56ad6c8e9824b76d2c08d4c140e13","name":"Milan","logo":{"@id":"https:\/\/www.apfelpatient.de\/#\/schema\/person\/image\/"},"description":"Hello and welcome to my technology blog! As a big Apple fan, I report on everything to do with Apple: from the latest news and exciting rumors to helpful tips and tricks and detailed product tests. If you are as enthusiastic about technology as I am, you have come to the right place!","sameAs":["https:\/\/www.facebook.com\/apfelpatientOfficial","https:\/\/www.linkedin.com\/in\/milan-jovicic-42aa0231b"],"url":"https:\/\/www.apfelpatient.de\/en\/author\/apfeladmin"}]}},"_links":{"self":[{"href":"https:\/\/www.apfelpatient.de\/en\/wp-json\/wp\/v2\/posts\/17441","targetHints":{"allow":["GET"]}}],"collection":[{"href":"https:\/\/www.apfelpatient.de\/en\/wp-json\/wp\/v2\/posts"}],"about":[{"href":"https:\/\/www.apfelpatient.de\/en\/wp-json\/wp\/v2\/types\/post"}],"author":[{"embeddable":true,"href":"https:\/\/www.apfelpatient.de\/en\/wp-json\/wp\/v2\/users\/2"}],"replies":[{"embeddable":true,"href":"https:\/\/www.apfelpatient.de\/en\/wp-json\/wp\/v2\/comments?post=17441"}],"version-history":[{"count":0,"href":"https:\/\/www.apfelpatient.de\/en\/wp-json\/wp\/v2\/posts\/17441\/revisions"}],"wp:featuredmedia":[{"embeddable":true,"href":"https:\/\/www.apfelpatient.de\/en\/wp-json\/wp\/v2\/media\/17442"}],"wp:attachment":[{"href":"https:\/\/www.apfelpatient.de\/en\/wp-json\/wp\/v2\/media?parent=17441"}],"wp:term":[{"taxonomy":"category","embeddable":true,"href":"https:\/\/www.apfelpatient.de\/en\/wp-json\/wp\/v2\/categories?post=17441"},{"taxonomy":"post_tag","embeddable":true,"href":"https:\/\/www.apfelpatient.de\/en\/wp-json\/wp\/v2\/tags?post=17441"}],"curies":[{"name":"wp","href":"https:\/\/api.w.org\/{rel}","templated":true}]}}