{"id":17419,"date":"2020-11-26T18:58:32","date_gmt":"2020-11-26T17:58:32","guid":{"rendered":"https:\/\/www.apfelpatient.de\/?p=17419"},"modified":"2020-11-26T19:00:55","modified_gmt":"2020-11-26T18:00:55","slug":"ipad-pro-2021-with-apples-own-5g-modem","status":"publish","type":"post","link":"https:\/\/www.apfelpatient.de\/en\/rumors\/ipad-pro-2021-mit-apples-eigenem-5g-modem","title":{"rendered":"iPad Pro 2021 with Apple&#039;s own 5G modem?"},"content":{"rendered":"<p class=\"has-drop-cap\"><strong>Rumor has it that Apple is planning to introduce a brand new iPad Pro next year. Now a report has been published that discusses the 5G modem.<\/strong><\/p>\n\n\n\n<p>Rumors that the next iPad Pro will have a mini-LED display have been around for over a year. In addition to the A14X chip, the device could also have 5G. However, the modem is not supposed to come from Qualcomm but from Apple itself. The special thing about it is that it should have mmWave support. According to the Taiwanese news site DigiTimes <a href=\"https:\/\/www.digitimes.com\/news\/a20201126PD206.html\" target=\"_blank\" rel=\"noreferrer noopener\">experience<\/a> that the AiP module (antenna in package), which is supposedly used in the next iPhone, will also be integrated into the high-end iPad.<\/p>\n\n\n\n<blockquote class=\"wp-block-quote is-layout-flow wp-block-quote-is-layout-flow\"><p>The self-sufficiency in design and development of AiP modules also means that Apple&#039;s next-generation high-end iPad products, due to launch in 2021, may also feature mmWave technology, the sources said.<\/p><\/blockquote>\n\n\n\n<h3 class=\"wp-block-heading\" id=\"h-ipad-pro-mit-miniled-display-anfang-2021\">iPad Pro with miniLED display in early 2021?<\/h3>\n\n\n\n\n\n\n\n<p>As a reminder, there are two main 5G standards known as sub-6HGz and mmWave 5G. Sub-6 GHz is slower than mmWave 5G technology, but it has a longer range - suitable for rural areas. Since mmWave is faster but has a shorter range, this technology is more intended for large cities or urban areas. The iPhone 12 models available in the US market support mmWave. Devices in other markets only have sub-6HGz support. But that could change next year. Some analysts believe that Apple will integrate both standards in the next generation of iPhones. Be that as it may. Apple Analyst Ming-Chi Kuo <a href=\"https:\/\/www.apfelpatient.de\/en\/rumors\/apple-watch-macbook-new-design-in-2021\">explained<\/a> already that production of MiniLED displays for the iPad Pro will start in the fourth quarter of 2020, with the market launch expected in the first half of 2021. DigiTimes has also already made this statement.<\/p>\n\n\n\n<ul class=\"wp-block-list\"><li><a href=\"https:\/\/www.apfelpatient.de\/en\/news\/black-friday-cyber-monday-anchor-products-on-offer\">Black Friday &amp; Cyber Monday: Anker products on offer<\/a><\/li><\/ul>\n\n\n\n<h6 class=\"wp-block-heading translation-block\" id=\"h-kennt-ihr-schon-unsere-amazon-storefront-dort-findet-ihr-eine-handverlesene-auswahl-von-diversen-produkten-f-r-euer-iphone-und-co-viel-spa-beim-st-bern\"><em>Have you already visited our Amazon Storefront? There you&#039;ll find a hand-picked selection of various products for your iPhone and other devices \u2013 <span class=\"has-inline-color has-vivid-red-color\"><a href=\"https:\/\/www.amazon.de\/shop\/apfelpatientofficial\" class=\"ek-link\" data-wpel-link=\"exclude\" rel=\"follow noopener\" target=\"_self\"><span style=\"text-decoration: underline\" class=\"ek-underline\">enjoy browsing<\/span><\/a> !<\/span><\/em><\/h6>\n\n\n\n<h6 class=\"wp-block-heading translation-block\" id=\"h-der-beitrag-enthalt-partnerlinks\">This post contains <a data-type=\"URL\" data-id=\"https:\/\/www.apfelpatient.de\/partnerprogramm\" href=\"https:\/\/www.apfelpatient.de\/en\/partner-program\" data-wpel-link=\"internal\" target=\"_self\">affiliate links<\/a>.<\/h6>","protected":false},"excerpt":{"rendered":"<p>New report focuses on 5G modem: Rumor has it that Apple plans to introduce a brand new iPad Pro next year.<\/p>","protected":false},"author":2,"featured_media":17420,"comment_status":"closed","ping_status":"closed","sticky":false,"template":"","format":"standard","meta":{"jnews-multi-image_gallery":[],"jnews_single_post":{"subtitle":"","format":"standard","video":"","gallery":"","source_name":"","source_url":"","via_name":"","via_url":"","override":[{"single_blog_custom":"","sidebar":"","second_sidebar":"","share_position":"","share_float_style":"","post_date_format":"","post_date_format_custom":"","post_reading_time_wpm":"","zoom_button_out_step":"1","zoom_button_in_step":"1","number_popup_post":"1"}],"image_override":[{"single_post_thumbnail_size":"","single_post_gallery_size":""}],"trending_post_position":"","trending_post_label":"","sponsored_post_label":"","sponsored_post_name":"","sponsored_post_url":"","sponsored_post_logo":"","sponsored_post_desc":""},"jnews_primary_category":{"id":"25"},"footnotes":""},"categories":[25],"tags":[18,66],"class_list":["post-17419","post","type-post","status-publish","format-standard","has-post-thumbnail","hentry","category-rumors","tag-ipad","tag-ipad-pro"],"yoast_head":"<!-- This site is optimized with the Yoast SEO Premium plugin v27.5 (Yoast SEO v27.5) - https:\/\/yoast.com\/product\/yoast-seo-premium-wordpress\/ -->\n<title>iPad Pro 2021 mit Apples eigenem 5G-Modem? Apfelpatient<\/title>\n<meta name=\"description\" content=\"Neuer Bericht thematisiert 5G-Modem: Ger\u00fcchten nach plant Apple im n\u00e4chsten Jahr ein brandneues iPad Pro vorzustellen.\" \/>\n<meta name=\"robots\" content=\"index, follow, max-snippet:-1, max-image-preview:large, max-video-preview:-1\" \/>\n<link rel=\"canonical\" href=\"https:\/\/www.apfelpatient.de\/en\/rumors\/ipad-pro-2021-with-apples-own-5g-modem\" \/>\n<meta property=\"og:locale\" content=\"en_US\" \/>\n<meta property=\"og:type\" content=\"article\" \/>\n<meta property=\"og:title\" content=\"iPad Pro 2021 mit Apples eigenem 5G-Modem?\" \/>\n<meta property=\"og:description\" content=\"Neuer Bericht thematisiert 5G-Modem: Ger\u00fcchten nach plant Apple im n\u00e4chsten Jahr ein brandneues iPad Pro vorzustellen.\" \/>\n<meta property=\"og:url\" content=\"https:\/\/www.apfelpatient.de\/en\/rumors\/ipad-pro-2021-with-apples-own-5g-modem\" \/>\n<meta property=\"og:site_name\" content=\"Apfelpatient\" \/>\n<meta property=\"article:publisher\" content=\"https:\/\/www.facebook.com\/apfelpatientOfficial\" \/>\n<meta property=\"article:author\" content=\"https:\/\/www.facebook.com\/apfelpatientOfficial\" \/>\n<meta property=\"article:published_time\" content=\"2020-11-26T17:58:32+00:00\" \/>\n<meta property=\"article:modified_time\" content=\"2020-11-26T18:00:55+00:00\" \/>\n<meta property=\"og:image\" content=\"https:\/\/www.apfelpatient.de\/wp-content\/uploads\/2020\/11\/bigstock-G-conceptual-information-tech-396460862.jpg\" \/>\n\t<meta property=\"og:image:width\" content=\"1600\" \/>\n\t<meta property=\"og:image:height\" content=\"1143\" \/>\n\t<meta property=\"og:image:type\" content=\"image\/jpeg\" \/>\n<meta name=\"author\" content=\"Milan\" \/>\n<meta name=\"twitter:card\" content=\"summary_large_image\" \/>\n<meta name=\"twitter:description\" content=\"Neuer Bericht thematisiert 5G-Modem: Ger\u00fcchten nach plant Apple im n\u00e4chsten Jahr ein brandneues iPad Pro vorzustellen.\" \/>\n<meta name=\"twitter:label1\" content=\"Written by\" \/>\n\t<meta name=\"twitter:data1\" content=\"Milan\" \/>\n\t<meta name=\"twitter:label2\" content=\"Est. reading time\" \/>\n\t<meta name=\"twitter:data2\" content=\"2 minutes\" \/>\n<script type=\"application\/ld+json\" class=\"yoast-schema-graph\">{\"@context\":\"https:\\\/\\\/schema.org\",\"@graph\":[{\"@type\":\"NewsArticle\",\"@id\":\"https:\\\/\\\/www.apfelpatient.de\\\/rumors\\\/ipad-pro-2021-mit-apples-eigenem-5g-modem#article\",\"isPartOf\":{\"@id\":\"https:\\\/\\\/www.apfelpatient.de\\\/rumors\\\/ipad-pro-2021-mit-apples-eigenem-5g-modem\"},\"author\":{\"@type\":\"Organization\",\"@id\":\"https:\\\/\\\/www.apfelpatient.de\\\/en\\\/#organization\",\"name\":\"Apfelpatient\",\"url\":\"https:\\\/\\\/www.apfelpatient.de\\\/en\\\/\"},\"headline\":\"iPad Pro 2021 mit Apples eigenem 5G-Modem?\",\"datePublished\":\"2020-11-26T17:58:32+00:00\",\"dateModified\":\"2020-11-26T18:00:55+00:00\",\"mainEntityOfPage\":{\"@id\":\"https:\\\/\\\/www.apfelpatient.de\\\/rumors\\\/ipad-pro-2021-mit-apples-eigenem-5g-modem\"},\"wordCount\":328,\"publisher\":{\"@type\":\"Organization\",\"@id\":\"https:\\\/\\\/www.apfelpatient.de\\\/en\\\/#organization\",\"name\":\"Apfelpatient\",\"url\":\"https:\\\/\\\/www.apfelpatient.de\\\/en\\\/\"},\"image\":{\"@id\":\"https:\\\/\\\/www.apfelpatient.de\\\/rumors\\\/ipad-pro-2021-mit-apples-eigenem-5g-modem#primaryimage\"},\"thumbnailUrl\":\"https:\\\/\\\/www.apfelpatient.de\\\/wp-content\\\/uploads\\\/2020\\\/11\\\/bigstock-G-conceptual-information-tech-396460862.jpg\",\"keywords\":[\"iPad\",\"iPad Pro\"],\"articleSection\":\"Rumors\",\"inLanguage\":\"en-US\",\"copyrightYear\":\"2020\",\"copyrightHolder\":{\"@id\":\"https:\\\/\\\/www.apfelpatient.de\\\/en\\\/#organization\"}},{\"@type\":\"WebPage\",\"@id\":\"https:\\\/\\\/www.apfelpatient.de\\\/rumors\\\/ipad-pro-2021-mit-apples-eigenem-5g-modem\",\"url\":\"https:\\\/\\\/www.apfelpatient.de\\\/rumors\\\/ipad-pro-2021-mit-apples-eigenem-5g-modem\",\"name\":\"iPad Pro 2021 mit Apples eigenem 5G-Modem? Apfelpatient\",\"isPartOf\":{\"@id\":\"https:\\\/\\\/www.apfelpatient.de\\\/#website\"},\"primaryImageOfPage\":{\"@id\":\"https:\\\/\\\/www.apfelpatient.de\\\/rumors\\\/ipad-pro-2021-mit-apples-eigenem-5g-modem#primaryimage\"},\"image\":{\"@id\":\"https:\\\/\\\/www.apfelpatient.de\\\/rumors\\\/ipad-pro-2021-mit-apples-eigenem-5g-modem#primaryimage\"},\"thumbnailUrl\":\"https:\\\/\\\/www.apfelpatient.de\\\/wp-content\\\/uploads\\\/2020\\\/11\\\/bigstock-G-conceptual-information-tech-396460862.jpg\",\"datePublished\":\"2020-11-26T17:58:32+00:00\",\"dateModified\":\"2020-11-26T18:00:55+00:00\",\"description\":\"Neuer Bericht thematisiert 5G-Modem: Ger\u00fcchten nach plant Apple im n\u00e4chsten Jahr ein brandneues iPad Pro vorzustellen.\",\"breadcrumb\":{\"@id\":\"https:\\\/\\\/www.apfelpatient.de\\\/rumors\\\/ipad-pro-2021-mit-apples-eigenem-5g-modem#breadcrumb\"},\"inLanguage\":\"en-US\",\"potentialAction\":[{\"@type\":\"ReadAction\",\"target\":[\"https:\\\/\\\/www.apfelpatient.de\\\/rumors\\\/ipad-pro-2021-mit-apples-eigenem-5g-modem\"]}]},{\"@type\":\"ImageObject\",\"inLanguage\":\"en-US\",\"@id\":\"https:\\\/\\\/www.apfelpatient.de\\\/rumors\\\/ipad-pro-2021-mit-apples-eigenem-5g-modem#primaryimage\",\"url\":\"https:\\\/\\\/www.apfelpatient.de\\\/wp-content\\\/uploads\\\/2020\\\/11\\\/bigstock-G-conceptual-information-tech-396460862.jpg\",\"contentUrl\":\"https:\\\/\\\/www.apfelpatient.de\\\/wp-content\\\/uploads\\\/2020\\\/11\\\/bigstock-G-conceptual-information-tech-396460862.jpg\",\"width\":1600,\"height\":1143,\"caption\":\"5G conceptual information technologies background illustration with stylized city\"},{\"@type\":\"BreadcrumbList\",\"@id\":\"https:\\\/\\\/www.apfelpatient.de\\\/rumors\\\/ipad-pro-2021-mit-apples-eigenem-5g-modem#breadcrumb\",\"itemListElement\":[{\"@type\":\"ListItem\",\"position\":1,\"name\":\"Startseite\",\"item\":\"https:\\\/\\\/www.apfelpatient.de\\\/\"},{\"@type\":\"ListItem\",\"position\":2,\"name\":\"iPad Pro 2021 mit Apples eigenem 5G-Modem?\"}]},{\"@type\":\"WebSite\",\"@id\":\"https:\\\/\\\/www.apfelpatient.de\\\/#website\",\"url\":\"https:\\\/\\\/www.apfelpatient.de\\\/\",\"name\":\"Apfelpatient\",\"description\":\"Alles rund um Apple!\",\"publisher\":{\"@type\":\"Organization\",\"@id\":\"https:\\\/\\\/www.apfelpatient.de\\\/en\\\/#organization\",\"name\":\"Apfelpatient\",\"url\":\"https:\\\/\\\/www.apfelpatient.de\\\/en\\\/\"},\"alternateName\":\"Apfelpatient\",\"potentialAction\":[{\"@type\":\"SearchAction\",\"target\":{\"@type\":\"EntryPoint\",\"urlTemplate\":\"https:\\\/\\\/www.apfelpatient.de\\\/?s={search_term_string}\"},\"query-input\":{\"@type\":\"PropertyValueSpecification\",\"valueRequired\":true,\"valueName\":\"search_term_string\"}}],\"inLanguage\":\"en-US\"},{\"@type\":[\"Person\",\"Organization\"],\"@id\":\"https:\\\/\\\/www.apfelpatient.de\\\/#\\\/schema\\\/person\\\/35b3ddba5832f2bfc7fff5206d4f6b7b\",\"name\":\"Milan\",\"logo\":{\"@id\":\"https:\\\/\\\/www.apfelpatient.de\\\/#\\\/schema\\\/person\\\/image\\\/\"},\"description\":\"Hallo und herzlich willkommen auf meinem Technik-Blog! Als gro\u00dfer Apple-Fan berichte ich hier \u00fcber alles, was mit Apple zu tun hat: von den neuesten News und spannenden Ger\u00fcchten \u00fcber hilfreiche Tipps und Tricks bis hin zu ausf\u00fchrlichen Produkttests. Wenn du genauso technikbegeistert bist wie ich, bist du hier genau richtig!\",\"sameAs\":[\"https:\\\/\\\/www.facebook.com\\\/apfelpatientOfficial\",\"https:\\\/\\\/www.linkedin.com\\\/in\\\/milan-jovicic-42aa0231b\"],\"url\":\"https:\\\/\\\/www.apfelpatient.de\\\/en\\\/author\\\/apfeladmin\"}]}<\/script>\n<!-- \/ Yoast SEO Premium plugin. -->","yoast_head_json":{"title":"iPad Pro 2021 with Apple&#039;s own 5G modem? Apfelpatient","description":"New report focuses on 5G modem: Rumor has it that Apple plans to introduce a brand new iPad Pro next year.","robots":{"index":"index","follow":"follow","max-snippet":"max-snippet:-1","max-image-preview":"max-image-preview:large","max-video-preview":"max-video-preview:-1"},"canonical":"https:\/\/www.apfelpatient.de\/en\/rumors\/ipad-pro-2021-with-apples-own-5g-modem","og_locale":"en_US","og_type":"article","og_title":"iPad Pro 2021 mit Apples eigenem 5G-Modem?","og_description":"Neuer Bericht thematisiert 5G-Modem: Ger\u00fcchten nach plant Apple im n\u00e4chsten Jahr ein brandneues iPad Pro vorzustellen.","og_url":"https:\/\/www.apfelpatient.de\/en\/rumors\/ipad-pro-2021-with-apples-own-5g-modem","og_site_name":"Apfelpatient","article_publisher":"https:\/\/www.facebook.com\/apfelpatientOfficial","article_author":"https:\/\/www.facebook.com\/apfelpatientOfficial","article_published_time":"2020-11-26T17:58:32+00:00","article_modified_time":"2020-11-26T18:00:55+00:00","og_image":[{"width":1600,"height":1143,"url":"https:\/\/www.apfelpatient.de\/wp-content\/uploads\/2020\/11\/bigstock-G-conceptual-information-tech-396460862.jpg","type":"image\/jpeg"}],"author":"Milan","twitter_card":"summary_large_image","twitter_description":"Neuer Bericht thematisiert 5G-Modem: Ger\u00fcchten nach plant Apple im n\u00e4chsten Jahr ein brandneues iPad Pro vorzustellen.","twitter_misc":{"Written by":"Milan","Est. reading time":"2 minutes"},"schema":{"@context":"https:\/\/schema.org","@graph":[{"@type":"NewsArticle","@id":"https:\/\/www.apfelpatient.de\/rumors\/ipad-pro-2021-mit-apples-eigenem-5g-modem#article","isPartOf":{"@id":"https:\/\/www.apfelpatient.de\/rumors\/ipad-pro-2021-mit-apples-eigenem-5g-modem"},"author":{"@type":"Organization","@id":"https:\/\/www.apfelpatient.de\/en\/#organization","name":"Apfelpatient","url":"https:\/\/www.apfelpatient.de\/en\/"},"headline":"iPad Pro 2021 mit Apples eigenem 5G-Modem?","datePublished":"2020-11-26T17:58:32+00:00","dateModified":"2020-11-26T18:00:55+00:00","mainEntityOfPage":{"@id":"https:\/\/www.apfelpatient.de\/rumors\/ipad-pro-2021-mit-apples-eigenem-5g-modem"},"wordCount":328,"publisher":{"@type":"Organization","@id":"https:\/\/www.apfelpatient.de\/en\/#organization","name":"Apfelpatient","url":"https:\/\/www.apfelpatient.de\/en\/"},"image":{"@id":"https:\/\/www.apfelpatient.de\/rumors\/ipad-pro-2021-mit-apples-eigenem-5g-modem#primaryimage"},"thumbnailUrl":"https:\/\/www.apfelpatient.de\/wp-content\/uploads\/2020\/11\/bigstock-G-conceptual-information-tech-396460862.jpg","keywords":["iPad","iPad Pro"],"articleSection":"Rumors","inLanguage":"en-US","copyrightYear":"2020","copyrightHolder":{"@id":"https:\/\/www.apfelpatient.de\/en\/#organization"}},{"@type":"WebPage","@id":"https:\/\/www.apfelpatient.de\/rumors\/ipad-pro-2021-mit-apples-eigenem-5g-modem","url":"https:\/\/www.apfelpatient.de\/rumors\/ipad-pro-2021-mit-apples-eigenem-5g-modem","name":"iPad Pro 2021 with Apple&#039;s own 5G modem? Apfelpatient","isPartOf":{"@id":"https:\/\/www.apfelpatient.de\/#website"},"primaryImageOfPage":{"@id":"https:\/\/www.apfelpatient.de\/rumors\/ipad-pro-2021-mit-apples-eigenem-5g-modem#primaryimage"},"image":{"@id":"https:\/\/www.apfelpatient.de\/rumors\/ipad-pro-2021-mit-apples-eigenem-5g-modem#primaryimage"},"thumbnailUrl":"https:\/\/www.apfelpatient.de\/wp-content\/uploads\/2020\/11\/bigstock-G-conceptual-information-tech-396460862.jpg","datePublished":"2020-11-26T17:58:32+00:00","dateModified":"2020-11-26T18:00:55+00:00","description":"New report focuses on 5G modem: Rumor has it that Apple plans to introduce a brand new iPad Pro next year.","breadcrumb":{"@id":"https:\/\/www.apfelpatient.de\/rumors\/ipad-pro-2021-mit-apples-eigenem-5g-modem#breadcrumb"},"inLanguage":"en-US","potentialAction":[{"@type":"ReadAction","target":["https:\/\/www.apfelpatient.de\/rumors\/ipad-pro-2021-mit-apples-eigenem-5g-modem"]}]},{"@type":"ImageObject","inLanguage":"en-US","@id":"https:\/\/www.apfelpatient.de\/rumors\/ipad-pro-2021-mit-apples-eigenem-5g-modem#primaryimage","url":"https:\/\/www.apfelpatient.de\/wp-content\/uploads\/2020\/11\/bigstock-G-conceptual-information-tech-396460862.jpg","contentUrl":"https:\/\/www.apfelpatient.de\/wp-content\/uploads\/2020\/11\/bigstock-G-conceptual-information-tech-396460862.jpg","width":1600,"height":1143,"caption":"5G conceptual information technologies background illustration with stylized city"},{"@type":"BreadcrumbList","@id":"https:\/\/www.apfelpatient.de\/rumors\/ipad-pro-2021-mit-apples-eigenem-5g-modem#breadcrumb","itemListElement":[{"@type":"ListItem","position":1,"name":"Startseite","item":"https:\/\/www.apfelpatient.de\/"},{"@type":"ListItem","position":2,"name":"iPad Pro 2021 mit Apples eigenem 5G-Modem?"}]},{"@type":"WebSite","@id":"https:\/\/www.apfelpatient.de\/#website","url":"https:\/\/www.apfelpatient.de\/","name":"apple patient","description":"Everything about Apple!","publisher":{"@type":"Organization","@id":"https:\/\/www.apfelpatient.de\/en\/#organization","name":"Apfelpatient","url":"https:\/\/www.apfelpatient.de\/en\/"},"alternateName":"Apfelpatient","potentialAction":[{"@type":"SearchAction","target":{"@type":"EntryPoint","urlTemplate":"https:\/\/www.apfelpatient.de\/?s={search_term_string}"},"query-input":{"@type":"PropertyValueSpecification","valueRequired":true,"valueName":"search_term_string"}}],"inLanguage":"en-US"},{"@type":["Person","Organization"],"@id":"https:\/\/www.apfelpatient.de\/#\/schema\/person\/35b3ddba5832f2bfc7fff5206d4f6b7b","name":"Milan","logo":{"@id":"https:\/\/www.apfelpatient.de\/#\/schema\/person\/image\/"},"description":"Hello and welcome to my technology blog! As a big Apple fan, I report on everything to do with Apple: from the latest news and exciting rumors to helpful tips and tricks and detailed product tests. If you are as enthusiastic about technology as I am, you have come to the right place!","sameAs":["https:\/\/www.facebook.com\/apfelpatientOfficial","https:\/\/www.linkedin.com\/in\/milan-jovicic-42aa0231b"],"url":"https:\/\/www.apfelpatient.de\/en\/author\/apfeladmin"}]}},"_links":{"self":[{"href":"https:\/\/www.apfelpatient.de\/en\/wp-json\/wp\/v2\/posts\/17419","targetHints":{"allow":["GET"]}}],"collection":[{"href":"https:\/\/www.apfelpatient.de\/en\/wp-json\/wp\/v2\/posts"}],"about":[{"href":"https:\/\/www.apfelpatient.de\/en\/wp-json\/wp\/v2\/types\/post"}],"author":[{"embeddable":true,"href":"https:\/\/www.apfelpatient.de\/en\/wp-json\/wp\/v2\/users\/2"}],"replies":[{"embeddable":true,"href":"https:\/\/www.apfelpatient.de\/en\/wp-json\/wp\/v2\/comments?post=17419"}],"version-history":[{"count":0,"href":"https:\/\/www.apfelpatient.de\/en\/wp-json\/wp\/v2\/posts\/17419\/revisions"}],"wp:featuredmedia":[{"embeddable":true,"href":"https:\/\/www.apfelpatient.de\/en\/wp-json\/wp\/v2\/media\/17420"}],"wp:attachment":[{"href":"https:\/\/www.apfelpatient.de\/en\/wp-json\/wp\/v2\/media?parent=17419"}],"wp:term":[{"taxonomy":"category","embeddable":true,"href":"https:\/\/www.apfelpatient.de\/en\/wp-json\/wp\/v2\/categories?post=17419"},{"taxonomy":"post_tag","embeddable":true,"href":"https:\/\/www.apfelpatient.de\/en\/wp-json\/wp\/v2\/tags?post=17419"}],"curies":[{"name":"wp","href":"https:\/\/api.w.org\/{rel}","templated":true}]}}