{"id":17402,"date":"2020-11-25T20:37:21","date_gmt":"2020-11-25T19:37:21","guid":{"rendered":"https:\/\/www.apfelpatient.de\/?p=17402"},"modified":"2020-11-25T20:37:22","modified_gmt":"2020-11-25T19:37:22","slug":"macbooks-2021-in-new-design-also-with-intel-chips","status":"publish","type":"post","link":"https:\/\/www.apfelpatient.de\/en\/rumors\/macbooks-2021-in-neuem-design-auch-mit-intel-chips","title":{"rendered":"MacBooks 2021 in new design also with Intel chips?"},"content":{"rendered":"<p class=\"has-drop-cap\"><strong>Rumors that Apple will soon redesign the MacBook series have been documented many times. Now a reliable leaker has spoken out and made an interesting suggestion.<\/strong><\/p>\n\n\n\n<p>Today, well-known Apple analyst Ming-Chi Kuo has published a new report on Apple\u2019s plans for new MacBooks <a href=\"https:\/\/www.apfelpatient.de\/en\/rumors\/apple-watch-macbook-new-design-in-2021\">betrayed<\/a>. He explained that MacBook devices will be released in a new design at the end of next year. Now a reliable leaker has spoken out - L0vetodream. His tweet is short but clear. He responded to a MacRumors tweet <a href=\"https:\/\/twitter.com\/L0vetodream\/status\/1331635944290623490?ref_src=twsrc%5Etfw%7Ctwcamp%5Etweetembed%7Ctwterm%5E1331635944290623490%7Ctwgr%5E%7Ctwcon%5Es1_&amp;ref_url=https%3A%2F%2Fwww.macrumors.com%2F2020%2F11%2F25%2Fredesigned-macbooks-intel%2F\" target=\"_blank\" rel=\"noreferrer noopener\">replied<\/a>, which covers Kuo&#039;s statement regarding Apple Silicon MacBooks. His comment is &quot;Not just for silicon.&quot; This suggests that Apple could introduce MacBooks with a new design next year, not only with Apple Silicon but also Intel processors. The company says it wants to switch the entire Mac line to silicon chips in the next two years.\u00a0<\/p>\n\n\n\n<h3 class=\"wp-block-heading\" id=\"h-apple-ger-chte-skepsis-ist-immer-angebracht\">Apple Rumors: Skepticism is always appropriate<\/h3>\n\n\n\n\n\n\n\n<p>Observers assume that we will not see any more Intel Macs. But that could be wrong after L0vetodream&#039;s latest statement. Apple recently introduced three new models with silicon processors that outperform their Intel counterparts in terms of core performance. For this reason, the comment is causing confusion. Basically, Apple&#039;s goal is to develop Macs with its own processors and turn its back on Intel completely. It remains to be seen whether the company is actually planning another round of Intel. Since L0vetodream was almost never wrong, the anonymous leaker will of course be listened to. But the whole thing should be viewed with skepticism, as always. After all, everything will remain just a rumor as long as Apple does not officially deliver. <a target=\"_blank\" href=\"https:\/\/www.amazon.de\/deal\/9ba81eb2&amp;showVariations=true&amp;BFDay=true\/ref=gbph_img___9ba81eb2?smid=A3JWKAKR8XB7XF&amp;_encoding=UTF8&amp;tag=d.r.compae.k.-21&amp;linkCode=ur2&amp;linkId=8e93959ba093e8dbb1d0ee36f7a42f2a&amp;camp=1638&amp;creative=6742\" rel=\"noreferrer noopener\">On offer at Amazon \u2013 buy Apple products now and save money thanks to Black Friday.<\/a><em> (Photo by PixieMe \/ Bigstockphoto)<\/em><\/p>\n\n\n\n<h6 class=\"wp-block-heading translation-block\" id=\"h-kennt-ihr-schon-unsere-amazon-storefront-dort-findet-ihr-eine-handverlesene-auswahl-von-diversen-produkten-f-r-euer-iphone-und-co-viel-spa-beim-st-bern\"><em>Have you already visited our Amazon Storefront? There you&#039;ll find a hand-picked selection of various products for your iPhone and other devices \u2013 <span class=\"has-inline-color has-vivid-red-color\"><a href=\"https:\/\/www.amazon.de\/shop\/apfelpatientofficial\" class=\"ek-link\" data-wpel-link=\"exclude\" rel=\"follow noopener\" target=\"_self\"><span style=\"text-decoration: underline\" class=\"ek-underline\">enjoy browsing<\/span><\/a> !<\/span><\/em><\/h6>\n\n\n\n<h6 class=\"wp-block-heading translation-block\" id=\"h-der-beitrag-enthalt-partnerlinks\">This post contains <a data-type=\"URL\" data-id=\"https:\/\/www.apfelpatient.de\/partnerprogramm\" href=\"https:\/\/www.apfelpatient.de\/en\/partner-program\" data-wpel-link=\"internal\" target=\"_self\">affiliate links<\/a>.<\/h6>","protected":false},"excerpt":{"rendered":"<p>Rumors that Apple will soon redesign the MacBook series have been documented several times.<\/p>","protected":false},"author":2,"featured_media":7501,"comment_status":"closed","ping_status":"closed","sticky":false,"template":"","format":"standard","meta":{"jnews-multi-image_gallery":[],"jnews_single_post":{"subtitle":"","format":"standard","video":"","gallery":"","source_name":"","source_url":"","via_name":"","via_url":"","override":[{"single_blog_custom":"","sidebar":"","second_sidebar":"","share_position":"","share_float_style":"","post_date_format":"","post_date_format_custom":"","post_reading_time_wpm":"","zoom_button_out_step":"1","zoom_button_in_step":"1","number_popup_post":"1"}],"image_override":[{"single_post_thumbnail_size":"","single_post_gallery_size":""}],"trending_post_position":"","trending_post_label":"","sponsored_post_label":"","sponsored_post_name":"","sponsored_post_url":"","sponsored_post_logo":"","sponsored_post_desc":""},"jnews_primary_category":{"id":"25"},"footnotes":""},"categories":[25],"tags":[420,40,49],"class_list":["post-17402","post","type-post","status-publish","format-standard","has-post-thumbnail","hentry","category-rumors","tag-apple-silicon","tag-mac","tag-macbook"],"yoast_head":"<!-- This site is optimized with the Yoast SEO Premium plugin v27.5 (Yoast SEO v27.5) - https:\/\/yoast.com\/product\/yoast-seo-premium-wordpress\/ -->\n<title>MacBooks 2021 in neuem Design auch mit Intel-Chips? Apfelpatient<\/title>\n<meta name=\"description\" content=\"Ger\u00fcchte, wonach Apple die MacBook-Reihe schon sehr bald einem Re-Design unterziehen wird, wurden bereits \u00f6fters dokumentiert.\" \/>\n<meta name=\"robots\" content=\"index, follow, max-snippet:-1, max-image-preview:large, max-video-preview:-1\" \/>\n<link rel=\"canonical\" href=\"https:\/\/www.apfelpatient.de\/en\/rumors\/macbooks-2021-in-new-design-also-with-intel-chips\" \/>\n<meta property=\"og:locale\" content=\"en_US\" \/>\n<meta property=\"og:type\" content=\"article\" \/>\n<meta property=\"og:title\" content=\"MacBooks 2021 in neuem Design auch mit Intel-Chips?\" \/>\n<meta property=\"og:description\" content=\"Ger\u00fcchte, wonach Apple die MacBook-Reihe schon sehr bald einem Re-Design unterziehen wird, wurden bereits \u00f6fters dokumentiert.\" \/>\n<meta property=\"og:url\" content=\"https:\/\/www.apfelpatient.de\/en\/rumors\/macbooks-2021-in-new-design-also-with-intel-chips\" \/>\n<meta property=\"og:site_name\" content=\"Apfelpatient\" \/>\n<meta property=\"article:publisher\" content=\"https:\/\/www.facebook.com\/apfelpatientOfficial\" \/>\n<meta property=\"article:author\" content=\"https:\/\/www.facebook.com\/apfelpatientOfficial\" \/>\n<meta property=\"article:published_time\" content=\"2020-11-25T19:37:21+00:00\" \/>\n<meta property=\"article:modified_time\" content=\"2020-11-25T19:37:22+00:00\" \/>\n<meta property=\"og:image\" content=\"https:\/\/www.apfelpatient.de\/wp-content\/uploads\/2019\/11\/bigstock-New-York-Usa-November-268994155.jpg\" \/>\n\t<meta property=\"og:image:width\" content=\"1600\" \/>\n\t<meta property=\"og:image:height\" content=\"1068\" \/>\n\t<meta property=\"og:image:type\" content=\"image\/jpeg\" \/>\n<meta name=\"author\" content=\"Milan\" \/>\n<meta name=\"twitter:card\" content=\"summary_large_image\" \/>\n<meta name=\"twitter:description\" content=\"Ger\u00fcchte, wonach Apple die MacBook-Reihe schon sehr bald einem Re-Design unterziehen wird, wurden bereits \u00f6fters dokumentiert.\" \/>\n<meta name=\"twitter:label1\" content=\"Written by\" \/>\n\t<meta name=\"twitter:data1\" content=\"Milan\" \/>\n\t<meta name=\"twitter:label2\" content=\"Est. reading time\" \/>\n\t<meta name=\"twitter:data2\" content=\"2 minutes\" \/>\n<script type=\"application\/ld+json\" class=\"yoast-schema-graph\">{\"@context\":\"https:\\\/\\\/schema.org\",\"@graph\":[{\"@type\":\"NewsArticle\",\"@id\":\"https:\\\/\\\/www.apfelpatient.de\\\/rumors\\\/macbooks-2021-in-neuem-design-auch-mit-intel-chips#article\",\"isPartOf\":{\"@id\":\"https:\\\/\\\/www.apfelpatient.de\\\/rumors\\\/macbooks-2021-in-neuem-design-auch-mit-intel-chips\"},\"author\":{\"@type\":\"Organization\",\"@id\":\"https:\\\/\\\/www.apfelpatient.de\\\/en\\\/#organization\",\"name\":\"Apfelpatient\",\"url\":\"https:\\\/\\\/www.apfelpatient.de\\\/en\\\/\"},\"headline\":\"MacBooks 2021 in neuem Design auch mit Intel-Chips?\",\"datePublished\":\"2020-11-25T19:37:21+00:00\",\"dateModified\":\"2020-11-25T19:37:22+00:00\",\"mainEntityOfPage\":{\"@id\":\"https:\\\/\\\/www.apfelpatient.de\\\/rumors\\\/macbooks-2021-in-neuem-design-auch-mit-intel-chips\"},\"wordCount\":321,\"publisher\":{\"@type\":\"Organization\",\"@id\":\"https:\\\/\\\/www.apfelpatient.de\\\/en\\\/#organization\",\"name\":\"Apfelpatient\",\"url\":\"https:\\\/\\\/www.apfelpatient.de\\\/en\\\/\"},\"image\":{\"@id\":\"https:\\\/\\\/www.apfelpatient.de\\\/rumors\\\/macbooks-2021-in-neuem-design-auch-mit-intel-chips#primaryimage\"},\"thumbnailUrl\":\"https:\\\/\\\/www.apfelpatient.de\\\/wp-content\\\/uploads\\\/2019\\\/11\\\/bigstock-New-York-Usa-November-268994155.jpg\",\"keywords\":[\"Apple Silicon\",\"Mac\",\"MacBook\"],\"articleSection\":\"Rumors\",\"inLanguage\":\"en-US\",\"copyrightYear\":\"2020\",\"copyrightHolder\":{\"@id\":\"https:\\\/\\\/www.apfelpatient.de\\\/en\\\/#organization\"}},{\"@type\":\"WebPage\",\"@id\":\"https:\\\/\\\/www.apfelpatient.de\\\/rumors\\\/macbooks-2021-in-neuem-design-auch-mit-intel-chips\",\"url\":\"https:\\\/\\\/www.apfelpatient.de\\\/rumors\\\/macbooks-2021-in-neuem-design-auch-mit-intel-chips\",\"name\":\"MacBooks 2021 in neuem Design auch mit Intel-Chips? Apfelpatient\",\"isPartOf\":{\"@id\":\"https:\\\/\\\/www.apfelpatient.de\\\/#website\"},\"primaryImageOfPage\":{\"@id\":\"https:\\\/\\\/www.apfelpatient.de\\\/rumors\\\/macbooks-2021-in-neuem-design-auch-mit-intel-chips#primaryimage\"},\"image\":{\"@id\":\"https:\\\/\\\/www.apfelpatient.de\\\/rumors\\\/macbooks-2021-in-neuem-design-auch-mit-intel-chips#primaryimage\"},\"thumbnailUrl\":\"https:\\\/\\\/www.apfelpatient.de\\\/wp-content\\\/uploads\\\/2019\\\/11\\\/bigstock-New-York-Usa-November-268994155.jpg\",\"datePublished\":\"2020-11-25T19:37:21+00:00\",\"dateModified\":\"2020-11-25T19:37:22+00:00\",\"description\":\"Ger\u00fcchte, wonach Apple die MacBook-Reihe schon sehr bald einem Re-Design unterziehen wird, wurden bereits \u00f6fters dokumentiert.\",\"breadcrumb\":{\"@id\":\"https:\\\/\\\/www.apfelpatient.de\\\/rumors\\\/macbooks-2021-in-neuem-design-auch-mit-intel-chips#breadcrumb\"},\"inLanguage\":\"en-US\",\"potentialAction\":[{\"@type\":\"ReadAction\",\"target\":[\"https:\\\/\\\/www.apfelpatient.de\\\/rumors\\\/macbooks-2021-in-neuem-design-auch-mit-intel-chips\"]}]},{\"@type\":\"ImageObject\",\"inLanguage\":\"en-US\",\"@id\":\"https:\\\/\\\/www.apfelpatient.de\\\/rumors\\\/macbooks-2021-in-neuem-design-auch-mit-intel-chips#primaryimage\",\"url\":\"https:\\\/\\\/www.apfelpatient.de\\\/wp-content\\\/uploads\\\/2019\\\/11\\\/bigstock-New-York-Usa-November-268994155.jpg\",\"contentUrl\":\"https:\\\/\\\/www.apfelpatient.de\\\/wp-content\\\/uploads\\\/2019\\\/11\\\/bigstock-New-York-Usa-November-268994155.jpg\",\"width\":1600,\"height\":1068,\"caption\":\"New york, USA - november 15, 2018:Option key on macbook pro keyboard close up view\"},{\"@type\":\"BreadcrumbList\",\"@id\":\"https:\\\/\\\/www.apfelpatient.de\\\/rumors\\\/macbooks-2021-in-neuem-design-auch-mit-intel-chips#breadcrumb\",\"itemListElement\":[{\"@type\":\"ListItem\",\"position\":1,\"name\":\"Startseite\",\"item\":\"https:\\\/\\\/www.apfelpatient.de\\\/\"},{\"@type\":\"ListItem\",\"position\":2,\"name\":\"MacBooks 2021 in neuem Design auch mit Intel-Chips?\"}]},{\"@type\":\"WebSite\",\"@id\":\"https:\\\/\\\/www.apfelpatient.de\\\/#website\",\"url\":\"https:\\\/\\\/www.apfelpatient.de\\\/\",\"name\":\"Apfelpatient\",\"description\":\"Alles rund um Apple!\",\"publisher\":{\"@type\":\"Organization\",\"@id\":\"https:\\\/\\\/www.apfelpatient.de\\\/en\\\/#organization\",\"name\":\"Apfelpatient\",\"url\":\"https:\\\/\\\/www.apfelpatient.de\\\/en\\\/\"},\"alternateName\":\"Apfelpatient\",\"potentialAction\":[{\"@type\":\"SearchAction\",\"target\":{\"@type\":\"EntryPoint\",\"urlTemplate\":\"https:\\\/\\\/www.apfelpatient.de\\\/?s={search_term_string}\"},\"query-input\":{\"@type\":\"PropertyValueSpecification\",\"valueRequired\":true,\"valueName\":\"search_term_string\"}}],\"inLanguage\":\"en-US\"},{\"@type\":[\"Person\",\"Organization\"],\"@id\":\"https:\\\/\\\/www.apfelpatient.de\\\/#\\\/schema\\\/person\\\/35b3ddba5832f2bfc7fff5206d4f6b7b\",\"name\":\"Milan\",\"logo\":{\"@id\":\"https:\\\/\\\/www.apfelpatient.de\\\/#\\\/schema\\\/person\\\/image\\\/\"},\"description\":\"Hallo und herzlich willkommen auf meinem Technik-Blog! Als gro\u00dfer Apple-Fan berichte ich hier \u00fcber alles, was mit Apple zu tun hat: von den neuesten News und spannenden Ger\u00fcchten \u00fcber hilfreiche Tipps und Tricks bis hin zu ausf\u00fchrlichen Produkttests. Wenn du genauso technikbegeistert bist wie ich, bist du hier genau richtig!\",\"sameAs\":[\"https:\\\/\\\/www.facebook.com\\\/apfelpatientOfficial\",\"https:\\\/\\\/www.linkedin.com\\\/in\\\/milan-jovicic-42aa0231b\"],\"url\":\"https:\\\/\\\/www.apfelpatient.de\\\/en\\\/author\\\/apfeladmin\"}]}<\/script>\n<!-- \/ Yoast SEO Premium plugin. -->","yoast_head_json":{"title":"MacBooks 2021 in new design also with Intel chips? Apfelpatient","description":"Rumors that Apple will soon redesign the MacBook series have been documented several times.","robots":{"index":"index","follow":"follow","max-snippet":"max-snippet:-1","max-image-preview":"max-image-preview:large","max-video-preview":"max-video-preview:-1"},"canonical":"https:\/\/www.apfelpatient.de\/en\/rumors\/macbooks-2021-in-new-design-also-with-intel-chips","og_locale":"en_US","og_type":"article","og_title":"MacBooks 2021 in neuem Design auch mit Intel-Chips?","og_description":"Ger\u00fcchte, wonach Apple die MacBook-Reihe schon sehr bald einem Re-Design unterziehen wird, wurden bereits \u00f6fters dokumentiert.","og_url":"https:\/\/www.apfelpatient.de\/en\/rumors\/macbooks-2021-in-new-design-also-with-intel-chips","og_site_name":"Apfelpatient","article_publisher":"https:\/\/www.facebook.com\/apfelpatientOfficial","article_author":"https:\/\/www.facebook.com\/apfelpatientOfficial","article_published_time":"2020-11-25T19:37:21+00:00","article_modified_time":"2020-11-25T19:37:22+00:00","og_image":[{"width":1600,"height":1068,"url":"https:\/\/www.apfelpatient.de\/wp-content\/uploads\/2019\/11\/bigstock-New-York-Usa-November-268994155.jpg","type":"image\/jpeg"}],"author":"Milan","twitter_card":"summary_large_image","twitter_description":"Ger\u00fcchte, wonach Apple die MacBook-Reihe schon sehr bald einem Re-Design unterziehen wird, wurden bereits \u00f6fters dokumentiert.","twitter_misc":{"Written by":"Milan","Est. reading time":"2 minutes"},"schema":{"@context":"https:\/\/schema.org","@graph":[{"@type":"NewsArticle","@id":"https:\/\/www.apfelpatient.de\/rumors\/macbooks-2021-in-neuem-design-auch-mit-intel-chips#article","isPartOf":{"@id":"https:\/\/www.apfelpatient.de\/rumors\/macbooks-2021-in-neuem-design-auch-mit-intel-chips"},"author":{"@type":"Organization","@id":"https:\/\/www.apfelpatient.de\/en\/#organization","name":"Apfelpatient","url":"https:\/\/www.apfelpatient.de\/en\/"},"headline":"MacBooks 2021 in neuem Design auch mit Intel-Chips?","datePublished":"2020-11-25T19:37:21+00:00","dateModified":"2020-11-25T19:37:22+00:00","mainEntityOfPage":{"@id":"https:\/\/www.apfelpatient.de\/rumors\/macbooks-2021-in-neuem-design-auch-mit-intel-chips"},"wordCount":321,"publisher":{"@type":"Organization","@id":"https:\/\/www.apfelpatient.de\/en\/#organization","name":"Apfelpatient","url":"https:\/\/www.apfelpatient.de\/en\/"},"image":{"@id":"https:\/\/www.apfelpatient.de\/rumors\/macbooks-2021-in-neuem-design-auch-mit-intel-chips#primaryimage"},"thumbnailUrl":"https:\/\/www.apfelpatient.de\/wp-content\/uploads\/2019\/11\/bigstock-New-York-Usa-November-268994155.jpg","keywords":["Apple Silicon","Mac","MacBook"],"articleSection":"Rumors","inLanguage":"en-US","copyrightYear":"2020","copyrightHolder":{"@id":"https:\/\/www.apfelpatient.de\/en\/#organization"}},{"@type":"WebPage","@id":"https:\/\/www.apfelpatient.de\/rumors\/macbooks-2021-in-neuem-design-auch-mit-intel-chips","url":"https:\/\/www.apfelpatient.de\/rumors\/macbooks-2021-in-neuem-design-auch-mit-intel-chips","name":"MacBooks 2021 in new design also with Intel chips? Apfelpatient","isPartOf":{"@id":"https:\/\/www.apfelpatient.de\/#website"},"primaryImageOfPage":{"@id":"https:\/\/www.apfelpatient.de\/rumors\/macbooks-2021-in-neuem-design-auch-mit-intel-chips#primaryimage"},"image":{"@id":"https:\/\/www.apfelpatient.de\/rumors\/macbooks-2021-in-neuem-design-auch-mit-intel-chips#primaryimage"},"thumbnailUrl":"https:\/\/www.apfelpatient.de\/wp-content\/uploads\/2019\/11\/bigstock-New-York-Usa-November-268994155.jpg","datePublished":"2020-11-25T19:37:21+00:00","dateModified":"2020-11-25T19:37:22+00:00","description":"Rumors that Apple will soon redesign the MacBook series have been documented several times.","breadcrumb":{"@id":"https:\/\/www.apfelpatient.de\/rumors\/macbooks-2021-in-neuem-design-auch-mit-intel-chips#breadcrumb"},"inLanguage":"en-US","potentialAction":[{"@type":"ReadAction","target":["https:\/\/www.apfelpatient.de\/rumors\/macbooks-2021-in-neuem-design-auch-mit-intel-chips"]}]},{"@type":"ImageObject","inLanguage":"en-US","@id":"https:\/\/www.apfelpatient.de\/rumors\/macbooks-2021-in-neuem-design-auch-mit-intel-chips#primaryimage","url":"https:\/\/www.apfelpatient.de\/wp-content\/uploads\/2019\/11\/bigstock-New-York-Usa-November-268994155.jpg","contentUrl":"https:\/\/www.apfelpatient.de\/wp-content\/uploads\/2019\/11\/bigstock-New-York-Usa-November-268994155.jpg","width":1600,"height":1068,"caption":"New york, USA - november 15, 2018:Option key on macbook pro keyboard close up view"},{"@type":"BreadcrumbList","@id":"https:\/\/www.apfelpatient.de\/rumors\/macbooks-2021-in-neuem-design-auch-mit-intel-chips#breadcrumb","itemListElement":[{"@type":"ListItem","position":1,"name":"Startseite","item":"https:\/\/www.apfelpatient.de\/"},{"@type":"ListItem","position":2,"name":"MacBooks 2021 in neuem Design auch mit Intel-Chips?"}]},{"@type":"WebSite","@id":"https:\/\/www.apfelpatient.de\/#website","url":"https:\/\/www.apfelpatient.de\/","name":"apple patient","description":"Everything about Apple!","publisher":{"@type":"Organization","@id":"https:\/\/www.apfelpatient.de\/en\/#organization","name":"Apfelpatient","url":"https:\/\/www.apfelpatient.de\/en\/"},"alternateName":"Apfelpatient","potentialAction":[{"@type":"SearchAction","target":{"@type":"EntryPoint","urlTemplate":"https:\/\/www.apfelpatient.de\/?s={search_term_string}"},"query-input":{"@type":"PropertyValueSpecification","valueRequired":true,"valueName":"search_term_string"}}],"inLanguage":"en-US"},{"@type":["Person","Organization"],"@id":"https:\/\/www.apfelpatient.de\/#\/schema\/person\/35b3ddba5832f2bfc7fff5206d4f6b7b","name":"Milan","logo":{"@id":"https:\/\/www.apfelpatient.de\/#\/schema\/person\/image\/"},"description":"Hello and welcome to my technology blog! As a big Apple fan, I report on everything to do with Apple: from the latest news and exciting rumors to helpful tips and tricks and detailed product tests. If you are as enthusiastic about technology as I am, you have come to the right place!","sameAs":["https:\/\/www.facebook.com\/apfelpatientOfficial","https:\/\/www.linkedin.com\/in\/milan-jovicic-42aa0231b"],"url":"https:\/\/www.apfelpatient.de\/en\/author\/apfeladmin"}]}},"_links":{"self":[{"href":"https:\/\/www.apfelpatient.de\/en\/wp-json\/wp\/v2\/posts\/17402","targetHints":{"allow":["GET"]}}],"collection":[{"href":"https:\/\/www.apfelpatient.de\/en\/wp-json\/wp\/v2\/posts"}],"about":[{"href":"https:\/\/www.apfelpatient.de\/en\/wp-json\/wp\/v2\/types\/post"}],"author":[{"embeddable":true,"href":"https:\/\/www.apfelpatient.de\/en\/wp-json\/wp\/v2\/users\/2"}],"replies":[{"embeddable":true,"href":"https:\/\/www.apfelpatient.de\/en\/wp-json\/wp\/v2\/comments?post=17402"}],"version-history":[{"count":0,"href":"https:\/\/www.apfelpatient.de\/en\/wp-json\/wp\/v2\/posts\/17402\/revisions"}],"wp:featuredmedia":[{"embeddable":true,"href":"https:\/\/www.apfelpatient.de\/en\/wp-json\/wp\/v2\/media\/7501"}],"wp:attachment":[{"href":"https:\/\/www.apfelpatient.de\/en\/wp-json\/wp\/v2\/media?parent=17402"}],"wp:term":[{"taxonomy":"category","embeddable":true,"href":"https:\/\/www.apfelpatient.de\/en\/wp-json\/wp\/v2\/categories?post=17402"},{"taxonomy":"post_tag","embeddable":true,"href":"https:\/\/www.apfelpatient.de\/en\/wp-json\/wp\/v2\/tags?post=17402"}],"curies":[{"name":"wp","href":"https:\/\/api.w.org\/{rel}","templated":true}]}}