{"id":17372,"date":"2020-11-23T18:52:40","date_gmt":"2020-11-23T17:52:40","guid":{"rendered":"https:\/\/www.apfelpatient.de\/?p=17372"},"modified":"2020-11-23T18:52:41","modified_gmt":"2020-11-23T17:52:41","slug":"ipad-pro-could-get-oled-panels-in-2021","status":"publish","type":"post","link":"https:\/\/www.apfelpatient.de\/en\/rumors\/ipad-pro-koennte-in-2021-oled-panels-erhalten","title":{"rendered":"iPad Pro could get OLED panels in 2021"},"content":{"rendered":"<p class=\"has-drop-cap\"><strong>Rumors that Apple might introduce an iPad Pro model with mini-LED panels early next year have been circulating for months. But now there are rumors about OLED devices.<\/strong><\/p>\n\n\n\n<p>According to various reports, Apple is preparing at least one iPad Pro model with mini-LED backlighting, which is scheduled to hit the market in early 2021. A report by Korea-based <a href=\"http:\/\/www.thelec.net\/news\/articleView.html?idxno=1902\" target=\"_blank\" rel=\"noreferrer noopener\">publication<\/a> However, The Elec suggests that some models in the 2021 iPad Pro lineup may also adopt OLED display technology. According to the report, Samsung Display and LG Display are currently developing new OLED panels for the tablets. Unlike a mini-LED model, these OLED-equipped iPad Pro models are reportedly set to launch in the second half of 2021. However, The Elec warns that Apple&#039;s plan to introduce iPad Pro models with OLEDs could be delayed depending on the scale of the rollout of mini-LED-backlit LCD displays. These OLED displays are said to be manufactured to higher standards than the versions used in Apple&#039;s iPhone lineup. The reason for this is that the failure rate on tablets could be higher than on smartphones.\u00a0<\/p>\n\n\n\n<h3 class=\"wp-block-heading\" id=\"h-ipad-pro-2021-hat-apple-die-pl-ne-ge-ndert\">iPad Pro 2021: Has Apple changed its plans?<\/h3>\n\n\n\n <div class=\"brlbs-cmpnt-container brlbs-cmpnt-content-blocker brlbs-cmpnt-with-individual-styles\" data-borlabs-cookie-content-blocker-id=\"default\" data-borlabs-cookie-content=\"PGlmcmFtZSBzcmM9Imh0dHBzOi8vcmNtLWV1LmFtYXpvbi1hZHN5c3RlbS5jb20vZS9jbT9vPTMmYW1wO3A9MTImYW1wO2w9dXIxJmFtcDtjYXRlZ29yeT1ibGFja2ZyaWRheSZhbXA7YmFubmVyPTFDM1BXUENaOTc2NVNGTlZHWVIyJmFtcDtmPWlmciZhbXA7bGlua0lEPWY2MjlhODRkMjJkZmVkMjI5ZWI5NTE4MjExY2VjYmJjJmFtcDt0PWQuci5jb21wYWUuay4tMjEmYW1wO3RyYWNraW5nX2lkPWQuci5jb21wYWUuay4tMjEiIHdpZHRoPSIzMDAiIGhlaWdodD0iMjUwIiBzY3JvbGxpbmc9Im5vIiBib3JkZXI9IjAiIG1hcmdpbndpZHRoPSIwIiBzdHlsZT0iYm9yZGVyOm5vbmU7IiBmcmFtZWJvcmRlcj0iMCI+PC9pZnJhbWU+\"><div class=\"brlbs-cmpnt-cb-preset-a\"> <p class=\"brlbs-cmpnt-cb-description\">You are currently seeing a placeholder content of <strong>Standard<\/strong>. To access the actual content, click on the button below. Please note that data will be passed on to third-party providers.<\/p> <div class=\"brlbs-cmpnt-cb-buttons\"> <a class=\"brlbs-cmpnt-cb-btn\" href=\"#\" data-borlabs-cookie-unblock role=\"button\">Unlock content<\/a> <a class=\"brlbs-cmpnt-cb-btn\" href=\"#\" data-borlabs-cookie-accept-service role=\"button\" style=\"display: none\">Accept required service and unblock content<\/a> <\/div> <a class=\"brlbs-cmpnt-cb-provider-toggle\" href=\"#\" data-borlabs-cookie-show-provider-information role=\"button\">Further information<\/a> <\/div><\/div>\n\n\n\n<p>Since tablets are typically used for longer periods of time, OLED panels with only one emitting layer could experience burn-in or loss of brightness over time. For example, Samsung Display is said to be adding a manifold chamber to one of its OLED production lines that is capable of stacking emitting layers on top of each other. The result would be an OLED panel with a longer lifespan compared to those that use only one layer. So far, rumors surrounding new iPad Pro models have suggested the use of miniLEDs, but not OLEDs. Therefore, the rumor is currently causing confusion. Of course, a change of plan is possible. Mini-LED and OLED screens have many of the same advantages over traditional LCDs, including higher brightness, improved contrast ratio, and greater energy efficiency.\u00a0<a target=\"_blank\" href=\"https:\/\/www.amazon.de\/deal\/9ba81eb2&amp;showVariations=true&amp;BFDay=true\/ref=gbph_img___9ba81eb2?smid=A3JWKAKR8XB7XF&amp;_encoding=UTF8&amp;tag=d.r.compae.k.-21&amp;linkCode=ur2&amp;linkId=8e93959ba093e8dbb1d0ee36f7a42f2a&amp;camp=1638&amp;creative=6742\" rel=\"noreferrer noopener\">On offer at Amazon \u2013 buy Apple products now and save money thanks to Black Friday.<\/a>\u00a0<em>(Photo by Colour59 \/ Bigstockphoto)<\/em><\/p>\n\n\n\n<ul class=\"wp-block-list\"><li><a href=\"https:\/\/www.apfelpatient.de\/en\/news\/ipad-pro-apple-updated-package-insert\">iPad Pro: Apple updates package insert<\/a><\/li><\/ul>\n\n\n\n<h6 class=\"wp-block-heading translation-block\" id=\"h-kennt-ihr-schon-unsere-amazon-storefront-dort-findet-ihr-eine-handverlesene-auswahl-von-diversen-produkten-f-r-euer-iphone-und-co-viel-spa-beim-st-bern\"><em>Have you already visited our Amazon Storefront? There you&#039;ll find a hand-picked selection of various products for your iPhone and other devices \u2013 <span class=\"has-inline-color has-vivid-red-color\"><a href=\"https:\/\/www.amazon.de\/shop\/apfelpatientofficial\" class=\"ek-link\" data-wpel-link=\"exclude\" rel=\"follow noopener\" target=\"_self\"><span style=\"text-decoration: underline\" class=\"ek-underline\">enjoy browsing<\/span><\/a> !<\/span><\/em><\/h6>\n\n\n\n<h6 class=\"wp-block-heading translation-block\" id=\"h-der-beitrag-enthalt-partnerlinks\">This post contains <a data-type=\"URL\" data-id=\"https:\/\/www.apfelpatient.de\/partnerprogramm\" href=\"https:\/\/www.apfelpatient.de\/en\/partner-program\" data-wpel-link=\"internal\" target=\"_self\">affiliate links<\/a>.<\/h6>","protected":false},"excerpt":{"rendered":"<p>Rumors that Apple might introduce an iPad Pro model with MiniLED panels early next year have been circulating for months.<\/p>","protected":false},"author":2,"featured_media":17373,"comment_status":"closed","ping_status":"closed","sticky":false,"template":"","format":"standard","meta":{"jnews-multi-image_gallery":[],"jnews_single_post":{"subtitle":"","format":"standard","video":"","gallery":"","source_name":"","source_url":"","via_name":"","via_url":"","override":[{"single_blog_custom":"","sidebar":"","second_sidebar":"","share_position":"","share_float_style":"","post_date_format":"","post_date_format_custom":"","post_reading_time_wpm":"","zoom_button_out_step":"1","zoom_button_in_step":"1","number_popup_post":"1"}],"image_override":[{"single_post_thumbnail_size":"","single_post_gallery_size":""}],"trending_post_position":"","trending_post_label":"","sponsored_post_label":"","sponsored_post_name":"","sponsored_post_url":"","sponsored_post_logo":"","sponsored_post_desc":""},"jnews_primary_category":{"id":"9"},"footnotes":""},"categories":[25],"tags":[18,66,337],"class_list":["post-17372","post","type-post","status-publish","format-standard","has-post-thumbnail","hentry","category-rumors","tag-ipad","tag-ipad-pro","tag-ipad-pro-2021"],"yoast_head":"<!-- This site is optimized with the Yoast SEO Premium plugin v27.5 (Yoast SEO v27.5) - https:\/\/yoast.com\/product\/yoast-seo-premium-wordpress\/ -->\n<title>iPad Pro k\u00f6nnte in 2021 OLED-Panels erhalten Apfelpatient<\/title>\n<meta name=\"description\" content=\"Ger\u00fcchte, wonach Apple Anfang n\u00e4chsten Jahres ein iPad Pro Modell mit MiniLED-Panels vorstellen k\u00f6nnte, begleiten uns seit Monaten.\" \/>\n<meta name=\"robots\" content=\"index, follow, max-snippet:-1, max-image-preview:large, max-video-preview:-1\" \/>\n<link rel=\"canonical\" href=\"https:\/\/www.apfelpatient.de\/en\/rumors\/ipad-pro-could-get-oled-panels-in-2021\" \/>\n<meta property=\"og:locale\" content=\"en_US\" \/>\n<meta property=\"og:type\" content=\"article\" \/>\n<meta property=\"og:title\" content=\"iPad Pro k\u00f6nnte in 2021 OLED-Panels erhalten\" \/>\n<meta property=\"og:description\" content=\"Ger\u00fcchte, wonach Apple Anfang n\u00e4chsten Jahres ein iPad Pro Modell mit MiniLED-Panels vorstellen k\u00f6nnte, begleiten uns seit Monaten.\" \/>\n<meta property=\"og:url\" content=\"https:\/\/www.apfelpatient.de\/en\/rumors\/ipad-pro-could-get-oled-panels-in-2021\" \/>\n<meta property=\"og:site_name\" content=\"Apfelpatient\" \/>\n<meta property=\"article:publisher\" content=\"https:\/\/www.facebook.com\/apfelpatientOfficial\" \/>\n<meta property=\"article:author\" content=\"https:\/\/www.facebook.com\/apfelpatientOfficial\" \/>\n<meta property=\"article:published_time\" content=\"2020-11-23T17:52:40+00:00\" \/>\n<meta property=\"article:modified_time\" content=\"2020-11-23T17:52:41+00:00\" \/>\n<meta property=\"og:image\" content=\"https:\/\/www.apfelpatient.de\/wp-content\/uploads\/2020\/11\/bigstock-Wetzlar-Germany-376534735.jpg\" \/>\n\t<meta property=\"og:image:width\" content=\"1600\" \/>\n\t<meta property=\"og:image:height\" content=\"1067\" \/>\n\t<meta property=\"og:image:type\" content=\"image\/jpeg\" \/>\n<meta name=\"author\" content=\"Milan\" \/>\n<meta name=\"twitter:card\" content=\"summary_large_image\" \/>\n<meta name=\"twitter:description\" content=\"Ger\u00fcchte, wonach Apple Anfang n\u00e4chsten Jahres ein iPad Pro Modell mit MiniLED-Panels vorstellen k\u00f6nnte, begleiten uns seit Monaten.\" \/>\n<meta name=\"twitter:label1\" content=\"Written by\" \/>\n\t<meta name=\"twitter:data1\" content=\"Milan\" \/>\n\t<meta name=\"twitter:label2\" content=\"Est. reading time\" \/>\n\t<meta name=\"twitter:data2\" content=\"2 minutes\" \/>\n<script type=\"application\/ld+json\" class=\"yoast-schema-graph\">{\"@context\":\"https:\\\/\\\/schema.org\",\"@graph\":[{\"@type\":\"NewsArticle\",\"@id\":\"https:\\\/\\\/www.apfelpatient.de\\\/rumors\\\/ipad-pro-koennte-in-2021-oled-panels-erhalten#article\",\"isPartOf\":{\"@id\":\"https:\\\/\\\/www.apfelpatient.de\\\/rumors\\\/ipad-pro-koennte-in-2021-oled-panels-erhalten\"},\"author\":{\"@type\":\"Organization\",\"@id\":\"https:\\\/\\\/www.apfelpatient.de\\\/en\\\/#organization\",\"name\":\"Apfelpatient\",\"url\":\"https:\\\/\\\/www.apfelpatient.de\\\/en\\\/\"},\"headline\":\"iPad Pro k\u00f6nnte in 2021 OLED-Panels erhalten\",\"datePublished\":\"2020-11-23T17:52:40+00:00\",\"dateModified\":\"2020-11-23T17:52:41+00:00\",\"mainEntityOfPage\":{\"@id\":\"https:\\\/\\\/www.apfelpatient.de\\\/rumors\\\/ipad-pro-koennte-in-2021-oled-panels-erhalten\"},\"wordCount\":347,\"publisher\":{\"@type\":\"Organization\",\"@id\":\"https:\\\/\\\/www.apfelpatient.de\\\/en\\\/#organization\",\"name\":\"Apfelpatient\",\"url\":\"https:\\\/\\\/www.apfelpatient.de\\\/en\\\/\"},\"image\":{\"@id\":\"https:\\\/\\\/www.apfelpatient.de\\\/rumors\\\/ipad-pro-koennte-in-2021-oled-panels-erhalten#primaryimage\"},\"thumbnailUrl\":\"https:\\\/\\\/www.apfelpatient.de\\\/wp-content\\\/uploads\\\/2020\\\/11\\\/bigstock-Wetzlar-Germany-376534735.jpg\",\"keywords\":[\"iPad\",\"iPad Pro\",\"iPad Pro 2021\"],\"articleSection\":\"Rumors\",\"inLanguage\":\"en-US\",\"copyrightYear\":\"2020\",\"copyrightHolder\":{\"@id\":\"https:\\\/\\\/www.apfelpatient.de\\\/en\\\/#organization\"}},{\"@type\":\"WebPage\",\"@id\":\"https:\\\/\\\/www.apfelpatient.de\\\/rumors\\\/ipad-pro-koennte-in-2021-oled-panels-erhalten\",\"url\":\"https:\\\/\\\/www.apfelpatient.de\\\/rumors\\\/ipad-pro-koennte-in-2021-oled-panels-erhalten\",\"name\":\"iPad Pro k\u00f6nnte in 2021 OLED-Panels erhalten Apfelpatient\",\"isPartOf\":{\"@id\":\"https:\\\/\\\/www.apfelpatient.de\\\/#website\"},\"primaryImageOfPage\":{\"@id\":\"https:\\\/\\\/www.apfelpatient.de\\\/rumors\\\/ipad-pro-koennte-in-2021-oled-panels-erhalten#primaryimage\"},\"image\":{\"@id\":\"https:\\\/\\\/www.apfelpatient.de\\\/rumors\\\/ipad-pro-koennte-in-2021-oled-panels-erhalten#primaryimage\"},\"thumbnailUrl\":\"https:\\\/\\\/www.apfelpatient.de\\\/wp-content\\\/uploads\\\/2020\\\/11\\\/bigstock-Wetzlar-Germany-376534735.jpg\",\"datePublished\":\"2020-11-23T17:52:40+00:00\",\"dateModified\":\"2020-11-23T17:52:41+00:00\",\"description\":\"Ger\u00fcchte, wonach Apple Anfang n\u00e4chsten Jahres ein iPad Pro Modell mit MiniLED-Panels vorstellen k\u00f6nnte, begleiten uns seit Monaten.\",\"breadcrumb\":{\"@id\":\"https:\\\/\\\/www.apfelpatient.de\\\/rumors\\\/ipad-pro-koennte-in-2021-oled-panels-erhalten#breadcrumb\"},\"inLanguage\":\"en-US\",\"potentialAction\":[{\"@type\":\"ReadAction\",\"target\":[\"https:\\\/\\\/www.apfelpatient.de\\\/rumors\\\/ipad-pro-koennte-in-2021-oled-panels-erhalten\"]}]},{\"@type\":\"ImageObject\",\"inLanguage\":\"en-US\",\"@id\":\"https:\\\/\\\/www.apfelpatient.de\\\/rumors\\\/ipad-pro-koennte-in-2021-oled-panels-erhalten#primaryimage\",\"url\":\"https:\\\/\\\/www.apfelpatient.de\\\/wp-content\\\/uploads\\\/2020\\\/11\\\/bigstock-Wetzlar-Germany-376534735.jpg\",\"contentUrl\":\"https:\\\/\\\/www.apfelpatient.de\\\/wp-content\\\/uploads\\\/2020\\\/11\\\/bigstock-Wetzlar-Germany-376534735.jpg\",\"width\":1600,\"height\":1067,\"caption\":\"WETZLAR, GERMANY - 2020-07-10: APPLE iPad Pro is a tablet computer from the iPad model line from Apple.\"},{\"@type\":\"BreadcrumbList\",\"@id\":\"https:\\\/\\\/www.apfelpatient.de\\\/rumors\\\/ipad-pro-koennte-in-2021-oled-panels-erhalten#breadcrumb\",\"itemListElement\":[{\"@type\":\"ListItem\",\"position\":1,\"name\":\"Startseite\",\"item\":\"https:\\\/\\\/www.apfelpatient.de\\\/\"},{\"@type\":\"ListItem\",\"position\":2,\"name\":\"iPad Pro k\u00f6nnte in 2021 OLED-Panels erhalten\"}]},{\"@type\":\"WebSite\",\"@id\":\"https:\\\/\\\/www.apfelpatient.de\\\/#website\",\"url\":\"https:\\\/\\\/www.apfelpatient.de\\\/\",\"name\":\"Apfelpatient\",\"description\":\"Alles rund um Apple!\",\"publisher\":{\"@type\":\"Organization\",\"@id\":\"https:\\\/\\\/www.apfelpatient.de\\\/en\\\/#organization\",\"name\":\"Apfelpatient\",\"url\":\"https:\\\/\\\/www.apfelpatient.de\\\/en\\\/\"},\"alternateName\":\"Apfelpatient\",\"potentialAction\":[{\"@type\":\"SearchAction\",\"target\":{\"@type\":\"EntryPoint\",\"urlTemplate\":\"https:\\\/\\\/www.apfelpatient.de\\\/?s={search_term_string}\"},\"query-input\":{\"@type\":\"PropertyValueSpecification\",\"valueRequired\":true,\"valueName\":\"search_term_string\"}}],\"inLanguage\":\"en-US\"},{\"@type\":[\"Person\",\"Organization\"],\"@id\":\"https:\\\/\\\/www.apfelpatient.de\\\/#\\\/schema\\\/person\\\/7dc56ad6c8e9824b76d2c08d4c140e13\",\"name\":\"Milan\",\"logo\":{\"@id\":\"https:\\\/\\\/www.apfelpatient.de\\\/#\\\/schema\\\/person\\\/image\\\/\"},\"description\":\"Hallo und herzlich willkommen auf meinem Technik-Blog! Als gro\u00dfer Apple-Fan berichte ich hier \u00fcber alles, was mit Apple zu tun hat: von den neuesten News und spannenden Ger\u00fcchten \u00fcber hilfreiche Tipps und Tricks bis hin zu ausf\u00fchrlichen Produkttests. Wenn du genauso technikbegeistert bist wie ich, bist du hier genau richtig!\",\"sameAs\":[\"https:\\\/\\\/www.facebook.com\\\/apfelpatientOfficial\",\"https:\\\/\\\/www.linkedin.com\\\/in\\\/milan-jovicic-42aa0231b\"],\"url\":\"https:\\\/\\\/www.apfelpatient.de\\\/en\\\/author\\\/apfeladmin\"}]}<\/script>\n<!-- \/ Yoast SEO Premium plugin. -->","yoast_head_json":{"title":"iPad Pro could get OLED panels in 2021 Apfelpatient","description":"Rumors that Apple might introduce an iPad Pro model with MiniLED panels early next year have been circulating for months.","robots":{"index":"index","follow":"follow","max-snippet":"max-snippet:-1","max-image-preview":"max-image-preview:large","max-video-preview":"max-video-preview:-1"},"canonical":"https:\/\/www.apfelpatient.de\/en\/rumors\/ipad-pro-could-get-oled-panels-in-2021","og_locale":"en_US","og_type":"article","og_title":"iPad Pro k\u00f6nnte in 2021 OLED-Panels erhalten","og_description":"Ger\u00fcchte, wonach Apple Anfang n\u00e4chsten Jahres ein iPad Pro Modell mit MiniLED-Panels vorstellen k\u00f6nnte, begleiten uns seit Monaten.","og_url":"https:\/\/www.apfelpatient.de\/en\/rumors\/ipad-pro-could-get-oled-panels-in-2021","og_site_name":"Apfelpatient","article_publisher":"https:\/\/www.facebook.com\/apfelpatientOfficial","article_author":"https:\/\/www.facebook.com\/apfelpatientOfficial","article_published_time":"2020-11-23T17:52:40+00:00","article_modified_time":"2020-11-23T17:52:41+00:00","og_image":[{"width":1600,"height":1067,"url":"https:\/\/www.apfelpatient.de\/wp-content\/uploads\/2020\/11\/bigstock-Wetzlar-Germany-376534735.jpg","type":"image\/jpeg"}],"author":"Milan","twitter_card":"summary_large_image","twitter_description":"Ger\u00fcchte, wonach Apple Anfang n\u00e4chsten Jahres ein iPad Pro Modell mit MiniLED-Panels vorstellen k\u00f6nnte, begleiten uns seit Monaten.","twitter_misc":{"Written by":"Milan","Est. reading time":"2 minutes"},"schema":{"@context":"https:\/\/schema.org","@graph":[{"@type":"NewsArticle","@id":"https:\/\/www.apfelpatient.de\/rumors\/ipad-pro-koennte-in-2021-oled-panels-erhalten#article","isPartOf":{"@id":"https:\/\/www.apfelpatient.de\/rumors\/ipad-pro-koennte-in-2021-oled-panels-erhalten"},"author":{"@type":"Organization","@id":"https:\/\/www.apfelpatient.de\/en\/#organization","name":"Apfelpatient","url":"https:\/\/www.apfelpatient.de\/en\/"},"headline":"iPad Pro k\u00f6nnte in 2021 OLED-Panels erhalten","datePublished":"2020-11-23T17:52:40+00:00","dateModified":"2020-11-23T17:52:41+00:00","mainEntityOfPage":{"@id":"https:\/\/www.apfelpatient.de\/rumors\/ipad-pro-koennte-in-2021-oled-panels-erhalten"},"wordCount":347,"publisher":{"@type":"Organization","@id":"https:\/\/www.apfelpatient.de\/en\/#organization","name":"Apfelpatient","url":"https:\/\/www.apfelpatient.de\/en\/"},"image":{"@id":"https:\/\/www.apfelpatient.de\/rumors\/ipad-pro-koennte-in-2021-oled-panels-erhalten#primaryimage"},"thumbnailUrl":"https:\/\/www.apfelpatient.de\/wp-content\/uploads\/2020\/11\/bigstock-Wetzlar-Germany-376534735.jpg","keywords":["iPad","iPad Pro","iPad Pro 2021"],"articleSection":"Rumors","inLanguage":"en-US","copyrightYear":"2020","copyrightHolder":{"@id":"https:\/\/www.apfelpatient.de\/en\/#organization"}},{"@type":"WebPage","@id":"https:\/\/www.apfelpatient.de\/rumors\/ipad-pro-koennte-in-2021-oled-panels-erhalten","url":"https:\/\/www.apfelpatient.de\/rumors\/ipad-pro-koennte-in-2021-oled-panels-erhalten","name":"iPad Pro could get OLED panels in 2021 Apfelpatient","isPartOf":{"@id":"https:\/\/www.apfelpatient.de\/#website"},"primaryImageOfPage":{"@id":"https:\/\/www.apfelpatient.de\/rumors\/ipad-pro-koennte-in-2021-oled-panels-erhalten#primaryimage"},"image":{"@id":"https:\/\/www.apfelpatient.de\/rumors\/ipad-pro-koennte-in-2021-oled-panels-erhalten#primaryimage"},"thumbnailUrl":"https:\/\/www.apfelpatient.de\/wp-content\/uploads\/2020\/11\/bigstock-Wetzlar-Germany-376534735.jpg","datePublished":"2020-11-23T17:52:40+00:00","dateModified":"2020-11-23T17:52:41+00:00","description":"Rumors that Apple might introduce an iPad Pro model with MiniLED panels early next year have been circulating for months.","breadcrumb":{"@id":"https:\/\/www.apfelpatient.de\/rumors\/ipad-pro-koennte-in-2021-oled-panels-erhalten#breadcrumb"},"inLanguage":"en-US","potentialAction":[{"@type":"ReadAction","target":["https:\/\/www.apfelpatient.de\/rumors\/ipad-pro-koennte-in-2021-oled-panels-erhalten"]}]},{"@type":"ImageObject","inLanguage":"en-US","@id":"https:\/\/www.apfelpatient.de\/rumors\/ipad-pro-koennte-in-2021-oled-panels-erhalten#primaryimage","url":"https:\/\/www.apfelpatient.de\/wp-content\/uploads\/2020\/11\/bigstock-Wetzlar-Germany-376534735.jpg","contentUrl":"https:\/\/www.apfelpatient.de\/wp-content\/uploads\/2020\/11\/bigstock-Wetzlar-Germany-376534735.jpg","width":1600,"height":1067,"caption":"WETZLAR, GERMANY - 2020-07-10: APPLE iPad Pro is a tablet computer from the iPad model line from Apple."},{"@type":"BreadcrumbList","@id":"https:\/\/www.apfelpatient.de\/rumors\/ipad-pro-koennte-in-2021-oled-panels-erhalten#breadcrumb","itemListElement":[{"@type":"ListItem","position":1,"name":"Startseite","item":"https:\/\/www.apfelpatient.de\/"},{"@type":"ListItem","position":2,"name":"iPad Pro k\u00f6nnte in 2021 OLED-Panels erhalten"}]},{"@type":"WebSite","@id":"https:\/\/www.apfelpatient.de\/#website","url":"https:\/\/www.apfelpatient.de\/","name":"apple patient","description":"Everything about Apple!","publisher":{"@type":"Organization","@id":"https:\/\/www.apfelpatient.de\/en\/#organization","name":"Apfelpatient","url":"https:\/\/www.apfelpatient.de\/en\/"},"alternateName":"Apfelpatient","potentialAction":[{"@type":"SearchAction","target":{"@type":"EntryPoint","urlTemplate":"https:\/\/www.apfelpatient.de\/?s={search_term_string}"},"query-input":{"@type":"PropertyValueSpecification","valueRequired":true,"valueName":"search_term_string"}}],"inLanguage":"en-US"},{"@type":["Person","Organization"],"@id":"https:\/\/www.apfelpatient.de\/#\/schema\/person\/7dc56ad6c8e9824b76d2c08d4c140e13","name":"Milan","logo":{"@id":"https:\/\/www.apfelpatient.de\/#\/schema\/person\/image\/"},"description":"Hello and welcome to my technology blog! As a big Apple fan, I report on everything to do with Apple: from the latest news and exciting rumors to helpful tips and tricks and detailed product tests. If you are as enthusiastic about technology as I am, you have come to the right place!","sameAs":["https:\/\/www.facebook.com\/apfelpatientOfficial","https:\/\/www.linkedin.com\/in\/milan-jovicic-42aa0231b"],"url":"https:\/\/www.apfelpatient.de\/en\/author\/apfeladmin"}]}},"_links":{"self":[{"href":"https:\/\/www.apfelpatient.de\/en\/wp-json\/wp\/v2\/posts\/17372","targetHints":{"allow":["GET"]}}],"collection":[{"href":"https:\/\/www.apfelpatient.de\/en\/wp-json\/wp\/v2\/posts"}],"about":[{"href":"https:\/\/www.apfelpatient.de\/en\/wp-json\/wp\/v2\/types\/post"}],"author":[{"embeddable":true,"href":"https:\/\/www.apfelpatient.de\/en\/wp-json\/wp\/v2\/users\/2"}],"replies":[{"embeddable":true,"href":"https:\/\/www.apfelpatient.de\/en\/wp-json\/wp\/v2\/comments?post=17372"}],"version-history":[{"count":0,"href":"https:\/\/www.apfelpatient.de\/en\/wp-json\/wp\/v2\/posts\/17372\/revisions"}],"wp:featuredmedia":[{"embeddable":true,"href":"https:\/\/www.apfelpatient.de\/en\/wp-json\/wp\/v2\/media\/17373"}],"wp:attachment":[{"href":"https:\/\/www.apfelpatient.de\/en\/wp-json\/wp\/v2\/media?parent=17372"}],"wp:term":[{"taxonomy":"category","embeddable":true,"href":"https:\/\/www.apfelpatient.de\/en\/wp-json\/wp\/v2\/categories?post=17372"},{"taxonomy":"post_tag","embeddable":true,"href":"https:\/\/www.apfelpatient.de\/en\/wp-json\/wp\/v2\/tags?post=17372"}],"curies":[{"name":"wp","href":"https:\/\/api.w.org\/{rel}","templated":true}]}}