{"id":17248,"date":"2020-11-17T18:02:23","date_gmt":"2020-11-17T17:02:23","guid":{"rendered":"https:\/\/www.apfelpatient.de\/?p=17248"},"modified":"2020-11-17T18:02:24","modified_gmt":"2020-11-17T17:02:24","slug":"apple-m1-mac-test-reports-what-the-first-testers-say","status":"publish","type":"post","link":"https:\/\/www.apfelpatient.de\/en\/news\/apple-m1-mac-testberichte-das-sagen-erste-tester","title":{"rendered":"Apple M1 Mac reviews: What the first testers say"},"content":{"rendered":"<p class=\"has-drop-cap\"><strong>The first Apple M1 Mac devices are currently being delivered to end customers. Various press representatives from major US platforms have received the new Apple Silicon Macs in advance. The first test reports have now been made available.<\/strong><\/p>\n\n\n\n<p>While the first orders are currently being delivered, test reports on the MacBook Air and Pro as well as the new Mac mini with M1 chip have now been officially published. As expected, performance and battery life are particularly praised - but there is a catch. This should be a good basis for the start - from here on, it can only get better. <a href=\"https:\/\/www.engadget.com\/apple-macbook-air-m1-review-140031323.html\" target=\"_blank\" rel=\"noreferrer noopener\">expressed<\/a> Engadget commented on the MacBook Air&#039;s performance, with a particular focus on Safari, as follows:<\/p>\n\n\n\n<blockquote class=\"wp-block-quote is-layout-flow wp-block-quote-is-layout-flow\"><p>My first thought when using the MacBook Air with M1 chip was, surprisingly, that it feels like an iPad Pro. It&#039;s shockingly responsive, as if it&#039;s waiting for the next command like an overeager puppy. Running apps natively designed for the M1, like Safari and GarageBand, felt just as fast as launching an iPad app. Most notably, Safari offers the best web browsing experience I&#039;ve ever had on a computer. Web pages load almost instantly, and scrolling through complex pages feels effortless. It&#039;s like seeing the web for the first time\u2014unencumbered by the crowds of increasingly sluggish desktop browsers.<\/p><\/blockquote>\n\n\n\n<h3 class=\"wp-block-heading\" id=\"h-m1-macs-batterielaufzeit-h-ngt-von-app-optimierung-ab\">M1 Macs: Battery life depends on app optimization<\/h3>\n\n\n\n\n\n\n\n<p>The Verge <a href=\"https:\/\/www.theverge.com\/21569603\/apple-macbook-air-m1-review-price-specs-features-arm-silicon\" target=\"_blank\" rel=\"noreferrer noopener\">explained<\/a> Among other things, the battery life of the new MacBook Air is impressive, even if it doesn&#039;t quite match Apple&#039;s claims. However, they note that battery life will also improve as more apps are optimized for the M1 chip:<\/p>\n\n\n\n<blockquote class=\"wp-block-quote is-layout-flow wp-block-quote-is-layout-flow\"><p>I get between eight and ten hours, depending on how hard I work.<\/p><p>To be clear, I&#039;m getting these numbers with the applications I actually use. This includes Chrome, of course, and various applications that also rely on the Chrome engine, like Slack. What&#039;s notable is that for some applications, Rosetta 2 has to do a bunch of real-time code translations, which further reduces battery life.\u00a0<\/p><p>If and when these apps are adapted to become \u201cuniversal\u201d apps that work natively on M1 devices, I expect even better battery life.<\/p><\/blockquote>\n\n\n\n<figure class=\"wp-block-image size-large\"><img decoding=\"async\" width=\"1024\" height=\"667\" src=\"https:\/\/www.apfelpatient.de\/wp-content\/uploads\/2020\/11\/Apple_new-macbookpro-davinci-resolve-screen_11102020-1024x667.jpg\" alt=\"Mac\" class=\"wp-image-17020\" srcset=\"https:\/\/www.apfelpatient.de\/wp-content\/uploads\/2020\/11\/Apple_new-macbookpro-davinci-resolve-screen_11102020-1024x667.jpg 1024w, https:\/\/www.apfelpatient.de\/wp-content\/uploads\/2020\/11\/Apple_new-macbookpro-davinci-resolve-screen_11102020-300x195.jpg 300w, https:\/\/www.apfelpatient.de\/wp-content\/uploads\/2020\/11\/Apple_new-macbookpro-davinci-resolve-screen_11102020-768x500.jpg 768w, https:\/\/www.apfelpatient.de\/wp-content\/uploads\/2020\/11\/Apple_new-macbookpro-davinci-resolve-screen_11102020-1536x1000.jpg 1536w, https:\/\/www.apfelpatient.de\/wp-content\/uploads\/2020\/11\/Apple_new-macbookpro-davinci-resolve-screen_11102020-750x488.jpg 750w, https:\/\/www.apfelpatient.de\/wp-content\/uploads\/2020\/11\/Apple_new-macbookpro-davinci-resolve-screen_11102020-1140x742.jpg 1140w, https:\/\/www.apfelpatient.de\/wp-content\/uploads\/2020\/11\/Apple_new-macbookpro-davinci-resolve-screen_11102020.jpg 1984w\" sizes=\"(max-width: 1024px) 100vw, 1024px\" \/><figcaption>Image: Apple<\/figcaption><\/figure>\n\n\n\n<p>According to The Verge&#039;s review, the new M1 MacBook Pro actually lasts &quot;a few hours longer on a charge&quot; than the Air. This could be a deciding factor for many users considering the choice between the MacBook Air and the MacBook Pro:<\/p>\n\n\n\n<h3 class=\"wp-block-heading\" id=\"h-macbook-pro-13-zoll-hat-einen-vorteil\">\u201cMacBook Pro 13-inch has an advantage\u201d<\/h3>\n\n\n\n<blockquote class=\"wp-block-quote is-layout-flow wp-block-quote-is-layout-flow\"><p>If you&#039;re trying to decide between the new 13-inch MacBook Pro and this MacBook Air, I think battery life will be the deciding factor for most people. In Nilay&#039;s testing, the Pro consistently got a few more hours on a charge. The Pro also has a Touch Bar and a slightly brighter screen. But the other big difference is that it has a fan. This makes the machine capable of running heavy workloads for longer periods of time. The same goes for the new Mac mini.<\/p><\/blockquote>\n\n\n\n<p>Meanwhile, TechCrunch has interesting things to say about iOS applications <a href=\"https:\/\/techcrunch.com\/2020\/11\/17\/yeah-apples-m1-macbook-pro-is-powerful-but-its-the-battery-life-that-will-blow-you-away\/\" target=\"_blank\" rel=\"noreferrer noopener\">report<\/a>These should at least be executable on M1 devices.\u00a0<\/p>\n\n\n\n<blockquote class=\"wp-block-quote is-layout-flow wp-block-quote-is-layout-flow\"><p>Apple may say that the Mac now supports millions of iOS applications, but the fact is that the experience of using those applications on the M1 is subpar. I have no doubt it will get better. But the experience of using the applications on the M1 right now is pretty much in this order: Native M1 application&gt;Rosetta 2 application&gt;Catalyst application&gt;iOS applications. Assuming, of course, that the Catalyst ports can be made to build in Mac-centric behaviors and interactions. But it&#039;s clear that iOS, while present, is clearly not where it needs to be on M1 devices.<\/p><\/blockquote>\n\n\n\n<h3 class=\"wp-block-heading\" id=\"h-apple-m1-entwickler-m-ssen-ios-apps-anpassen\">Apple M1: Developers must adapt iOS apps<\/h3>\n\n\n\n<p>Jason Snell of Six Colors <a href=\"https:\/\/sixcolors.com\/post\/2020\/11\/m1-macs-review\/\" target=\"_blank\" rel=\"noreferrer noopener\">came to the conclusion<\/a>that it is ultimately a \u201cnet plus\u201d that iOS applications can run on the new Macs:<\/p>\n\n\n\n<blockquote class=\"wp-block-quote is-layout-flow wp-block-quote-is-layout-flow\"><p>App developers can set their iOS apps to be invisible on the Mac and many have done just that. Want to watch videos in the Netflix app rather than in a browser tab? Too bad Netflix and most other video streaming services aren&#039;t available. Many productivity apps are also missing. Over the course of the days I&#039;ve been working on this review, I&#039;ve even noticed more iOS apps disappearing from the Mac App Store.<\/p><p>Ultimately, it&#039;s a net positive that some iOS applications will run on these new Macs. But I suspect it will take a while - a few months, maybe even longer - for this whole thing to play out. I suspect a lot of developers will want to do a little work to make their applications run a little better on the Mac. And Apple offers a path to that approach with Catalyst. Maybe it&#039;s a little counterintuitive, but I wonder if the ability to run iOS applications unmodified on macOS might motivate developers to do the extra work with Catalyst to make them more Mac-like.<\/p><\/blockquote>\n\n\n\n<figure class=\"wp-block-image size-large\"><img decoding=\"async\" width=\"1024\" height=\"678\" src=\"https:\/\/www.apfelpatient.de\/wp-content\/uploads\/2020\/11\/Apple_new-mac-mini-xcode-screen_11102020-1024x678.jpg\" alt=\"Mac\" class=\"wp-image-17012\" srcset=\"https:\/\/www.apfelpatient.de\/wp-content\/uploads\/2020\/11\/Apple_new-mac-mini-xcode-screen_11102020-1024x678.jpg 1024w, https:\/\/www.apfelpatient.de\/wp-content\/uploads\/2020\/11\/Apple_new-mac-mini-xcode-screen_11102020-300x199.jpg 300w, https:\/\/www.apfelpatient.de\/wp-content\/uploads\/2020\/11\/Apple_new-mac-mini-xcode-screen_11102020-768x509.jpg 768w, https:\/\/www.apfelpatient.de\/wp-content\/uploads\/2020\/11\/Apple_new-mac-mini-xcode-screen_11102020-1536x1017.jpg 1536w, https:\/\/www.apfelpatient.de\/wp-content\/uploads\/2020\/11\/Apple_new-mac-mini-xcode-screen_11102020-750x497.jpg 750w, https:\/\/www.apfelpatient.de\/wp-content\/uploads\/2020\/11\/Apple_new-mac-mini-xcode-screen_11102020-1140x755.jpg 1140w, https:\/\/www.apfelpatient.de\/wp-content\/uploads\/2020\/11\/Apple_new-mac-mini-xcode-screen_11102020.jpg 1960w\" sizes=\"(max-width: 1024px) 100vw, 1024px\" \/><figcaption>Image: Apple<\/figcaption><\/figure>\n\n\n\n<h3 class=\"wp-block-heading\" id=\"h-apple-m1-nicht-jeder-kann-sofort-umsteigen\">Apple M1: Not everyone can switch immediately<\/h3>\n\n\n\n\n\n\n\n<p>TechCrunch also highlighted the battery life, as it was much closer to Apple&#039;s specifications than the guys at The Verge.<\/p>\n\n\n\n<blockquote class=\"wp-block-quote is-layout-flow wp-block-quote-is-layout-flow\"><p>The new M1 chips are remarkably power efficient, even when performing more resource-intensive tasks. In a video playback test, I got 16 hours of battery life. That&#039;s less than Apple&#039;s claimed 18 hours, but it&#039;s still an impressive number.<\/p><p>By Matthew&#039;s numbers, the Pro fared even better. He managed to hit the claimed 20 hours. That higher number is likely due to the battery&#039;s higher capacity. In both cases, however, the systems outperformed last year&#039;s 13- and 16-inch Pros, which achieved eight hours and eight minutes and six hours and 40 minutes, respectively. That&#039;s a huge jump in an important metric.<\/p><\/blockquote>\n\n\n\n<p>On the whole, Apple seems to have succeeded in laying the foundation for the launch with the M1 chip - according to the numerous test reports. It is important to note that many apps still need to be adapted in order to get the most out of them. There will certainly be a target group that can switch over now - but this does not apply to every Mac user.\u00a0<em><a rel=\"noreferrer noopener\" target=\"_blank\" href=\"https:\/\/www.amazon.de?&amp;_encoding=UTF8&amp;tag=d.r.compae.k.-21&amp;linkCode=ur2&amp;linkId=cadcfb2544bd8a0b11e0d52b52eed08e&amp;camp=1638&amp;creative=6742\">Have you already discovered the early Black Friday offers on Amazon? It&#039;s worth being quick.<\/a><\/em>\u00a0<em>(Image: Apple)<\/em><\/p>\n\n\n\n<ul class=\"wp-block-list\"><li><a href=\"https:\/\/www.apfelpatient.de\/en\/generally\/apple-m1-chip-everything-you-need-to-know\">Apple M1 chip: Everything you need to know<\/a><\/li><\/ul>\n\n\n\n<h6 class=\"wp-block-heading translation-block\" id=\"h-kennt-ihr-schon-unsere-amazon-storefront-dort-findet-ihr-eine-handverlesene-auswahl-von-diversen-produkten-f-r-euer-iphone-und-co-viel-spa-beim-st-bern\"><em>Have you already visited our Amazon Storefront? There you&#039;ll find a hand-picked selection of various products for your iPhone and other devices \u2013 <span class=\"has-inline-color has-vivid-red-color\"><a href=\"https:\/\/www.amazon.de\/shop\/apfelpatientofficial\" class=\"ek-link\" data-wpel-link=\"exclude\" rel=\"follow noopener\" target=\"_self\"><span style=\"text-decoration: underline\" class=\"ek-underline\">enjoy browsing<\/span><\/a> !<\/span><\/em><\/h6>\n\n\n\n\n\n<h6 class=\"wp-block-heading translation-block\" id=\"h-der-beitrag-enthalt-partnerlinks\">This post contains <a data-type=\"URL\" data-id=\"https:\/\/www.apfelpatient.de\/partnerprogramm\" href=\"https:\/\/www.apfelpatient.de\/en\/partner-program\" data-wpel-link=\"internal\" target=\"_self\">affiliate links<\/a>.<\/h6>","protected":false},"excerpt":{"rendered":"<p>The first Apple M1 Mac devices are currently being delivered to end customers. The first test reports have now been made available.<\/p>","protected":false},"author":2,"featured_media":17026,"comment_status":"closed","ping_status":"closed","sticky":false,"template":"","format":"standard","meta":{"jnews-multi-image_gallery":[],"jnews_single_post":{"subtitle":"","format":"standard","video":"","gallery":"","source_name":"","source_url":"","via_name":"","via_url":"","override":[{"single_blog_custom":"","sidebar":"","second_sidebar":"","share_position":"","share_float_style":"","post_date_format":"","post_date_format_custom":"","post_reading_time_wpm":"","zoom_button_out_step":"1","zoom_button_in_step":"1","number_popup_post":"1"}],"image_override":[{"single_post_thumbnail_size":"","single_post_gallery_size":""}],"trending_post_position":"","trending_post_label":"","sponsored_post_label":"","sponsored_post_name":"","sponsored_post_url":"","sponsored_post_logo":"","sponsored_post_desc":""},"jnews_primary_category":{"id":"9"},"footnotes":""},"categories":[9],"tags":[420,40,73,41,50],"class_list":["post-17248","post","type-post","status-publish","format-standard","has-post-thumbnail","hentry","category-news","tag-apple-silicon","tag-mac","tag-mac-mini","tag-macbook-air","tag-macbook-pro"],"yoast_head":"<!-- This site is optimized with the Yoast SEO Premium plugin v27.5 (Yoast SEO v27.5) - https:\/\/yoast.com\/product\/yoast-seo-premium-wordpress\/ -->\n<title>Apple M1 Mac Testberichte: Das sagen erste Tester Apfelpatient<\/title>\n<meta name=\"description\" content=\"Die ersten Apple M1 Mac-Ger\u00e4te werden aktuell an Endkunden ausgeliefert. Nun wurden erste Testberichte bereitgestellt.\" \/>\n<meta name=\"robots\" content=\"index, follow, max-snippet:-1, max-image-preview:large, max-video-preview:-1\" \/>\n<link rel=\"canonical\" href=\"https:\/\/www.apfelpatient.de\/en\/news\/apple-m1-mac-test-reports-what-the-first-testers-say\" \/>\n<meta property=\"og:locale\" content=\"en_US\" \/>\n<meta property=\"og:type\" content=\"article\" \/>\n<meta property=\"og:title\" content=\"Apple M1 Mac Testberichte: Das sagen erste Tester\" \/>\n<meta property=\"og:description\" content=\"Die ersten Apple M1 Mac-Ger\u00e4te werden aktuell an Endkunden ausgeliefert. Nun wurden erste Testberichte bereitgestellt.\" \/>\n<meta property=\"og:url\" content=\"https:\/\/www.apfelpatient.de\/en\/news\/apple-m1-mac-test-reports-what-the-first-testers-say\" \/>\n<meta property=\"og:site_name\" content=\"Apfelpatient\" \/>\n<meta property=\"article:publisher\" content=\"https:\/\/www.facebook.com\/apfelpatientOfficial\" \/>\n<meta property=\"article:author\" content=\"https:\/\/www.facebook.com\/apfelpatientOfficial\" \/>\n<meta property=\"article:published_time\" content=\"2020-11-17T17:02:23+00:00\" \/>\n<meta property=\"article:modified_time\" content=\"2020-11-17T17:02:24+00:00\" \/>\n<meta property=\"og:image\" content=\"https:\/\/www.apfelpatient.de\/wp-content\/uploads\/2020\/11\/Apple_next-generation-mac-macbookair-macbookpro-mac-mini_11102020-scaled.jpg\" \/>\n\t<meta property=\"og:image:width\" content=\"2560\" \/>\n\t<meta property=\"og:image:height\" content=\"1440\" \/>\n\t<meta property=\"og:image:type\" content=\"image\/jpeg\" \/>\n<meta name=\"author\" content=\"Milan\" \/>\n<meta name=\"twitter:card\" content=\"summary_large_image\" \/>\n<meta name=\"twitter:description\" content=\"Die ersten Apple M1 Mac-Ger\u00e4te werden aktuell an Endkunden ausgeliefert. Nun wurden erste Testberichte bereitgestellt.\" \/>\n<meta name=\"twitter:label1\" content=\"Written by\" \/>\n\t<meta name=\"twitter:data1\" content=\"Milan\" \/>\n\t<meta name=\"twitter:label2\" content=\"Est. reading time\" \/>\n\t<meta name=\"twitter:data2\" content=\"6 minutes\" \/>\n<script type=\"application\/ld+json\" class=\"yoast-schema-graph\">{\"@context\":\"https:\\\/\\\/schema.org\",\"@graph\":[{\"@type\":\"NewsArticle\",\"@id\":\"https:\\\/\\\/www.apfelpatient.de\\\/news\\\/apple-m1-mac-testberichte-das-sagen-erste-tester#article\",\"isPartOf\":{\"@id\":\"https:\\\/\\\/www.apfelpatient.de\\\/news\\\/apple-m1-mac-testberichte-das-sagen-erste-tester\"},\"author\":{\"@type\":\"Organization\",\"@id\":\"https:\\\/\\\/www.apfelpatient.de\\\/en\\\/#organization\",\"name\":\"Apfelpatient\",\"url\":\"https:\\\/\\\/www.apfelpatient.de\\\/en\\\/\"},\"headline\":\"Apple M1 Mac Testberichte: Das sagen erste Tester\",\"datePublished\":\"2020-11-17T17:02:23+00:00\",\"dateModified\":\"2020-11-17T17:02:24+00:00\",\"mainEntityOfPage\":{\"@id\":\"https:\\\/\\\/www.apfelpatient.de\\\/news\\\/apple-m1-mac-testberichte-das-sagen-erste-tester\"},\"wordCount\":1127,\"publisher\":{\"@type\":\"Organization\",\"@id\":\"https:\\\/\\\/www.apfelpatient.de\\\/en\\\/#organization\",\"name\":\"Apfelpatient\",\"url\":\"https:\\\/\\\/www.apfelpatient.de\\\/en\\\/\"},\"image\":{\"@id\":\"https:\\\/\\\/www.apfelpatient.de\\\/news\\\/apple-m1-mac-testberichte-das-sagen-erste-tester#primaryimage\"},\"thumbnailUrl\":\"https:\\\/\\\/www.apfelpatient.de\\\/wp-content\\\/uploads\\\/2020\\\/11\\\/Apple_next-generation-mac-macbookair-macbookpro-mac-mini_11102020-scaled.jpg\",\"keywords\":[\"Apple Silicon\",\"Mac\",\"Mac mini\",\"MacBook Air\",\"MacBook Pro\"],\"articleSection\":\"News\",\"inLanguage\":\"en-US\",\"copyrightYear\":\"2020\",\"copyrightHolder\":{\"@id\":\"https:\\\/\\\/www.apfelpatient.de\\\/en\\\/#organization\"}},{\"@type\":\"WebPage\",\"@id\":\"https:\\\/\\\/www.apfelpatient.de\\\/news\\\/apple-m1-mac-testberichte-das-sagen-erste-tester\",\"url\":\"https:\\\/\\\/www.apfelpatient.de\\\/news\\\/apple-m1-mac-testberichte-das-sagen-erste-tester\",\"name\":\"Apple M1 Mac Testberichte: Das sagen erste Tester Apfelpatient\",\"isPartOf\":{\"@id\":\"https:\\\/\\\/www.apfelpatient.de\\\/#website\"},\"primaryImageOfPage\":{\"@id\":\"https:\\\/\\\/www.apfelpatient.de\\\/news\\\/apple-m1-mac-testberichte-das-sagen-erste-tester#primaryimage\"},\"image\":{\"@id\":\"https:\\\/\\\/www.apfelpatient.de\\\/news\\\/apple-m1-mac-testberichte-das-sagen-erste-tester#primaryimage\"},\"thumbnailUrl\":\"https:\\\/\\\/www.apfelpatient.de\\\/wp-content\\\/uploads\\\/2020\\\/11\\\/Apple_next-generation-mac-macbookair-macbookpro-mac-mini_11102020-scaled.jpg\",\"datePublished\":\"2020-11-17T17:02:23+00:00\",\"dateModified\":\"2020-11-17T17:02:24+00:00\",\"description\":\"Die ersten Apple M1 Mac-Ger\u00e4te werden aktuell an Endkunden ausgeliefert. Nun wurden erste Testberichte bereitgestellt.\",\"breadcrumb\":{\"@id\":\"https:\\\/\\\/www.apfelpatient.de\\\/news\\\/apple-m1-mac-testberichte-das-sagen-erste-tester#breadcrumb\"},\"inLanguage\":\"en-US\",\"potentialAction\":[{\"@type\":\"ReadAction\",\"target\":[\"https:\\\/\\\/www.apfelpatient.de\\\/news\\\/apple-m1-mac-testberichte-das-sagen-erste-tester\"]}]},{\"@type\":\"ImageObject\",\"inLanguage\":\"en-US\",\"@id\":\"https:\\\/\\\/www.apfelpatient.de\\\/news\\\/apple-m1-mac-testberichte-das-sagen-erste-tester#primaryimage\",\"url\":\"https:\\\/\\\/www.apfelpatient.de\\\/wp-content\\\/uploads\\\/2020\\\/11\\\/Apple_next-generation-mac-macbookair-macbookpro-mac-mini_11102020-scaled.jpg\",\"contentUrl\":\"https:\\\/\\\/www.apfelpatient.de\\\/wp-content\\\/uploads\\\/2020\\\/11\\\/Apple_next-generation-mac-macbookair-macbookpro-mac-mini_11102020-scaled.jpg\",\"width\":2560,\"height\":1440,\"caption\":\"Bild: Apple\"},{\"@type\":\"BreadcrumbList\",\"@id\":\"https:\\\/\\\/www.apfelpatient.de\\\/news\\\/apple-m1-mac-testberichte-das-sagen-erste-tester#breadcrumb\",\"itemListElement\":[{\"@type\":\"ListItem\",\"position\":1,\"name\":\"Startseite\",\"item\":\"https:\\\/\\\/www.apfelpatient.de\\\/\"},{\"@type\":\"ListItem\",\"position\":2,\"name\":\"Apple M1 Mac Testberichte: Das sagen erste Tester\"}]},{\"@type\":\"WebSite\",\"@id\":\"https:\\\/\\\/www.apfelpatient.de\\\/#website\",\"url\":\"https:\\\/\\\/www.apfelpatient.de\\\/\",\"name\":\"Apfelpatient\",\"description\":\"Alles rund um Apple!\",\"publisher\":{\"@type\":\"Organization\",\"@id\":\"https:\\\/\\\/www.apfelpatient.de\\\/en\\\/#organization\",\"name\":\"Apfelpatient\",\"url\":\"https:\\\/\\\/www.apfelpatient.de\\\/en\\\/\"},\"alternateName\":\"Apfelpatient\",\"potentialAction\":[{\"@type\":\"SearchAction\",\"target\":{\"@type\":\"EntryPoint\",\"urlTemplate\":\"https:\\\/\\\/www.apfelpatient.de\\\/?s={search_term_string}\"},\"query-input\":{\"@type\":\"PropertyValueSpecification\",\"valueRequired\":true,\"valueName\":\"search_term_string\"}}],\"inLanguage\":\"en-US\"},{\"@type\":[\"Person\",\"Organization\"],\"@id\":\"https:\\\/\\\/www.apfelpatient.de\\\/#\\\/schema\\\/person\\\/35b3ddba5832f2bfc7fff5206d4f6b7b\",\"name\":\"Milan\",\"logo\":{\"@id\":\"https:\\\/\\\/www.apfelpatient.de\\\/#\\\/schema\\\/person\\\/image\\\/\"},\"description\":\"Hallo und herzlich willkommen auf meinem Technik-Blog! Als gro\u00dfer Apple-Fan berichte ich hier \u00fcber alles, was mit Apple zu tun hat: von den neuesten News und spannenden Ger\u00fcchten \u00fcber hilfreiche Tipps und Tricks bis hin zu ausf\u00fchrlichen Produkttests. Wenn du genauso technikbegeistert bist wie ich, bist du hier genau richtig!\",\"sameAs\":[\"https:\\\/\\\/www.facebook.com\\\/apfelpatientOfficial\",\"https:\\\/\\\/www.linkedin.com\\\/in\\\/milan-jovicic-42aa0231b\"],\"url\":\"https:\\\/\\\/www.apfelpatient.de\\\/en\\\/author\\\/apfeladmin\"}]}<\/script>\n<!-- \/ Yoast SEO Premium plugin. -->","yoast_head_json":{"title":"Apple M1 Mac reviews: What the first testers say Apfelpatient","description":"The first Apple M1 Mac devices are currently being delivered to end customers. The first test reports have now been made available.","robots":{"index":"index","follow":"follow","max-snippet":"max-snippet:-1","max-image-preview":"max-image-preview:large","max-video-preview":"max-video-preview:-1"},"canonical":"https:\/\/www.apfelpatient.de\/en\/news\/apple-m1-mac-test-reports-what-the-first-testers-say","og_locale":"en_US","og_type":"article","og_title":"Apple M1 Mac Testberichte: Das sagen erste Tester","og_description":"Die ersten Apple M1 Mac-Ger\u00e4te werden aktuell an Endkunden ausgeliefert. Nun wurden erste Testberichte bereitgestellt.","og_url":"https:\/\/www.apfelpatient.de\/en\/news\/apple-m1-mac-test-reports-what-the-first-testers-say","og_site_name":"Apfelpatient","article_publisher":"https:\/\/www.facebook.com\/apfelpatientOfficial","article_author":"https:\/\/www.facebook.com\/apfelpatientOfficial","article_published_time":"2020-11-17T17:02:23+00:00","article_modified_time":"2020-11-17T17:02:24+00:00","og_image":[{"width":2560,"height":1440,"url":"https:\/\/www.apfelpatient.de\/wp-content\/uploads\/2020\/11\/Apple_next-generation-mac-macbookair-macbookpro-mac-mini_11102020-scaled.jpg","type":"image\/jpeg"}],"author":"Milan","twitter_card":"summary_large_image","twitter_description":"Die ersten Apple M1 Mac-Ger\u00e4te werden aktuell an Endkunden ausgeliefert. Nun wurden erste Testberichte bereitgestellt.","twitter_misc":{"Written by":"Milan","Est. reading time":"6 minutes"},"schema":{"@context":"https:\/\/schema.org","@graph":[{"@type":"NewsArticle","@id":"https:\/\/www.apfelpatient.de\/news\/apple-m1-mac-testberichte-das-sagen-erste-tester#article","isPartOf":{"@id":"https:\/\/www.apfelpatient.de\/news\/apple-m1-mac-testberichte-das-sagen-erste-tester"},"author":{"@type":"Organization","@id":"https:\/\/www.apfelpatient.de\/en\/#organization","name":"Apfelpatient","url":"https:\/\/www.apfelpatient.de\/en\/"},"headline":"Apple M1 Mac Testberichte: Das sagen erste Tester","datePublished":"2020-11-17T17:02:23+00:00","dateModified":"2020-11-17T17:02:24+00:00","mainEntityOfPage":{"@id":"https:\/\/www.apfelpatient.de\/news\/apple-m1-mac-testberichte-das-sagen-erste-tester"},"wordCount":1127,"publisher":{"@type":"Organization","@id":"https:\/\/www.apfelpatient.de\/en\/#organization","name":"Apfelpatient","url":"https:\/\/www.apfelpatient.de\/en\/"},"image":{"@id":"https:\/\/www.apfelpatient.de\/news\/apple-m1-mac-testberichte-das-sagen-erste-tester#primaryimage"},"thumbnailUrl":"https:\/\/www.apfelpatient.de\/wp-content\/uploads\/2020\/11\/Apple_next-generation-mac-macbookair-macbookpro-mac-mini_11102020-scaled.jpg","keywords":["Apple Silicon","Mac","Mac mini","MacBook Air","MacBook Pro"],"articleSection":"News","inLanguage":"en-US","copyrightYear":"2020","copyrightHolder":{"@id":"https:\/\/www.apfelpatient.de\/en\/#organization"}},{"@type":"WebPage","@id":"https:\/\/www.apfelpatient.de\/news\/apple-m1-mac-testberichte-das-sagen-erste-tester","url":"https:\/\/www.apfelpatient.de\/news\/apple-m1-mac-testberichte-das-sagen-erste-tester","name":"Apple M1 Mac reviews: What the first testers say Apfelpatient","isPartOf":{"@id":"https:\/\/www.apfelpatient.de\/#website"},"primaryImageOfPage":{"@id":"https:\/\/www.apfelpatient.de\/news\/apple-m1-mac-testberichte-das-sagen-erste-tester#primaryimage"},"image":{"@id":"https:\/\/www.apfelpatient.de\/news\/apple-m1-mac-testberichte-das-sagen-erste-tester#primaryimage"},"thumbnailUrl":"https:\/\/www.apfelpatient.de\/wp-content\/uploads\/2020\/11\/Apple_next-generation-mac-macbookair-macbookpro-mac-mini_11102020-scaled.jpg","datePublished":"2020-11-17T17:02:23+00:00","dateModified":"2020-11-17T17:02:24+00:00","description":"The first Apple M1 Mac devices are currently being delivered to end customers. The first test reports have now been made available.","breadcrumb":{"@id":"https:\/\/www.apfelpatient.de\/news\/apple-m1-mac-testberichte-das-sagen-erste-tester#breadcrumb"},"inLanguage":"en-US","potentialAction":[{"@type":"ReadAction","target":["https:\/\/www.apfelpatient.de\/news\/apple-m1-mac-testberichte-das-sagen-erste-tester"]}]},{"@type":"ImageObject","inLanguage":"en-US","@id":"https:\/\/www.apfelpatient.de\/news\/apple-m1-mac-testberichte-das-sagen-erste-tester#primaryimage","url":"https:\/\/www.apfelpatient.de\/wp-content\/uploads\/2020\/11\/Apple_next-generation-mac-macbookair-macbookpro-mac-mini_11102020-scaled.jpg","contentUrl":"https:\/\/www.apfelpatient.de\/wp-content\/uploads\/2020\/11\/Apple_next-generation-mac-macbookair-macbookpro-mac-mini_11102020-scaled.jpg","width":2560,"height":1440,"caption":"Bild: Apple"},{"@type":"BreadcrumbList","@id":"https:\/\/www.apfelpatient.de\/news\/apple-m1-mac-testberichte-das-sagen-erste-tester#breadcrumb","itemListElement":[{"@type":"ListItem","position":1,"name":"Startseite","item":"https:\/\/www.apfelpatient.de\/"},{"@type":"ListItem","position":2,"name":"Apple M1 Mac Testberichte: Das sagen erste Tester"}]},{"@type":"WebSite","@id":"https:\/\/www.apfelpatient.de\/#website","url":"https:\/\/www.apfelpatient.de\/","name":"apple patient","description":"Everything about Apple!","publisher":{"@type":"Organization","@id":"https:\/\/www.apfelpatient.de\/en\/#organization","name":"Apfelpatient","url":"https:\/\/www.apfelpatient.de\/en\/"},"alternateName":"Apfelpatient","potentialAction":[{"@type":"SearchAction","target":{"@type":"EntryPoint","urlTemplate":"https:\/\/www.apfelpatient.de\/?s={search_term_string}"},"query-input":{"@type":"PropertyValueSpecification","valueRequired":true,"valueName":"search_term_string"}}],"inLanguage":"en-US"},{"@type":["Person","Organization"],"@id":"https:\/\/www.apfelpatient.de\/#\/schema\/person\/35b3ddba5832f2bfc7fff5206d4f6b7b","name":"Milan","logo":{"@id":"https:\/\/www.apfelpatient.de\/#\/schema\/person\/image\/"},"description":"Hello and welcome to my technology blog! As a big Apple fan, I report on everything to do with Apple: from the latest news and exciting rumors to helpful tips and tricks and detailed product tests. If you are as enthusiastic about technology as I am, you have come to the right place!","sameAs":["https:\/\/www.facebook.com\/apfelpatientOfficial","https:\/\/www.linkedin.com\/in\/milan-jovicic-42aa0231b"],"url":"https:\/\/www.apfelpatient.de\/en\/author\/apfeladmin"}]}},"_links":{"self":[{"href":"https:\/\/www.apfelpatient.de\/en\/wp-json\/wp\/v2\/posts\/17248","targetHints":{"allow":["GET"]}}],"collection":[{"href":"https:\/\/www.apfelpatient.de\/en\/wp-json\/wp\/v2\/posts"}],"about":[{"href":"https:\/\/www.apfelpatient.de\/en\/wp-json\/wp\/v2\/types\/post"}],"author":[{"embeddable":true,"href":"https:\/\/www.apfelpatient.de\/en\/wp-json\/wp\/v2\/users\/2"}],"replies":[{"embeddable":true,"href":"https:\/\/www.apfelpatient.de\/en\/wp-json\/wp\/v2\/comments?post=17248"}],"version-history":[{"count":0,"href":"https:\/\/www.apfelpatient.de\/en\/wp-json\/wp\/v2\/posts\/17248\/revisions"}],"wp:featuredmedia":[{"embeddable":true,"href":"https:\/\/www.apfelpatient.de\/en\/wp-json\/wp\/v2\/media\/17026"}],"wp:attachment":[{"href":"https:\/\/www.apfelpatient.de\/en\/wp-json\/wp\/v2\/media?parent=17248"}],"wp:term":[{"taxonomy":"category","embeddable":true,"href":"https:\/\/www.apfelpatient.de\/en\/wp-json\/wp\/v2\/categories?post=17248"},{"taxonomy":"post_tag","embeddable":true,"href":"https:\/\/www.apfelpatient.de\/en\/wp-json\/wp\/v2\/tags?post=17248"}],"curies":[{"name":"wp","href":"https:\/\/api.w.org\/{rel}","templated":true}]}}