{"id":17216,"date":"2020-11-16T11:06:21","date_gmt":"2020-11-16T10:06:21","guid":{"rendered":"https:\/\/www.apfelpatient.de\/?p=17216"},"modified":"2020-11-16T11:06:22","modified_gmt":"2020-11-16T10:06:22","slug":"apple-gives-the-go-ahead-for-homepod-mini","status":"publish","type":"post","link":"https:\/\/www.apfelpatient.de\/en\/news\/apple-gibt-startschuss-fuer-homepod-mini","title":{"rendered":"Apple launches HomePod mini"},"content":{"rendered":"<p class=\"has-drop-cap\"><strong>The brand new HomePod mini is available today. Anyone who pre-ordered in time can look forward to receiving the new device today.<\/strong><\/p>\n\n\n\n<p>As of today, the brand new mini speaker is available in Australia, Canada, France, Germany, Hong Kong, India, Japan, Spain, the UK and the US. Like the standard version, the 3.3-inch HomePod mini also has Apple audio features that allow it to deliver rich, vibrant sound quality. Although it doesn&#039;t have quite the same list of materials, it still has a dynamic full-range driver and two passive tweeters for bass reproduction. It also has an acoustic waveguide for 360-degree audio playback. In addition, the cheaper version of Apple&#039;s speaker supports all the features offered by the classic HomePod. In the press release, Apple explained:<\/p>\n\n\n\n<h3 class=\"wp-block-heading\" id=\"h-siri-speaker-zum-kleinen-preis-gnadenlos-ausverkauft\">Siri speaker at a low price: mercilessly sold out<\/h3>\n\n\n\n\n\n\n\n<blockquote class=\"wp-block-quote is-layout-flow wp-block-quote-is-layout-flow\"><p>HomePod mini is designed to work with Apple Music, podcasts, radio stations from iHeartRadio, radio.com and TuneIn, and in the coming months, popular music services like Pandora and Amazon Music. Multiple HomePod mini speakers work together to stream music or podcasts to multiple rooms in perfect sync. Placing two mini speakers in a single room can create a stereo pair for a wide soundstage that fills the room with rich, enveloping sound.<\/p><\/blockquote>\n\n\n\n<figure class=\"wp-block-image size-large\"><img decoding=\"async\" width=\"1024\" height=\"644\" src=\"https:\/\/www.apfelpatient.de\/wp-content\/uploads\/2020\/10\/Apple_HomePod-mini-iPad-iPhone-applewatch-airpods_10132020-1024x644.jpg\" alt=\"HomePod mini\" class=\"wp-image-16143\" srcset=\"https:\/\/www.apfelpatient.de\/wp-content\/uploads\/2020\/10\/Apple_HomePod-mini-iPad-iPhone-applewatch-airpods_10132020-1024x644.jpg 1024w, https:\/\/www.apfelpatient.de\/wp-content\/uploads\/2020\/10\/Apple_HomePod-mini-iPad-iPhone-applewatch-airpods_10132020-300x189.jpg 300w, https:\/\/www.apfelpatient.de\/wp-content\/uploads\/2020\/10\/Apple_HomePod-mini-iPad-iPhone-applewatch-airpods_10132020-768x483.jpg 768w, https:\/\/www.apfelpatient.de\/wp-content\/uploads\/2020\/10\/Apple_HomePod-mini-iPad-iPhone-applewatch-airpods_10132020-1536x965.jpg 1536w, https:\/\/www.apfelpatient.de\/wp-content\/uploads\/2020\/10\/Apple_HomePod-mini-iPad-iPhone-applewatch-airpods_10132020-750x471.jpg 750w, https:\/\/www.apfelpatient.de\/wp-content\/uploads\/2020\/10\/Apple_HomePod-mini-iPad-iPhone-applewatch-airpods_10132020-1140x717.jpg 1140w, https:\/\/www.apfelpatient.de\/wp-content\/uploads\/2020\/10\/Apple_HomePod-mini-iPad-iPhone-applewatch-airpods_10132020.jpg 1960w\" sizes=\"(max-width: 1024px) 100vw, 1024px\" \/><figcaption>Image: Apple<\/figcaption><\/figure>\n\n\n\n<p>The device can be purchased for 96.50 euros from Apple and selected retailers in black or white. However, anyone who orders the device from Apple will have to wait a long time <a href=\"https:\/\/www.apple.com\/de\/homepod-mini\/\" target=\"_blank\" rel=\"noreferrer noopener\">delivery times<\/a> According to the current status, the Siri speaker will be delivered around mid-January.<\/p>\n\n\n\n<ul class=\"wp-block-list\"><li><a href=\"https:\/\/www.apfelpatient.de\/en\/tips-tricks\/siri-the-difference-between-homepod-mini-homepod\">Siri: The difference between HomePod mini &amp; HomePod<\/a><\/li><li><a href=\"https:\/\/www.apfelpatient.de\/en\/news\/homepod-mini-reviews-what-the-first-testers-say\">HomePod mini Reviews: What the first testers say<\/a><\/li><\/ul>\n\n\n\n<h6 class=\"wp-block-heading translation-block\" id=\"h-kennt-ihr-schon-unsere-amazon-storefront-dort-findet-ihr-eine-handverlesene-auswahl-von-diversen-produkten-f-r-euer-iphone-und-co-viel-spa-beim-st-bern\"><em>Have you already visited our Amazon Storefront? There you&#039;ll find a hand-picked selection of various products for your iPhone and other devices \u2013 <span class=\"has-inline-color has-vivid-red-color\"><a href=\"https:\/\/www.amazon.de\/shop\/apfelpatientofficial\" class=\"ek-link\" data-wpel-link=\"exclude\" rel=\"follow noopener\" target=\"_self\"><span style=\"text-decoration: underline\" class=\"ek-underline\">enjoy browsing<\/span><\/a> !<\/span><\/em><\/h6>\n\n\n\n\n\n<h6 class=\"wp-block-heading translation-block\" id=\"h-der-beitrag-enthalt-partnerlinks\">This post contains <a data-type=\"URL\" data-id=\"https:\/\/www.apfelpatient.de\/partnerprogramm\" href=\"https:\/\/www.apfelpatient.de\/en\/partner-program\" data-wpel-link=\"internal\" target=\"_self\">affiliate links<\/a>.<\/h6>","protected":false},"excerpt":{"rendered":"<p>The brand new HomePod mini is available today. Anyone who pre-ordered in time can look forward to receiving the new device today.<\/p>","protected":false},"author":2,"featured_media":16141,"comment_status":"closed","ping_status":"closed","sticky":false,"template":"","format":"standard","meta":{"jnews-multi-image_gallery":[],"jnews_single_post":{"subtitle":"","format":"standard","video":"","gallery":"","source_name":"","source_url":"","via_name":"","via_url":"","override":[{"single_blog_custom":"","sidebar":"","second_sidebar":"","share_position":"","share_float_style":"","post_date_format":"","post_date_format_custom":"","post_reading_time_wpm":"","zoom_button_out_step":"1","zoom_button_in_step":"1","number_popup_post":"1"}],"image_override":[{"single_post_thumbnail_size":"","single_post_gallery_size":""}],"trending_post_position":"","trending_post_label":"","sponsored_post_label":"","sponsored_post_name":"","sponsored_post_url":"","sponsored_post_logo":"","sponsored_post_desc":""},"jnews_primary_category":{"id":"9"},"footnotes":""},"categories":[9],"tags":[85,535],"class_list":["post-17216","post","type-post","status-publish","format-standard","has-post-thumbnail","hentry","category-news","tag-homepod","tag-homepod-mini"],"yoast_head":"<!-- This site is optimized with the Yoast SEO Premium plugin v27.5 (Yoast SEO v27.5) - https:\/\/yoast.com\/product\/yoast-seo-premium-wordpress\/ -->\n<title>Apple gibt Startschuss f\u00fcr HomePod mini Apfelpatient<\/title>\n<meta name=\"description\" content=\"Seit heute ist der brandneue HomePod mini erh\u00e4ltlich. Wer rechtzeitig vorbestellt hat, darf sich noch heute \u00fcber das neue Ger\u00e4t freuen.\" \/>\n<meta name=\"robots\" content=\"index, follow, max-snippet:-1, max-image-preview:large, max-video-preview:-1\" \/>\n<link rel=\"canonical\" href=\"https:\/\/www.apfelpatient.de\/en\/news\/apple-gives-the-go-ahead-for-homepod-mini\" \/>\n<meta property=\"og:locale\" content=\"en_US\" \/>\n<meta property=\"og:type\" content=\"article\" \/>\n<meta property=\"og:title\" content=\"Apple gibt Startschuss f\u00fcr HomePod mini\" \/>\n<meta property=\"og:description\" content=\"Seit heute ist der brandneue HomePod mini erh\u00e4ltlich. Wer rechtzeitig vorbestellt hat, darf sich noch heute \u00fcber das neue Ger\u00e4t freuen.\" \/>\n<meta property=\"og:url\" content=\"https:\/\/www.apfelpatient.de\/en\/news\/apple-gives-the-go-ahead-for-homepod-mini\" \/>\n<meta property=\"og:site_name\" content=\"Apfelpatient\" \/>\n<meta property=\"article:publisher\" content=\"https:\/\/www.facebook.com\/apfelpatientOfficial\" \/>\n<meta property=\"article:author\" content=\"https:\/\/www.facebook.com\/apfelpatientOfficial\" \/>\n<meta property=\"article:published_time\" content=\"2020-11-16T10:06:21+00:00\" \/>\n<meta property=\"article:modified_time\" content=\"2020-11-16T10:06:22+00:00\" \/>\n<meta property=\"og:image\" content=\"https:\/\/www.apfelpatient.de\/wp-content\/uploads\/2020\/10\/Apple_HomePod-mini-campaign_10132020.jpg\" \/>\n\t<meta property=\"og:image:width\" content=\"1470\" \/>\n\t<meta property=\"og:image:height\" content=\"1470\" \/>\n\t<meta property=\"og:image:type\" content=\"image\/jpeg\" \/>\n<meta name=\"author\" content=\"Milan\" \/>\n<meta name=\"twitter:card\" content=\"summary_large_image\" \/>\n<meta name=\"twitter:description\" content=\"Seit heute ist der brandneue HomePod mini erh\u00e4ltlich. Wer rechtzeitig vorbestellt hat, darf sich noch heute \u00fcber das neue Ger\u00e4t freuen.\" \/>\n<meta name=\"twitter:label1\" content=\"Written by\" \/>\n\t<meta name=\"twitter:data1\" content=\"Milan\" \/>\n\t<meta name=\"twitter:label2\" content=\"Est. reading time\" \/>\n\t<meta name=\"twitter:data2\" content=\"1 minute\" \/>\n<script type=\"application\/ld+json\" class=\"yoast-schema-graph\">{\"@context\":\"https:\\\/\\\/schema.org\",\"@graph\":[{\"@type\":\"NewsArticle\",\"@id\":\"https:\\\/\\\/www.apfelpatient.de\\\/news\\\/apple-gibt-startschuss-fuer-homepod-mini#article\",\"isPartOf\":{\"@id\":\"https:\\\/\\\/www.apfelpatient.de\\\/news\\\/apple-gibt-startschuss-fuer-homepod-mini\"},\"author\":{\"@type\":\"Organization\",\"@id\":\"https:\\\/\\\/www.apfelpatient.de\\\/en\\\/#organization\",\"name\":\"Apfelpatient\",\"url\":\"https:\\\/\\\/www.apfelpatient.de\\\/en\\\/\"},\"headline\":\"Apple gibt Startschuss f\u00fcr HomePod mini\",\"datePublished\":\"2020-11-16T10:06:21+00:00\",\"dateModified\":\"2020-11-16T10:06:22+00:00\",\"mainEntityOfPage\":{\"@id\":\"https:\\\/\\\/www.apfelpatient.de\\\/news\\\/apple-gibt-startschuss-fuer-homepod-mini\"},\"wordCount\":294,\"publisher\":{\"@type\":\"Organization\",\"@id\":\"https:\\\/\\\/www.apfelpatient.de\\\/en\\\/#organization\",\"name\":\"Apfelpatient\",\"url\":\"https:\\\/\\\/www.apfelpatient.de\\\/en\\\/\"},\"image\":{\"@id\":\"https:\\\/\\\/www.apfelpatient.de\\\/news\\\/apple-gibt-startschuss-fuer-homepod-mini#primaryimage\"},\"thumbnailUrl\":\"https:\\\/\\\/www.apfelpatient.de\\\/wp-content\\\/uploads\\\/2020\\\/10\\\/Apple_HomePod-mini-campaign_10132020.jpg\",\"keywords\":[\"HomePod\",\"HomePod Mini\"],\"articleSection\":\"News\",\"inLanguage\":\"en-US\",\"copyrightYear\":\"2020\",\"copyrightHolder\":{\"@id\":\"https:\\\/\\\/www.apfelpatient.de\\\/en\\\/#organization\"}},{\"@type\":\"WebPage\",\"@id\":\"https:\\\/\\\/www.apfelpatient.de\\\/news\\\/apple-gibt-startschuss-fuer-homepod-mini\",\"url\":\"https:\\\/\\\/www.apfelpatient.de\\\/news\\\/apple-gibt-startschuss-fuer-homepod-mini\",\"name\":\"Apple gibt Startschuss f\u00fcr HomePod mini Apfelpatient\",\"isPartOf\":{\"@id\":\"https:\\\/\\\/www.apfelpatient.de\\\/#website\"},\"primaryImageOfPage\":{\"@id\":\"https:\\\/\\\/www.apfelpatient.de\\\/news\\\/apple-gibt-startschuss-fuer-homepod-mini#primaryimage\"},\"image\":{\"@id\":\"https:\\\/\\\/www.apfelpatient.de\\\/news\\\/apple-gibt-startschuss-fuer-homepod-mini#primaryimage\"},\"thumbnailUrl\":\"https:\\\/\\\/www.apfelpatient.de\\\/wp-content\\\/uploads\\\/2020\\\/10\\\/Apple_HomePod-mini-campaign_10132020.jpg\",\"datePublished\":\"2020-11-16T10:06:21+00:00\",\"dateModified\":\"2020-11-16T10:06:22+00:00\",\"description\":\"Seit heute ist der brandneue HomePod mini erh\u00e4ltlich. Wer rechtzeitig vorbestellt hat, darf sich noch heute \u00fcber das neue Ger\u00e4t freuen.\",\"breadcrumb\":{\"@id\":\"https:\\\/\\\/www.apfelpatient.de\\\/news\\\/apple-gibt-startschuss-fuer-homepod-mini#breadcrumb\"},\"inLanguage\":\"en-US\",\"potentialAction\":[{\"@type\":\"ReadAction\",\"target\":[\"https:\\\/\\\/www.apfelpatient.de\\\/news\\\/apple-gibt-startschuss-fuer-homepod-mini\"]}]},{\"@type\":\"ImageObject\",\"inLanguage\":\"en-US\",\"@id\":\"https:\\\/\\\/www.apfelpatient.de\\\/news\\\/apple-gibt-startschuss-fuer-homepod-mini#primaryimage\",\"url\":\"https:\\\/\\\/www.apfelpatient.de\\\/wp-content\\\/uploads\\\/2020\\\/10\\\/Apple_HomePod-mini-campaign_10132020.jpg\",\"contentUrl\":\"https:\\\/\\\/www.apfelpatient.de\\\/wp-content\\\/uploads\\\/2020\\\/10\\\/Apple_HomePod-mini-campaign_10132020.jpg\",\"width\":1470,\"height\":1470,\"caption\":\"Bild: Apple\"},{\"@type\":\"BreadcrumbList\",\"@id\":\"https:\\\/\\\/www.apfelpatient.de\\\/news\\\/apple-gibt-startschuss-fuer-homepod-mini#breadcrumb\",\"itemListElement\":[{\"@type\":\"ListItem\",\"position\":1,\"name\":\"Startseite\",\"item\":\"https:\\\/\\\/www.apfelpatient.de\\\/\"},{\"@type\":\"ListItem\",\"position\":2,\"name\":\"Apple gibt Startschuss f\u00fcr HomePod mini\"}]},{\"@type\":\"WebSite\",\"@id\":\"https:\\\/\\\/www.apfelpatient.de\\\/#website\",\"url\":\"https:\\\/\\\/www.apfelpatient.de\\\/\",\"name\":\"Apfelpatient\",\"description\":\"Alles rund um Apple!\",\"publisher\":{\"@type\":\"Organization\",\"@id\":\"https:\\\/\\\/www.apfelpatient.de\\\/en\\\/#organization\",\"name\":\"Apfelpatient\",\"url\":\"https:\\\/\\\/www.apfelpatient.de\\\/en\\\/\"},\"alternateName\":\"Apfelpatient\",\"potentialAction\":[{\"@type\":\"SearchAction\",\"target\":{\"@type\":\"EntryPoint\",\"urlTemplate\":\"https:\\\/\\\/www.apfelpatient.de\\\/?s={search_term_string}\"},\"query-input\":{\"@type\":\"PropertyValueSpecification\",\"valueRequired\":true,\"valueName\":\"search_term_string\"}}],\"inLanguage\":\"en-US\"},{\"@type\":[\"Person\",\"Organization\"],\"@id\":\"https:\\\/\\\/www.apfelpatient.de\\\/#\\\/schema\\\/person\\\/7dc56ad6c8e9824b76d2c08d4c140e13\",\"name\":\"Milan\",\"logo\":{\"@id\":\"https:\\\/\\\/www.apfelpatient.de\\\/#\\\/schema\\\/person\\\/image\\\/\"},\"description\":\"Hallo und herzlich willkommen auf meinem Technik-Blog! Als gro\u00dfer Apple-Fan berichte ich hier \u00fcber alles, was mit Apple zu tun hat: von den neuesten News und spannenden Ger\u00fcchten \u00fcber hilfreiche Tipps und Tricks bis hin zu ausf\u00fchrlichen Produkttests. Wenn du genauso technikbegeistert bist wie ich, bist du hier genau richtig!\",\"sameAs\":[\"https:\\\/\\\/www.facebook.com\\\/apfelpatientOfficial\",\"https:\\\/\\\/www.linkedin.com\\\/in\\\/milan-jovicic-42aa0231b\"],\"url\":\"https:\\\/\\\/www.apfelpatient.de\\\/en\\\/author\\\/apfeladmin\"}]}<\/script>\n<!-- \/ Yoast SEO Premium plugin. -->","yoast_head_json":{"title":"Apple launches HomePod mini Apfelpatient","description":"The brand new HomePod mini is available today. Anyone who pre-ordered in time can look forward to receiving the new device today.","robots":{"index":"index","follow":"follow","max-snippet":"max-snippet:-1","max-image-preview":"max-image-preview:large","max-video-preview":"max-video-preview:-1"},"canonical":"https:\/\/www.apfelpatient.de\/en\/news\/apple-gives-the-go-ahead-for-homepod-mini","og_locale":"en_US","og_type":"article","og_title":"Apple gibt Startschuss f\u00fcr HomePod mini","og_description":"Seit heute ist der brandneue HomePod mini erh\u00e4ltlich. Wer rechtzeitig vorbestellt hat, darf sich noch heute \u00fcber das neue Ger\u00e4t freuen.","og_url":"https:\/\/www.apfelpatient.de\/en\/news\/apple-gives-the-go-ahead-for-homepod-mini","og_site_name":"Apfelpatient","article_publisher":"https:\/\/www.facebook.com\/apfelpatientOfficial","article_author":"https:\/\/www.facebook.com\/apfelpatientOfficial","article_published_time":"2020-11-16T10:06:21+00:00","article_modified_time":"2020-11-16T10:06:22+00:00","og_image":[{"width":1470,"height":1470,"url":"https:\/\/www.apfelpatient.de\/wp-content\/uploads\/2020\/10\/Apple_HomePod-mini-campaign_10132020.jpg","type":"image\/jpeg"}],"author":"Milan","twitter_card":"summary_large_image","twitter_description":"Seit heute ist der brandneue HomePod mini erh\u00e4ltlich. Wer rechtzeitig vorbestellt hat, darf sich noch heute \u00fcber das neue Ger\u00e4t freuen.","twitter_misc":{"Written by":"Milan","Est. reading time":"1 minute"},"schema":{"@context":"https:\/\/schema.org","@graph":[{"@type":"NewsArticle","@id":"https:\/\/www.apfelpatient.de\/news\/apple-gibt-startschuss-fuer-homepod-mini#article","isPartOf":{"@id":"https:\/\/www.apfelpatient.de\/news\/apple-gibt-startschuss-fuer-homepod-mini"},"author":{"@type":"Organization","@id":"https:\/\/www.apfelpatient.de\/en\/#organization","name":"Apfelpatient","url":"https:\/\/www.apfelpatient.de\/en\/"},"headline":"Apple gibt Startschuss f\u00fcr HomePod mini","datePublished":"2020-11-16T10:06:21+00:00","dateModified":"2020-11-16T10:06:22+00:00","mainEntityOfPage":{"@id":"https:\/\/www.apfelpatient.de\/news\/apple-gibt-startschuss-fuer-homepod-mini"},"wordCount":294,"publisher":{"@type":"Organization","@id":"https:\/\/www.apfelpatient.de\/en\/#organization","name":"Apfelpatient","url":"https:\/\/www.apfelpatient.de\/en\/"},"image":{"@id":"https:\/\/www.apfelpatient.de\/news\/apple-gibt-startschuss-fuer-homepod-mini#primaryimage"},"thumbnailUrl":"https:\/\/www.apfelpatient.de\/wp-content\/uploads\/2020\/10\/Apple_HomePod-mini-campaign_10132020.jpg","keywords":["HomePod","HomePod Mini"],"articleSection":"News","inLanguage":"en-US","copyrightYear":"2020","copyrightHolder":{"@id":"https:\/\/www.apfelpatient.de\/en\/#organization"}},{"@type":"WebPage","@id":"https:\/\/www.apfelpatient.de\/news\/apple-gibt-startschuss-fuer-homepod-mini","url":"https:\/\/www.apfelpatient.de\/news\/apple-gibt-startschuss-fuer-homepod-mini","name":"Apple launches HomePod mini Apfelpatient","isPartOf":{"@id":"https:\/\/www.apfelpatient.de\/#website"},"primaryImageOfPage":{"@id":"https:\/\/www.apfelpatient.de\/news\/apple-gibt-startschuss-fuer-homepod-mini#primaryimage"},"image":{"@id":"https:\/\/www.apfelpatient.de\/news\/apple-gibt-startschuss-fuer-homepod-mini#primaryimage"},"thumbnailUrl":"https:\/\/www.apfelpatient.de\/wp-content\/uploads\/2020\/10\/Apple_HomePod-mini-campaign_10132020.jpg","datePublished":"2020-11-16T10:06:21+00:00","dateModified":"2020-11-16T10:06:22+00:00","description":"The brand new HomePod mini is available today. Anyone who pre-ordered in time can look forward to receiving the new device today.","breadcrumb":{"@id":"https:\/\/www.apfelpatient.de\/news\/apple-gibt-startschuss-fuer-homepod-mini#breadcrumb"},"inLanguage":"en-US","potentialAction":[{"@type":"ReadAction","target":["https:\/\/www.apfelpatient.de\/news\/apple-gibt-startschuss-fuer-homepod-mini"]}]},{"@type":"ImageObject","inLanguage":"en-US","@id":"https:\/\/www.apfelpatient.de\/news\/apple-gibt-startschuss-fuer-homepod-mini#primaryimage","url":"https:\/\/www.apfelpatient.de\/wp-content\/uploads\/2020\/10\/Apple_HomePod-mini-campaign_10132020.jpg","contentUrl":"https:\/\/www.apfelpatient.de\/wp-content\/uploads\/2020\/10\/Apple_HomePod-mini-campaign_10132020.jpg","width":1470,"height":1470,"caption":"Bild: Apple"},{"@type":"BreadcrumbList","@id":"https:\/\/www.apfelpatient.de\/news\/apple-gibt-startschuss-fuer-homepod-mini#breadcrumb","itemListElement":[{"@type":"ListItem","position":1,"name":"Startseite","item":"https:\/\/www.apfelpatient.de\/"},{"@type":"ListItem","position":2,"name":"Apple gibt Startschuss f\u00fcr HomePod mini"}]},{"@type":"WebSite","@id":"https:\/\/www.apfelpatient.de\/#website","url":"https:\/\/www.apfelpatient.de\/","name":"apple patient","description":"Everything about Apple!","publisher":{"@type":"Organization","@id":"https:\/\/www.apfelpatient.de\/en\/#organization","name":"Apfelpatient","url":"https:\/\/www.apfelpatient.de\/en\/"},"alternateName":"Apfelpatient","potentialAction":[{"@type":"SearchAction","target":{"@type":"EntryPoint","urlTemplate":"https:\/\/www.apfelpatient.de\/?s={search_term_string}"},"query-input":{"@type":"PropertyValueSpecification","valueRequired":true,"valueName":"search_term_string"}}],"inLanguage":"en-US"},{"@type":["Person","Organization"],"@id":"https:\/\/www.apfelpatient.de\/#\/schema\/person\/7dc56ad6c8e9824b76d2c08d4c140e13","name":"Milan","logo":{"@id":"https:\/\/www.apfelpatient.de\/#\/schema\/person\/image\/"},"description":"Hello and welcome to my technology blog! As a big Apple fan, I report on everything to do with Apple: from the latest news and exciting rumors to helpful tips and tricks and detailed product tests. If you are as enthusiastic about technology as I am, you have come to the right place!","sameAs":["https:\/\/www.facebook.com\/apfelpatientOfficial","https:\/\/www.linkedin.com\/in\/milan-jovicic-42aa0231b"],"url":"https:\/\/www.apfelpatient.de\/en\/author\/apfeladmin"}]}},"_links":{"self":[{"href":"https:\/\/www.apfelpatient.de\/en\/wp-json\/wp\/v2\/posts\/17216","targetHints":{"allow":["GET"]}}],"collection":[{"href":"https:\/\/www.apfelpatient.de\/en\/wp-json\/wp\/v2\/posts"}],"about":[{"href":"https:\/\/www.apfelpatient.de\/en\/wp-json\/wp\/v2\/types\/post"}],"author":[{"embeddable":true,"href":"https:\/\/www.apfelpatient.de\/en\/wp-json\/wp\/v2\/users\/2"}],"replies":[{"embeddable":true,"href":"https:\/\/www.apfelpatient.de\/en\/wp-json\/wp\/v2\/comments?post=17216"}],"version-history":[{"count":0,"href":"https:\/\/www.apfelpatient.de\/en\/wp-json\/wp\/v2\/posts\/17216\/revisions"}],"wp:featuredmedia":[{"embeddable":true,"href":"https:\/\/www.apfelpatient.de\/en\/wp-json\/wp\/v2\/media\/16141"}],"wp:attachment":[{"href":"https:\/\/www.apfelpatient.de\/en\/wp-json\/wp\/v2\/media?parent=17216"}],"wp:term":[{"taxonomy":"category","embeddable":true,"href":"https:\/\/www.apfelpatient.de\/en\/wp-json\/wp\/v2\/categories?post=17216"},{"taxonomy":"post_tag","embeddable":true,"href":"https:\/\/www.apfelpatient.de\/en\/wp-json\/wp\/v2\/tags?post=17216"}],"curies":[{"name":"wp","href":"https:\/\/api.w.org\/{rel}","templated":true}]}}