{"id":1718,"date":"2018-08-26T13:51:53","date_gmt":"2018-08-26T11:51:53","guid":{"rendered":"https:\/\/www.apfelpatient.de\/?p=1718"},"modified":"2025-02-06T07:06:26","modified_gmt":"2025-02-06T06:06:26","slug":"apple-pay-launch-in-germany-in-september","status":"publish","type":"post","link":"https:\/\/www.apfelpatient.de\/en\/news\/apple-pay-deutschlandstart-im-september","title":{"rendered":"Apple Pay: Germany launch in September?"},"content":{"rendered":"<p><strong>With Apple Pay, iPhone and Apple Watch can replace debit or credit cards. Simply holding the device up to the terminal initiates the payment process.<\/strong><\/p>\n<p>Apple&#039;s payment service was introduced in the USA in October 2014. Now Apple Pay is finally coming to Germany. Tim Cook announced this at the last quarterly figures release. However, he did not give an exact launch date.<\/p>\n<p><strong>Apple Pay connected to iOS 12<\/strong><\/p>\n\n<p>A report by<em> iPhone ticker<\/em> Apple Pay can now be set up in the current iOS 12 beta. To do this, the device must first be updated and then reset to factory settings. If the iPhone is now set up again, a request will appear to enter the necessary data to activate Apple Pay. The menu item is now also <em>&quot;Wallet and Apple Pay&quot;<\/em> visible.<\/p>\n<p>This discovery now leads to speculation as to whether the German launch of Apple Pay is linked to the release of iOS 12. If this is the case, we will be able to pay with our iPhone in a few weeks. The final version of iOS 12 is expected at the end of September.<\/p>\n<h4><a href=\"https:\/\/t.me\/apfelpatient_official\"><em><strong>Don&#039;t want to miss any more news? Then subscribe to our Telegram channel.<\/strong><\/em><\/a><\/h4>\n<h4 class=\"entry-title\"><a href=\"https:\/\/www.apfelpatient.de\/en\"><strong>Breaking News: This is NEW<\/strong><\/a><\/h4>","protected":false},"excerpt":{"rendered":"<p>Mit Apple Pay k\u00f6nnen iPhone und Apple Watch EC- oder Kreditkarten ersetzen. Das blo\u00dfe Hinhalten des Ger\u00e4tes an das Terminal l\u00f6st den Bezahlprozess aus. Apples Bezahldienst wurde im Oktober 2014 in den USA eingef\u00fchrt. Nun soll Apple Pay endlich nach Deutschland kommen. Das verk\u00fcndete Tim Cook bei der letzten Quartalszahlen-Ver\u00f6ffentlichung. Einen genauen Starttermin gab er [&hellip;]<\/p>\n","protected":false},"author":2,"featured_media":1402,"comment_status":"open","ping_status":"open","sticky":false,"template":"","format":"standard","meta":{"jnews-multi-image_gallery":[],"jnews_single_post":{"subtitle":"","format":"standard","video":"","gallery":"","source_name":"","source_url":"","via_name":"","via_url":"","override_template":"0","override":[{"template":"4","single_blog_custom":"","parallax":"1","fullscreen":"1","layout":"right-sidebar","sidebar":"default-sidebar","second_sidebar":"default-sidebar","sticky_sidebar":"1","share_position":"top","share_float_style":"share-monocrhome","show_share_counter":"0","show_view_counter":"0","show_featured":"1","show_post_meta":"1","show_post_author":"1","show_post_author_image":"1","show_post_date":"1","post_date_format":"default","post_date_format_custom":"Y\/m\/d","show_post_category":"1","show_post_reading_time":"0","post_reading_time_wpm":"300","show_zoom_button":"0","zoom_button_out_step":"2","zoom_button_in_step":"3","show_post_tag":"1","show_prev_next_post":"1","show_popup_post":"1","number_popup_post":"1","show_author_box":"0","show_post_related":"0","show_inline_post_related":"0"}],"override_image_size":"0","image_override":[{"single_post_thumbnail_size":"crop-500","single_post_gallery_size":"crop-500"}],"trending_post":"0","trending_post_position":"meta","trending_post_label":"Trending","sponsored_post":"0","sponsored_post_label":"Sponsored by","sponsored_post_name":"","sponsored_post_url":"","sponsored_post_logo_enable":"0","sponsored_post_logo":"","sponsored_post_desc":"","disable_ad":"0"},"jnews_primary_category":{"id":"","hide":""},"footnotes":""},"categories":[9],"tags":[34,35,3,30],"class_list":["post-1718","post","type-post","status-publish","format-standard","has-post-thumbnail","hentry","category-news","tag-apple-dienste","tag-apple-pay","tag-ios","tag-ios-12"],"yoast_head":"<!-- This site is optimized with the Yoast SEO Premium plugin v27.5 (Yoast SEO v27.5) - https:\/\/yoast.com\/product\/yoast-seo-premium-wordpress\/ -->\n<title>Apple Pay: Deutschlandstart im September? Apfelpatient<\/title>\n<meta name=\"description\" content=\"Apple Pay startet im September in Deutschland! Erfahren Sie, wie iPhone und Apple Watch EC- oder Kreditkarten ersetzen k\u00f6nnen. Alle Details zur Einf\u00fchrung von Apple Pay bei Apfelpatient\" \/>\n<meta name=\"robots\" content=\"index, follow, max-snippet:-1, max-image-preview:large, max-video-preview:-1\" \/>\n<link rel=\"canonical\" href=\"https:\/\/www.apfelpatient.de\/en\/news\/apple-pay-launch-in-germany-in-september\" \/>\n<meta property=\"og:locale\" content=\"en_US\" \/>\n<meta property=\"og:type\" content=\"article\" \/>\n<meta property=\"og:title\" content=\"Apple Pay: Deutschlandstart im September?\" \/>\n<meta property=\"og:description\" content=\"Apple Pay startet im September in Deutschland! Erfahren Sie, wie iPhone und Apple Watch EC- oder Kreditkarten ersetzen k\u00f6nnen. Alle Details zur Einf\u00fchrung von Apple Pay bei Apfelpatient\" \/>\n<meta property=\"og:url\" content=\"https:\/\/www.apfelpatient.de\/en\/news\/apple-pay-launch-in-germany-in-september\" \/>\n<meta property=\"og:site_name\" content=\"Apfelpatient\" \/>\n<meta property=\"article:publisher\" content=\"https:\/\/www.facebook.com\/apfelpatientOfficial\" \/>\n<meta property=\"article:author\" content=\"https:\/\/www.facebook.com\/apfelpatientOfficial\" \/>\n<meta property=\"article:published_time\" content=\"2018-08-26T11:51:53+00:00\" \/>\n<meta property=\"article:modified_time\" content=\"2025-02-06T06:06:26+00:00\" \/>\n<meta property=\"og:image\" content=\"https:\/\/www.apfelpatient.de\/wp-content\/uploads\/2018\/08\/applepay-dde54b95bb7235e2.jpeg\" \/>\n\t<meta property=\"og:image:width\" content=\"700\" \/>\n\t<meta property=\"og:image:height\" content=\"393\" \/>\n\t<meta property=\"og:image:type\" content=\"image\/jpeg\" \/>\n<meta name=\"author\" content=\"Milan\" \/>\n<meta name=\"twitter:card\" content=\"summary_large_image\" \/>\n<meta name=\"twitter:label1\" content=\"Written by\" \/>\n\t<meta name=\"twitter:data1\" content=\"Milan\" \/>\n\t<meta name=\"twitter:label2\" content=\"Est. reading time\" \/>\n\t<meta name=\"twitter:data2\" content=\"2 minutes\" \/>\n<script type=\"application\/ld+json\" class=\"yoast-schema-graph\">{\"@context\":\"https:\\\/\\\/schema.org\",\"@graph\":[{\"@type\":\"NewsArticle\",\"@id\":\"https:\\\/\\\/www.apfelpatient.de\\\/news\\\/apple-pay-deutschlandstart-im-september#article\",\"isPartOf\":{\"@id\":\"https:\\\/\\\/www.apfelpatient.de\\\/news\\\/apple-pay-deutschlandstart-im-september\"},\"author\":{\"@type\":\"Organization\",\"@id\":\"https:\\\/\\\/www.apfelpatient.de\\\/en\\\/#organization\",\"name\":\"Apfelpatient\",\"url\":\"https:\\\/\\\/www.apfelpatient.de\\\/en\\\/\"},\"headline\":\"Apple Pay: Deutschlandstart im September?\",\"datePublished\":\"2018-08-26T11:51:53+00:00\",\"dateModified\":\"2025-02-06T06:06:26+00:00\",\"mainEntityOfPage\":{\"@id\":\"https:\\\/\\\/www.apfelpatient.de\\\/news\\\/apple-pay-deutschlandstart-im-september\"},\"wordCount\":199,\"commentCount\":0,\"publisher\":{\"@type\":\"Organization\",\"@id\":\"https:\\\/\\\/www.apfelpatient.de\\\/en\\\/#organization\",\"name\":\"Apfelpatient\",\"url\":\"https:\\\/\\\/www.apfelpatient.de\\\/en\\\/\"},\"image\":{\"@id\":\"https:\\\/\\\/www.apfelpatient.de\\\/news\\\/apple-pay-deutschlandstart-im-september#primaryimage\"},\"thumbnailUrl\":\"https:\\\/\\\/www.apfelpatient.de\\\/wp-content\\\/uploads\\\/2018\\\/08\\\/applepay-dde54b95bb7235e2.jpeg\",\"keywords\":[\"Apple Dienste\",\"Apple Pay\",\"iOS\",\"iOS 12\"],\"articleSection\":\"News\",\"inLanguage\":\"en-US\",\"potentialAction\":[{\"@type\":\"CommentAction\",\"name\":\"Comment\",\"target\":[\"https:\\\/\\\/www.apfelpatient.de\\\/news\\\/apple-pay-deutschlandstart-im-september#respond\"]}],\"copyrightYear\":\"2018\",\"copyrightHolder\":{\"@id\":\"https:\\\/\\\/www.apfelpatient.de\\\/en\\\/#organization\"}},{\"@type\":\"WebPage\",\"@id\":\"https:\\\/\\\/www.apfelpatient.de\\\/news\\\/apple-pay-deutschlandstart-im-september\",\"url\":\"https:\\\/\\\/www.apfelpatient.de\\\/news\\\/apple-pay-deutschlandstart-im-september\",\"name\":\"Apple Pay: Deutschlandstart im September? Apfelpatient\",\"isPartOf\":{\"@id\":\"https:\\\/\\\/www.apfelpatient.de\\\/#website\"},\"primaryImageOfPage\":{\"@id\":\"https:\\\/\\\/www.apfelpatient.de\\\/news\\\/apple-pay-deutschlandstart-im-september#primaryimage\"},\"image\":{\"@id\":\"https:\\\/\\\/www.apfelpatient.de\\\/news\\\/apple-pay-deutschlandstart-im-september#primaryimage\"},\"thumbnailUrl\":\"https:\\\/\\\/www.apfelpatient.de\\\/wp-content\\\/uploads\\\/2018\\\/08\\\/applepay-dde54b95bb7235e2.jpeg\",\"datePublished\":\"2018-08-26T11:51:53+00:00\",\"dateModified\":\"2025-02-06T06:06:26+00:00\",\"description\":\"Apple Pay startet im September in Deutschland! Erfahren Sie, wie iPhone und Apple Watch EC- oder Kreditkarten ersetzen k\u00f6nnen. Alle Details zur Einf\u00fchrung von Apple Pay bei Apfelpatient\",\"breadcrumb\":{\"@id\":\"https:\\\/\\\/www.apfelpatient.de\\\/news\\\/apple-pay-deutschlandstart-im-september#breadcrumb\"},\"inLanguage\":\"en-US\",\"potentialAction\":[{\"@type\":\"ReadAction\",\"target\":[\"https:\\\/\\\/www.apfelpatient.de\\\/news\\\/apple-pay-deutschlandstart-im-september\"]}]},{\"@type\":\"ImageObject\",\"inLanguage\":\"en-US\",\"@id\":\"https:\\\/\\\/www.apfelpatient.de\\\/news\\\/apple-pay-deutschlandstart-im-september#primaryimage\",\"url\":\"https:\\\/\\\/www.apfelpatient.de\\\/wp-content\\\/uploads\\\/2018\\\/08\\\/applepay-dde54b95bb7235e2.jpeg\",\"contentUrl\":\"https:\\\/\\\/www.apfelpatient.de\\\/wp-content\\\/uploads\\\/2018\\\/08\\\/applepay-dde54b95bb7235e2.jpeg\",\"width\":700,\"height\":393,\"caption\":\"Bild: Apple\"},{\"@type\":\"BreadcrumbList\",\"@id\":\"https:\\\/\\\/www.apfelpatient.de\\\/news\\\/apple-pay-deutschlandstart-im-september#breadcrumb\",\"itemListElement\":[{\"@type\":\"ListItem\",\"position\":1,\"name\":\"Startseite\",\"item\":\"https:\\\/\\\/www.apfelpatient.de\\\/\"},{\"@type\":\"ListItem\",\"position\":2,\"name\":\"Apple Pay: Deutschlandstart im September?\"}]},{\"@type\":\"WebSite\",\"@id\":\"https:\\\/\\\/www.apfelpatient.de\\\/#website\",\"url\":\"https:\\\/\\\/www.apfelpatient.de\\\/\",\"name\":\"Apfelpatient\",\"description\":\"Alles rund um Apple!\",\"publisher\":{\"@type\":\"Organization\",\"@id\":\"https:\\\/\\\/www.apfelpatient.de\\\/en\\\/#organization\",\"name\":\"Apfelpatient\",\"url\":\"https:\\\/\\\/www.apfelpatient.de\\\/en\\\/\"},\"alternateName\":\"Apfelpatient\",\"potentialAction\":[{\"@type\":\"SearchAction\",\"target\":{\"@type\":\"EntryPoint\",\"urlTemplate\":\"https:\\\/\\\/www.apfelpatient.de\\\/?s={search_term_string}\"},\"query-input\":{\"@type\":\"PropertyValueSpecification\",\"valueRequired\":true,\"valueName\":\"search_term_string\"}}],\"inLanguage\":\"en-US\"},{\"@type\":[\"Person\",\"Organization\"],\"@id\":\"https:\\\/\\\/www.apfelpatient.de\\\/#\\\/schema\\\/person\\\/7dc56ad6c8e9824b76d2c08d4c140e13\",\"name\":\"Milan\",\"logo\":{\"@id\":\"https:\\\/\\\/www.apfelpatient.de\\\/#\\\/schema\\\/person\\\/image\\\/\"},\"description\":\"Hallo und herzlich willkommen auf meinem Technik-Blog! Als gro\u00dfer Apple-Fan berichte ich hier \u00fcber alles, was mit Apple zu tun hat: von den neuesten News und spannenden Ger\u00fcchten \u00fcber hilfreiche Tipps und Tricks bis hin zu ausf\u00fchrlichen Produkttests. Wenn du genauso technikbegeistert bist wie ich, bist du hier genau richtig!\",\"sameAs\":[\"https:\\\/\\\/www.facebook.com\\\/apfelpatientOfficial\",\"https:\\\/\\\/www.linkedin.com\\\/in\\\/milan-jovicic-42aa0231b\"],\"url\":\"https:\\\/\\\/www.apfelpatient.de\\\/en\\\/author\\\/apfeladmin\"}]}<\/script>\n<!-- \/ Yoast SEO Premium plugin. -->","yoast_head_json":{"title":"Apple Pay: Germany launch in September? Apfelpatient","description":"Apple Pay launches in Germany in September! Find out how iPhone and Apple Watch can replace debit or credit cards. All details about the launch of Apple Pay at Apfelpatient","robots":{"index":"index","follow":"follow","max-snippet":"max-snippet:-1","max-image-preview":"max-image-preview:large","max-video-preview":"max-video-preview:-1"},"canonical":"https:\/\/www.apfelpatient.de\/en\/news\/apple-pay-launch-in-germany-in-september","og_locale":"en_US","og_type":"article","og_title":"Apple Pay: Deutschlandstart im September?","og_description":"Apple Pay startet im September in Deutschland! Erfahren Sie, wie iPhone und Apple Watch EC- oder Kreditkarten ersetzen k\u00f6nnen. Alle Details zur Einf\u00fchrung von Apple Pay bei Apfelpatient","og_url":"https:\/\/www.apfelpatient.de\/en\/news\/apple-pay-launch-in-germany-in-september","og_site_name":"Apfelpatient","article_publisher":"https:\/\/www.facebook.com\/apfelpatientOfficial","article_author":"https:\/\/www.facebook.com\/apfelpatientOfficial","article_published_time":"2018-08-26T11:51:53+00:00","article_modified_time":"2025-02-06T06:06:26+00:00","og_image":[{"width":700,"height":393,"url":"https:\/\/www.apfelpatient.de\/wp-content\/uploads\/2018\/08\/applepay-dde54b95bb7235e2.jpeg","type":"image\/jpeg"}],"author":"Milan","twitter_card":"summary_large_image","twitter_misc":{"Written by":"Milan","Est. reading time":"2 minutes"},"schema":{"@context":"https:\/\/schema.org","@graph":[{"@type":"NewsArticle","@id":"https:\/\/www.apfelpatient.de\/news\/apple-pay-deutschlandstart-im-september#article","isPartOf":{"@id":"https:\/\/www.apfelpatient.de\/news\/apple-pay-deutschlandstart-im-september"},"author":{"@type":"Organization","@id":"https:\/\/www.apfelpatient.de\/en\/#organization","name":"Apfelpatient","url":"https:\/\/www.apfelpatient.de\/en\/"},"headline":"Apple Pay: Deutschlandstart im September?","datePublished":"2018-08-26T11:51:53+00:00","dateModified":"2025-02-06T06:06:26+00:00","mainEntityOfPage":{"@id":"https:\/\/www.apfelpatient.de\/news\/apple-pay-deutschlandstart-im-september"},"wordCount":199,"commentCount":0,"publisher":{"@type":"Organization","@id":"https:\/\/www.apfelpatient.de\/en\/#organization","name":"Apfelpatient","url":"https:\/\/www.apfelpatient.de\/en\/"},"image":{"@id":"https:\/\/www.apfelpatient.de\/news\/apple-pay-deutschlandstart-im-september#primaryimage"},"thumbnailUrl":"https:\/\/www.apfelpatient.de\/wp-content\/uploads\/2018\/08\/applepay-dde54b95bb7235e2.jpeg","keywords":["Apple Dienste","Apple Pay","iOS","iOS 12"],"articleSection":"News","inLanguage":"en-US","potentialAction":[{"@type":"CommentAction","name":"Comment","target":["https:\/\/www.apfelpatient.de\/news\/apple-pay-deutschlandstart-im-september#respond"]}],"copyrightYear":"2018","copyrightHolder":{"@id":"https:\/\/www.apfelpatient.de\/en\/#organization"}},{"@type":"WebPage","@id":"https:\/\/www.apfelpatient.de\/news\/apple-pay-deutschlandstart-im-september","url":"https:\/\/www.apfelpatient.de\/news\/apple-pay-deutschlandstart-im-september","name":"Apple Pay: Germany launch in September? Apfelpatient","isPartOf":{"@id":"https:\/\/www.apfelpatient.de\/#website"},"primaryImageOfPage":{"@id":"https:\/\/www.apfelpatient.de\/news\/apple-pay-deutschlandstart-im-september#primaryimage"},"image":{"@id":"https:\/\/www.apfelpatient.de\/news\/apple-pay-deutschlandstart-im-september#primaryimage"},"thumbnailUrl":"https:\/\/www.apfelpatient.de\/wp-content\/uploads\/2018\/08\/applepay-dde54b95bb7235e2.jpeg","datePublished":"2018-08-26T11:51:53+00:00","dateModified":"2025-02-06T06:06:26+00:00","description":"Apple Pay launches in Germany in September! Find out how iPhone and Apple Watch can replace debit or credit cards. All details about the launch of Apple Pay at Apfelpatient","breadcrumb":{"@id":"https:\/\/www.apfelpatient.de\/news\/apple-pay-deutschlandstart-im-september#breadcrumb"},"inLanguage":"en-US","potentialAction":[{"@type":"ReadAction","target":["https:\/\/www.apfelpatient.de\/news\/apple-pay-deutschlandstart-im-september"]}]},{"@type":"ImageObject","inLanguage":"en-US","@id":"https:\/\/www.apfelpatient.de\/news\/apple-pay-deutschlandstart-im-september#primaryimage","url":"https:\/\/www.apfelpatient.de\/wp-content\/uploads\/2018\/08\/applepay-dde54b95bb7235e2.jpeg","contentUrl":"https:\/\/www.apfelpatient.de\/wp-content\/uploads\/2018\/08\/applepay-dde54b95bb7235e2.jpeg","width":700,"height":393,"caption":"Bild: Apple"},{"@type":"BreadcrumbList","@id":"https:\/\/www.apfelpatient.de\/news\/apple-pay-deutschlandstart-im-september#breadcrumb","itemListElement":[{"@type":"ListItem","position":1,"name":"Startseite","item":"https:\/\/www.apfelpatient.de\/"},{"@type":"ListItem","position":2,"name":"Apple Pay: Deutschlandstart im September?"}]},{"@type":"WebSite","@id":"https:\/\/www.apfelpatient.de\/#website","url":"https:\/\/www.apfelpatient.de\/","name":"apple patient","description":"Everything about Apple!","publisher":{"@type":"Organization","@id":"https:\/\/www.apfelpatient.de\/en\/#organization","name":"Apfelpatient","url":"https:\/\/www.apfelpatient.de\/en\/"},"alternateName":"Apfelpatient","potentialAction":[{"@type":"SearchAction","target":{"@type":"EntryPoint","urlTemplate":"https:\/\/www.apfelpatient.de\/?s={search_term_string}"},"query-input":{"@type":"PropertyValueSpecification","valueRequired":true,"valueName":"search_term_string"}}],"inLanguage":"en-US"},{"@type":["Person","Organization"],"@id":"https:\/\/www.apfelpatient.de\/#\/schema\/person\/7dc56ad6c8e9824b76d2c08d4c140e13","name":"Milan","logo":{"@id":"https:\/\/www.apfelpatient.de\/#\/schema\/person\/image\/"},"description":"Hello and welcome to my technology blog! As a big Apple fan, I report on everything to do with Apple: from the latest news and exciting rumors to helpful tips and tricks and detailed product tests. If you are as enthusiastic about technology as I am, you have come to the right place!","sameAs":["https:\/\/www.facebook.com\/apfelpatientOfficial","https:\/\/www.linkedin.com\/in\/milan-jovicic-42aa0231b"],"url":"https:\/\/www.apfelpatient.de\/en\/author\/apfeladmin"}]}},"_links":{"self":[{"href":"https:\/\/www.apfelpatient.de\/en\/wp-json\/wp\/v2\/posts\/1718","targetHints":{"allow":["GET"]}}],"collection":[{"href":"https:\/\/www.apfelpatient.de\/en\/wp-json\/wp\/v2\/posts"}],"about":[{"href":"https:\/\/www.apfelpatient.de\/en\/wp-json\/wp\/v2\/types\/post"}],"author":[{"embeddable":true,"href":"https:\/\/www.apfelpatient.de\/en\/wp-json\/wp\/v2\/users\/2"}],"replies":[{"embeddable":true,"href":"https:\/\/www.apfelpatient.de\/en\/wp-json\/wp\/v2\/comments?post=1718"}],"version-history":[{"count":0,"href":"https:\/\/www.apfelpatient.de\/en\/wp-json\/wp\/v2\/posts\/1718\/revisions"}],"wp:featuredmedia":[{"embeddable":true,"href":"https:\/\/www.apfelpatient.de\/en\/wp-json\/wp\/v2\/media\/1402"}],"wp:attachment":[{"href":"https:\/\/www.apfelpatient.de\/en\/wp-json\/wp\/v2\/media?parent=1718"}],"wp:term":[{"taxonomy":"category","embeddable":true,"href":"https:\/\/www.apfelpatient.de\/en\/wp-json\/wp\/v2\/categories?post=1718"},{"taxonomy":"post_tag","embeddable":true,"href":"https:\/\/www.apfelpatient.de\/en\/wp-json\/wp\/v2\/tags?post=1718"}],"curies":[{"name":"wp","href":"https:\/\/api.w.org\/{rel}","templated":true}]}}