{"id":17030,"date":"2020-11-10T21:12:08","date_gmt":"2020-11-10T20:12:08","guid":{"rendered":"https:\/\/www.apfelpatient.de\/?p=17030"},"modified":"2021-03-17T12:10:21","modified_gmt":"2021-03-17T11:10:21","slug":"one-more-thing-event-apple-introduces-three-new-mac-devices","status":"publish","type":"post","link":"https:\/\/www.apfelpatient.de\/en\/news\/one-more-thing-event-apple-stellt-drei-neue-mac-geraete-vor","title":{"rendered":"&quot;One more thing&quot; event: Apple introduces three new Mac devices"},"content":{"rendered":"<p class=\"has-drop-cap\"><strong>Apple unveiled three brand new Mac devices at its \u201cOne more thing\u201d event, including a MacBook Air, MacBook Pro 13\u2033 and Mac mini.&nbsp;<\/strong><\/p>\n\n\n\n<p>Apple has, as expected, introduced three new Mac devices. They all have one thing in common - at the heart of it is the brand new Apple M1 chip. The M1 is by far the most powerful chip Apple has ever made - it transforms the Mac experience. With its industry-leading performance per watt, the M1 together with macOS Big Sur offers up to 3.5x faster CPU, up to 6x faster GPU, up to 15x faster ML (machine learning) features and up to 2x longer battery life than before. With M1 and Big Sur, users also get access to the largest collection of applications ever for Mac.&nbsp;<\/p>\n\n\n\n<h3 class=\"wp-block-heading\" id=\"h-apple-m1-berw-ltigende-leistung-au-ergew-hnliche-akkulaufzeit\">Apple M1: \u201coverwhelming performance, exceptional battery life\u201d<\/h3>\n\n\n\n<p>With amazing performance and remarkable new features, the new line of M1 Macs offers incredible value for money. <a href=\"https:\/\/www.apple.com\/newsroom\/2020\/11\/introducing-the-next-generation-of-mac\/\" target=\"_blank\" rel=\"noreferrer noopener\">explained<\/a> Apple boss Tim Cook:<\/p>\n\n\n\n<blockquote class=\"wp-block-quote is-layout-flow wp-block-quote-is-layout-flow\"><p>The launch of three new Macs featuring Apple&#039;s groundbreaking M1 chip represents a bold shift that&#039;s been years in the making and marks a truly historic day for the Mac and for Apple. M1 is by far the most powerful chip we&#039;ve ever designed, and combined with Big Sur, it delivers mind-blowing performance, exceptional battery life, and access to more software and applications than ever before. We can&#039;t wait for our customers to experience this new generation of Macs, and we have no doubt it will help them continue to change the world.<\/p><\/blockquote>\n\n\n\n<figure class=\"wp-block-image size-large\"><img decoding=\"async\" width=\"1024\" height=\"690\" src=\"https:\/\/www.apfelpatient.de\/wp-content\/uploads\/2020\/11\/Apple_new-m1-chip_11102020-1024x690.jpg\" alt=\"Apple M1\" class=\"wp-image-17003\" srcset=\"https:\/\/www.apfelpatient.de\/wp-content\/uploads\/2020\/11\/Apple_new-m1-chip_11102020-1024x690.jpg 1024w, https:\/\/www.apfelpatient.de\/wp-content\/uploads\/2020\/11\/Apple_new-m1-chip_11102020-300x202.jpg 300w, https:\/\/www.apfelpatient.de\/wp-content\/uploads\/2020\/11\/Apple_new-m1-chip_11102020-768x517.jpg 768w, https:\/\/www.apfelpatient.de\/wp-content\/uploads\/2020\/11\/Apple_new-m1-chip_11102020-1536x1034.jpg 1536w, https:\/\/www.apfelpatient.de\/wp-content\/uploads\/2020\/11\/Apple_new-m1-chip_11102020-750x505.jpg 750w, https:\/\/www.apfelpatient.de\/wp-content\/uploads\/2020\/11\/Apple_new-m1-chip_11102020-1140x768.jpg 1140w, https:\/\/www.apfelpatient.de\/wp-content\/uploads\/2020\/11\/Apple_new-m1-chip_11102020.jpg 1960w\" sizes=\"(max-width: 1024px) 100vw, 1024px\" \/><figcaption>Image: Apple<\/figcaption><\/figure>\n\n\n\n<h3 class=\"wp-block-heading\" id=\"h-one-more-thing-das-neue-macbook-air\">\u201cOne more thing\u201d: The new MacBook Air<\/h3>\n\n\n\n<p>According to Apple, the MacBook Air is the most popular Mac. This is why the small notebook was introduced first. With the M1 chip, the MacBook Air accelerates everything the user does. Whether it&#039;s image editing or uploading videos. The powerful 8-core CPU is up to 3.5x faster than the previous generation. With up to an 8-core graphics processor, the graphics are up to 5x faster, the biggest leap the MacBook Air has ever made. The device can be purchased in three colors, including silver, gold or space gray. The price of the MacBook Air starts at 1,100.50 euros - depending on the equipment, it can cost up to 2,260.50 euros. The M1 is available with seven or optionally eight cores. The RAM can be 8 or 16 GB and the SSD storage space is available in 256 GB, 512 GB, 1 TB or 2 TB. Apple has provided a comparison for a better understanding:<\/p>\n\n\n\n<figure class=\"wp-block-image size-large\"><img decoding=\"async\" width=\"1024\" height=\"900\" src=\"https:\/\/www.apfelpatient.de\/wp-content\/uploads\/2020\/11\/Apple_new-macbookair-wallpaper-screen_11102020-1024x900.jpg\" alt=\"Mac\" class=\"wp-image-17018\" srcset=\"https:\/\/www.apfelpatient.de\/wp-content\/uploads\/2020\/11\/Apple_new-macbookair-wallpaper-screen_11102020-1024x900.jpg 1024w, https:\/\/www.apfelpatient.de\/wp-content\/uploads\/2020\/11\/Apple_new-macbookair-wallpaper-screen_11102020-300x264.jpg 300w, https:\/\/www.apfelpatient.de\/wp-content\/uploads\/2020\/11\/Apple_new-macbookair-wallpaper-screen_11102020-768x675.jpg 768w, https:\/\/www.apfelpatient.de\/wp-content\/uploads\/2020\/11\/Apple_new-macbookair-wallpaper-screen_11102020-1536x1349.jpg 1536w, https:\/\/www.apfelpatient.de\/wp-content\/uploads\/2020\/11\/Apple_new-macbookair-wallpaper-screen_11102020-750x659.jpg 750w, https:\/\/www.apfelpatient.de\/wp-content\/uploads\/2020\/11\/Apple_new-macbookair-wallpaper-screen_11102020-1140x1002.jpg 1140w, https:\/\/www.apfelpatient.de\/wp-content\/uploads\/2020\/11\/Apple_new-macbookair-wallpaper-screen_11102020.jpg 1960w\" sizes=\"(max-width: 1024px) 100vw, 1024px\" \/><figcaption>Image: Apple<\/figcaption><\/figure>\n\n\n\n<p id=\"h-im-vergleich-zur-vorg-ngergeneration-kann-das-macbook-air-mit-dem-m1\"><strong><em>Compared to the previous generation, the MacBook Air with the M1 can:<\/em><\/strong><\/p>\n\n\n\n<ul class=\"wp-block-list\"><li>Export a project for the web up to 3x faster with iMovie.&nbsp;<\/li><li>Integrate 3D effects into videos in Final Cut Pro up to 5x faster.&nbsp;<\/li><li>For the first time, Final Cut Pro lets you play and edit multiple streams of full-quality 4K ProRes video without dropping a frame.<\/li><li>Export photos from Lightroom twice as fast.<\/li><li>Use ML-based features like Smart Conform in Final Cut Pro to intelligently frame a clip up to 4.3x faster.<\/li><li>Watch more movies and TV shows with up to 18 hours of battery life, the longest ever on a MacBook Air.<\/li><li>Extend FaceTime and other video calls up to twice as long on a single battery charge.<\/li><\/ul>\n\n\n\n<h3 class=\"wp-block-heading\" id=\"h-one-more-thing-das-neue-macbook-pro-13\">\u201cOne more thing\u201d: The new MacBook Pro 13\u2033<\/h3>\n\n\n\n\n\n\n\n<p>In addition to the Air model, the 13&quot; MacBook Pro has also been updated. With the M1 chip and Big Sur, the 13&quot; MacBook Pro is even more powerful and even more professional. The 8-core CPU, combined with the MacBook Pro&#039;s active cooling system, is up to 2.8x faster than the previous generation and delivers game-changing performance when compiling code, transcoding video, editing high-resolution photos, and more. The 8-core graphics processor is up to 5x faster, so users can enjoy super-smooth graphics performance whether they&#039;re designing a graphics-intensive game or a new product. The device starts at 1,412.45 euros. Depending on the features, it can cost up to 2,533.45 euros. Apple has also provided a comparison for this model.<\/p>\n\n\n\n<figure class=\"wp-block-image size-large\"><img decoding=\"async\" width=\"1024\" height=\"577\" src=\"https:\/\/www.apfelpatient.de\/wp-content\/uploads\/2020\/11\/Apple_new-macbookpro-wallpaper-screen_11102020-1024x577.jpg\" alt=\"Mac\" class=\"wp-image-17024\" srcset=\"https:\/\/www.apfelpatient.de\/wp-content\/uploads\/2020\/11\/Apple_new-macbookpro-wallpaper-screen_11102020-1024x577.jpg 1024w, https:\/\/www.apfelpatient.de\/wp-content\/uploads\/2020\/11\/Apple_new-macbookpro-wallpaper-screen_11102020-300x169.jpg 300w, https:\/\/www.apfelpatient.de\/wp-content\/uploads\/2020\/11\/Apple_new-macbookpro-wallpaper-screen_11102020-768x433.jpg 768w, https:\/\/www.apfelpatient.de\/wp-content\/uploads\/2020\/11\/Apple_new-macbookpro-wallpaper-screen_11102020-1536x866.jpg 1536w, https:\/\/www.apfelpatient.de\/wp-content\/uploads\/2020\/11\/Apple_new-macbookpro-wallpaper-screen_11102020-750x423.jpg 750w, https:\/\/www.apfelpatient.de\/wp-content\/uploads\/2020\/11\/Apple_new-macbookpro-wallpaper-screen_11102020-1140x642.jpg 1140w, https:\/\/www.apfelpatient.de\/wp-content\/uploads\/2020\/11\/Apple_new-macbookpro-wallpaper-screen_11102020.jpg 1984w\" sizes=\"(max-width: 1024px) 100vw, 1024px\" \/><figcaption>Image: Apple<\/figcaption><\/figure>\n\n\n\n<p><strong><em>Compared to the previous generation, the 13-inch MacBook Pro with M1 can:<\/em><\/strong><\/p>\n\n\n\n<ul class=\"wp-block-list\"><li>Create code in Xcode up to 2.8x faster.<\/li><li>Render a complex 3D title in Final Cut Pro up to 5.9x faster.&nbsp;<\/li><li>Smoothly design complex game scenes in Unity Editor up to 3.5x faster.&nbsp;<\/li><li>Run ML tasks up to 11x faster in Create ML.<\/li><li>Separating beats, instrumental and vocal tracks from a recording in real time in djay Pro AI, thanks to the amazing power of the Neural Engine.&nbsp;<\/li><li>Play back full-quality 8K ProRes video in DaVinci Resolve without dropping a single frame.&nbsp;<\/li><li>Compile four times as much code on a single charge thanks to the game-changing performance per watt of the M1 chip.<\/li><\/ul>\n\n\n\n<h3 class=\"wp-block-heading\" id=\"h-one-more-thing-der-neue-mac-mini\">\u201cOne more thing\u201d: The new Mac mini<\/h3>\n\n\n\n<p>In addition to the MacBook Air and Pro models, a new Mac mini with M1 processor was also introduced. Apple advertises the device as follows:<\/p>\n\n\n\n<blockquote class=\"wp-block-quote is-layout-flow wp-block-quote-is-layout-flow\"><p>Mac mini is Apple&#039;s most versatile computer - now with M1, it delivers amazing performance and incredible new features in such a compact design.<\/p><\/blockquote>\n\n\n\n<p>The device is available for purchase starting at 778.85 euros. Depending on the features, the new Mac mini can cost up to 1,899.85 euros. Apple has also provided a comparison for this model.<\/p>\n\n\n\n<figure class=\"wp-block-image size-large\"><img decoding=\"async\" width=\"1024\" height=\"678\" src=\"https:\/\/www.apfelpatient.de\/wp-content\/uploads\/2020\/11\/Apple_new-mac-mini-lg-display-gaming-screen_11102020-1024x678.jpg\" alt=\"Mac\" class=\"wp-image-17008\" srcset=\"https:\/\/www.apfelpatient.de\/wp-content\/uploads\/2020\/11\/Apple_new-mac-mini-lg-display-gaming-screen_11102020-1024x678.jpg 1024w, https:\/\/www.apfelpatient.de\/wp-content\/uploads\/2020\/11\/Apple_new-mac-mini-lg-display-gaming-screen_11102020-300x199.jpg 300w, https:\/\/www.apfelpatient.de\/wp-content\/uploads\/2020\/11\/Apple_new-mac-mini-lg-display-gaming-screen_11102020-768x509.jpg 768w, https:\/\/www.apfelpatient.de\/wp-content\/uploads\/2020\/11\/Apple_new-mac-mini-lg-display-gaming-screen_11102020-1536x1017.jpg 1536w, https:\/\/www.apfelpatient.de\/wp-content\/uploads\/2020\/11\/Apple_new-mac-mini-lg-display-gaming-screen_11102020-750x497.jpg 750w, https:\/\/www.apfelpatient.de\/wp-content\/uploads\/2020\/11\/Apple_new-mac-mini-lg-display-gaming-screen_11102020-1140x755.jpg 1140w, https:\/\/www.apfelpatient.de\/wp-content\/uploads\/2020\/11\/Apple_new-mac-mini-lg-display-gaming-screen_11102020.jpg 1960w\" sizes=\"(max-width: 1024px) 100vw, 1024px\" \/><figcaption>Image: Apple<\/figcaption><\/figure>\n\n\n\n<p><strong><em>Compared to the previous generation, the M1-powered Mac mini can:<\/em><\/strong><\/p>\n\n\n\n<ul class=\"wp-block-list\"><li>Compile code in Xcode up to 3x faster.&nbsp;<\/li><li>Play a graphics-intensive game like Shadow of the Tomb Raider at up to 4x higher frame rates.&nbsp;<\/li><li>Render a complex timeline in Final Cut Pro up to 6x faster.&nbsp;<\/li><li>Take music production to the next level by using up to 3x as many real-time plug-ins in Logic Pro.<\/li><li>Magically increase the resolution of a photo up to 15x faster in Pixelmator Pro.&nbsp;<\/li><li>Use ML frameworks like TensorFlow or Create ML, which are now accelerated by the M1 chip.<\/li><\/ul>\n\n\n\n<p>All three Mac devices can now be pre-ordered from Apple&#039;s online shop. Delivery of the new products will begin next week, on November 17th.&nbsp;<em><a href=\"https:\/\/www.amazon.de\/shop\/apfelpatientofficial?listId=2SH1KEP4J41TE&amp;ref=cm_sw_em_r_inf_list_own_apfelpatientofficial_dp_ZrWfgRbpxgBlW\">AirPods Pro on special offer at Amazon \u2013 available now<\/a>.&nbsp;<em>(Image: Apple)<\/em><\/em><\/p>\n\n\n\n<ul class=\"wp-block-list\"><li><a href=\"https:\/\/www.apfelpatient.de\/en\/news\/one-more-thing-event-the-new-apple-m1-chip\">\u201cOne more thing\u201d event: The new Apple M1 chip<\/a><\/li><\/ul>\n\n\n\n<h6 class=\"wp-block-heading translation-block\" id=\"h-kennt-ihr-schon-unsere-amazon-storefront-dort-findet-ihr-eine-handverlesene-auswahl-von-diversen-produkten-f-r-euer-iphone-und-co-viel-spa-beim-st-bern\"><em>Have you already visited our Amazon Storefront? There you&#039;ll find a hand-picked selection of various products for your iPhone and other devices \u2013 <span class=\"has-inline-color has-vivid-red-color\"><a href=\"https:\/\/www.amazon.de\/shop\/apfelpatientofficial\" class=\"ek-link\" data-wpel-link=\"exclude\" rel=\"follow noopener\" target=\"_self\"><span style=\"text-decoration: underline\" class=\"ek-underline\">enjoy browsing<\/span><\/a> !<\/span><\/em><\/h6>\n\n\n\n\n\n<h6 class=\"wp-block-heading translation-block\" id=\"h-der-beitrag-enthalt-partnerlinks\">This post contains <a data-type=\"URL\" data-id=\"https:\/\/www.apfelpatient.de\/partnerprogramm\" href=\"https:\/\/www.apfelpatient.de\/en\/partner-program\" data-wpel-link=\"internal\" target=\"_self\">affiliate links<\/a>.<\/h6>","protected":false},"excerpt":{"rendered":"<p>Apple unveiled three brand new Mac devices at the \u201cOne more thing\u201d event, including a MacBook Air + Pro 13\u2033 &amp; Mac mini. <\/p>","protected":false},"author":2,"featured_media":17026,"comment_status":"closed","ping_status":"closed","sticky":false,"template":"","format":"standard","meta":{"jnews-multi-image_gallery":[],"jnews_single_post":{"subtitle":"","format":"standard","video":"","gallery":"","source_name":"","source_url":"","via_name":"","via_url":"","override":[{"single_blog_custom":"","sidebar":"","second_sidebar":"","share_position":"","share_float_style":"","post_date_format":"","post_date_format_custom":"","post_reading_time_wpm":"","zoom_button_out_step":"1","zoom_button_in_step":"1","number_popup_post":"1"}],"image_override":[{"single_post_thumbnail_size":"","single_post_gallery_size":""}],"trending_post_position":"","trending_post_label":"","sponsored_post_label":"","sponsored_post_name":"","sponsored_post_url":"","sponsored_post_logo":"","sponsored_post_desc":""},"jnews_primary_category":{"id":"9"},"footnotes":""},"categories":[9],"tags":[86,420,40,73,49,41,50],"class_list":["post-17030","post","type-post","status-publish","format-standard","has-post-thumbnail","hentry","category-news","tag-apple-event","tag-apple-silicon","tag-mac","tag-mac-mini","tag-macbook","tag-macbook-air","tag-macbook-pro"],"yoast_head":"<!-- This site is optimized with the Yoast SEO Premium plugin v27.5 (Yoast SEO v27.5) - https:\/\/yoast.com\/product\/yoast-seo-premium-wordpress\/ -->\n<title>&quot;One more thing&quot;-Event: Apple stellt drei neue Mac-Ger\u00e4te vor<\/title>\n<meta name=\"description\" content=\"Apple hat im Rahmen der &quot;One more thing&quot;-Veranstaltung drei brandneue Mac-Ger\u00e4te vorgestellt, darunter ein MacBook Air + Pro 13&quot; &amp; Mac mini.\" \/>\n<meta name=\"robots\" content=\"index, follow, max-snippet:-1, max-image-preview:large, max-video-preview:-1\" \/>\n<link rel=\"canonical\" href=\"https:\/\/www.apfelpatient.de\/en\/news\/one-more-thing-event-apple-introduces-three-new-mac-devices\" \/>\n<meta property=\"og:locale\" content=\"en_US\" \/>\n<meta property=\"og:type\" content=\"article\" \/>\n<meta property=\"og:title\" content=\"&quot;One more thing&quot;-Event: Apple stellt drei neue Mac-Ger\u00e4te vor\" \/>\n<meta property=\"og:description\" content=\"Apple hat im Rahmen der &quot;One more thing&quot;-Veranstaltung drei brandneue Mac-Ger\u00e4te vorgestellt, darunter ein MacBook Air + Pro 13&quot; &amp; Mac mini.\" \/>\n<meta property=\"og:url\" content=\"https:\/\/www.apfelpatient.de\/en\/news\/one-more-thing-event-apple-introduces-three-new-mac-devices\" \/>\n<meta property=\"og:site_name\" content=\"Apfelpatient\" \/>\n<meta property=\"article:publisher\" content=\"https:\/\/www.facebook.com\/apfelpatientOfficial\" \/>\n<meta property=\"article:author\" content=\"https:\/\/www.facebook.com\/apfelpatientOfficial\" \/>\n<meta property=\"article:published_time\" content=\"2020-11-10T20:12:08+00:00\" \/>\n<meta property=\"article:modified_time\" content=\"2021-03-17T11:10:21+00:00\" \/>\n<meta property=\"og:image\" content=\"https:\/\/www.apfelpatient.de\/wp-content\/uploads\/2020\/11\/Apple_next-generation-mac-macbookair-macbookpro-mac-mini_11102020-scaled.jpg\" \/>\n\t<meta property=\"og:image:width\" content=\"2560\" \/>\n\t<meta property=\"og:image:height\" content=\"1440\" \/>\n\t<meta property=\"og:image:type\" content=\"image\/jpeg\" \/>\n<meta name=\"author\" content=\"Milan\" \/>\n<meta name=\"twitter:card\" content=\"summary_large_image\" \/>\n<meta name=\"twitter:description\" content=\"Apple hat im Rahmen der &quot;One more thing&quot;-Veranstaltung drei brandneue Mac-Ger\u00e4te vorgestellt, darunter ein MacBook Air + Pro 13&quot; &amp; Mac mini.\" \/>\n<meta name=\"twitter:label1\" content=\"Written by\" \/>\n\t<meta name=\"twitter:data1\" content=\"Milan\" \/>\n\t<meta name=\"twitter:label2\" content=\"Est. reading time\" \/>\n\t<meta name=\"twitter:data2\" content=\"6 minutes\" \/>\n<script type=\"application\/ld+json\" class=\"yoast-schema-graph\">{\"@context\":\"https:\\\/\\\/schema.org\",\"@graph\":[{\"@type\":\"NewsArticle\",\"@id\":\"https:\\\/\\\/www.apfelpatient.de\\\/news\\\/one-more-thing-event-apple-stellt-drei-neue-mac-geraete-vor#article\",\"isPartOf\":{\"@id\":\"https:\\\/\\\/www.apfelpatient.de\\\/news\\\/one-more-thing-event-apple-stellt-drei-neue-mac-geraete-vor\"},\"author\":{\"@type\":\"Organization\",\"@id\":\"https:\\\/\\\/www.apfelpatient.de\\\/en\\\/#organization\",\"name\":\"Apfelpatient\",\"url\":\"https:\\\/\\\/www.apfelpatient.de\\\/en\\\/\"},\"headline\":\"&#8222;One more thing&#8220;-Event: Apple stellt drei neue Mac-Ger\u00e4te vor\",\"datePublished\":\"2020-11-10T20:12:08+00:00\",\"dateModified\":\"2021-03-17T11:10:21+00:00\",\"mainEntityOfPage\":{\"@id\":\"https:\\\/\\\/www.apfelpatient.de\\\/news\\\/one-more-thing-event-apple-stellt-drei-neue-mac-geraete-vor\"},\"wordCount\":1099,\"publisher\":{\"@type\":\"Organization\",\"@id\":\"https:\\\/\\\/www.apfelpatient.de\\\/en\\\/#organization\",\"name\":\"Apfelpatient\",\"url\":\"https:\\\/\\\/www.apfelpatient.de\\\/en\\\/\"},\"image\":{\"@id\":\"https:\\\/\\\/www.apfelpatient.de\\\/news\\\/one-more-thing-event-apple-stellt-drei-neue-mac-geraete-vor#primaryimage\"},\"thumbnailUrl\":\"https:\\\/\\\/www.apfelpatient.de\\\/wp-content\\\/uploads\\\/2020\\\/11\\\/Apple_next-generation-mac-macbookair-macbookpro-mac-mini_11102020-scaled.jpg\",\"keywords\":[\"Apple Event\",\"Apple Silicon\",\"Mac\",\"Mac mini\",\"MacBook\",\"MacBook Air\",\"MacBook Pro\"],\"articleSection\":\"News\",\"inLanguage\":\"en-US\",\"copyrightYear\":\"2020\",\"copyrightHolder\":{\"@id\":\"https:\\\/\\\/www.apfelpatient.de\\\/en\\\/#organization\"}},{\"@type\":\"WebPage\",\"@id\":\"https:\\\/\\\/www.apfelpatient.de\\\/news\\\/one-more-thing-event-apple-stellt-drei-neue-mac-geraete-vor\",\"url\":\"https:\\\/\\\/www.apfelpatient.de\\\/news\\\/one-more-thing-event-apple-stellt-drei-neue-mac-geraete-vor\",\"name\":\"\\\"One more thing\\\"-Event: Apple stellt drei neue Mac-Ger\u00e4te vor\",\"isPartOf\":{\"@id\":\"https:\\\/\\\/www.apfelpatient.de\\\/#website\"},\"primaryImageOfPage\":{\"@id\":\"https:\\\/\\\/www.apfelpatient.de\\\/news\\\/one-more-thing-event-apple-stellt-drei-neue-mac-geraete-vor#primaryimage\"},\"image\":{\"@id\":\"https:\\\/\\\/www.apfelpatient.de\\\/news\\\/one-more-thing-event-apple-stellt-drei-neue-mac-geraete-vor#primaryimage\"},\"thumbnailUrl\":\"https:\\\/\\\/www.apfelpatient.de\\\/wp-content\\\/uploads\\\/2020\\\/11\\\/Apple_next-generation-mac-macbookair-macbookpro-mac-mini_11102020-scaled.jpg\",\"datePublished\":\"2020-11-10T20:12:08+00:00\",\"dateModified\":\"2021-03-17T11:10:21+00:00\",\"description\":\"Apple hat im Rahmen der \\\"One more thing\\\"-Veranstaltung drei brandneue Mac-Ger\u00e4te vorgestellt, darunter ein MacBook Air + Pro 13\\\" & Mac mini.\",\"breadcrumb\":{\"@id\":\"https:\\\/\\\/www.apfelpatient.de\\\/news\\\/one-more-thing-event-apple-stellt-drei-neue-mac-geraete-vor#breadcrumb\"},\"inLanguage\":\"en-US\",\"potentialAction\":[{\"@type\":\"ReadAction\",\"target\":[\"https:\\\/\\\/www.apfelpatient.de\\\/news\\\/one-more-thing-event-apple-stellt-drei-neue-mac-geraete-vor\"]}]},{\"@type\":\"ImageObject\",\"inLanguage\":\"en-US\",\"@id\":\"https:\\\/\\\/www.apfelpatient.de\\\/news\\\/one-more-thing-event-apple-stellt-drei-neue-mac-geraete-vor#primaryimage\",\"url\":\"https:\\\/\\\/www.apfelpatient.de\\\/wp-content\\\/uploads\\\/2020\\\/11\\\/Apple_next-generation-mac-macbookair-macbookpro-mac-mini_11102020-scaled.jpg\",\"contentUrl\":\"https:\\\/\\\/www.apfelpatient.de\\\/wp-content\\\/uploads\\\/2020\\\/11\\\/Apple_next-generation-mac-macbookair-macbookpro-mac-mini_11102020-scaled.jpg\",\"width\":2560,\"height\":1440,\"caption\":\"Bild: Apple\"},{\"@type\":\"BreadcrumbList\",\"@id\":\"https:\\\/\\\/www.apfelpatient.de\\\/news\\\/one-more-thing-event-apple-stellt-drei-neue-mac-geraete-vor#breadcrumb\",\"itemListElement\":[{\"@type\":\"ListItem\",\"position\":1,\"name\":\"Startseite\",\"item\":\"https:\\\/\\\/www.apfelpatient.de\\\/\"},{\"@type\":\"ListItem\",\"position\":2,\"name\":\"&#8222;One more thing&#8220;-Event: Apple stellt drei neue Mac-Ger\u00e4te vor\"}]},{\"@type\":\"WebSite\",\"@id\":\"https:\\\/\\\/www.apfelpatient.de\\\/#website\",\"url\":\"https:\\\/\\\/www.apfelpatient.de\\\/\",\"name\":\"Apfelpatient\",\"description\":\"Alles rund um Apple!\",\"publisher\":{\"@type\":\"Organization\",\"@id\":\"https:\\\/\\\/www.apfelpatient.de\\\/en\\\/#organization\",\"name\":\"Apfelpatient\",\"url\":\"https:\\\/\\\/www.apfelpatient.de\\\/en\\\/\"},\"alternateName\":\"Apfelpatient\",\"potentialAction\":[{\"@type\":\"SearchAction\",\"target\":{\"@type\":\"EntryPoint\",\"urlTemplate\":\"https:\\\/\\\/www.apfelpatient.de\\\/?s={search_term_string}\"},\"query-input\":{\"@type\":\"PropertyValueSpecification\",\"valueRequired\":true,\"valueName\":\"search_term_string\"}}],\"inLanguage\":\"en-US\"},{\"@type\":[\"Person\",\"Organization\"],\"@id\":\"https:\\\/\\\/www.apfelpatient.de\\\/#\\\/schema\\\/person\\\/7dc56ad6c8e9824b76d2c08d4c140e13\",\"name\":\"Milan\",\"logo\":{\"@id\":\"https:\\\/\\\/www.apfelpatient.de\\\/#\\\/schema\\\/person\\\/image\\\/\"},\"description\":\"Hallo und herzlich willkommen auf meinem Technik-Blog! Als gro\u00dfer Apple-Fan berichte ich hier \u00fcber alles, was mit Apple zu tun hat: von den neuesten News und spannenden Ger\u00fcchten \u00fcber hilfreiche Tipps und Tricks bis hin zu ausf\u00fchrlichen Produkttests. Wenn du genauso technikbegeistert bist wie ich, bist du hier genau richtig!\",\"sameAs\":[\"https:\\\/\\\/www.facebook.com\\\/apfelpatientOfficial\",\"https:\\\/\\\/www.linkedin.com\\\/in\\\/milan-jovicic-42aa0231b\"],\"url\":\"https:\\\/\\\/www.apfelpatient.de\\\/en\\\/author\\\/apfeladmin\"}]}<\/script>\n<!-- \/ Yoast SEO Premium plugin. -->","yoast_head_json":{"title":"&quot;One more thing&quot; event: Apple introduces three new Mac devices","description":"Apple unveiled three brand new Mac devices at the &quot;One more thing&quot; event, including a MacBook Air + Pro 13&quot; &amp; Mac mini.","robots":{"index":"index","follow":"follow","max-snippet":"max-snippet:-1","max-image-preview":"max-image-preview:large","max-video-preview":"max-video-preview:-1"},"canonical":"https:\/\/www.apfelpatient.de\/en\/news\/one-more-thing-event-apple-introduces-three-new-mac-devices","og_locale":"en_US","og_type":"article","og_title":"\"One more thing\"-Event: Apple stellt drei neue Mac-Ger\u00e4te vor","og_description":"Apple hat im Rahmen der \"One more thing\"-Veranstaltung drei brandneue Mac-Ger\u00e4te vorgestellt, darunter ein MacBook Air + Pro 13\" & Mac mini.","og_url":"https:\/\/www.apfelpatient.de\/en\/news\/one-more-thing-event-apple-introduces-three-new-mac-devices","og_site_name":"Apfelpatient","article_publisher":"https:\/\/www.facebook.com\/apfelpatientOfficial","article_author":"https:\/\/www.facebook.com\/apfelpatientOfficial","article_published_time":"2020-11-10T20:12:08+00:00","article_modified_time":"2021-03-17T11:10:21+00:00","og_image":[{"width":2560,"height":1440,"url":"https:\/\/www.apfelpatient.de\/wp-content\/uploads\/2020\/11\/Apple_next-generation-mac-macbookair-macbookpro-mac-mini_11102020-scaled.jpg","type":"image\/jpeg"}],"author":"Milan","twitter_card":"summary_large_image","twitter_description":"Apple hat im Rahmen der \"One more thing\"-Veranstaltung drei brandneue Mac-Ger\u00e4te vorgestellt, darunter ein MacBook Air + Pro 13\" & Mac mini.","twitter_misc":{"Written by":"Milan","Est. reading time":"6 minutes"},"schema":{"@context":"https:\/\/schema.org","@graph":[{"@type":"NewsArticle","@id":"https:\/\/www.apfelpatient.de\/news\/one-more-thing-event-apple-stellt-drei-neue-mac-geraete-vor#article","isPartOf":{"@id":"https:\/\/www.apfelpatient.de\/news\/one-more-thing-event-apple-stellt-drei-neue-mac-geraete-vor"},"author":{"@type":"Organization","@id":"https:\/\/www.apfelpatient.de\/en\/#organization","name":"Apfelpatient","url":"https:\/\/www.apfelpatient.de\/en\/"},"headline":"&#8222;One more thing&#8220;-Event: Apple stellt drei neue Mac-Ger\u00e4te vor","datePublished":"2020-11-10T20:12:08+00:00","dateModified":"2021-03-17T11:10:21+00:00","mainEntityOfPage":{"@id":"https:\/\/www.apfelpatient.de\/news\/one-more-thing-event-apple-stellt-drei-neue-mac-geraete-vor"},"wordCount":1099,"publisher":{"@type":"Organization","@id":"https:\/\/www.apfelpatient.de\/en\/#organization","name":"Apfelpatient","url":"https:\/\/www.apfelpatient.de\/en\/"},"image":{"@id":"https:\/\/www.apfelpatient.de\/news\/one-more-thing-event-apple-stellt-drei-neue-mac-geraete-vor#primaryimage"},"thumbnailUrl":"https:\/\/www.apfelpatient.de\/wp-content\/uploads\/2020\/11\/Apple_next-generation-mac-macbookair-macbookpro-mac-mini_11102020-scaled.jpg","keywords":["Apple Event","Apple Silicon","Mac","Mac mini","MacBook","MacBook Air","MacBook Pro"],"articleSection":"News","inLanguage":"en-US","copyrightYear":"2020","copyrightHolder":{"@id":"https:\/\/www.apfelpatient.de\/en\/#organization"}},{"@type":"WebPage","@id":"https:\/\/www.apfelpatient.de\/news\/one-more-thing-event-apple-stellt-drei-neue-mac-geraete-vor","url":"https:\/\/www.apfelpatient.de\/news\/one-more-thing-event-apple-stellt-drei-neue-mac-geraete-vor","name":"&quot;One more thing&quot; event: Apple introduces three new Mac devices","isPartOf":{"@id":"https:\/\/www.apfelpatient.de\/#website"},"primaryImageOfPage":{"@id":"https:\/\/www.apfelpatient.de\/news\/one-more-thing-event-apple-stellt-drei-neue-mac-geraete-vor#primaryimage"},"image":{"@id":"https:\/\/www.apfelpatient.de\/news\/one-more-thing-event-apple-stellt-drei-neue-mac-geraete-vor#primaryimage"},"thumbnailUrl":"https:\/\/www.apfelpatient.de\/wp-content\/uploads\/2020\/11\/Apple_next-generation-mac-macbookair-macbookpro-mac-mini_11102020-scaled.jpg","datePublished":"2020-11-10T20:12:08+00:00","dateModified":"2021-03-17T11:10:21+00:00","description":"Apple unveiled three brand new Mac devices at the &quot;One more thing&quot; event, including a MacBook Air + Pro 13&quot; &amp; Mac mini.","breadcrumb":{"@id":"https:\/\/www.apfelpatient.de\/news\/one-more-thing-event-apple-stellt-drei-neue-mac-geraete-vor#breadcrumb"},"inLanguage":"en-US","potentialAction":[{"@type":"ReadAction","target":["https:\/\/www.apfelpatient.de\/news\/one-more-thing-event-apple-stellt-drei-neue-mac-geraete-vor"]}]},{"@type":"ImageObject","inLanguage":"en-US","@id":"https:\/\/www.apfelpatient.de\/news\/one-more-thing-event-apple-stellt-drei-neue-mac-geraete-vor#primaryimage","url":"https:\/\/www.apfelpatient.de\/wp-content\/uploads\/2020\/11\/Apple_next-generation-mac-macbookair-macbookpro-mac-mini_11102020-scaled.jpg","contentUrl":"https:\/\/www.apfelpatient.de\/wp-content\/uploads\/2020\/11\/Apple_next-generation-mac-macbookair-macbookpro-mac-mini_11102020-scaled.jpg","width":2560,"height":1440,"caption":"Bild: Apple"},{"@type":"BreadcrumbList","@id":"https:\/\/www.apfelpatient.de\/news\/one-more-thing-event-apple-stellt-drei-neue-mac-geraete-vor#breadcrumb","itemListElement":[{"@type":"ListItem","position":1,"name":"Startseite","item":"https:\/\/www.apfelpatient.de\/"},{"@type":"ListItem","position":2,"name":"&#8222;One more thing&#8220;-Event: Apple stellt drei neue Mac-Ger\u00e4te vor"}]},{"@type":"WebSite","@id":"https:\/\/www.apfelpatient.de\/#website","url":"https:\/\/www.apfelpatient.de\/","name":"apple patient","description":"Everything about Apple!","publisher":{"@type":"Organization","@id":"https:\/\/www.apfelpatient.de\/en\/#organization","name":"Apfelpatient","url":"https:\/\/www.apfelpatient.de\/en\/"},"alternateName":"Apfelpatient","potentialAction":[{"@type":"SearchAction","target":{"@type":"EntryPoint","urlTemplate":"https:\/\/www.apfelpatient.de\/?s={search_term_string}"},"query-input":{"@type":"PropertyValueSpecification","valueRequired":true,"valueName":"search_term_string"}}],"inLanguage":"en-US"},{"@type":["Person","Organization"],"@id":"https:\/\/www.apfelpatient.de\/#\/schema\/person\/7dc56ad6c8e9824b76d2c08d4c140e13","name":"Milan","logo":{"@id":"https:\/\/www.apfelpatient.de\/#\/schema\/person\/image\/"},"description":"Hello and welcome to my technology blog! As a big Apple fan, I report on everything to do with Apple: from the latest news and exciting rumors to helpful tips and tricks and detailed product tests. If you are as enthusiastic about technology as I am, you have come to the right place!","sameAs":["https:\/\/www.facebook.com\/apfelpatientOfficial","https:\/\/www.linkedin.com\/in\/milan-jovicic-42aa0231b"],"url":"https:\/\/www.apfelpatient.de\/en\/author\/apfeladmin"}]}},"_links":{"self":[{"href":"https:\/\/www.apfelpatient.de\/en\/wp-json\/wp\/v2\/posts\/17030","targetHints":{"allow":["GET"]}}],"collection":[{"href":"https:\/\/www.apfelpatient.de\/en\/wp-json\/wp\/v2\/posts"}],"about":[{"href":"https:\/\/www.apfelpatient.de\/en\/wp-json\/wp\/v2\/types\/post"}],"author":[{"embeddable":true,"href":"https:\/\/www.apfelpatient.de\/en\/wp-json\/wp\/v2\/users\/2"}],"replies":[{"embeddable":true,"href":"https:\/\/www.apfelpatient.de\/en\/wp-json\/wp\/v2\/comments?post=17030"}],"version-history":[{"count":0,"href":"https:\/\/www.apfelpatient.de\/en\/wp-json\/wp\/v2\/posts\/17030\/revisions"}],"wp:featuredmedia":[{"embeddable":true,"href":"https:\/\/www.apfelpatient.de\/en\/wp-json\/wp\/v2\/media\/17026"}],"wp:attachment":[{"href":"https:\/\/www.apfelpatient.de\/en\/wp-json\/wp\/v2\/media?parent=17030"}],"wp:term":[{"taxonomy":"category","embeddable":true,"href":"https:\/\/www.apfelpatient.de\/en\/wp-json\/wp\/v2\/categories?post=17030"},{"taxonomy":"post_tag","embeddable":true,"href":"https:\/\/www.apfelpatient.de\/en\/wp-json\/wp\/v2\/tags?post=17030"}],"curies":[{"name":"wp","href":"https:\/\/api.w.org\/{rel}","templated":true}]}}