{"id":17027,"date":"2020-11-10T20:20:45","date_gmt":"2020-11-10T19:20:45","guid":{"rendered":"https:\/\/www.apfelpatient.de\/?p=17027"},"modified":"2020-11-10T20:20:46","modified_gmt":"2020-11-10T19:20:46","slug":"macos-11-big-sur-apple-announces-launch-date","status":"publish","type":"post","link":"https:\/\/www.apfelpatient.de\/en\/news\/macos-11-big-sur-apple-gibt-startdatum-bekannt","title":{"rendered":"macOS 11 Big Sur: Apple announces launch date"},"content":{"rendered":"<p class=\"has-drop-cap\"><strong>Apple unveiled the brand new M1 chip and three new Mac devices at the &quot;One more thing&quot; event. The launch date of macOS 11 Big Sur was also announced.<\/strong><\/p>\n\n\n\n<p>macOS is getting a major overhaul this year with version 11, which includes an all-new iOS-inspired design and much more. Now the company has announced the launch of macOS 11 Big Sur. The new Mac operating system will be available worldwide on November 12th.<\/p>\n\n\n\n<h3 class=\"wp-block-heading\" id=\"h-macos-11-big-sur-im-berblick\">macOS 11 Big Sur at a glance<\/h3>\n\n\n\n<p>There are many small animations that make macOS Big Sur so special. Translucency has been significantly improved and the application icons in the dock now resemble their iOS counterparts. In addition, the Control Center is coming to the desktop for the first time. It offers quick access to brightness and volume, for example. The Notification Center has also been adapted to the iOS <a href=\"https:\/\/www.apple.com\/de\/macos\/big-sur\/\" target=\"_blank\" rel=\"noreferrer noopener\">adjusted<\/a> and now has the same skills - such as grouping messages. The widget system introduced in iOS 14 will also be available in macOS 11 Big Sur. Both iMessage and the Maps app have been updated as a result.\u00a0<\/p>\n\n\n\n<h3 class=\"wp-block-heading\" id=\"h-macos-11-big-sur-diese-mac-ger-te-sind-kompatibel\">macOS 11 Big Sur: These Mac devices are compatible<\/h3>\n\n\n\n\n\n\n\n<p>Mac Catalyst will receive new features, including native screen scaling and updated controls. This should help Mac Catalyst applications to fit better into the platform. But as with any major update, you should check beforehand whether your Mac is compatible. Below you will find all the Mac devices that can run macOS 11 Big Sur:<\/p>\n\n\n\n<ul class=\"wp-block-list\"><li>2017 and newer iMac Pro<\/li><li>2015 and newer MacBook<\/li><li>2014 and newer Mac mini<\/li><li>2014 and newer iMac<\/li><li>2013 and newer Mac Pro<\/li><li>2013 and newer MacBook Pro<\/li><li>2013 and newer MacBook Air<\/li><\/ul>\n\n\n\n<p>Since Apple moved to version 11.0.1 during the beta, macOS Big Sur will be available as version 11.0.1 starting November 12. The update will be available for free download, as every year. <em><a href=\"https:\/\/www.amazon.de\/shop\/apfelpatientofficial?listId=2SH1KEP4J41TE&amp;ref=cm_sw_em_r_inf_list_own_apfelpatientofficial_dp_ZrWfgRbpxgBlW\">AirPods Pro on special offer at Amazon \u2013 available now<\/a>.\u00a0<em>(Image: Apple)<\/em><\/em><\/p>\n\n\n\n<ul class=\"wp-block-list\"><li><a href=\"https:\/\/www.apfelpatient.de\/en\/news\/one-more-thing-event-the-new-apple-m1-chip\">\u201cOne more thing\u201d event: The new Apple M1 chip<\/a><\/li><\/ul>\n\n\n\n<h6 class=\"wp-block-heading translation-block\" id=\"h-kennt-ihr-schon-unsere-amazon-storefront-dort-findet-ihr-eine-handverlesene-auswahl-von-diversen-produkten-f-r-euer-iphone-und-co-viel-spa-beim-st-bern\"><em>Have you already visited our Amazon Storefront? There you&#039;ll find a hand-picked selection of various products for your iPhone and other devices \u2013 <span class=\"has-inline-color has-vivid-red-color\"><a href=\"https:\/\/www.amazon.de\/shop\/apfelpatientofficial\" class=\"ek-link\" data-wpel-link=\"exclude\" rel=\"follow noopener\" target=\"_self\"><span style=\"text-decoration: underline\" class=\"ek-underline\">enjoy browsing<\/span><\/a> !<\/span><\/em><\/h6>\n\n\n\n\n\n<h6 class=\"wp-block-heading translation-block\" id=\"h-der-beitrag-enthalt-partnerlinks\">This post contains <a data-type=\"URL\" data-id=\"https:\/\/www.apfelpatient.de\/partnerprogramm\" href=\"https:\/\/www.apfelpatient.de\/en\/partner-program\" data-wpel-link=\"internal\" target=\"_self\">affiliate links<\/a>.<\/h6>","protected":false},"excerpt":{"rendered":"<p>New Mac devices at the \u201cOne more thing\u201d event: The launch date of macOS 11 Big Sur was also announced.<\/p>","protected":false},"author":2,"featured_media":16630,"comment_status":"closed","ping_status":"closed","sticky":false,"template":"","format":"standard","meta":{"jnews-multi-image_gallery":[],"jnews_single_post":{"subtitle":"","format":"standard","video":"","gallery":"","source_name":"","source_url":"","via_name":"","via_url":"","override":[{"single_blog_custom":"","sidebar":"","second_sidebar":"","share_position":"","share_float_style":"","post_date_format":"","post_date_format_custom":"","post_reading_time_wpm":"","zoom_button_out_step":"1","zoom_button_in_step":"1","number_popup_post":"1"}],"image_override":[{"single_post_thumbnail_size":"","single_post_gallery_size":""}],"trending_post_position":"","trending_post_label":"","sponsored_post_label":"","sponsored_post_name":"","sponsored_post_url":"","sponsored_post_logo":"","sponsored_post_desc":""},"jnews_primary_category":{"id":"9"},"footnotes":""},"categories":[9],"tags":[4,419,548],"class_list":["post-17027","post","type-post","status-publish","format-standard","has-post-thumbnail","hentry","category-news","tag-macos","tag-macos-big-sur","tag-macos-11-0-1-big-sur"],"yoast_head":"<!-- This site is optimized with the Yoast SEO Premium plugin v27.5 (Yoast SEO v27.5) - https:\/\/yoast.com\/product\/yoast-seo-premium-wordpress\/ -->\n<title>macOS 11 Big Sur: Apple gibt Startdatum bekannt Apfelpatient<\/title>\n<meta name=\"description\" content=\"Neue Mac-Ger\u00e4te bei &quot;One more thing&quot;-Veranstaltung: Dabei wurde auch das Startdatum von macOS 11 Big Sur bekanntgegeben.\" \/>\n<meta name=\"robots\" content=\"index, follow, max-snippet:-1, max-image-preview:large, max-video-preview:-1\" \/>\n<link rel=\"canonical\" href=\"https:\/\/www.apfelpatient.de\/en\/news\/macos-11-big-sur-apple-announces-launch-date\" \/>\n<meta property=\"og:locale\" content=\"en_US\" \/>\n<meta property=\"og:type\" content=\"article\" \/>\n<meta property=\"og:title\" content=\"macOS 11 Big Sur: Apple gibt Startdatum bekannt\" \/>\n<meta property=\"og:description\" content=\"Neue Mac-Ger\u00e4te bei &quot;One more thing&quot;-Veranstaltung: Dabei wurde auch das Startdatum von macOS 11 Big Sur bekanntgegeben.\" \/>\n<meta property=\"og:url\" content=\"https:\/\/www.apfelpatient.de\/en\/news\/macos-11-big-sur-apple-announces-launch-date\" \/>\n<meta property=\"og:site_name\" content=\"Apfelpatient\" \/>\n<meta property=\"article:publisher\" content=\"https:\/\/www.facebook.com\/apfelpatientOfficial\" \/>\n<meta property=\"article:author\" content=\"https:\/\/www.facebook.com\/apfelpatientOfficial\" \/>\n<meta property=\"article:published_time\" content=\"2020-11-10T19:20:45+00:00\" \/>\n<meta property=\"article:modified_time\" content=\"2020-11-10T19:20:46+00:00\" \/>\n<meta property=\"og:image\" content=\"https:\/\/www.apfelpatient.de\/wp-content\/uploads\/2020\/10\/apple_macos-bigsur_messages-pnnedconversations_06222020-scaled.jpg\" \/>\n\t<meta property=\"og:image:width\" content=\"2560\" \/>\n\t<meta property=\"og:image:height\" content=\"1927\" \/>\n\t<meta property=\"og:image:type\" content=\"image\/jpeg\" \/>\n<meta name=\"author\" content=\"Milan\" \/>\n<meta name=\"twitter:card\" content=\"summary_large_image\" \/>\n<meta name=\"twitter:description\" content=\"Neue Mac-Ger\u00e4te bei &quot;One more thing&quot;-Veranstaltung: Dabei wurde auch das Startdatum von macOS 11 Big Sur bekanntgegeben.\" \/>\n<meta name=\"twitter:label1\" content=\"Written by\" \/>\n\t<meta name=\"twitter:data1\" content=\"Milan\" \/>\n\t<meta name=\"twitter:label2\" content=\"Est. reading time\" \/>\n\t<meta name=\"twitter:data2\" content=\"2 minutes\" \/>\n<script type=\"application\/ld+json\" class=\"yoast-schema-graph\">{\"@context\":\"https:\\\/\\\/schema.org\",\"@graph\":[{\"@type\":\"NewsArticle\",\"@id\":\"https:\\\/\\\/www.apfelpatient.de\\\/news\\\/macos-11-big-sur-apple-gibt-startdatum-bekannt#article\",\"isPartOf\":{\"@id\":\"https:\\\/\\\/www.apfelpatient.de\\\/news\\\/macos-11-big-sur-apple-gibt-startdatum-bekannt\"},\"author\":{\"@type\":\"Organization\",\"@id\":\"https:\\\/\\\/www.apfelpatient.de\\\/en\\\/#organization\",\"name\":\"Apfelpatient\",\"url\":\"https:\\\/\\\/www.apfelpatient.de\\\/en\\\/\"},\"headline\":\"macOS 11 Big Sur: Apple gibt Startdatum bekannt\",\"datePublished\":\"2020-11-10T19:20:45+00:00\",\"dateModified\":\"2020-11-10T19:20:46+00:00\",\"mainEntityOfPage\":{\"@id\":\"https:\\\/\\\/www.apfelpatient.de\\\/news\\\/macos-11-big-sur-apple-gibt-startdatum-bekannt\"},\"wordCount\":335,\"publisher\":{\"@type\":\"Organization\",\"@id\":\"https:\\\/\\\/www.apfelpatient.de\\\/en\\\/#organization\",\"name\":\"Apfelpatient\",\"url\":\"https:\\\/\\\/www.apfelpatient.de\\\/en\\\/\"},\"image\":{\"@id\":\"https:\\\/\\\/www.apfelpatient.de\\\/news\\\/macos-11-big-sur-apple-gibt-startdatum-bekannt#primaryimage\"},\"thumbnailUrl\":\"https:\\\/\\\/www.apfelpatient.de\\\/wp-content\\\/uploads\\\/2020\\\/10\\\/apple_macos-bigsur_messages-pnnedconversations_06222020-scaled.jpg\",\"keywords\":[\"macOS\",\"macOS 11 Big Sur\",\"macOS 11.0.1 Big Sur\"],\"articleSection\":\"News\",\"inLanguage\":\"en-US\",\"copyrightYear\":\"2020\",\"copyrightHolder\":{\"@id\":\"https:\\\/\\\/www.apfelpatient.de\\\/en\\\/#organization\"}},{\"@type\":\"WebPage\",\"@id\":\"https:\\\/\\\/www.apfelpatient.de\\\/news\\\/macos-11-big-sur-apple-gibt-startdatum-bekannt\",\"url\":\"https:\\\/\\\/www.apfelpatient.de\\\/news\\\/macos-11-big-sur-apple-gibt-startdatum-bekannt\",\"name\":\"macOS 11 Big Sur: Apple gibt Startdatum bekannt Apfelpatient\",\"isPartOf\":{\"@id\":\"https:\\\/\\\/www.apfelpatient.de\\\/#website\"},\"primaryImageOfPage\":{\"@id\":\"https:\\\/\\\/www.apfelpatient.de\\\/news\\\/macos-11-big-sur-apple-gibt-startdatum-bekannt#primaryimage\"},\"image\":{\"@id\":\"https:\\\/\\\/www.apfelpatient.de\\\/news\\\/macos-11-big-sur-apple-gibt-startdatum-bekannt#primaryimage\"},\"thumbnailUrl\":\"https:\\\/\\\/www.apfelpatient.de\\\/wp-content\\\/uploads\\\/2020\\\/10\\\/apple_macos-bigsur_messages-pnnedconversations_06222020-scaled.jpg\",\"datePublished\":\"2020-11-10T19:20:45+00:00\",\"dateModified\":\"2020-11-10T19:20:46+00:00\",\"description\":\"Neue Mac-Ger\u00e4te bei \\\"One more thing\\\"-Veranstaltung: Dabei wurde auch das Startdatum von macOS 11 Big Sur bekanntgegeben.\",\"breadcrumb\":{\"@id\":\"https:\\\/\\\/www.apfelpatient.de\\\/news\\\/macos-11-big-sur-apple-gibt-startdatum-bekannt#breadcrumb\"},\"inLanguage\":\"en-US\",\"potentialAction\":[{\"@type\":\"ReadAction\",\"target\":[\"https:\\\/\\\/www.apfelpatient.de\\\/news\\\/macos-11-big-sur-apple-gibt-startdatum-bekannt\"]}]},{\"@type\":\"ImageObject\",\"inLanguage\":\"en-US\",\"@id\":\"https:\\\/\\\/www.apfelpatient.de\\\/news\\\/macos-11-big-sur-apple-gibt-startdatum-bekannt#primaryimage\",\"url\":\"https:\\\/\\\/www.apfelpatient.de\\\/wp-content\\\/uploads\\\/2020\\\/10\\\/apple_macos-bigsur_messages-pnnedconversations_06222020-scaled.jpg\",\"contentUrl\":\"https:\\\/\\\/www.apfelpatient.de\\\/wp-content\\\/uploads\\\/2020\\\/10\\\/apple_macos-bigsur_messages-pnnedconversations_06222020-scaled.jpg\",\"width\":2560,\"height\":1927,\"caption\":\"Bild: Apple\"},{\"@type\":\"BreadcrumbList\",\"@id\":\"https:\\\/\\\/www.apfelpatient.de\\\/news\\\/macos-11-big-sur-apple-gibt-startdatum-bekannt#breadcrumb\",\"itemListElement\":[{\"@type\":\"ListItem\",\"position\":1,\"name\":\"Startseite\",\"item\":\"https:\\\/\\\/www.apfelpatient.de\\\/\"},{\"@type\":\"ListItem\",\"position\":2,\"name\":\"macOS 11 Big Sur: Apple gibt Startdatum bekannt\"}]},{\"@type\":\"WebSite\",\"@id\":\"https:\\\/\\\/www.apfelpatient.de\\\/#website\",\"url\":\"https:\\\/\\\/www.apfelpatient.de\\\/\",\"name\":\"Apfelpatient\",\"description\":\"Alles rund um Apple!\",\"publisher\":{\"@type\":\"Organization\",\"@id\":\"https:\\\/\\\/www.apfelpatient.de\\\/en\\\/#organization\",\"name\":\"Apfelpatient\",\"url\":\"https:\\\/\\\/www.apfelpatient.de\\\/en\\\/\"},\"alternateName\":\"Apfelpatient\",\"potentialAction\":[{\"@type\":\"SearchAction\",\"target\":{\"@type\":\"EntryPoint\",\"urlTemplate\":\"https:\\\/\\\/www.apfelpatient.de\\\/?s={search_term_string}\"},\"query-input\":{\"@type\":\"PropertyValueSpecification\",\"valueRequired\":true,\"valueName\":\"search_term_string\"}}],\"inLanguage\":\"en-US\"},{\"@type\":[\"Person\",\"Organization\"],\"@id\":\"https:\\\/\\\/www.apfelpatient.de\\\/#\\\/schema\\\/person\\\/35b3ddba5832f2bfc7fff5206d4f6b7b\",\"name\":\"Milan\",\"logo\":{\"@id\":\"https:\\\/\\\/www.apfelpatient.de\\\/#\\\/schema\\\/person\\\/image\\\/\"},\"description\":\"Hallo und herzlich willkommen auf meinem Technik-Blog! Als gro\u00dfer Apple-Fan berichte ich hier \u00fcber alles, was mit Apple zu tun hat: von den neuesten News und spannenden Ger\u00fcchten \u00fcber hilfreiche Tipps und Tricks bis hin zu ausf\u00fchrlichen Produkttests. Wenn du genauso technikbegeistert bist wie ich, bist du hier genau richtig!\",\"sameAs\":[\"https:\\\/\\\/www.facebook.com\\\/apfelpatientOfficial\",\"https:\\\/\\\/www.linkedin.com\\\/in\\\/milan-jovicic-42aa0231b\"],\"url\":\"https:\\\/\\\/www.apfelpatient.de\\\/en\\\/author\\\/apfeladmin\"}]}<\/script>\n<!-- \/ Yoast SEO Premium plugin. -->","yoast_head_json":{"title":"macOS 11 Big Sur: Apple announces launch date Apfelpatient","description":"New Mac devices at the &quot;One more thing&quot; event: The launch date of macOS 11 Big Sur was also announced.","robots":{"index":"index","follow":"follow","max-snippet":"max-snippet:-1","max-image-preview":"max-image-preview:large","max-video-preview":"max-video-preview:-1"},"canonical":"https:\/\/www.apfelpatient.de\/en\/news\/macos-11-big-sur-apple-announces-launch-date","og_locale":"en_US","og_type":"article","og_title":"macOS 11 Big Sur: Apple gibt Startdatum bekannt","og_description":"Neue Mac-Ger\u00e4te bei \"One more thing\"-Veranstaltung: Dabei wurde auch das Startdatum von macOS 11 Big Sur bekanntgegeben.","og_url":"https:\/\/www.apfelpatient.de\/en\/news\/macos-11-big-sur-apple-announces-launch-date","og_site_name":"Apfelpatient","article_publisher":"https:\/\/www.facebook.com\/apfelpatientOfficial","article_author":"https:\/\/www.facebook.com\/apfelpatientOfficial","article_published_time":"2020-11-10T19:20:45+00:00","article_modified_time":"2020-11-10T19:20:46+00:00","og_image":[{"width":2560,"height":1927,"url":"https:\/\/www.apfelpatient.de\/wp-content\/uploads\/2020\/10\/apple_macos-bigsur_messages-pnnedconversations_06222020-scaled.jpg","type":"image\/jpeg"}],"author":"Milan","twitter_card":"summary_large_image","twitter_description":"Neue Mac-Ger\u00e4te bei \"One more thing\"-Veranstaltung: Dabei wurde auch das Startdatum von macOS 11 Big Sur bekanntgegeben.","twitter_misc":{"Written by":"Milan","Est. reading time":"2 minutes"},"schema":{"@context":"https:\/\/schema.org","@graph":[{"@type":"NewsArticle","@id":"https:\/\/www.apfelpatient.de\/news\/macos-11-big-sur-apple-gibt-startdatum-bekannt#article","isPartOf":{"@id":"https:\/\/www.apfelpatient.de\/news\/macos-11-big-sur-apple-gibt-startdatum-bekannt"},"author":{"@type":"Organization","@id":"https:\/\/www.apfelpatient.de\/en\/#organization","name":"Apfelpatient","url":"https:\/\/www.apfelpatient.de\/en\/"},"headline":"macOS 11 Big Sur: Apple gibt Startdatum bekannt","datePublished":"2020-11-10T19:20:45+00:00","dateModified":"2020-11-10T19:20:46+00:00","mainEntityOfPage":{"@id":"https:\/\/www.apfelpatient.de\/news\/macos-11-big-sur-apple-gibt-startdatum-bekannt"},"wordCount":335,"publisher":{"@type":"Organization","@id":"https:\/\/www.apfelpatient.de\/en\/#organization","name":"Apfelpatient","url":"https:\/\/www.apfelpatient.de\/en\/"},"image":{"@id":"https:\/\/www.apfelpatient.de\/news\/macos-11-big-sur-apple-gibt-startdatum-bekannt#primaryimage"},"thumbnailUrl":"https:\/\/www.apfelpatient.de\/wp-content\/uploads\/2020\/10\/apple_macos-bigsur_messages-pnnedconversations_06222020-scaled.jpg","keywords":["macOS","macOS 11 Big Sur","macOS 11.0.1 Big Sur"],"articleSection":"News","inLanguage":"en-US","copyrightYear":"2020","copyrightHolder":{"@id":"https:\/\/www.apfelpatient.de\/en\/#organization"}},{"@type":"WebPage","@id":"https:\/\/www.apfelpatient.de\/news\/macos-11-big-sur-apple-gibt-startdatum-bekannt","url":"https:\/\/www.apfelpatient.de\/news\/macos-11-big-sur-apple-gibt-startdatum-bekannt","name":"macOS 11 Big Sur: Apple announces launch date Apfelpatient","isPartOf":{"@id":"https:\/\/www.apfelpatient.de\/#website"},"primaryImageOfPage":{"@id":"https:\/\/www.apfelpatient.de\/news\/macos-11-big-sur-apple-gibt-startdatum-bekannt#primaryimage"},"image":{"@id":"https:\/\/www.apfelpatient.de\/news\/macos-11-big-sur-apple-gibt-startdatum-bekannt#primaryimage"},"thumbnailUrl":"https:\/\/www.apfelpatient.de\/wp-content\/uploads\/2020\/10\/apple_macos-bigsur_messages-pnnedconversations_06222020-scaled.jpg","datePublished":"2020-11-10T19:20:45+00:00","dateModified":"2020-11-10T19:20:46+00:00","description":"New Mac devices at the &quot;One more thing&quot; event: The launch date of macOS 11 Big Sur was also announced.","breadcrumb":{"@id":"https:\/\/www.apfelpatient.de\/news\/macos-11-big-sur-apple-gibt-startdatum-bekannt#breadcrumb"},"inLanguage":"en-US","potentialAction":[{"@type":"ReadAction","target":["https:\/\/www.apfelpatient.de\/news\/macos-11-big-sur-apple-gibt-startdatum-bekannt"]}]},{"@type":"ImageObject","inLanguage":"en-US","@id":"https:\/\/www.apfelpatient.de\/news\/macos-11-big-sur-apple-gibt-startdatum-bekannt#primaryimage","url":"https:\/\/www.apfelpatient.de\/wp-content\/uploads\/2020\/10\/apple_macos-bigsur_messages-pnnedconversations_06222020-scaled.jpg","contentUrl":"https:\/\/www.apfelpatient.de\/wp-content\/uploads\/2020\/10\/apple_macos-bigsur_messages-pnnedconversations_06222020-scaled.jpg","width":2560,"height":1927,"caption":"Bild: Apple"},{"@type":"BreadcrumbList","@id":"https:\/\/www.apfelpatient.de\/news\/macos-11-big-sur-apple-gibt-startdatum-bekannt#breadcrumb","itemListElement":[{"@type":"ListItem","position":1,"name":"Startseite","item":"https:\/\/www.apfelpatient.de\/"},{"@type":"ListItem","position":2,"name":"macOS 11 Big Sur: Apple gibt Startdatum bekannt"}]},{"@type":"WebSite","@id":"https:\/\/www.apfelpatient.de\/#website","url":"https:\/\/www.apfelpatient.de\/","name":"apple patient","description":"Everything about Apple!","publisher":{"@type":"Organization","@id":"https:\/\/www.apfelpatient.de\/en\/#organization","name":"Apfelpatient","url":"https:\/\/www.apfelpatient.de\/en\/"},"alternateName":"Apfelpatient","potentialAction":[{"@type":"SearchAction","target":{"@type":"EntryPoint","urlTemplate":"https:\/\/www.apfelpatient.de\/?s={search_term_string}"},"query-input":{"@type":"PropertyValueSpecification","valueRequired":true,"valueName":"search_term_string"}}],"inLanguage":"en-US"},{"@type":["Person","Organization"],"@id":"https:\/\/www.apfelpatient.de\/#\/schema\/person\/35b3ddba5832f2bfc7fff5206d4f6b7b","name":"Milan","logo":{"@id":"https:\/\/www.apfelpatient.de\/#\/schema\/person\/image\/"},"description":"Hello and welcome to my technology blog! As a big Apple fan, I report on everything to do with Apple: from the latest news and exciting rumors to helpful tips and tricks and detailed product tests. If you are as enthusiastic about technology as I am, you have come to the right place!","sameAs":["https:\/\/www.facebook.com\/apfelpatientOfficial","https:\/\/www.linkedin.com\/in\/milan-jovicic-42aa0231b"],"url":"https:\/\/www.apfelpatient.de\/en\/author\/apfeladmin"}]}},"_links":{"self":[{"href":"https:\/\/www.apfelpatient.de\/en\/wp-json\/wp\/v2\/posts\/17027","targetHints":{"allow":["GET"]}}],"collection":[{"href":"https:\/\/www.apfelpatient.de\/en\/wp-json\/wp\/v2\/posts"}],"about":[{"href":"https:\/\/www.apfelpatient.de\/en\/wp-json\/wp\/v2\/types\/post"}],"author":[{"embeddable":true,"href":"https:\/\/www.apfelpatient.de\/en\/wp-json\/wp\/v2\/users\/2"}],"replies":[{"embeddable":true,"href":"https:\/\/www.apfelpatient.de\/en\/wp-json\/wp\/v2\/comments?post=17027"}],"version-history":[{"count":0,"href":"https:\/\/www.apfelpatient.de\/en\/wp-json\/wp\/v2\/posts\/17027\/revisions"}],"wp:featuredmedia":[{"embeddable":true,"href":"https:\/\/www.apfelpatient.de\/en\/wp-json\/wp\/v2\/media\/16630"}],"wp:attachment":[{"href":"https:\/\/www.apfelpatient.de\/en\/wp-json\/wp\/v2\/media?parent=17027"}],"wp:term":[{"taxonomy":"category","embeddable":true,"href":"https:\/\/www.apfelpatient.de\/en\/wp-json\/wp\/v2\/categories?post=17027"},{"taxonomy":"post_tag","embeddable":true,"href":"https:\/\/www.apfelpatient.de\/en\/wp-json\/wp\/v2\/tags?post=17027"}],"curies":[{"name":"wp","href":"https:\/\/api.w.org\/{rel}","templated":true}]}}