{"id":16977,"date":"2020-11-09T22:59:53","date_gmt":"2020-11-09T21:59:53","guid":{"rendered":"https:\/\/www.apfelpatient.de\/?p=16977"},"modified":"2024-05-22T13:22:12","modified_gmt":"2024-05-22T11:22:12","slug":"magsafe-duo-charger-market-launch-soon","status":"publish","type":"post","link":"https:\/\/www.apfelpatient.de\/en\/news\/magsafe-duo-ladegeraet-marktstart-in-kuerze","title":{"rendered":"MagSafe Duo Charger: Market launch soon?"},"content":{"rendered":"<p class=\"has-drop-cap\"><strong>Apple introduced two new chargers at the iPhone 12 keynote, including the MagSafe and MagSafe Duo. The former is already available, but the latter is not yet available. But that could soon change.<\/strong><\/p>\n\n\n\n<p>So far, Apple has not given an official date for when the MagSafe Duo charger will be available. The product was only recently listed in the online shop. The price of 145.20 euros has caused a lot of excitement. The majority of fans think the charger is overpriced. One of the reasons for this is the fact that no power adapter is included with the accessory. At the same time, however, Apple recommends using the brand new 20W charger. However, this is available separately for around 25 euros. The idea of charging the iPhone 12 and the Apple Watch at the same time and only needing one cable is definitely great. But the price could certainly have been lower. Be that as it may, die-hard fans will snap it up either way. When it comes to approval, this will no longer be a reason for delay. The product has official approval from the FCC (Federal Communications Commission) in the United States. <a href=\"https:\/\/fccid.io\/BCGA2458\" target=\"_blank\" rel=\"nofollow noopener\">receive<\/a>.<\/p>\n\n\n\n<figure class=\"wp-block-image size-large\"><img decoding=\"async\" width=\"1024\" height=\"915\" src=\"https:\/\/www.apfelpatient.de\/wp-content\/uploads\/2020\/11\/Bildschirmfoto-2020-11-09-um-22.44.43-1024x915.png\" alt=\"MagSafe Duo charger\" class=\"wp-image-16976\" srcset=\"https:\/\/www.apfelpatient.de\/wp-content\/uploads\/2020\/11\/Bildschirmfoto-2020-11-09-um-22.44.43-1024x915.png 1024w, https:\/\/www.apfelpatient.de\/wp-content\/uploads\/2020\/11\/Bildschirmfoto-2020-11-09-um-22.44.43-300x268.png 300w, https:\/\/www.apfelpatient.de\/wp-content\/uploads\/2020\/11\/Bildschirmfoto-2020-11-09-um-22.44.43-768x687.png 768w, https:\/\/www.apfelpatient.de\/wp-content\/uploads\/2020\/11\/Bildschirmfoto-2020-11-09-um-22.44.43-1536x1373.png 1536w, https:\/\/www.apfelpatient.de\/wp-content\/uploads\/2020\/11\/Bildschirmfoto-2020-11-09-um-22.44.43-750x670.png 750w, https:\/\/www.apfelpatient.de\/wp-content\/uploads\/2020\/11\/Bildschirmfoto-2020-11-09-um-22.44.43-1140x1019.png 1140w, https:\/\/www.apfelpatient.de\/wp-content\/uploads\/2020\/11\/Bildschirmfoto-2020-11-09-um-22.44.43.png 1602w\" sizes=\"(max-width: 1024px) 100vw, 1024px\" \/><figcaption>Image: Apple via FCC<\/figcaption><\/figure>\n\n\n\n<h3 class=\"wp-block-heading\" id=\"h-magsafe-duo-ladeger-t-zulassungen-deuten-baldigen-marktstart-an\">MagSafe Duo Charger: Approvals indicate imminent market launch<\/h3>\n\n\n\n\n\n\n\n<p>Apple&#039;s website still lists the 2-in-1 charger - for Apple Watch and iPhone - as &quot;coming soon&quot;. However, the FCC approval is a solid indication that approval could be coming soon. To be precise, the approval refers to a &quot;Two Coil Charger&quot; with Apple&#039;s model number A2458. The documents filed by Apple detail how the charger can be used to power an iPhone and an Apple Watch simultaneously. The documents were filed in October and the approval appears to have been granted today. In addition to the US, the product has also been approved in South Korea <a href=\"https:\/\/www.apfelpatient.de\/en\/news\/magsafe-duo-charger-undergoes-certification\">approved<\/a>. It seems that Apple is currently obtaining approval from the various countries. For this reason, the MagSafe Duo charger should be available very soon. <a href=\"https:\/\/www.amazon.de\/shop\/apfelpatientofficial?listId=2SH1KEP4J41TE&amp;ref=cm_sw_em_r_inf_list_own_apfelpatientofficial_dp_ZrWfgRbpxgBlW\">AirPods Pro on special offer at Amazon \u2013 available now<\/a>. <em>(Image: Apple)<\/em><\/p>\n\n\n\n<ul class=\"wp-block-list\"><li><a href=\"https:\/\/www.apfelpatient.de\/en\/news\/magsafe-duo-charger-in-the-test-convenient-but-overpriced\">MagSafe Duo charger in test: Convenient but overpriced<\/a><\/li><\/ul>\n\n\n\n<h6 class=\"wp-block-heading translation-block\" id=\"h-kennt-ihr-schon-unsere-amazon-storefront-dort-findet-ihr-eine-handverlesene-auswahl-von-diversen-produkten-f-r-euer-iphone-und-co-viel-spa-beim-st-bern\"><em>Have you already visited our Amazon Storefront? There you&#039;ll find a hand-picked selection of various products for your iPhone and other devices \u2013 <span class=\"has-inline-color has-vivid-red-color\"><a href=\"https:\/\/www.amazon.de\/shop\/apfelpatientofficial\" class=\"ek-link\" data-wpel-link=\"exclude\" rel=\"follow noopener\" target=\"_self\"><span style=\"text-decoration: underline\" class=\"ek-underline\">enjoy browsing<\/span><\/a> !<\/span><\/em><\/h6>\n\n\n\n\n\n<h6 class=\"wp-block-heading translation-block\" id=\"h-der-beitrag-enthalt-partnerlinks\">This post contains <a data-type=\"URL\" data-id=\"https:\/\/www.apfelpatient.de\/partnerprogramm\" href=\"https:\/\/www.apfelpatient.de\/en\/partner-program\" data-wpel-link=\"internal\" target=\"_self\">affiliate links<\/a>.<\/h6>","protected":false},"excerpt":{"rendered":"<p>Coming soon to market: Apple introduced two new chargers at the iPhone 12 keynote, including the MagSafe and MagSafe Duo.<\/p>","protected":false},"author":2,"featured_media":16916,"comment_status":"closed","ping_status":"closed","sticky":false,"template":"","format":"standard","meta":{"jnews-multi-image_gallery":[],"jnews_single_post":{"subtitle":"","format":"standard","video":"","gallery":"","source_name":"","source_url":"","via_name":"","via_url":"","override_template":"0","override":[{"template":"4","single_blog_custom":"","parallax":"1","fullscreen":"1","layout":"right-sidebar","sidebar":"","second_sidebar":"","sticky_sidebar":"1","share_position":"","share_float_style":"","show_share_counter":"0","show_view_counter":"0","show_featured":"1","show_post_meta":"1","show_post_author":"1","show_post_author_image":"1","show_post_date":"1","post_date_format":"","post_date_format_custom":"","show_post_category":"1","show_post_reading_time":"0","post_reading_time_wpm":"","show_zoom_button":"0","zoom_button_out_step":"1","zoom_button_in_step":"1","show_post_tag":"1","show_prev_next_post":"1","show_popup_post":"1","number_popup_post":"1","show_author_box":"0","show_post_related":"0","show_inline_post_related":"0"}],"override_image_size":"0","image_override":[{"single_post_thumbnail_size":"","single_post_gallery_size":""}],"trending_post":"0","trending_post_position":"","trending_post_label":"","sponsored_post":"0","sponsored_post_label":"","sponsored_post_name":"","sponsored_post_url":"","sponsored_post_logo_enable":"0","sponsored_post_logo":"","sponsored_post_desc":"","disable_ad":"0"},"jnews_primary_category":{"id":"9","hide":""},"footnotes":""},"categories":[9],"tags":[14,8,321],"class_list":["post-16977","post","type-post","status-publish","format-standard","has-post-thumbnail","hentry","category-news","tag-apple-watch","tag-iphone","tag-iphone-12"],"yoast_head":"<!-- This site is optimized with the Yoast SEO Premium plugin v27.5 (Yoast SEO v27.5) - https:\/\/yoast.com\/product\/yoast-seo-premium-wordpress\/ -->\n<title>MagSafe Duo Ladeger\u00e4t: Marktstart in K\u00fcrze? Apfelpatient<\/title>\n<meta name=\"description\" content=\"Marktstart in K\u00fcrze: Apple hat im Rahmen der iPhone 12 Keynote zwei neue Ladeger\u00e4te vorgestellt, darunter das MagSafe und MagSafe Duo.\" \/>\n<meta name=\"robots\" content=\"index, follow, max-snippet:-1, max-image-preview:large, max-video-preview:-1\" \/>\n<link rel=\"canonical\" href=\"https:\/\/www.apfelpatient.de\/en\/news\/magsafe-duo-charger-market-launch-soon\" \/>\n<meta property=\"og:locale\" content=\"en_US\" \/>\n<meta property=\"og:type\" content=\"article\" \/>\n<meta property=\"og:title\" content=\"MagSafe Duo Ladeger\u00e4t: Marktstart in K\u00fcrze?\" \/>\n<meta property=\"og:description\" content=\"Marktstart in K\u00fcrze: Apple hat im Rahmen der iPhone 12 Keynote zwei neue Ladeger\u00e4te vorgestellt, darunter das MagSafe und MagSafe Duo.\" \/>\n<meta property=\"og:url\" content=\"https:\/\/www.apfelpatient.de\/en\/news\/magsafe-duo-charger-market-launch-soon\" \/>\n<meta property=\"og:site_name\" content=\"Apfelpatient\" \/>\n<meta property=\"article:publisher\" content=\"https:\/\/www.facebook.com\/apfelpatientOfficial\" \/>\n<meta property=\"article:author\" content=\"https:\/\/www.facebook.com\/apfelpatientOfficial\" \/>\n<meta property=\"article:published_time\" content=\"2020-11-09T21:59:53+00:00\" \/>\n<meta property=\"article:modified_time\" content=\"2024-05-22T11:22:12+00:00\" \/>\n<meta property=\"og:image\" content=\"https:\/\/www.apfelpatient.de\/wp-content\/uploads\/2020\/11\/A1FC0513-A292-4FE8-BCC1-35275C3C5F3B.png\" \/>\n\t<meta property=\"og:image:width\" content=\"1200\" \/>\n\t<meta property=\"og:image:height\" content=\"675\" \/>\n\t<meta property=\"og:image:type\" content=\"image\/png\" \/>\n<meta name=\"author\" content=\"Milan\" \/>\n<meta name=\"twitter:card\" content=\"summary_large_image\" \/>\n<meta name=\"twitter:label1\" content=\"Written by\" \/>\n\t<meta name=\"twitter:data1\" content=\"Milan\" \/>\n\t<meta name=\"twitter:label2\" content=\"Est. reading time\" \/>\n\t<meta name=\"twitter:data2\" content=\"9 minutes\" \/>\n<script type=\"application\/ld+json\" class=\"yoast-schema-graph\">{\"@context\":\"https:\\\/\\\/schema.org\",\"@graph\":[{\"@type\":\"NewsArticle\",\"@id\":\"https:\\\/\\\/www.apfelpatient.de\\\/en\\\/news\\\/magsafe-duo-ladegeraet-marktstart-in-kuerze#article\",\"isPartOf\":{\"@id\":\"https:\\\/\\\/www.apfelpatient.de\\\/en\\\/news\\\/magsafe-duo-ladegeraet-marktstart-in-kuerze\"},\"author\":{\"@type\":\"Organization\",\"@id\":\"https:\\\/\\\/www.apfelpatient.de\\\/en\\\/#organization\",\"name\":\"Apfelpatient\",\"url\":\"https:\\\/\\\/www.apfelpatient.de\\\/en\\\/\"},\"headline\":\"MagSafe Duo Ladeger\u00e4t: Marktstart in K\u00fcrze?\",\"datePublished\":\"2020-11-09T21:59:53+00:00\",\"dateModified\":\"2024-05-22T11:22:12+00:00\",\"mainEntityOfPage\":{\"@id\":\"https:\\\/\\\/www.apfelpatient.de\\\/en\\\/news\\\/magsafe-duo-ladegeraet-marktstart-in-kuerze\"},\"wordCount\":369,\"publisher\":{\"@type\":\"Organization\",\"@id\":\"https:\\\/\\\/www.apfelpatient.de\\\/en\\\/#organization\",\"name\":\"Apfelpatient\",\"url\":\"https:\\\/\\\/www.apfelpatient.de\\\/en\\\/\"},\"image\":{\"@id\":\"https:\\\/\\\/www.apfelpatient.de\\\/en\\\/news\\\/magsafe-duo-ladegeraet-marktstart-in-kuerze#primaryimage\"},\"thumbnailUrl\":\"https:\\\/\\\/www.apfelpatient.de\\\/wp-content\\\/uploads\\\/2020\\\/11\\\/A1FC0513-A292-4FE8-BCC1-35275C3C5F3B.png\",\"keywords\":[\"Apple Watch\",\"iPhone\",\"iPhone 12\"],\"articleSection\":\"News\",\"inLanguage\":\"en-US\",\"copyrightYear\":\"2020\",\"copyrightHolder\":{\"@id\":\"https:\\\/\\\/www.apfelpatient.de\\\/en\\\/#organization\"}},{\"@type\":\"WebPage\",\"@id\":\"https:\\\/\\\/www.apfelpatient.de\\\/en\\\/news\\\/magsafe-duo-ladegeraet-marktstart-in-kuerze\",\"url\":\"https:\\\/\\\/www.apfelpatient.de\\\/en\\\/news\\\/magsafe-duo-ladegeraet-marktstart-in-kuerze\",\"name\":\"MagSafe Duo Ladeger\u00e4t: Marktstart in K\u00fcrze? Apfelpatient\",\"isPartOf\":{\"@id\":\"https:\\\/\\\/www.apfelpatient.de\\\/#website\"},\"primaryImageOfPage\":{\"@id\":\"https:\\\/\\\/www.apfelpatient.de\\\/en\\\/news\\\/magsafe-duo-ladegeraet-marktstart-in-kuerze#primaryimage\"},\"image\":{\"@id\":\"https:\\\/\\\/www.apfelpatient.de\\\/en\\\/news\\\/magsafe-duo-ladegeraet-marktstart-in-kuerze#primaryimage\"},\"thumbnailUrl\":\"https:\\\/\\\/www.apfelpatient.de\\\/wp-content\\\/uploads\\\/2020\\\/11\\\/A1FC0513-A292-4FE8-BCC1-35275C3C5F3B.png\",\"datePublished\":\"2020-11-09T21:59:53+00:00\",\"dateModified\":\"2024-05-22T11:22:12+00:00\",\"description\":\"Marktstart in K\u00fcrze: Apple hat im Rahmen der iPhone 12 Keynote zwei neue Ladeger\u00e4te vorgestellt, darunter das MagSafe und MagSafe Duo.\",\"breadcrumb\":{\"@id\":\"https:\\\/\\\/www.apfelpatient.de\\\/en\\\/news\\\/magsafe-duo-ladegeraet-marktstart-in-kuerze#breadcrumb\"},\"inLanguage\":\"en-US\",\"potentialAction\":[{\"@type\":\"ReadAction\",\"target\":[\"https:\\\/\\\/www.apfelpatient.de\\\/en\\\/news\\\/magsafe-duo-ladegeraet-marktstart-in-kuerze\"]}]},{\"@type\":\"ImageObject\",\"inLanguage\":\"en-US\",\"@id\":\"https:\\\/\\\/www.apfelpatient.de\\\/en\\\/news\\\/magsafe-duo-ladegeraet-marktstart-in-kuerze#primaryimage\",\"url\":\"https:\\\/\\\/www.apfelpatient.de\\\/wp-content\\\/uploads\\\/2020\\\/11\\\/A1FC0513-A292-4FE8-BCC1-35275C3C5F3B.png\",\"contentUrl\":\"https:\\\/\\\/www.apfelpatient.de\\\/wp-content\\\/uploads\\\/2020\\\/11\\\/A1FC0513-A292-4FE8-BCC1-35275C3C5F3B.png\",\"width\":1200,\"height\":675,\"caption\":\"Bild: Apple\"},{\"@type\":\"BreadcrumbList\",\"@id\":\"https:\\\/\\\/www.apfelpatient.de\\\/en\\\/news\\\/magsafe-duo-ladegeraet-marktstart-in-kuerze#breadcrumb\",\"itemListElement\":[{\"@type\":\"ListItem\",\"position\":1,\"name\":\"Startseite\",\"item\":\"https:\\\/\\\/www.apfelpatient.de\\\/\"},{\"@type\":\"ListItem\",\"position\":2,\"name\":\"MagSafe Duo Ladeger\u00e4t: Marktstart in K\u00fcrze?\"}]},{\"@type\":\"WebSite\",\"@id\":\"https:\\\/\\\/www.apfelpatient.de\\\/#website\",\"url\":\"https:\\\/\\\/www.apfelpatient.de\\\/\",\"name\":\"Apfelpatient\",\"description\":\"Alles rund um Apple!\",\"publisher\":{\"@type\":\"Organization\",\"@id\":\"https:\\\/\\\/www.apfelpatient.de\\\/en\\\/#organization\",\"name\":\"Apfelpatient\",\"url\":\"https:\\\/\\\/www.apfelpatient.de\\\/en\\\/\"},\"alternateName\":\"Apfelpatient\",\"potentialAction\":[{\"@type\":\"SearchAction\",\"target\":{\"@type\":\"EntryPoint\",\"urlTemplate\":\"https:\\\/\\\/www.apfelpatient.de\\\/?s={search_term_string}\"},\"query-input\":{\"@type\":\"PropertyValueSpecification\",\"valueRequired\":true,\"valueName\":\"search_term_string\"}}],\"inLanguage\":\"en-US\"},{\"@type\":[\"Person\",\"Organization\"],\"@id\":\"https:\\\/\\\/www.apfelpatient.de\\\/#\\\/schema\\\/person\\\/35b3ddba5832f2bfc7fff5206d4f6b7b\",\"name\":\"Milan\",\"logo\":{\"@id\":\"https:\\\/\\\/www.apfelpatient.de\\\/#\\\/schema\\\/person\\\/image\\\/\"},\"description\":\"Hallo und herzlich willkommen auf meinem Technik-Blog! Als gro\u00dfer Apple-Fan berichte ich hier \u00fcber alles, was mit Apple zu tun hat: von den neuesten News und spannenden Ger\u00fcchten \u00fcber hilfreiche Tipps und Tricks bis hin zu ausf\u00fchrlichen Produkttests. Wenn du genauso technikbegeistert bist wie ich, bist du hier genau richtig!\",\"sameAs\":[\"https:\\\/\\\/www.facebook.com\\\/apfelpatientOfficial\",\"https:\\\/\\\/www.linkedin.com\\\/in\\\/milan-jovicic-42aa0231b\"],\"url\":\"https:\\\/\\\/www.apfelpatient.de\\\/en\\\/author\\\/apfeladmin\"}]}<\/script>\n<!-- \/ Yoast SEO Premium plugin. -->","yoast_head_json":{"title":"MagSafe Duo Charger: Market launch soon? Apfelpatient","description":"Coming soon to market: Apple introduced two new chargers at the iPhone 12 keynote, including the MagSafe and MagSafe Duo.","robots":{"index":"index","follow":"follow","max-snippet":"max-snippet:-1","max-image-preview":"max-image-preview:large","max-video-preview":"max-video-preview:-1"},"canonical":"https:\/\/www.apfelpatient.de\/en\/news\/magsafe-duo-charger-market-launch-soon","og_locale":"en_US","og_type":"article","og_title":"MagSafe Duo Ladeger\u00e4t: Marktstart in K\u00fcrze?","og_description":"Marktstart in K\u00fcrze: Apple hat im Rahmen der iPhone 12 Keynote zwei neue Ladeger\u00e4te vorgestellt, darunter das MagSafe und MagSafe Duo.","og_url":"https:\/\/www.apfelpatient.de\/en\/news\/magsafe-duo-charger-market-launch-soon","og_site_name":"Apfelpatient","article_publisher":"https:\/\/www.facebook.com\/apfelpatientOfficial","article_author":"https:\/\/www.facebook.com\/apfelpatientOfficial","article_published_time":"2020-11-09T21:59:53+00:00","article_modified_time":"2024-05-22T11:22:12+00:00","og_image":[{"width":1200,"height":675,"url":"https:\/\/www.apfelpatient.de\/wp-content\/uploads\/2020\/11\/A1FC0513-A292-4FE8-BCC1-35275C3C5F3B.png","type":"image\/png"}],"author":"Milan","twitter_card":"summary_large_image","twitter_misc":{"Written by":"Milan","Est. reading time":"9 minutes"},"schema":{"@context":"https:\/\/schema.org","@graph":[{"@type":"NewsArticle","@id":"https:\/\/www.apfelpatient.de\/en\/news\/magsafe-duo-ladegeraet-marktstart-in-kuerze#article","isPartOf":{"@id":"https:\/\/www.apfelpatient.de\/en\/news\/magsafe-duo-ladegeraet-marktstart-in-kuerze"},"author":{"@type":"Organization","@id":"https:\/\/www.apfelpatient.de\/en\/#organization","name":"Apfelpatient","url":"https:\/\/www.apfelpatient.de\/en\/"},"headline":"MagSafe Duo Ladeger\u00e4t: Marktstart in K\u00fcrze?","datePublished":"2020-11-09T21:59:53+00:00","dateModified":"2024-05-22T11:22:12+00:00","mainEntityOfPage":{"@id":"https:\/\/www.apfelpatient.de\/en\/news\/magsafe-duo-ladegeraet-marktstart-in-kuerze"},"wordCount":369,"publisher":{"@type":"Organization","@id":"https:\/\/www.apfelpatient.de\/en\/#organization","name":"Apfelpatient","url":"https:\/\/www.apfelpatient.de\/en\/"},"image":{"@id":"https:\/\/www.apfelpatient.de\/en\/news\/magsafe-duo-ladegeraet-marktstart-in-kuerze#primaryimage"},"thumbnailUrl":"https:\/\/www.apfelpatient.de\/wp-content\/uploads\/2020\/11\/A1FC0513-A292-4FE8-BCC1-35275C3C5F3B.png","keywords":["Apple Watch","iPhone","iPhone 12"],"articleSection":"News","inLanguage":"en-US","copyrightYear":"2020","copyrightHolder":{"@id":"https:\/\/www.apfelpatient.de\/en\/#organization"}},{"@type":"WebPage","@id":"https:\/\/www.apfelpatient.de\/en\/news\/magsafe-duo-ladegeraet-marktstart-in-kuerze","url":"https:\/\/www.apfelpatient.de\/en\/news\/magsafe-duo-ladegeraet-marktstart-in-kuerze","name":"MagSafe Duo Charger: Market launch soon? Apfelpatient","isPartOf":{"@id":"https:\/\/www.apfelpatient.de\/#website"},"primaryImageOfPage":{"@id":"https:\/\/www.apfelpatient.de\/en\/news\/magsafe-duo-ladegeraet-marktstart-in-kuerze#primaryimage"},"image":{"@id":"https:\/\/www.apfelpatient.de\/en\/news\/magsafe-duo-ladegeraet-marktstart-in-kuerze#primaryimage"},"thumbnailUrl":"https:\/\/www.apfelpatient.de\/wp-content\/uploads\/2020\/11\/A1FC0513-A292-4FE8-BCC1-35275C3C5F3B.png","datePublished":"2020-11-09T21:59:53+00:00","dateModified":"2024-05-22T11:22:12+00:00","description":"Coming soon to market: Apple introduced two new chargers at the iPhone 12 keynote, including the MagSafe and MagSafe Duo.","breadcrumb":{"@id":"https:\/\/www.apfelpatient.de\/en\/news\/magsafe-duo-ladegeraet-marktstart-in-kuerze#breadcrumb"},"inLanguage":"en-US","potentialAction":[{"@type":"ReadAction","target":["https:\/\/www.apfelpatient.de\/en\/news\/magsafe-duo-ladegeraet-marktstart-in-kuerze"]}]},{"@type":"ImageObject","inLanguage":"en-US","@id":"https:\/\/www.apfelpatient.de\/en\/news\/magsafe-duo-ladegeraet-marktstart-in-kuerze#primaryimage","url":"https:\/\/www.apfelpatient.de\/wp-content\/uploads\/2020\/11\/A1FC0513-A292-4FE8-BCC1-35275C3C5F3B.png","contentUrl":"https:\/\/www.apfelpatient.de\/wp-content\/uploads\/2020\/11\/A1FC0513-A292-4FE8-BCC1-35275C3C5F3B.png","width":1200,"height":675,"caption":"Bild: Apple"},{"@type":"BreadcrumbList","@id":"https:\/\/www.apfelpatient.de\/en\/news\/magsafe-duo-ladegeraet-marktstart-in-kuerze#breadcrumb","itemListElement":[{"@type":"ListItem","position":1,"name":"Startseite","item":"https:\/\/www.apfelpatient.de\/"},{"@type":"ListItem","position":2,"name":"MagSafe Duo Ladeger\u00e4t: Marktstart in K\u00fcrze?"}]},{"@type":"WebSite","@id":"https:\/\/www.apfelpatient.de\/#website","url":"https:\/\/www.apfelpatient.de\/","name":"apple patient","description":"Everything about Apple!","publisher":{"@type":"Organization","@id":"https:\/\/www.apfelpatient.de\/en\/#organization","name":"Apfelpatient","url":"https:\/\/www.apfelpatient.de\/en\/"},"alternateName":"Apfelpatient","potentialAction":[{"@type":"SearchAction","target":{"@type":"EntryPoint","urlTemplate":"https:\/\/www.apfelpatient.de\/?s={search_term_string}"},"query-input":{"@type":"PropertyValueSpecification","valueRequired":true,"valueName":"search_term_string"}}],"inLanguage":"en-US"},{"@type":["Person","Organization"],"@id":"https:\/\/www.apfelpatient.de\/#\/schema\/person\/35b3ddba5832f2bfc7fff5206d4f6b7b","name":"Milan","logo":{"@id":"https:\/\/www.apfelpatient.de\/#\/schema\/person\/image\/"},"description":"Hello and welcome to my technology blog! As a big Apple fan, I report on everything to do with Apple: from the latest news and exciting rumors to helpful tips and tricks and detailed product tests. If you are as enthusiastic about technology as I am, you have come to the right place!","sameAs":["https:\/\/www.facebook.com\/apfelpatientOfficial","https:\/\/www.linkedin.com\/in\/milan-jovicic-42aa0231b"],"url":"https:\/\/www.apfelpatient.de\/en\/author\/apfeladmin"}]}},"_links":{"self":[{"href":"https:\/\/www.apfelpatient.de\/en\/wp-json\/wp\/v2\/posts\/16977","targetHints":{"allow":["GET"]}}],"collection":[{"href":"https:\/\/www.apfelpatient.de\/en\/wp-json\/wp\/v2\/posts"}],"about":[{"href":"https:\/\/www.apfelpatient.de\/en\/wp-json\/wp\/v2\/types\/post"}],"author":[{"embeddable":true,"href":"https:\/\/www.apfelpatient.de\/en\/wp-json\/wp\/v2\/users\/2"}],"replies":[{"embeddable":true,"href":"https:\/\/www.apfelpatient.de\/en\/wp-json\/wp\/v2\/comments?post=16977"}],"version-history":[{"count":0,"href":"https:\/\/www.apfelpatient.de\/en\/wp-json\/wp\/v2\/posts\/16977\/revisions"}],"wp:featuredmedia":[{"embeddable":true,"href":"https:\/\/www.apfelpatient.de\/en\/wp-json\/wp\/v2\/media\/16916"}],"wp:attachment":[{"href":"https:\/\/www.apfelpatient.de\/en\/wp-json\/wp\/v2\/media?parent=16977"}],"wp:term":[{"taxonomy":"category","embeddable":true,"href":"https:\/\/www.apfelpatient.de\/en\/wp-json\/wp\/v2\/categories?post=16977"},{"taxonomy":"post_tag","embeddable":true,"href":"https:\/\/www.apfelpatient.de\/en\/wp-json\/wp\/v2\/tags?post=16977"}],"curies":[{"name":"wp","href":"https:\/\/api.w.org\/{rel}","templated":true}]}}