{"id":16919,"date":"2020-11-07T17:24:21","date_gmt":"2020-11-07T16:24:21","guid":{"rendered":"https:\/\/www.apfelpatient.de\/?p=16919"},"modified":"2020-11-07T17:24:22","modified_gmt":"2020-11-07T16:24:22","slug":"apple-wants-to-take-over-the-podcast-network-wondery","status":"publish","type":"post","link":"https:\/\/www.apfelpatient.de\/en\/rumors\/will-apple-das-podcast-netzwerk-wondery-uebernehmen","title":{"rendered":"Does Apple want to take over the podcast network Wondery?"},"content":{"rendered":"<p class=\"has-drop-cap\"><strong>Reports that Apple wants to strengthen its own podcast presence have been with us for some time. Now the podcast network Wondery is said to be in the running.<\/strong><\/p>\n\n\n\n<p>The usually well-informed news site Bloomberg <a href=\"https:\/\/www.bloomberg.com\/news\/articles\/2020-11-06\/apple-sony-said-to-hold-talks-about-buying-podcaster-wondery\" target=\"_blank\" rel=\"noreferrer noopener\">reported<\/a> Now there is talk that Apple could acquire Wondery, which could be the biggest podcast acquisition yet, according to people familiar with the matter.<\/p>\n\n\n\n<blockquote class=\"wp-block-quote is-layout-flow wp-block-quote-is-layout-flow\"><p>Wondery is seeking $300 million to $400 million in a potential sale, said the people, who asked not to be identified because negotiations are ongoing.<\/p><\/blockquote>\n\n\n\n<h3 class=\"wp-block-heading\" id=\"h-wondery-erreicht-monatlich-rund-acht-millionen-menschen\">Wondery reaches around eight million people every month<\/h3>\n\n\n\n\n\n\n\n<p>Apple is one of four companies in talks about a takeover. Spotify is also said to have been at the negotiating table. However, the streaming provider has dropped out of the race - according to the source.<\/p>\n\n\n\n<blockquote class=\"wp-block-quote is-layout-flow wp-block-quote-is-layout-flow\"><p>Apple and Sony are two of at least four companies that have discussed a deal with Wondery, according to one of the people. Although Spotify Technology SA has been the most aggressive buyer of podcasting companies over the past two years, the Swedish audio giant has withdrawn from the race, two people with knowledge of the talks said. A deal is expected in the coming months but there is no guarantee the talks will be successful.<\/p><\/blockquote>\n\n\n\n<p>Wondery is one of the largest independent podcast networks with a monthly audience of over eight million people. Apple is already working with the studio on a project for Apple TV+ that will follow the story of WeWork. The report continues:<\/p>\n\n\n\n<h3 class=\"wp-block-heading\" id=\"h-apple-tv-soll-mit-podcasts-kombiniert-werden\">Apple TV+ to be combined with podcasts<\/h3>\n\n\n\n<blockquote class=\"wp-block-quote is-layout-flow wp-block-quote-is-layout-flow\"><p>It&#039;s possible that the price tag could deter some would-be bidders, especially since the podcasting industry is still quite small. But Wondery has a number of podcasts that could be turned into TV series and other content. The company is already developing more than a dozen TV shows based on its podcasts, including a show for Apple about the rise and fall of WeWork.<\/p><\/blockquote>\n\n\n\n<p>It has been reported in the past that Apple apparently wants to combine its own TV+ content with podcasts. Overall, the company seems to be striving to expand its own presence in this area and build a bridge to Apple TV+. <em><a rel=\"noreferrer noopener\" target=\"_blank\" href=\"https:\/\/www.amazon.de?&amp;_encoding=UTF8&amp;tag=d.r.compae.k.-21&amp;linkCode=ur2&amp;linkId=cadcfb2544bd8a0b11e0d52b52eed08e&amp;camp=1638&amp;creative=6742\">Have you already discovered the early Black Friday offers on Amazon? It&#039;s worth being quick.<\/a> (Photo by Christian Horz \/ Bigstockphoto)<\/em><\/p>\n\n\n\n<ul class=\"wp-block-list\"><li><a href=\"https:\/\/www.apfelpatient.de\/en\/news\/how-to-play-apple-podcasts-on-amazon-echo\">How to play Apple Podcasts on Amazon Echo<\/a><\/li><\/ul>\n\n\n\n<h6 class=\"wp-block-heading translation-block\" id=\"h-kennt-ihr-schon-unsere-amazon-storefront-dort-findet-ihr-eine-handverlesene-auswahl-von-diversen-produkten-f-r-euer-iphone-und-co-viel-spa-beim-st-bern\"><em>Have you already visited our Amazon Storefront? There you&#039;ll find a hand-picked selection of various products for your iPhone and other devices \u2013 <span class=\"has-inline-color has-vivid-red-color\"><a href=\"https:\/\/www.amazon.de\/shop\/apfelpatientofficial\" class=\"ek-link\" data-wpel-link=\"exclude\" rel=\"follow noopener\" target=\"_self\"><span style=\"text-decoration: underline\" class=\"ek-underline\">enjoy browsing<\/span><\/a> !<\/span><\/em><\/h6>\n\n\n\n\n\n<h6 class=\"wp-block-heading translation-block\" id=\"h-der-beitrag-enthalt-partnerlinks\">This post contains <a data-type=\"URL\" data-id=\"https:\/\/www.apfelpatient.de\/partnerprogramm\" href=\"https:\/\/www.apfelpatient.de\/en\/partner-program\" data-wpel-link=\"internal\" target=\"_self\">affiliate links<\/a>.<\/h6>","protected":false},"excerpt":{"rendered":"<p>Apple wants to strengthen its own podcast presence: Now the podcast network Wondery is said to be in talks. Will it be taken over?<\/p>","protected":false},"author":2,"featured_media":16920,"comment_status":"closed","ping_status":"closed","sticky":false,"template":"","format":"standard","meta":{"jnews-multi-image_gallery":[],"jnews_single_post":{"subtitle":"","format":"standard","video":"","gallery":"","source_name":"","source_url":"","via_name":"","via_url":"","override":[{"single_blog_custom":"","sidebar":"","second_sidebar":"","share_position":"","share_float_style":"","post_date_format":"","post_date_format_custom":"","post_reading_time_wpm":"","zoom_button_out_step":"1","zoom_button_in_step":"1","number_popup_post":"1"}],"image_override":[{"single_post_thumbnail_size":"","single_post_gallery_size":""}],"trending_post_position":"","trending_post_label":"","sponsored_post_label":"","sponsored_post_name":"","sponsored_post_url":"","sponsored_post_logo":"","sponsored_post_desc":""},"jnews_primary_category":{"id":"25"},"footnotes":""},"categories":[25],"tags":[34,374],"class_list":["post-16919","post","type-post","status-publish","format-standard","has-post-thumbnail","hentry","category-rumors","tag-apple-dienste","tag-podcast"],"yoast_head":"<!-- This site is optimized with the Yoast SEO Premium plugin v27.5 (Yoast SEO v27.5) - https:\/\/yoast.com\/product\/yoast-seo-premium-wordpress\/ -->\n<title>Will Apple das Podcast-Netzwerk Wondery \u00fcbernehmen? Apfelpatient<\/title>\n<meta name=\"description\" content=\"Apple m\u00f6chte eigene Podcast-Pr\u00e4senz st\u00e4rken: Nun soll das Podcast-Netzwerk Wondery im Gespr\u00e4ch sein. Wird es zur \u00dcbernahme kommen?\" \/>\n<meta name=\"robots\" content=\"index, follow, max-snippet:-1, max-image-preview:large, max-video-preview:-1\" \/>\n<link rel=\"canonical\" href=\"https:\/\/www.apfelpatient.de\/en\/rumors\/apple-wants-to-take-over-the-podcast-network-wondery\" \/>\n<meta property=\"og:locale\" content=\"en_US\" \/>\n<meta property=\"og:type\" content=\"article\" \/>\n<meta property=\"og:title\" content=\"Will Apple das Podcast-Netzwerk Wondery \u00fcbernehmen?\" \/>\n<meta property=\"og:description\" content=\"Apple m\u00f6chte eigene Podcast-Pr\u00e4senz st\u00e4rken: Nun soll das Podcast-Netzwerk Wondery im Gespr\u00e4ch sein. Wird es zur \u00dcbernahme kommen?\" \/>\n<meta property=\"og:url\" content=\"https:\/\/www.apfelpatient.de\/en\/rumors\/apple-wants-to-take-over-the-podcast-network-wondery\" \/>\n<meta property=\"og:site_name\" content=\"Apfelpatient\" \/>\n<meta property=\"article:publisher\" content=\"https:\/\/www.facebook.com\/apfelpatientOfficial\" \/>\n<meta property=\"article:author\" content=\"https:\/\/www.facebook.com\/apfelpatientOfficial\" \/>\n<meta property=\"article:published_time\" content=\"2020-11-07T16:24:21+00:00\" \/>\n<meta property=\"article:modified_time\" content=\"2020-11-07T16:24:22+00:00\" \/>\n<meta property=\"og:image\" content=\"https:\/\/www.apfelpatient.de\/wp-content\/uploads\/2020\/11\/bigstock-Top-View-Of-Podcast-Recording-345618154.jpg\" \/>\n\t<meta property=\"og:image:width\" content=\"1600\" \/>\n\t<meta property=\"og:image:height\" content=\"1097\" \/>\n\t<meta property=\"og:image:type\" content=\"image\/jpeg\" \/>\n<meta name=\"author\" content=\"Milan\" \/>\n<meta name=\"twitter:card\" content=\"summary_large_image\" \/>\n<meta name=\"twitter:description\" content=\"Apple m\u00f6chte eigene Podcast-Pr\u00e4senz st\u00e4rken: Nun soll das Podcast-Netzwerk Wondery im Gespr\u00e4ch sein. Wird es zur \u00dcbernahme kommen?\" \/>\n<meta name=\"twitter:label1\" content=\"Written by\" \/>\n\t<meta name=\"twitter:data1\" content=\"Milan\" \/>\n\t<meta name=\"twitter:label2\" content=\"Est. reading time\" \/>\n\t<meta name=\"twitter:data2\" content=\"2 minutes\" \/>\n<script type=\"application\/ld+json\" class=\"yoast-schema-graph\">{\"@context\":\"https:\\\/\\\/schema.org\",\"@graph\":[{\"@type\":\"NewsArticle\",\"@id\":\"https:\\\/\\\/www.apfelpatient.de\\\/rumors\\\/will-apple-das-podcast-netzwerk-wondery-uebernehmen#article\",\"isPartOf\":{\"@id\":\"https:\\\/\\\/www.apfelpatient.de\\\/rumors\\\/will-apple-das-podcast-netzwerk-wondery-uebernehmen\"},\"author\":{\"@type\":\"Organization\",\"@id\":\"https:\\\/\\\/www.apfelpatient.de\\\/en\\\/#organization\",\"name\":\"Apfelpatient\",\"url\":\"https:\\\/\\\/www.apfelpatient.de\\\/en\\\/\"},\"headline\":\"Will Apple das Podcast-Netzwerk Wondery \u00fcbernehmen?\",\"datePublished\":\"2020-11-07T16:24:21+00:00\",\"dateModified\":\"2020-11-07T16:24:22+00:00\",\"mainEntityOfPage\":{\"@id\":\"https:\\\/\\\/www.apfelpatient.de\\\/rumors\\\/will-apple-das-podcast-netzwerk-wondery-uebernehmen\"},\"wordCount\":404,\"publisher\":{\"@type\":\"Organization\",\"@id\":\"https:\\\/\\\/www.apfelpatient.de\\\/en\\\/#organization\",\"name\":\"Apfelpatient\",\"url\":\"https:\\\/\\\/www.apfelpatient.de\\\/en\\\/\"},\"image\":{\"@id\":\"https:\\\/\\\/www.apfelpatient.de\\\/rumors\\\/will-apple-das-podcast-netzwerk-wondery-uebernehmen#primaryimage\"},\"thumbnailUrl\":\"https:\\\/\\\/www.apfelpatient.de\\\/wp-content\\\/uploads\\\/2020\\\/11\\\/bigstock-Top-View-Of-Podcast-Recording-345618154.jpg\",\"keywords\":[\"Apple Dienste\",\"Podcast\"],\"articleSection\":\"Rumors\",\"inLanguage\":\"en-US\",\"copyrightYear\":\"2020\",\"copyrightHolder\":{\"@id\":\"https:\\\/\\\/www.apfelpatient.de\\\/en\\\/#organization\"}},{\"@type\":\"WebPage\",\"@id\":\"https:\\\/\\\/www.apfelpatient.de\\\/rumors\\\/will-apple-das-podcast-netzwerk-wondery-uebernehmen\",\"url\":\"https:\\\/\\\/www.apfelpatient.de\\\/rumors\\\/will-apple-das-podcast-netzwerk-wondery-uebernehmen\",\"name\":\"Will Apple das Podcast-Netzwerk Wondery \u00fcbernehmen? Apfelpatient\",\"isPartOf\":{\"@id\":\"https:\\\/\\\/www.apfelpatient.de\\\/#website\"},\"primaryImageOfPage\":{\"@id\":\"https:\\\/\\\/www.apfelpatient.de\\\/rumors\\\/will-apple-das-podcast-netzwerk-wondery-uebernehmen#primaryimage\"},\"image\":{\"@id\":\"https:\\\/\\\/www.apfelpatient.de\\\/rumors\\\/will-apple-das-podcast-netzwerk-wondery-uebernehmen#primaryimage\"},\"thumbnailUrl\":\"https:\\\/\\\/www.apfelpatient.de\\\/wp-content\\\/uploads\\\/2020\\\/11\\\/bigstock-Top-View-Of-Podcast-Recording-345618154.jpg\",\"datePublished\":\"2020-11-07T16:24:21+00:00\",\"dateModified\":\"2020-11-07T16:24:22+00:00\",\"description\":\"Apple m\u00f6chte eigene Podcast-Pr\u00e4senz st\u00e4rken: Nun soll das Podcast-Netzwerk Wondery im Gespr\u00e4ch sein. Wird es zur \u00dcbernahme kommen?\",\"breadcrumb\":{\"@id\":\"https:\\\/\\\/www.apfelpatient.de\\\/rumors\\\/will-apple-das-podcast-netzwerk-wondery-uebernehmen#breadcrumb\"},\"inLanguage\":\"en-US\",\"potentialAction\":[{\"@type\":\"ReadAction\",\"target\":[\"https:\\\/\\\/www.apfelpatient.de\\\/rumors\\\/will-apple-das-podcast-netzwerk-wondery-uebernehmen\"]}]},{\"@type\":\"ImageObject\",\"inLanguage\":\"en-US\",\"@id\":\"https:\\\/\\\/www.apfelpatient.de\\\/rumors\\\/will-apple-das-podcast-netzwerk-wondery-uebernehmen#primaryimage\",\"url\":\"https:\\\/\\\/www.apfelpatient.de\\\/wp-content\\\/uploads\\\/2020\\\/11\\\/bigstock-Top-View-Of-Podcast-Recording-345618154.jpg\",\"contentUrl\":\"https:\\\/\\\/www.apfelpatient.de\\\/wp-content\\\/uploads\\\/2020\\\/11\\\/bigstock-Top-View-Of-Podcast-Recording-345618154.jpg\",\"width\":1600,\"height\":1097,\"caption\":\"top view of podcast recording equipment on rustic wooden table with words new podcast episode written on spiral notepad\"},{\"@type\":\"BreadcrumbList\",\"@id\":\"https:\\\/\\\/www.apfelpatient.de\\\/rumors\\\/will-apple-das-podcast-netzwerk-wondery-uebernehmen#breadcrumb\",\"itemListElement\":[{\"@type\":\"ListItem\",\"position\":1,\"name\":\"Startseite\",\"item\":\"https:\\\/\\\/www.apfelpatient.de\\\/\"},{\"@type\":\"ListItem\",\"position\":2,\"name\":\"Will Apple das Podcast-Netzwerk Wondery \u00fcbernehmen?\"}]},{\"@type\":\"WebSite\",\"@id\":\"https:\\\/\\\/www.apfelpatient.de\\\/#website\",\"url\":\"https:\\\/\\\/www.apfelpatient.de\\\/\",\"name\":\"Apfelpatient\",\"description\":\"Alles rund um Apple!\",\"publisher\":{\"@type\":\"Organization\",\"@id\":\"https:\\\/\\\/www.apfelpatient.de\\\/en\\\/#organization\",\"name\":\"Apfelpatient\",\"url\":\"https:\\\/\\\/www.apfelpatient.de\\\/en\\\/\"},\"alternateName\":\"Apfelpatient\",\"potentialAction\":[{\"@type\":\"SearchAction\",\"target\":{\"@type\":\"EntryPoint\",\"urlTemplate\":\"https:\\\/\\\/www.apfelpatient.de\\\/?s={search_term_string}\"},\"query-input\":{\"@type\":\"PropertyValueSpecification\",\"valueRequired\":true,\"valueName\":\"search_term_string\"}}],\"inLanguage\":\"en-US\"},{\"@type\":[\"Person\",\"Organization\"],\"@id\":\"https:\\\/\\\/www.apfelpatient.de\\\/#\\\/schema\\\/person\\\/35b3ddba5832f2bfc7fff5206d4f6b7b\",\"name\":\"Milan\",\"logo\":{\"@id\":\"https:\\\/\\\/www.apfelpatient.de\\\/#\\\/schema\\\/person\\\/image\\\/\"},\"description\":\"Hallo und herzlich willkommen auf meinem Technik-Blog! Als gro\u00dfer Apple-Fan berichte ich hier \u00fcber alles, was mit Apple zu tun hat: von den neuesten News und spannenden Ger\u00fcchten \u00fcber hilfreiche Tipps und Tricks bis hin zu ausf\u00fchrlichen Produkttests. Wenn du genauso technikbegeistert bist wie ich, bist du hier genau richtig!\",\"sameAs\":[\"https:\\\/\\\/www.facebook.com\\\/apfelpatientOfficial\",\"https:\\\/\\\/www.linkedin.com\\\/in\\\/milan-jovicic-42aa0231b\"],\"url\":\"https:\\\/\\\/www.apfelpatient.de\\\/en\\\/author\\\/apfeladmin\"}]}<\/script>\n<!-- \/ Yoast SEO Premium plugin. -->","yoast_head_json":{"title":"Does Apple want to take over the podcast network Wondery? Apfelpatient","description":"Apple wants to strengthen its own podcast presence: Now the podcast network Wondery is said to be in talks. Will it be taken over?","robots":{"index":"index","follow":"follow","max-snippet":"max-snippet:-1","max-image-preview":"max-image-preview:large","max-video-preview":"max-video-preview:-1"},"canonical":"https:\/\/www.apfelpatient.de\/en\/rumors\/apple-wants-to-take-over-the-podcast-network-wondery","og_locale":"en_US","og_type":"article","og_title":"Will Apple das Podcast-Netzwerk Wondery \u00fcbernehmen?","og_description":"Apple m\u00f6chte eigene Podcast-Pr\u00e4senz st\u00e4rken: Nun soll das Podcast-Netzwerk Wondery im Gespr\u00e4ch sein. Wird es zur \u00dcbernahme kommen?","og_url":"https:\/\/www.apfelpatient.de\/en\/rumors\/apple-wants-to-take-over-the-podcast-network-wondery","og_site_name":"Apfelpatient","article_publisher":"https:\/\/www.facebook.com\/apfelpatientOfficial","article_author":"https:\/\/www.facebook.com\/apfelpatientOfficial","article_published_time":"2020-11-07T16:24:21+00:00","article_modified_time":"2020-11-07T16:24:22+00:00","og_image":[{"width":1600,"height":1097,"url":"https:\/\/www.apfelpatient.de\/wp-content\/uploads\/2020\/11\/bigstock-Top-View-Of-Podcast-Recording-345618154.jpg","type":"image\/jpeg"}],"author":"Milan","twitter_card":"summary_large_image","twitter_description":"Apple m\u00f6chte eigene Podcast-Pr\u00e4senz st\u00e4rken: Nun soll das Podcast-Netzwerk Wondery im Gespr\u00e4ch sein. Wird es zur \u00dcbernahme kommen?","twitter_misc":{"Written by":"Milan","Est. reading time":"2 minutes"},"schema":{"@context":"https:\/\/schema.org","@graph":[{"@type":"NewsArticle","@id":"https:\/\/www.apfelpatient.de\/rumors\/will-apple-das-podcast-netzwerk-wondery-uebernehmen#article","isPartOf":{"@id":"https:\/\/www.apfelpatient.de\/rumors\/will-apple-das-podcast-netzwerk-wondery-uebernehmen"},"author":{"@type":"Organization","@id":"https:\/\/www.apfelpatient.de\/en\/#organization","name":"Apfelpatient","url":"https:\/\/www.apfelpatient.de\/en\/"},"headline":"Will Apple das Podcast-Netzwerk Wondery \u00fcbernehmen?","datePublished":"2020-11-07T16:24:21+00:00","dateModified":"2020-11-07T16:24:22+00:00","mainEntityOfPage":{"@id":"https:\/\/www.apfelpatient.de\/rumors\/will-apple-das-podcast-netzwerk-wondery-uebernehmen"},"wordCount":404,"publisher":{"@type":"Organization","@id":"https:\/\/www.apfelpatient.de\/en\/#organization","name":"Apfelpatient","url":"https:\/\/www.apfelpatient.de\/en\/"},"image":{"@id":"https:\/\/www.apfelpatient.de\/rumors\/will-apple-das-podcast-netzwerk-wondery-uebernehmen#primaryimage"},"thumbnailUrl":"https:\/\/www.apfelpatient.de\/wp-content\/uploads\/2020\/11\/bigstock-Top-View-Of-Podcast-Recording-345618154.jpg","keywords":["Apple Dienste","Podcast"],"articleSection":"Rumors","inLanguage":"en-US","copyrightYear":"2020","copyrightHolder":{"@id":"https:\/\/www.apfelpatient.de\/en\/#organization"}},{"@type":"WebPage","@id":"https:\/\/www.apfelpatient.de\/rumors\/will-apple-das-podcast-netzwerk-wondery-uebernehmen","url":"https:\/\/www.apfelpatient.de\/rumors\/will-apple-das-podcast-netzwerk-wondery-uebernehmen","name":"Does Apple want to take over the podcast network Wondery? Apfelpatient","isPartOf":{"@id":"https:\/\/www.apfelpatient.de\/#website"},"primaryImageOfPage":{"@id":"https:\/\/www.apfelpatient.de\/rumors\/will-apple-das-podcast-netzwerk-wondery-uebernehmen#primaryimage"},"image":{"@id":"https:\/\/www.apfelpatient.de\/rumors\/will-apple-das-podcast-netzwerk-wondery-uebernehmen#primaryimage"},"thumbnailUrl":"https:\/\/www.apfelpatient.de\/wp-content\/uploads\/2020\/11\/bigstock-Top-View-Of-Podcast-Recording-345618154.jpg","datePublished":"2020-11-07T16:24:21+00:00","dateModified":"2020-11-07T16:24:22+00:00","description":"Apple wants to strengthen its own podcast presence: Now the podcast network Wondery is said to be in talks. Will it be taken over?","breadcrumb":{"@id":"https:\/\/www.apfelpatient.de\/rumors\/will-apple-das-podcast-netzwerk-wondery-uebernehmen#breadcrumb"},"inLanguage":"en-US","potentialAction":[{"@type":"ReadAction","target":["https:\/\/www.apfelpatient.de\/rumors\/will-apple-das-podcast-netzwerk-wondery-uebernehmen"]}]},{"@type":"ImageObject","inLanguage":"en-US","@id":"https:\/\/www.apfelpatient.de\/rumors\/will-apple-das-podcast-netzwerk-wondery-uebernehmen#primaryimage","url":"https:\/\/www.apfelpatient.de\/wp-content\/uploads\/2020\/11\/bigstock-Top-View-Of-Podcast-Recording-345618154.jpg","contentUrl":"https:\/\/www.apfelpatient.de\/wp-content\/uploads\/2020\/11\/bigstock-Top-View-Of-Podcast-Recording-345618154.jpg","width":1600,"height":1097,"caption":"top view of podcast recording equipment on rustic wooden table with words new podcast episode written on spiral notepad"},{"@type":"BreadcrumbList","@id":"https:\/\/www.apfelpatient.de\/rumors\/will-apple-das-podcast-netzwerk-wondery-uebernehmen#breadcrumb","itemListElement":[{"@type":"ListItem","position":1,"name":"Startseite","item":"https:\/\/www.apfelpatient.de\/"},{"@type":"ListItem","position":2,"name":"Will Apple das Podcast-Netzwerk Wondery \u00fcbernehmen?"}]},{"@type":"WebSite","@id":"https:\/\/www.apfelpatient.de\/#website","url":"https:\/\/www.apfelpatient.de\/","name":"apple patient","description":"Everything about Apple!","publisher":{"@type":"Organization","@id":"https:\/\/www.apfelpatient.de\/en\/#organization","name":"Apfelpatient","url":"https:\/\/www.apfelpatient.de\/en\/"},"alternateName":"Apfelpatient","potentialAction":[{"@type":"SearchAction","target":{"@type":"EntryPoint","urlTemplate":"https:\/\/www.apfelpatient.de\/?s={search_term_string}"},"query-input":{"@type":"PropertyValueSpecification","valueRequired":true,"valueName":"search_term_string"}}],"inLanguage":"en-US"},{"@type":["Person","Organization"],"@id":"https:\/\/www.apfelpatient.de\/#\/schema\/person\/35b3ddba5832f2bfc7fff5206d4f6b7b","name":"Milan","logo":{"@id":"https:\/\/www.apfelpatient.de\/#\/schema\/person\/image\/"},"description":"Hello and welcome to my technology blog! As a big Apple fan, I report on everything to do with Apple: from the latest news and exciting rumors to helpful tips and tricks and detailed product tests. If you are as enthusiastic about technology as I am, you have come to the right place!","sameAs":["https:\/\/www.facebook.com\/apfelpatientOfficial","https:\/\/www.linkedin.com\/in\/milan-jovicic-42aa0231b"],"url":"https:\/\/www.apfelpatient.de\/en\/author\/apfeladmin"}]}},"_links":{"self":[{"href":"https:\/\/www.apfelpatient.de\/en\/wp-json\/wp\/v2\/posts\/16919","targetHints":{"allow":["GET"]}}],"collection":[{"href":"https:\/\/www.apfelpatient.de\/en\/wp-json\/wp\/v2\/posts"}],"about":[{"href":"https:\/\/www.apfelpatient.de\/en\/wp-json\/wp\/v2\/types\/post"}],"author":[{"embeddable":true,"href":"https:\/\/www.apfelpatient.de\/en\/wp-json\/wp\/v2\/users\/2"}],"replies":[{"embeddable":true,"href":"https:\/\/www.apfelpatient.de\/en\/wp-json\/wp\/v2\/comments?post=16919"}],"version-history":[{"count":0,"href":"https:\/\/www.apfelpatient.de\/en\/wp-json\/wp\/v2\/posts\/16919\/revisions"}],"wp:featuredmedia":[{"embeddable":true,"href":"https:\/\/www.apfelpatient.de\/en\/wp-json\/wp\/v2\/media\/16920"}],"wp:attachment":[{"href":"https:\/\/www.apfelpatient.de\/en\/wp-json\/wp\/v2\/media?parent=16919"}],"wp:term":[{"taxonomy":"category","embeddable":true,"href":"https:\/\/www.apfelpatient.de\/en\/wp-json\/wp\/v2\/categories?post=16919"},{"taxonomy":"post_tag","embeddable":true,"href":"https:\/\/www.apfelpatient.de\/en\/wp-json\/wp\/v2\/tags?post=16919"}],"curies":[{"name":"wp","href":"https:\/\/api.w.org\/{rel}","templated":true}]}}