{"id":1688,"date":"2018-08-24T12:16:37","date_gmt":"2018-08-24T10:16:37","guid":{"rendered":"https:\/\/www.apfelpatient.de\/?p=1688"},"modified":"2025-02-06T07:06:29","modified_gmt":"2025-02-06T06:06:29","slug":"new-apple-pencil-on-the-way","status":"publish","type":"post","link":"https:\/\/www.apfelpatient.de\/en\/news\/neuer-apple-pencil-im-anmarsch","title":{"rendered":"New Apple Pencil on the way?"},"content":{"rendered":"<p><strong>Current rumors say that the next iPhone generation will have stylus support. Apple itself is also causing further speculation.<\/strong><\/p>\n\n<p>The Apple Pencil was introduced in 2015 together with the first iPad Pro and went on sale for 109 euros. Now the iGroup is offering the pencil &quot;refurbished&quot; and with a full guarantee for 85 euros. Apple&#039;s stylus is currently available for 99 euros. The likelihood that Apple will introduce a successor model is therefore increasing significantly. If the current rumors are to be believed, at least one of the new iPhones could come with Apple Pencil support. Apple would have to follow suit here at the latest. With a length of 175 mm and a weight of 20 grams, the Pencil would be anything but smart for use with the iPhone. <em>(Photo by Ekaterina79 \/ Bigstockphoto)<\/em><\/p>\n<p><strong>The Apple Pencil is popular, especially among artists. It remains to be seen whether such use on the iPhone could also gain popularity.<\/strong><\/p>\n<h4><a href=\"https:\/\/www.apfelpatient.de\/en\"><em><strong>Rumors: Will the new iPhones support the Apple Pencil?<\/strong><\/em><\/a><\/h4>","protected":false},"excerpt":{"rendered":"<p>Aktuelle Ger\u00fcchte besagen, dass die kommende iPhone Generation eine Stift-Unterst\u00fctzung bekommen wird. Auch Apple selbst sorgt f\u00fcr weitere Spekulationen. Der Apple Pencil wurde 2015 zusammen mit dem ersten iPad Pro vorgestellt und f\u00fcr 109 Euro in den Verkauf gelegt. Nun bietet der iKonzern den Stift \u201egeneral\u00fcberholt\u201c und mit voller Garantie f\u00fcr 85 Euro an. Neu [&hellip;]<\/p>\n","protected":false},"author":2,"featured_media":6926,"comment_status":"open","ping_status":"open","sticky":false,"template":"","format":"standard","meta":{"jnews-multi-image_gallery":[],"jnews_single_post":{"subtitle":"","format":"standard","video":"","gallery":"","source_name":"","source_url":"","via_name":"","via_url":"","override":[{"single_blog_custom":"","sidebar":"","second_sidebar":"","share_position":"","share_float_style":"","post_date_format":"","post_date_format_custom":"","post_reading_time_wpm":"","zoom_button_out_step":"1","zoom_button_in_step":"1","number_popup_post":"1"}],"image_override":[{"single_post_thumbnail_size":"","single_post_gallery_size":""}],"trending_post_position":"","trending_post_label":"","sponsored_post_label":"","sponsored_post_name":"","sponsored_post_url":"","sponsored_post_logo":"","sponsored_post_desc":""},"jnews_primary_category":{"id":""},"footnotes":""},"categories":[9],"tags":[17,18,66,8],"class_list":["post-1688","post","type-post","status-publish","format-standard","has-post-thumbnail","hentry","category-news","tag-apple-pencil","tag-ipad","tag-ipad-pro","tag-iphone"],"yoast_head":"<!-- This site is optimized with the Yoast SEO Premium plugin v27.5 (Yoast SEO v27.5) - https:\/\/yoast.com\/product\/yoast-seo-premium-wordpress\/ -->\n<title>Neuer Apple Pencil im Anmarsch? Apfelpatient<\/title>\n<meta name=\"description\" content=\"Aktuelle Ger\u00fcchte besagen, dass die kommende iPhone Generation eine Stift-Unterst\u00fctzung bekommen wird. Auch Apple selbst sorgt f\u00fcr weitere Spekulationen.\" \/>\n<meta name=\"robots\" content=\"index, follow, max-snippet:-1, max-image-preview:large, max-video-preview:-1\" \/>\n<link rel=\"canonical\" href=\"https:\/\/www.apfelpatient.de\/en\/news\/new-apple-pencil-on-the-way\" \/>\n<meta property=\"og:locale\" content=\"en_US\" \/>\n<meta property=\"og:type\" content=\"article\" \/>\n<meta property=\"og:title\" content=\"Neuer Apple Pencil im Anmarsch?\" \/>\n<meta property=\"og:description\" content=\"Aktuelle Ger\u00fcchte besagen, dass die kommende iPhone Generation eine Stift-Unterst\u00fctzung bekommen wird. Auch Apple selbst sorgt f\u00fcr weitere Spekulationen.\" \/>\n<meta property=\"og:url\" content=\"https:\/\/www.apfelpatient.de\/en\/news\/new-apple-pencil-on-the-way\" \/>\n<meta property=\"og:site_name\" content=\"Apfelpatient\" \/>\n<meta property=\"article:publisher\" content=\"https:\/\/www.facebook.com\/apfelpatientOfficial\" \/>\n<meta property=\"article:author\" content=\"https:\/\/www.facebook.com\/apfelpatientOfficial\" \/>\n<meta property=\"article:published_time\" content=\"2018-08-24T10:16:37+00:00\" \/>\n<meta property=\"article:modified_time\" content=\"2025-02-06T06:06:29+00:00\" \/>\n<meta property=\"og:image\" content=\"https:\/\/www.apfelpatient.de\/wp-content\/uploads\/2019\/10\/bigstock-Tambov-Russian-Federation-A-291068272.jpg\" \/>\n\t<meta property=\"og:image:width\" content=\"1600\" \/>\n\t<meta property=\"og:image:height\" content=\"1067\" \/>\n\t<meta property=\"og:image:type\" content=\"image\/jpeg\" \/>\n<meta name=\"author\" content=\"Milan\" \/>\n<meta name=\"twitter:card\" content=\"summary_large_image\" \/>\n<meta name=\"twitter:label1\" content=\"Written by\" \/>\n\t<meta name=\"twitter:data1\" content=\"Milan\" \/>\n\t<meta name=\"twitter:label2\" content=\"Est. reading time\" \/>\n\t<meta name=\"twitter:data2\" content=\"1 minute\" \/>\n<script type=\"application\/ld+json\" class=\"yoast-schema-graph\">{\"@context\":\"https:\\\/\\\/schema.org\",\"@graph\":[{\"@type\":\"NewsArticle\",\"@id\":\"https:\\\/\\\/www.apfelpatient.de\\\/news\\\/neuer-apple-pencil-im-anmarsch#article\",\"isPartOf\":{\"@id\":\"https:\\\/\\\/www.apfelpatient.de\\\/news\\\/neuer-apple-pencil-im-anmarsch\"},\"author\":{\"@type\":\"Organization\",\"@id\":\"https:\\\/\\\/www.apfelpatient.de\\\/en\\\/#organization\",\"name\":\"Apfelpatient\",\"url\":\"https:\\\/\\\/www.apfelpatient.de\\\/en\\\/\"},\"headline\":\"Neuer Apple Pencil im Anmarsch?\",\"datePublished\":\"2018-08-24T10:16:37+00:00\",\"dateModified\":\"2025-02-06T06:06:29+00:00\",\"mainEntityOfPage\":{\"@id\":\"https:\\\/\\\/www.apfelpatient.de\\\/news\\\/neuer-apple-pencil-im-anmarsch\"},\"wordCount\":177,\"commentCount\":0,\"publisher\":{\"@type\":\"Organization\",\"@id\":\"https:\\\/\\\/www.apfelpatient.de\\\/en\\\/#organization\",\"name\":\"Apfelpatient\",\"url\":\"https:\\\/\\\/www.apfelpatient.de\\\/en\\\/\"},\"image\":{\"@id\":\"https:\\\/\\\/www.apfelpatient.de\\\/news\\\/neuer-apple-pencil-im-anmarsch#primaryimage\"},\"thumbnailUrl\":\"https:\\\/\\\/www.apfelpatient.de\\\/wp-content\\\/uploads\\\/2019\\\/10\\\/bigstock-Tambov-Russian-Federation-A-291068272.jpg\",\"keywords\":[\"Apple Pencil\",\"iPad\",\"iPad Pro\",\"iPhone\"],\"articleSection\":\"News\",\"inLanguage\":\"en-US\",\"potentialAction\":[{\"@type\":\"CommentAction\",\"name\":\"Comment\",\"target\":[\"https:\\\/\\\/www.apfelpatient.de\\\/news\\\/neuer-apple-pencil-im-anmarsch#respond\"]}],\"copyrightYear\":\"2018\",\"copyrightHolder\":{\"@id\":\"https:\\\/\\\/www.apfelpatient.de\\\/en\\\/#organization\"}},{\"@type\":\"WebPage\",\"@id\":\"https:\\\/\\\/www.apfelpatient.de\\\/news\\\/neuer-apple-pencil-im-anmarsch\",\"url\":\"https:\\\/\\\/www.apfelpatient.de\\\/news\\\/neuer-apple-pencil-im-anmarsch\",\"name\":\"Neuer Apple Pencil im Anmarsch? Apfelpatient\",\"isPartOf\":{\"@id\":\"https:\\\/\\\/www.apfelpatient.de\\\/#website\"},\"primaryImageOfPage\":{\"@id\":\"https:\\\/\\\/www.apfelpatient.de\\\/news\\\/neuer-apple-pencil-im-anmarsch#primaryimage\"},\"image\":{\"@id\":\"https:\\\/\\\/www.apfelpatient.de\\\/news\\\/neuer-apple-pencil-im-anmarsch#primaryimage\"},\"thumbnailUrl\":\"https:\\\/\\\/www.apfelpatient.de\\\/wp-content\\\/uploads\\\/2019\\\/10\\\/bigstock-Tambov-Russian-Federation-A-291068272.jpg\",\"datePublished\":\"2018-08-24T10:16:37+00:00\",\"dateModified\":\"2025-02-06T06:06:29+00:00\",\"description\":\"Aktuelle Ger\u00fcchte besagen, dass die kommende iPhone Generation eine Stift-Unterst\u00fctzung bekommen wird. Auch Apple selbst sorgt f\u00fcr weitere Spekulationen.\",\"breadcrumb\":{\"@id\":\"https:\\\/\\\/www.apfelpatient.de\\\/news\\\/neuer-apple-pencil-im-anmarsch#breadcrumb\"},\"inLanguage\":\"en-US\",\"potentialAction\":[{\"@type\":\"ReadAction\",\"target\":[\"https:\\\/\\\/www.apfelpatient.de\\\/news\\\/neuer-apple-pencil-im-anmarsch\"]}]},{\"@type\":\"ImageObject\",\"inLanguage\":\"en-US\",\"@id\":\"https:\\\/\\\/www.apfelpatient.de\\\/news\\\/neuer-apple-pencil-im-anmarsch#primaryimage\",\"url\":\"https:\\\/\\\/www.apfelpatient.de\\\/wp-content\\\/uploads\\\/2019\\\/10\\\/bigstock-Tambov-Russian-Federation-A-291068272.jpg\",\"contentUrl\":\"https:\\\/\\\/www.apfelpatient.de\\\/wp-content\\\/uploads\\\/2019\\\/10\\\/bigstock-Tambov-Russian-Federation-A-291068272.jpg\",\"width\":1600,\"height\":1067,\"caption\":\"Tambov, Russian Federation - August 23, 2017 Apple Pencil in person hand with Apple iPad Pro 10.5. and Pencil box on green background. Studio shot.\"},{\"@type\":\"BreadcrumbList\",\"@id\":\"https:\\\/\\\/www.apfelpatient.de\\\/news\\\/neuer-apple-pencil-im-anmarsch#breadcrumb\",\"itemListElement\":[{\"@type\":\"ListItem\",\"position\":1,\"name\":\"Startseite\",\"item\":\"https:\\\/\\\/www.apfelpatient.de\\\/\"},{\"@type\":\"ListItem\",\"position\":2,\"name\":\"Neuer Apple Pencil im Anmarsch?\"}]},{\"@type\":\"WebSite\",\"@id\":\"https:\\\/\\\/www.apfelpatient.de\\\/#website\",\"url\":\"https:\\\/\\\/www.apfelpatient.de\\\/\",\"name\":\"Apfelpatient\",\"description\":\"Alles rund um Apple!\",\"publisher\":{\"@type\":\"Organization\",\"@id\":\"https:\\\/\\\/www.apfelpatient.de\\\/en\\\/#organization\",\"name\":\"Apfelpatient\",\"url\":\"https:\\\/\\\/www.apfelpatient.de\\\/en\\\/\"},\"alternateName\":\"Apfelpatient\",\"potentialAction\":[{\"@type\":\"SearchAction\",\"target\":{\"@type\":\"EntryPoint\",\"urlTemplate\":\"https:\\\/\\\/www.apfelpatient.de\\\/?s={search_term_string}\"},\"query-input\":{\"@type\":\"PropertyValueSpecification\",\"valueRequired\":true,\"valueName\":\"search_term_string\"}}],\"inLanguage\":\"en-US\"},{\"@type\":[\"Person\",\"Organization\"],\"@id\":\"https:\\\/\\\/www.apfelpatient.de\\\/#\\\/schema\\\/person\\\/7dc56ad6c8e9824b76d2c08d4c140e13\",\"name\":\"Milan\",\"logo\":{\"@id\":\"https:\\\/\\\/www.apfelpatient.de\\\/#\\\/schema\\\/person\\\/image\\\/\"},\"description\":\"Hallo und herzlich willkommen auf meinem Technik-Blog! Als gro\u00dfer Apple-Fan berichte ich hier \u00fcber alles, was mit Apple zu tun hat: von den neuesten News und spannenden Ger\u00fcchten \u00fcber hilfreiche Tipps und Tricks bis hin zu ausf\u00fchrlichen Produkttests. Wenn du genauso technikbegeistert bist wie ich, bist du hier genau richtig!\",\"sameAs\":[\"https:\\\/\\\/www.facebook.com\\\/apfelpatientOfficial\",\"https:\\\/\\\/www.linkedin.com\\\/in\\\/milan-jovicic-42aa0231b\"],\"url\":\"https:\\\/\\\/www.apfelpatient.de\\\/en\\\/author\\\/apfeladmin\"}]}<\/script>\n<!-- \/ Yoast SEO Premium plugin. -->","yoast_head_json":{"title":"New Apple Pencil on the way? Apfelpatient","description":"Current rumors say that the next iPhone generation will have stylus support. Apple itself is also causing further speculation.","robots":{"index":"index","follow":"follow","max-snippet":"max-snippet:-1","max-image-preview":"max-image-preview:large","max-video-preview":"max-video-preview:-1"},"canonical":"https:\/\/www.apfelpatient.de\/en\/news\/new-apple-pencil-on-the-way","og_locale":"en_US","og_type":"article","og_title":"Neuer Apple Pencil im Anmarsch?","og_description":"Aktuelle Ger\u00fcchte besagen, dass die kommende iPhone Generation eine Stift-Unterst\u00fctzung bekommen wird. Auch Apple selbst sorgt f\u00fcr weitere Spekulationen.","og_url":"https:\/\/www.apfelpatient.de\/en\/news\/new-apple-pencil-on-the-way","og_site_name":"Apfelpatient","article_publisher":"https:\/\/www.facebook.com\/apfelpatientOfficial","article_author":"https:\/\/www.facebook.com\/apfelpatientOfficial","article_published_time":"2018-08-24T10:16:37+00:00","article_modified_time":"2025-02-06T06:06:29+00:00","og_image":[{"width":1600,"height":1067,"url":"https:\/\/www.apfelpatient.de\/wp-content\/uploads\/2019\/10\/bigstock-Tambov-Russian-Federation-A-291068272.jpg","type":"image\/jpeg"}],"author":"Milan","twitter_card":"summary_large_image","twitter_misc":{"Written by":"Milan","Est. reading time":"1 minute"},"schema":{"@context":"https:\/\/schema.org","@graph":[{"@type":"NewsArticle","@id":"https:\/\/www.apfelpatient.de\/news\/neuer-apple-pencil-im-anmarsch#article","isPartOf":{"@id":"https:\/\/www.apfelpatient.de\/news\/neuer-apple-pencil-im-anmarsch"},"author":{"@type":"Organization","@id":"https:\/\/www.apfelpatient.de\/en\/#organization","name":"Apfelpatient","url":"https:\/\/www.apfelpatient.de\/en\/"},"headline":"Neuer Apple Pencil im Anmarsch?","datePublished":"2018-08-24T10:16:37+00:00","dateModified":"2025-02-06T06:06:29+00:00","mainEntityOfPage":{"@id":"https:\/\/www.apfelpatient.de\/news\/neuer-apple-pencil-im-anmarsch"},"wordCount":177,"commentCount":0,"publisher":{"@type":"Organization","@id":"https:\/\/www.apfelpatient.de\/en\/#organization","name":"Apfelpatient","url":"https:\/\/www.apfelpatient.de\/en\/"},"image":{"@id":"https:\/\/www.apfelpatient.de\/news\/neuer-apple-pencil-im-anmarsch#primaryimage"},"thumbnailUrl":"https:\/\/www.apfelpatient.de\/wp-content\/uploads\/2019\/10\/bigstock-Tambov-Russian-Federation-A-291068272.jpg","keywords":["Apple Pencil","iPad","iPad Pro","iPhone"],"articleSection":"News","inLanguage":"en-US","potentialAction":[{"@type":"CommentAction","name":"Comment","target":["https:\/\/www.apfelpatient.de\/news\/neuer-apple-pencil-im-anmarsch#respond"]}],"copyrightYear":"2018","copyrightHolder":{"@id":"https:\/\/www.apfelpatient.de\/en\/#organization"}},{"@type":"WebPage","@id":"https:\/\/www.apfelpatient.de\/news\/neuer-apple-pencil-im-anmarsch","url":"https:\/\/www.apfelpatient.de\/news\/neuer-apple-pencil-im-anmarsch","name":"New Apple Pencil on the way? Apfelpatient","isPartOf":{"@id":"https:\/\/www.apfelpatient.de\/#website"},"primaryImageOfPage":{"@id":"https:\/\/www.apfelpatient.de\/news\/neuer-apple-pencil-im-anmarsch#primaryimage"},"image":{"@id":"https:\/\/www.apfelpatient.de\/news\/neuer-apple-pencil-im-anmarsch#primaryimage"},"thumbnailUrl":"https:\/\/www.apfelpatient.de\/wp-content\/uploads\/2019\/10\/bigstock-Tambov-Russian-Federation-A-291068272.jpg","datePublished":"2018-08-24T10:16:37+00:00","dateModified":"2025-02-06T06:06:29+00:00","description":"Current rumors say that the next iPhone generation will have stylus support. Apple itself is also causing further speculation.","breadcrumb":{"@id":"https:\/\/www.apfelpatient.de\/news\/neuer-apple-pencil-im-anmarsch#breadcrumb"},"inLanguage":"en-US","potentialAction":[{"@type":"ReadAction","target":["https:\/\/www.apfelpatient.de\/news\/neuer-apple-pencil-im-anmarsch"]}]},{"@type":"ImageObject","inLanguage":"en-US","@id":"https:\/\/www.apfelpatient.de\/news\/neuer-apple-pencil-im-anmarsch#primaryimage","url":"https:\/\/www.apfelpatient.de\/wp-content\/uploads\/2019\/10\/bigstock-Tambov-Russian-Federation-A-291068272.jpg","contentUrl":"https:\/\/www.apfelpatient.de\/wp-content\/uploads\/2019\/10\/bigstock-Tambov-Russian-Federation-A-291068272.jpg","width":1600,"height":1067,"caption":"Tambov, Russian Federation - August 23, 2017 Apple Pencil in person hand with Apple iPad Pro 10.5. and Pencil box on green background. Studio shot."},{"@type":"BreadcrumbList","@id":"https:\/\/www.apfelpatient.de\/news\/neuer-apple-pencil-im-anmarsch#breadcrumb","itemListElement":[{"@type":"ListItem","position":1,"name":"Startseite","item":"https:\/\/www.apfelpatient.de\/"},{"@type":"ListItem","position":2,"name":"Neuer Apple Pencil im Anmarsch?"}]},{"@type":"WebSite","@id":"https:\/\/www.apfelpatient.de\/#website","url":"https:\/\/www.apfelpatient.de\/","name":"apple patient","description":"Everything about Apple!","publisher":{"@type":"Organization","@id":"https:\/\/www.apfelpatient.de\/en\/#organization","name":"Apfelpatient","url":"https:\/\/www.apfelpatient.de\/en\/"},"alternateName":"Apfelpatient","potentialAction":[{"@type":"SearchAction","target":{"@type":"EntryPoint","urlTemplate":"https:\/\/www.apfelpatient.de\/?s={search_term_string}"},"query-input":{"@type":"PropertyValueSpecification","valueRequired":true,"valueName":"search_term_string"}}],"inLanguage":"en-US"},{"@type":["Person","Organization"],"@id":"https:\/\/www.apfelpatient.de\/#\/schema\/person\/7dc56ad6c8e9824b76d2c08d4c140e13","name":"Milan","logo":{"@id":"https:\/\/www.apfelpatient.de\/#\/schema\/person\/image\/"},"description":"Hello and welcome to my technology blog! As a big Apple fan, I report on everything to do with Apple: from the latest news and exciting rumors to helpful tips and tricks and detailed product tests. If you are as enthusiastic about technology as I am, you have come to the right place!","sameAs":["https:\/\/www.facebook.com\/apfelpatientOfficial","https:\/\/www.linkedin.com\/in\/milan-jovicic-42aa0231b"],"url":"https:\/\/www.apfelpatient.de\/en\/author\/apfeladmin"}]}},"_links":{"self":[{"href":"https:\/\/www.apfelpatient.de\/en\/wp-json\/wp\/v2\/posts\/1688","targetHints":{"allow":["GET"]}}],"collection":[{"href":"https:\/\/www.apfelpatient.de\/en\/wp-json\/wp\/v2\/posts"}],"about":[{"href":"https:\/\/www.apfelpatient.de\/en\/wp-json\/wp\/v2\/types\/post"}],"author":[{"embeddable":true,"href":"https:\/\/www.apfelpatient.de\/en\/wp-json\/wp\/v2\/users\/2"}],"replies":[{"embeddable":true,"href":"https:\/\/www.apfelpatient.de\/en\/wp-json\/wp\/v2\/comments?post=1688"}],"version-history":[{"count":0,"href":"https:\/\/www.apfelpatient.de\/en\/wp-json\/wp\/v2\/posts\/1688\/revisions"}],"wp:featuredmedia":[{"embeddable":true,"href":"https:\/\/www.apfelpatient.de\/en\/wp-json\/wp\/v2\/media\/6926"}],"wp:attachment":[{"href":"https:\/\/www.apfelpatient.de\/en\/wp-json\/wp\/v2\/media?parent=1688"}],"wp:term":[{"taxonomy":"category","embeddable":true,"href":"https:\/\/www.apfelpatient.de\/en\/wp-json\/wp\/v2\/categories?post=1688"},{"taxonomy":"post_tag","embeddable":true,"href":"https:\/\/www.apfelpatient.de\/en\/wp-json\/wp\/v2\/tags?post=1688"}],"curies":[{"name":"wp","href":"https:\/\/api.w.org\/{rel}","templated":true}]}}