{"id":16830,"date":"2020-11-05T04:37:38","date_gmt":"2020-11-05T03:37:38","guid":{"rendered":"https:\/\/www.apfelpatient.de\/?p=16830"},"modified":"2020-11-05T04:41:45","modified_gmt":"2020-11-05T03:41:45","slug":"airpods-3-this-is-what-the-new-plugs-look-like","status":"publish","type":"post","link":"https:\/\/www.apfelpatient.de\/en\/rumors\/airpods-3-sehen-so-die-neuen-stoepsel-aus","title":{"rendered":"AirPods 3: Is this what the new earbuds look like?"},"content":{"rendered":"<p class=\"has-drop-cap\"><strong>There have been several rumors that the AirPods 3 will be stylistically similar to the AirPods Pro. Now a picture has emerged that is supposed to support the claim.<\/strong><\/p>\n\n\n\n<p>Rumour has it that Apple will introduce the third generation of the normal Airpods next year, as well as the successor to the Pro version. Due to the SiP technology (System in Package), the small white plugs are to be adapted to the Pro version. This means that the stem is expected to be shorter. Now 52audio has provided images that were discovered by Macotakara <a href=\"http:\/\/www.macotakara.jp\/blog\/rumor\/entry-40515.html\" target=\"_blank\" rel=\"noreferrer noopener\">became<\/a>One of the images is said to show the top of the AirPods 3, which looks very similar to the Pro version. In addition, the housing cover of the charging case can also be seen. <a href=\"https:\/\/www.apfelpatient.de\/en\/rumors\/new-airpods-models-and-third-homepod-to-be-released-in-2021\">Bloomberg<\/a> has already confirmed two new AirPods versions for 2021. The news site explained:<\/p>\n\n\n\n<h3 class=\"wp-block-heading\" id=\"h-airpods-3-ohne-ger-uschunterdr-ckung\">AirPods 3: Without noise cancellation<\/h3>\n\n\n\n\n\n\n\n<blockquote class=\"wp-block-quote is-layout-flow wp-block-quote-is-layout-flow\"><p>The design of the updated entry-level AirPods will be similar to that of the current AirPods Pro, with a shorter stem and replaceable ear tips. In addition, Apple is aiming for longer battery life.<\/p><\/blockquote>\n\n\n\n<figure class=\"wp-block-image size-large\"><img decoding=\"async\" width=\"576\" height=\"1024\" src=\"https:\/\/www.apfelpatient.de\/wp-content\/uploads\/2020\/11\/\u5fae\u4fe1\u56fe\u7247_20201104103055-576x1024.jpg\" alt=\"AirPods\" class=\"wp-image-16831\" srcset=\"https:\/\/www.apfelpatient.de\/wp-content\/uploads\/2020\/11\/\u5fae\u4fe1\u56fe\u7247_20201104103055-576x1024.jpg 576w, https:\/\/www.apfelpatient.de\/wp-content\/uploads\/2020\/11\/\u5fae\u4fe1\u56fe\u7247_20201104103055-169x300.jpg 169w, https:\/\/www.apfelpatient.de\/wp-content\/uploads\/2020\/11\/\u5fae\u4fe1\u56fe\u7247_20201104103055-768x1365.jpg 768w, https:\/\/www.apfelpatient.de\/wp-content\/uploads\/2020\/11\/\u5fae\u4fe1\u56fe\u7247_20201104103055-864x1536.jpg 864w, https:\/\/www.apfelpatient.de\/wp-content\/uploads\/2020\/11\/\u5fae\u4fe1\u56fe\u7247_20201104103055-750x1333.jpg 750w, https:\/\/www.apfelpatient.de\/wp-content\/uploads\/2020\/11\/\u5fae\u4fe1\u56fe\u7247_20201104103055.jpg 1080w\" sizes=\"(max-width: 576px) 100vw, 576px\" \/><figcaption>Picture: <a href=\"http:\/\/www.52audio.com\/archives\/61700.html\" target=\"_blank\" rel=\"noreferrer noopener\">via 52audio<\/a><\/figcaption><\/figure>\n\n\n\n<p>Although the design will probably be similar to the AirPods Pro, the new AirPods 3 will not have advanced features such as active noise cancellation. However, Apple plans to significantly increase the battery life. It is not yet known whether and which features the third generation of the popular earbuds might receive. <a rel=\"noreferrer noopener\" target=\"_blank\" href=\"https:\/\/www.amazon.de?&amp;_encoding=UTF8&amp;tag=d.r.compae.k.-21&amp;linkCode=ur2&amp;linkId=cadcfb2544bd8a0b11e0d52b52eed08e&amp;camp=1638&amp;creative=6742\">Have you already discovered the early Black Friday offers on Amazon? It&#039;s worth being quick.<\/a><em> (Photo by skorovik \/ Bigstockphoto)<\/em><\/p>\n\n\n\n<ul class=\"wp-block-list\"><li><a href=\"https:\/\/www.apfelpatient.de\/en\/news\/apple-launches-new-service-program-for-airpods-pro\">Apple launches new service program for AirPods Pro<\/a><\/li><\/ul>\n\n\n\n<figure class=\"wp-block-image size-large\"><img decoding=\"async\" width=\"1024\" height=\"847\" src=\"https:\/\/www.apfelpatient.de\/wp-content\/uploads\/2020\/11\/\u5fae\u4fe1\u56fe\u7247_20201104103712-1024x847.jpg\" alt=\"AirPods\" class=\"wp-image-16832\" srcset=\"https:\/\/www.apfelpatient.de\/wp-content\/uploads\/2020\/11\/\u5fae\u4fe1\u56fe\u7247_20201104103712-1024x847.jpg 1024w, https:\/\/www.apfelpatient.de\/wp-content\/uploads\/2020\/11\/\u5fae\u4fe1\u56fe\u7247_20201104103712-300x248.jpg 300w, https:\/\/www.apfelpatient.de\/wp-content\/uploads\/2020\/11\/\u5fae\u4fe1\u56fe\u7247_20201104103712-768x635.jpg 768w, https:\/\/www.apfelpatient.de\/wp-content\/uploads\/2020\/11\/\u5fae\u4fe1\u56fe\u7247_20201104103712-750x620.jpg 750w, https:\/\/www.apfelpatient.de\/wp-content\/uploads\/2020\/11\/\u5fae\u4fe1\u56fe\u7247_20201104103712-1140x943.jpg 1140w, https:\/\/www.apfelpatient.de\/wp-content\/uploads\/2020\/11\/\u5fae\u4fe1\u56fe\u7247_20201104103712.jpg 1306w\" sizes=\"(max-width: 1024px) 100vw, 1024px\" \/><figcaption>Image: via 52audio<\/figcaption><\/figure>\n\n\n\n<h6 class=\"wp-block-heading translation-block\" id=\"h-kennt-ihr-schon-unsere-amazon-storefront-dort-findet-ihr-eine-handverlesene-auswahl-von-diversen-produkten-f-r-euer-iphone-und-co-viel-spa-beim-st-bern\"><em>Have you already visited our Amazon Storefront? There you&#039;ll find a hand-picked selection of various products for your iPhone and other devices \u2013 <span class=\"has-inline-color has-vivid-red-color\"><a href=\"https:\/\/www.amazon.de\/shop\/apfelpatientofficial\" class=\"ek-link\" data-wpel-link=\"exclude\" rel=\"follow noopener\" target=\"_self\"><span style=\"text-decoration: underline\" class=\"ek-underline\">enjoy browsing<\/span><\/a> !<\/span><\/em><\/h6>\n\n\n\n\n\n<h6 class=\"wp-block-heading translation-block\" id=\"h-der-beitrag-enthalt-partnerlinks\">This post contains <a data-type=\"URL\" data-id=\"https:\/\/www.apfelpatient.de\/partnerprogramm\" href=\"https:\/\/www.apfelpatient.de\/en\/partner-program\" data-wpel-link=\"internal\" target=\"_self\">affiliate links<\/a>.<\/h6>","protected":false},"excerpt":{"rendered":"<p>Apple: There have been several rumors that the AirPods 3 will be stylistically similar to the AirPods Pro.<\/p>","protected":false},"author":2,"featured_media":16834,"comment_status":"closed","ping_status":"closed","sticky":false,"template":"","format":"standard","meta":{"jnews-multi-image_gallery":[],"jnews_single_post":{"subtitle":"","format":"standard","video":"","gallery":"","source_name":"","source_url":"","via_name":"","via_url":"","override":[{"single_blog_custom":"","sidebar":"","second_sidebar":"","share_position":"","share_float_style":"","post_date_format":"","post_date_format_custom":"","post_reading_time_wpm":"","zoom_button_out_step":"1","zoom_button_in_step":"1","number_popup_post":"1"}],"image_override":[{"single_post_thumbnail_size":"","single_post_gallery_size":""}],"trending_post_position":"","trending_post_label":"","sponsored_post_label":"","sponsored_post_name":"","sponsored_post_url":"","sponsored_post_logo":"","sponsored_post_desc":""},"jnews_primary_category":{"id":"25"},"footnotes":""},"categories":[25],"tags":[28,255],"class_list":["post-16830","post","type-post","status-publish","format-standard","has-post-thumbnail","hentry","category-rumors","tag-airpods","tag-airpods-3"],"yoast_head":"<!-- This site is optimized with the Yoast SEO Premium plugin v27.5 (Yoast SEO v27.5) - https:\/\/yoast.com\/product\/yoast-seo-premium-wordpress\/ -->\n<title>AirPods 3: Sehen so die neuen St\u00f6psel aus? Apfelpatient<\/title>\n<meta name=\"description\" content=\"Apple: Ger\u00fcchte, wonach die AirPods 3 stilistisch an die AirPods Pro angeglichen werden sollen, gab es bereits mehrfach.\" \/>\n<meta name=\"robots\" content=\"index, follow, max-snippet:-1, max-image-preview:large, max-video-preview:-1\" \/>\n<link rel=\"canonical\" href=\"https:\/\/www.apfelpatient.de\/en\/rumors\/airpods-3-this-is-what-the-new-plugs-look-like\" \/>\n<meta property=\"og:locale\" content=\"en_US\" \/>\n<meta property=\"og:type\" content=\"article\" \/>\n<meta property=\"og:title\" content=\"AirPods 3: Sehen so die neuen St\u00f6psel aus?\" \/>\n<meta property=\"og:description\" content=\"Apple: Ger\u00fcchte, wonach die AirPods 3 stilistisch an die AirPods Pro angeglichen werden sollen, gab es bereits mehrfach.\" \/>\n<meta property=\"og:url\" content=\"https:\/\/www.apfelpatient.de\/en\/rumors\/airpods-3-this-is-what-the-new-plugs-look-like\" \/>\n<meta property=\"og:site_name\" content=\"Apfelpatient\" \/>\n<meta property=\"article:publisher\" content=\"https:\/\/www.facebook.com\/apfelpatientOfficial\" \/>\n<meta property=\"article:author\" content=\"https:\/\/www.facebook.com\/apfelpatientOfficial\" \/>\n<meta property=\"article:published_time\" content=\"2020-11-05T03:37:38+00:00\" \/>\n<meta property=\"article:modified_time\" content=\"2020-11-05T03:41:45+00:00\" \/>\n<meta property=\"og:image\" content=\"https:\/\/www.apfelpatient.de\/wp-content\/uploads\/2020\/11\/bigstock-White-Wireless-Airpods-In-Fema-343188007.jpg\" \/>\n\t<meta property=\"og:image:width\" content=\"1600\" \/>\n\t<meta property=\"og:image:height\" content=\"1067\" \/>\n\t<meta property=\"og:image:type\" content=\"image\/jpeg\" \/>\n<meta name=\"author\" content=\"Milan\" \/>\n<meta name=\"twitter:card\" content=\"summary_large_image\" \/>\n<meta name=\"twitter:description\" content=\"Apple: Ger\u00fcchte, wonach die AirPods 3 stilistisch an die AirPods Pro angeglichen werden sollen, gab es bereits mehrfach.\" \/>\n<meta name=\"twitter:label1\" content=\"Written by\" \/>\n\t<meta name=\"twitter:data1\" content=\"Milan\" \/>\n\t<meta name=\"twitter:label2\" content=\"Est. reading time\" \/>\n\t<meta name=\"twitter:data2\" content=\"1 minute\" \/>\n<script type=\"application\/ld+json\" class=\"yoast-schema-graph\">{\"@context\":\"https:\\\/\\\/schema.org\",\"@graph\":[{\"@type\":\"NewsArticle\",\"@id\":\"https:\\\/\\\/www.apfelpatient.de\\\/rumors\\\/airpods-3-sehen-so-die-neuen-stoepsel-aus#article\",\"isPartOf\":{\"@id\":\"https:\\\/\\\/www.apfelpatient.de\\\/rumors\\\/airpods-3-sehen-so-die-neuen-stoepsel-aus\"},\"author\":{\"@type\":\"Organization\",\"@id\":\"https:\\\/\\\/www.apfelpatient.de\\\/en\\\/#organization\",\"name\":\"Apfelpatient\",\"url\":\"https:\\\/\\\/www.apfelpatient.de\\\/en\\\/\"},\"headline\":\"AirPods 3: Sehen so die neuen St\u00f6psel aus?\",\"datePublished\":\"2020-11-05T03:37:38+00:00\",\"dateModified\":\"2020-11-05T03:41:45+00:00\",\"mainEntityOfPage\":{\"@id\":\"https:\\\/\\\/www.apfelpatient.de\\\/rumors\\\/airpods-3-sehen-so-die-neuen-stoepsel-aus\"},\"wordCount\":274,\"publisher\":{\"@type\":\"Organization\",\"@id\":\"https:\\\/\\\/www.apfelpatient.de\\\/en\\\/#organization\",\"name\":\"Apfelpatient\",\"url\":\"https:\\\/\\\/www.apfelpatient.de\\\/en\\\/\"},\"image\":{\"@id\":\"https:\\\/\\\/www.apfelpatient.de\\\/rumors\\\/airpods-3-sehen-so-die-neuen-stoepsel-aus#primaryimage\"},\"thumbnailUrl\":\"https:\\\/\\\/www.apfelpatient.de\\\/wp-content\\\/uploads\\\/2020\\\/11\\\/bigstock-White-Wireless-Airpods-In-Fema-343188007.jpg\",\"keywords\":[\"AirPods\",\"AirPods 3\"],\"articleSection\":\"Rumors\",\"inLanguage\":\"en-US\",\"copyrightYear\":\"2020\",\"copyrightHolder\":{\"@id\":\"https:\\\/\\\/www.apfelpatient.de\\\/en\\\/#organization\"}},{\"@type\":\"WebPage\",\"@id\":\"https:\\\/\\\/www.apfelpatient.de\\\/rumors\\\/airpods-3-sehen-so-die-neuen-stoepsel-aus\",\"url\":\"https:\\\/\\\/www.apfelpatient.de\\\/rumors\\\/airpods-3-sehen-so-die-neuen-stoepsel-aus\",\"name\":\"AirPods 3: Sehen so die neuen St\u00f6psel aus? Apfelpatient\",\"isPartOf\":{\"@id\":\"https:\\\/\\\/www.apfelpatient.de\\\/#website\"},\"primaryImageOfPage\":{\"@id\":\"https:\\\/\\\/www.apfelpatient.de\\\/rumors\\\/airpods-3-sehen-so-die-neuen-stoepsel-aus#primaryimage\"},\"image\":{\"@id\":\"https:\\\/\\\/www.apfelpatient.de\\\/rumors\\\/airpods-3-sehen-so-die-neuen-stoepsel-aus#primaryimage\"},\"thumbnailUrl\":\"https:\\\/\\\/www.apfelpatient.de\\\/wp-content\\\/uploads\\\/2020\\\/11\\\/bigstock-White-Wireless-Airpods-In-Fema-343188007.jpg\",\"datePublished\":\"2020-11-05T03:37:38+00:00\",\"dateModified\":\"2020-11-05T03:41:45+00:00\",\"description\":\"Apple: Ger\u00fcchte, wonach die AirPods 3 stilistisch an die AirPods Pro angeglichen werden sollen, gab es bereits mehrfach.\",\"breadcrumb\":{\"@id\":\"https:\\\/\\\/www.apfelpatient.de\\\/rumors\\\/airpods-3-sehen-so-die-neuen-stoepsel-aus#breadcrumb\"},\"inLanguage\":\"en-US\",\"potentialAction\":[{\"@type\":\"ReadAction\",\"target\":[\"https:\\\/\\\/www.apfelpatient.de\\\/rumors\\\/airpods-3-sehen-so-die-neuen-stoepsel-aus\"]}]},{\"@type\":\"ImageObject\",\"inLanguage\":\"en-US\",\"@id\":\"https:\\\/\\\/www.apfelpatient.de\\\/rumors\\\/airpods-3-sehen-so-die-neuen-stoepsel-aus#primaryimage\",\"url\":\"https:\\\/\\\/www.apfelpatient.de\\\/wp-content\\\/uploads\\\/2020\\\/11\\\/bigstock-White-Wireless-Airpods-In-Fema-343188007.jpg\",\"contentUrl\":\"https:\\\/\\\/www.apfelpatient.de\\\/wp-content\\\/uploads\\\/2020\\\/11\\\/bigstock-White-Wireless-Airpods-In-Fema-343188007.jpg\",\"width\":1600,\"height\":1067,\"caption\":\"White wireless airpods in female hands. Modern mobile technology.\"},{\"@type\":\"BreadcrumbList\",\"@id\":\"https:\\\/\\\/www.apfelpatient.de\\\/rumors\\\/airpods-3-sehen-so-die-neuen-stoepsel-aus#breadcrumb\",\"itemListElement\":[{\"@type\":\"ListItem\",\"position\":1,\"name\":\"Startseite\",\"item\":\"https:\\\/\\\/www.apfelpatient.de\\\/\"},{\"@type\":\"ListItem\",\"position\":2,\"name\":\"AirPods 3: Sehen so die neuen St\u00f6psel aus?\"}]},{\"@type\":\"WebSite\",\"@id\":\"https:\\\/\\\/www.apfelpatient.de\\\/#website\",\"url\":\"https:\\\/\\\/www.apfelpatient.de\\\/\",\"name\":\"Apfelpatient\",\"description\":\"Alles rund um Apple!\",\"publisher\":{\"@type\":\"Organization\",\"@id\":\"https:\\\/\\\/www.apfelpatient.de\\\/en\\\/#organization\",\"name\":\"Apfelpatient\",\"url\":\"https:\\\/\\\/www.apfelpatient.de\\\/en\\\/\"},\"alternateName\":\"Apfelpatient\",\"potentialAction\":[{\"@type\":\"SearchAction\",\"target\":{\"@type\":\"EntryPoint\",\"urlTemplate\":\"https:\\\/\\\/www.apfelpatient.de\\\/?s={search_term_string}\"},\"query-input\":{\"@type\":\"PropertyValueSpecification\",\"valueRequired\":true,\"valueName\":\"search_term_string\"}}],\"inLanguage\":\"en-US\"},{\"@type\":[\"Person\",\"Organization\"],\"@id\":\"https:\\\/\\\/www.apfelpatient.de\\\/#\\\/schema\\\/person\\\/7dc56ad6c8e9824b76d2c08d4c140e13\",\"name\":\"Milan\",\"logo\":{\"@id\":\"https:\\\/\\\/www.apfelpatient.de\\\/#\\\/schema\\\/person\\\/image\\\/\"},\"description\":\"Hallo und herzlich willkommen auf meinem Technik-Blog! Als gro\u00dfer Apple-Fan berichte ich hier \u00fcber alles, was mit Apple zu tun hat: von den neuesten News und spannenden Ger\u00fcchten \u00fcber hilfreiche Tipps und Tricks bis hin zu ausf\u00fchrlichen Produkttests. Wenn du genauso technikbegeistert bist wie ich, bist du hier genau richtig!\",\"sameAs\":[\"https:\\\/\\\/www.facebook.com\\\/apfelpatientOfficial\",\"https:\\\/\\\/www.linkedin.com\\\/in\\\/milan-jovicic-42aa0231b\"],\"url\":\"https:\\\/\\\/www.apfelpatient.de\\\/en\\\/author\\\/apfeladmin\"}]}<\/script>\n<!-- \/ Yoast SEO Premium plugin. -->","yoast_head_json":{"title":"AirPods 3: Is this what the new earbuds look like? Apfelpatient","description":"Apple: There have been several rumors that the AirPods 3 will be stylistically similar to the AirPods Pro.","robots":{"index":"index","follow":"follow","max-snippet":"max-snippet:-1","max-image-preview":"max-image-preview:large","max-video-preview":"max-video-preview:-1"},"canonical":"https:\/\/www.apfelpatient.de\/en\/rumors\/airpods-3-this-is-what-the-new-plugs-look-like","og_locale":"en_US","og_type":"article","og_title":"AirPods 3: Sehen so die neuen St\u00f6psel aus?","og_description":"Apple: Ger\u00fcchte, wonach die AirPods 3 stilistisch an die AirPods Pro angeglichen werden sollen, gab es bereits mehrfach.","og_url":"https:\/\/www.apfelpatient.de\/en\/rumors\/airpods-3-this-is-what-the-new-plugs-look-like","og_site_name":"Apfelpatient","article_publisher":"https:\/\/www.facebook.com\/apfelpatientOfficial","article_author":"https:\/\/www.facebook.com\/apfelpatientOfficial","article_published_time":"2020-11-05T03:37:38+00:00","article_modified_time":"2020-11-05T03:41:45+00:00","og_image":[{"width":1600,"height":1067,"url":"https:\/\/www.apfelpatient.de\/wp-content\/uploads\/2020\/11\/bigstock-White-Wireless-Airpods-In-Fema-343188007.jpg","type":"image\/jpeg"}],"author":"Milan","twitter_card":"summary_large_image","twitter_description":"Apple: Ger\u00fcchte, wonach die AirPods 3 stilistisch an die AirPods Pro angeglichen werden sollen, gab es bereits mehrfach.","twitter_misc":{"Written by":"Milan","Est. reading time":"1 minute"},"schema":{"@context":"https:\/\/schema.org","@graph":[{"@type":"NewsArticle","@id":"https:\/\/www.apfelpatient.de\/rumors\/airpods-3-sehen-so-die-neuen-stoepsel-aus#article","isPartOf":{"@id":"https:\/\/www.apfelpatient.de\/rumors\/airpods-3-sehen-so-die-neuen-stoepsel-aus"},"author":{"@type":"Organization","@id":"https:\/\/www.apfelpatient.de\/en\/#organization","name":"Apfelpatient","url":"https:\/\/www.apfelpatient.de\/en\/"},"headline":"AirPods 3: Sehen so die neuen St\u00f6psel aus?","datePublished":"2020-11-05T03:37:38+00:00","dateModified":"2020-11-05T03:41:45+00:00","mainEntityOfPage":{"@id":"https:\/\/www.apfelpatient.de\/rumors\/airpods-3-sehen-so-die-neuen-stoepsel-aus"},"wordCount":274,"publisher":{"@type":"Organization","@id":"https:\/\/www.apfelpatient.de\/en\/#organization","name":"Apfelpatient","url":"https:\/\/www.apfelpatient.de\/en\/"},"image":{"@id":"https:\/\/www.apfelpatient.de\/rumors\/airpods-3-sehen-so-die-neuen-stoepsel-aus#primaryimage"},"thumbnailUrl":"https:\/\/www.apfelpatient.de\/wp-content\/uploads\/2020\/11\/bigstock-White-Wireless-Airpods-In-Fema-343188007.jpg","keywords":["AirPods","AirPods 3"],"articleSection":"Rumors","inLanguage":"en-US","copyrightYear":"2020","copyrightHolder":{"@id":"https:\/\/www.apfelpatient.de\/en\/#organization"}},{"@type":"WebPage","@id":"https:\/\/www.apfelpatient.de\/rumors\/airpods-3-sehen-so-die-neuen-stoepsel-aus","url":"https:\/\/www.apfelpatient.de\/rumors\/airpods-3-sehen-so-die-neuen-stoepsel-aus","name":"AirPods 3: Is this what the new earbuds look like? Apfelpatient","isPartOf":{"@id":"https:\/\/www.apfelpatient.de\/#website"},"primaryImageOfPage":{"@id":"https:\/\/www.apfelpatient.de\/rumors\/airpods-3-sehen-so-die-neuen-stoepsel-aus#primaryimage"},"image":{"@id":"https:\/\/www.apfelpatient.de\/rumors\/airpods-3-sehen-so-die-neuen-stoepsel-aus#primaryimage"},"thumbnailUrl":"https:\/\/www.apfelpatient.de\/wp-content\/uploads\/2020\/11\/bigstock-White-Wireless-Airpods-In-Fema-343188007.jpg","datePublished":"2020-11-05T03:37:38+00:00","dateModified":"2020-11-05T03:41:45+00:00","description":"Apple: There have been several rumors that the AirPods 3 will be stylistically similar to the AirPods Pro.","breadcrumb":{"@id":"https:\/\/www.apfelpatient.de\/rumors\/airpods-3-sehen-so-die-neuen-stoepsel-aus#breadcrumb"},"inLanguage":"en-US","potentialAction":[{"@type":"ReadAction","target":["https:\/\/www.apfelpatient.de\/rumors\/airpods-3-sehen-so-die-neuen-stoepsel-aus"]}]},{"@type":"ImageObject","inLanguage":"en-US","@id":"https:\/\/www.apfelpatient.de\/rumors\/airpods-3-sehen-so-die-neuen-stoepsel-aus#primaryimage","url":"https:\/\/www.apfelpatient.de\/wp-content\/uploads\/2020\/11\/bigstock-White-Wireless-Airpods-In-Fema-343188007.jpg","contentUrl":"https:\/\/www.apfelpatient.de\/wp-content\/uploads\/2020\/11\/bigstock-White-Wireless-Airpods-In-Fema-343188007.jpg","width":1600,"height":1067,"caption":"White wireless airpods in female hands. Modern mobile technology."},{"@type":"BreadcrumbList","@id":"https:\/\/www.apfelpatient.de\/rumors\/airpods-3-sehen-so-die-neuen-stoepsel-aus#breadcrumb","itemListElement":[{"@type":"ListItem","position":1,"name":"Startseite","item":"https:\/\/www.apfelpatient.de\/"},{"@type":"ListItem","position":2,"name":"AirPods 3: Sehen so die neuen St\u00f6psel aus?"}]},{"@type":"WebSite","@id":"https:\/\/www.apfelpatient.de\/#website","url":"https:\/\/www.apfelpatient.de\/","name":"apple patient","description":"Everything about Apple!","publisher":{"@type":"Organization","@id":"https:\/\/www.apfelpatient.de\/en\/#organization","name":"Apfelpatient","url":"https:\/\/www.apfelpatient.de\/en\/"},"alternateName":"Apfelpatient","potentialAction":[{"@type":"SearchAction","target":{"@type":"EntryPoint","urlTemplate":"https:\/\/www.apfelpatient.de\/?s={search_term_string}"},"query-input":{"@type":"PropertyValueSpecification","valueRequired":true,"valueName":"search_term_string"}}],"inLanguage":"en-US"},{"@type":["Person","Organization"],"@id":"https:\/\/www.apfelpatient.de\/#\/schema\/person\/7dc56ad6c8e9824b76d2c08d4c140e13","name":"Milan","logo":{"@id":"https:\/\/www.apfelpatient.de\/#\/schema\/person\/image\/"},"description":"Hello and welcome to my technology blog! As a big Apple fan, I report on everything to do with Apple: from the latest news and exciting rumors to helpful tips and tricks and detailed product tests. If you are as enthusiastic about technology as I am, you have come to the right place!","sameAs":["https:\/\/www.facebook.com\/apfelpatientOfficial","https:\/\/www.linkedin.com\/in\/milan-jovicic-42aa0231b"],"url":"https:\/\/www.apfelpatient.de\/en\/author\/apfeladmin"}]}},"_links":{"self":[{"href":"https:\/\/www.apfelpatient.de\/en\/wp-json\/wp\/v2\/posts\/16830","targetHints":{"allow":["GET"]}}],"collection":[{"href":"https:\/\/www.apfelpatient.de\/en\/wp-json\/wp\/v2\/posts"}],"about":[{"href":"https:\/\/www.apfelpatient.de\/en\/wp-json\/wp\/v2\/types\/post"}],"author":[{"embeddable":true,"href":"https:\/\/www.apfelpatient.de\/en\/wp-json\/wp\/v2\/users\/2"}],"replies":[{"embeddable":true,"href":"https:\/\/www.apfelpatient.de\/en\/wp-json\/wp\/v2\/comments?post=16830"}],"version-history":[{"count":0,"href":"https:\/\/www.apfelpatient.de\/en\/wp-json\/wp\/v2\/posts\/16830\/revisions"}],"wp:featuredmedia":[{"embeddable":true,"href":"https:\/\/www.apfelpatient.de\/en\/wp-json\/wp\/v2\/media\/16834"}],"wp:attachment":[{"href":"https:\/\/www.apfelpatient.de\/en\/wp-json\/wp\/v2\/media?parent=16830"}],"wp:term":[{"taxonomy":"category","embeddable":true,"href":"https:\/\/www.apfelpatient.de\/en\/wp-json\/wp\/v2\/categories?post=16830"},{"taxonomy":"post_tag","embeddable":true,"href":"https:\/\/www.apfelpatient.de\/en\/wp-json\/wp\/v2\/tags?post=16830"}],"curies":[{"name":"wp","href":"https:\/\/api.w.org\/{rel}","templated":true}]}}