{"id":16821,"date":"2020-11-04T17:27:42","date_gmt":"2020-11-04T16:27:42","guid":{"rendered":"https:\/\/www.apfelpatient.de\/?p=16821"},"modified":"2020-11-04T17:27:44","modified_gmt":"2020-11-04T16:27:44","slug":"ipad-pro-2021-new-display-technology-more-power","status":"publish","type":"post","link":"https:\/\/www.apfelpatient.de\/en\/rumors\/ipad-pro-2021-neue-display-technik-mehr-power","title":{"rendered":"iPad Pro 2021: New display technology, more power"},"content":{"rendered":"<p class=\"has-drop-cap\"><strong>Rumors about a new iPad Pro generation have been with us for months. Contrary to expectations, the lineup was already subjected to a small update at the beginning of 2020. Now there are reports about the 5th generation.<\/strong><\/p>\n\n\n\n<p>The Korean news site ETNews <a href=\"https:\/\/english.etnews.com\/20201103200003\" target=\"_blank\" rel=\"noreferrer noopener\">reported<\/a>that LG will supply Apple with MiniLED displays for new iPad models that are due to be released in the first quarter of 2021. Mass production of these new panels is expected to start by the end of the year. The new display technology offers many advantages over OLED panels and at the same time allows for thinner product designs. Unlike OLED screens, MiniLEDs cannot burn in. In addition, the brightness and contrast ratio are significantly better than OLEDs. Efficiency also plays a major role. Rumors that Apple is working on an iPad Pro with the said screen technology were first documented in 2019. Anonymous leaker L0vetodream also announced this summer that the devices would be launched in early 2021. At the time, he gave further details. The new iPad Pro series will have 5G connectivity, the A14X chip and more. However, it remains unclear whether the MiniLED device will be released in two sizes as before or just one size this time.\u00a0<\/p>\n\n\n\n<h3 class=\"wp-block-heading\" id=\"h-neben-ipad-pro-werden-auch-neue-imac-und-macbook-modelle-erwartet\">In addition to the iPad Pro, new iMac and MacBook models are also expected<\/h3>\n\n\n\n\n\n\n\n<p>So far, there has only been talk of a 12.9-inch iPad Pro. Due to the MiniLED integration, a change in design is also to be expected. But there are no concrete details on this so far. Apple last updated the iPad Pro in March 2020. This was a relatively minor update. The device was given the A12Z chip, which is essentially the A12X chip. The difference is that the 2020 version has one more GPU core. In addition to the upgraded processor, a triple camera with LiDAR scanner has also been integrated. Apart from the iPad Pro 2021, future iMac and MacBook devices will also feature MiniLED technology. According to ETNews, the launch of these models is expected as early as next year.\u00a0<a href=\"https:\/\/www.amazon.de\/shop\/apfelpatientofficial?listId=2SH1KEP4J41TE&amp;ref=cm_sw_em_r_inf_list_own_apfelpatientofficial_dp_ZrWfgRbpxgBlW\">AirPods Pro on special offer at Amazon \u2013 available now<\/a>. <em>(Photo by Colour59 \/ Bigstockphoto)<\/em><\/p>\n\n\n\n<ul class=\"wp-block-list\"><li><a href=\"https:\/\/www.apfelpatient.de\/en\/generally\/one-more-thing-event-what-could-apple-introduce\">\u201cOne more thing\u201d event: What could Apple present?<\/a><\/li><\/ul>\n\n\n\n<h6 class=\"wp-block-heading translation-block\" id=\"h-kennt-ihr-schon-unsere-amazon-storefront-dort-findet-ihr-eine-handverlesene-auswahl-von-diversen-produkten-f-r-euer-iphone-und-co-viel-spa-beim-st-bern\"><em>Have you already visited our Amazon Storefront? There you&#039;ll find a hand-picked selection of various products for your iPhone and other devices \u2013 <span class=\"has-inline-color has-vivid-red-color\"><a href=\"https:\/\/www.amazon.de\/shop\/apfelpatientofficial\" class=\"ek-link\" data-wpel-link=\"exclude\" rel=\"follow noopener\" target=\"_self\"><span style=\"text-decoration: underline\" class=\"ek-underline\">enjoy browsing<\/span><\/a> !<\/span><\/em><\/h6>\n\n\n\n\n\n<h6 class=\"wp-block-heading translation-block\" id=\"h-der-beitrag-enthalt-partnerlinks\">This post contains <a data-type=\"URL\" data-id=\"https:\/\/www.apfelpatient.de\/partnerprogramm\" href=\"https:\/\/www.apfelpatient.de\/en\/partner-program\" data-wpel-link=\"internal\" target=\"_self\">affiliate links<\/a>.<\/h6>","protected":false},"excerpt":{"rendered":"<p>MiniLED: Rumors about a new iPad Pro generation have been circulating for months. Now there are reports about the 5th generation.<\/p>","protected":false},"author":2,"featured_media":16822,"comment_status":"closed","ping_status":"closed","sticky":false,"template":"","format":"standard","meta":{"jnews-multi-image_gallery":[],"jnews_single_post":{"subtitle":"","format":"standard","video":"","gallery":"","source_name":"","source_url":"","via_name":"","via_url":"","override":[{"single_blog_custom":"","sidebar":"","second_sidebar":"","share_position":"","share_float_style":"","post_date_format":"","post_date_format_custom":"","post_reading_time_wpm":"","zoom_button_out_step":"1","zoom_button_in_step":"1","number_popup_post":"1"}],"image_override":[{"single_post_thumbnail_size":"","single_post_gallery_size":""}],"trending_post_position":"","trending_post_label":"","sponsored_post_label":"","sponsored_post_name":"","sponsored_post_url":"","sponsored_post_logo":"","sponsored_post_desc":""},"jnews_primary_category":{"id":"25"},"footnotes":""},"categories":[25],"tags":[18,66],"class_list":["post-16821","post","type-post","status-publish","format-standard","has-post-thumbnail","hentry","category-rumors","tag-ipad","tag-ipad-pro"],"yoast_head":"<!-- This site is optimized with the Yoast SEO Premium plugin v27.5 (Yoast SEO v27.5) - https:\/\/yoast.com\/product\/yoast-seo-premium-wordpress\/ -->\n<title>iPad Pro 2021: Neue Display-Technik, mehr Power Apfelpatient<\/title>\n<meta name=\"description\" content=\"MiniLED: Ger\u00fcchte rund um eine neue iPad Pro Generation begleiten uns seit Monaten. Nun gibt es Berichte \u00fcber die 5. Generation.\" \/>\n<meta name=\"robots\" content=\"index, follow, max-snippet:-1, max-image-preview:large, max-video-preview:-1\" \/>\n<link rel=\"canonical\" href=\"https:\/\/www.apfelpatient.de\/en\/rumors\/ipad-pro-2021-new-display-technology-more-power\" \/>\n<meta property=\"og:locale\" content=\"en_US\" \/>\n<meta property=\"og:type\" content=\"article\" \/>\n<meta property=\"og:title\" content=\"iPad Pro 2021: Neue Display-Technik, mehr Power\" \/>\n<meta property=\"og:description\" content=\"MiniLED: Ger\u00fcchte rund um eine neue iPad Pro Generation begleiten uns seit Monaten. Nun gibt es Berichte \u00fcber die 5. Generation.\" \/>\n<meta property=\"og:url\" content=\"https:\/\/www.apfelpatient.de\/en\/rumors\/ipad-pro-2021-new-display-technology-more-power\" \/>\n<meta property=\"og:site_name\" content=\"Apfelpatient\" \/>\n<meta property=\"article:publisher\" content=\"https:\/\/www.facebook.com\/apfelpatientOfficial\" \/>\n<meta property=\"article:author\" content=\"https:\/\/www.facebook.com\/apfelpatientOfficial\" \/>\n<meta property=\"article:published_time\" content=\"2020-11-04T16:27:42+00:00\" \/>\n<meta property=\"article:modified_time\" content=\"2020-11-04T16:27:44+00:00\" \/>\n<meta property=\"og:image\" content=\"https:\/\/www.apfelpatient.de\/wp-content\/uploads\/2020\/11\/bigstock-Wetzlar-Germany-376534726.jpg\" \/>\n\t<meta property=\"og:image:width\" content=\"1600\" \/>\n\t<meta property=\"og:image:height\" content=\"1067\" \/>\n\t<meta property=\"og:image:type\" content=\"image\/jpeg\" \/>\n<meta name=\"author\" content=\"Milan\" \/>\n<meta name=\"twitter:card\" content=\"summary_large_image\" \/>\n<meta name=\"twitter:description\" content=\"MiniLED: Ger\u00fcchte rund um eine neue iPad Pro Generation begleiten uns seit Monaten. Nun gibt es Berichte \u00fcber die 5. Generation.\" \/>\n<meta name=\"twitter:label1\" content=\"Written by\" \/>\n\t<meta name=\"twitter:data1\" content=\"Milan\" \/>\n\t<meta name=\"twitter:label2\" content=\"Est. reading time\" \/>\n\t<meta name=\"twitter:data2\" content=\"2 minutes\" \/>\n<script type=\"application\/ld+json\" class=\"yoast-schema-graph\">{\"@context\":\"https:\\\/\\\/schema.org\",\"@graph\":[{\"@type\":\"NewsArticle\",\"@id\":\"https:\\\/\\\/www.apfelpatient.de\\\/rumors\\\/ipad-pro-2021-neue-display-technik-mehr-power#article\",\"isPartOf\":{\"@id\":\"https:\\\/\\\/www.apfelpatient.de\\\/rumors\\\/ipad-pro-2021-neue-display-technik-mehr-power\"},\"author\":{\"@type\":\"Organization\",\"@id\":\"https:\\\/\\\/www.apfelpatient.de\\\/en\\\/#organization\",\"name\":\"Apfelpatient\",\"url\":\"https:\\\/\\\/www.apfelpatient.de\\\/en\\\/\"},\"headline\":\"iPad Pro 2021: Neue Display-Technik, mehr Power\",\"datePublished\":\"2020-11-04T16:27:42+00:00\",\"dateModified\":\"2020-11-04T16:27:44+00:00\",\"mainEntityOfPage\":{\"@id\":\"https:\\\/\\\/www.apfelpatient.de\\\/rumors\\\/ipad-pro-2021-neue-display-technik-mehr-power\"},\"wordCount\":366,\"publisher\":{\"@type\":\"Organization\",\"@id\":\"https:\\\/\\\/www.apfelpatient.de\\\/en\\\/#organization\",\"name\":\"Apfelpatient\",\"url\":\"https:\\\/\\\/www.apfelpatient.de\\\/en\\\/\"},\"image\":{\"@id\":\"https:\\\/\\\/www.apfelpatient.de\\\/rumors\\\/ipad-pro-2021-neue-display-technik-mehr-power#primaryimage\"},\"thumbnailUrl\":\"https:\\\/\\\/www.apfelpatient.de\\\/wp-content\\\/uploads\\\/2020\\\/11\\\/bigstock-Wetzlar-Germany-376534726.jpg\",\"keywords\":[\"iPad\",\"iPad Pro\"],\"articleSection\":\"Rumors\",\"inLanguage\":\"en-US\",\"copyrightYear\":\"2020\",\"copyrightHolder\":{\"@id\":\"https:\\\/\\\/www.apfelpatient.de\\\/en\\\/#organization\"}},{\"@type\":\"WebPage\",\"@id\":\"https:\\\/\\\/www.apfelpatient.de\\\/rumors\\\/ipad-pro-2021-neue-display-technik-mehr-power\",\"url\":\"https:\\\/\\\/www.apfelpatient.de\\\/rumors\\\/ipad-pro-2021-neue-display-technik-mehr-power\",\"name\":\"iPad Pro 2021: Neue Display-Technik, mehr Power Apfelpatient\",\"isPartOf\":{\"@id\":\"https:\\\/\\\/www.apfelpatient.de\\\/#website\"},\"primaryImageOfPage\":{\"@id\":\"https:\\\/\\\/www.apfelpatient.de\\\/rumors\\\/ipad-pro-2021-neue-display-technik-mehr-power#primaryimage\"},\"image\":{\"@id\":\"https:\\\/\\\/www.apfelpatient.de\\\/rumors\\\/ipad-pro-2021-neue-display-technik-mehr-power#primaryimage\"},\"thumbnailUrl\":\"https:\\\/\\\/www.apfelpatient.de\\\/wp-content\\\/uploads\\\/2020\\\/11\\\/bigstock-Wetzlar-Germany-376534726.jpg\",\"datePublished\":\"2020-11-04T16:27:42+00:00\",\"dateModified\":\"2020-11-04T16:27:44+00:00\",\"description\":\"MiniLED: Ger\u00fcchte rund um eine neue iPad Pro Generation begleiten uns seit Monaten. Nun gibt es Berichte \u00fcber die 5. Generation.\",\"breadcrumb\":{\"@id\":\"https:\\\/\\\/www.apfelpatient.de\\\/rumors\\\/ipad-pro-2021-neue-display-technik-mehr-power#breadcrumb\"},\"inLanguage\":\"en-US\",\"potentialAction\":[{\"@type\":\"ReadAction\",\"target\":[\"https:\\\/\\\/www.apfelpatient.de\\\/rumors\\\/ipad-pro-2021-neue-display-technik-mehr-power\"]}]},{\"@type\":\"ImageObject\",\"inLanguage\":\"en-US\",\"@id\":\"https:\\\/\\\/www.apfelpatient.de\\\/rumors\\\/ipad-pro-2021-neue-display-technik-mehr-power#primaryimage\",\"url\":\"https:\\\/\\\/www.apfelpatient.de\\\/wp-content\\\/uploads\\\/2020\\\/11\\\/bigstock-Wetzlar-Germany-376534726.jpg\",\"contentUrl\":\"https:\\\/\\\/www.apfelpatient.de\\\/wp-content\\\/uploads\\\/2020\\\/11\\\/bigstock-Wetzlar-Germany-376534726.jpg\",\"width\":1600,\"height\":1067,\"caption\":\"WETZLAR, GERMANY - 2020-07-10: APPLE The iPad Pro is a tablet computer from the iPad model line from Apple.\"},{\"@type\":\"BreadcrumbList\",\"@id\":\"https:\\\/\\\/www.apfelpatient.de\\\/rumors\\\/ipad-pro-2021-neue-display-technik-mehr-power#breadcrumb\",\"itemListElement\":[{\"@type\":\"ListItem\",\"position\":1,\"name\":\"Startseite\",\"item\":\"https:\\\/\\\/www.apfelpatient.de\\\/\"},{\"@type\":\"ListItem\",\"position\":2,\"name\":\"iPad Pro 2021: Neue Display-Technik, mehr Power\"}]},{\"@type\":\"WebSite\",\"@id\":\"https:\\\/\\\/www.apfelpatient.de\\\/#website\",\"url\":\"https:\\\/\\\/www.apfelpatient.de\\\/\",\"name\":\"Apfelpatient\",\"description\":\"Alles rund um Apple!\",\"publisher\":{\"@type\":\"Organization\",\"@id\":\"https:\\\/\\\/www.apfelpatient.de\\\/en\\\/#organization\",\"name\":\"Apfelpatient\",\"url\":\"https:\\\/\\\/www.apfelpatient.de\\\/en\\\/\"},\"alternateName\":\"Apfelpatient\",\"potentialAction\":[{\"@type\":\"SearchAction\",\"target\":{\"@type\":\"EntryPoint\",\"urlTemplate\":\"https:\\\/\\\/www.apfelpatient.de\\\/?s={search_term_string}\"},\"query-input\":{\"@type\":\"PropertyValueSpecification\",\"valueRequired\":true,\"valueName\":\"search_term_string\"}}],\"inLanguage\":\"en-US\"},{\"@type\":[\"Person\",\"Organization\"],\"@id\":\"https:\\\/\\\/www.apfelpatient.de\\\/#\\\/schema\\\/person\\\/7dc56ad6c8e9824b76d2c08d4c140e13\",\"name\":\"Milan\",\"logo\":{\"@id\":\"https:\\\/\\\/www.apfelpatient.de\\\/#\\\/schema\\\/person\\\/image\\\/\"},\"description\":\"Hallo und herzlich willkommen auf meinem Technik-Blog! Als gro\u00dfer Apple-Fan berichte ich hier \u00fcber alles, was mit Apple zu tun hat: von den neuesten News und spannenden Ger\u00fcchten \u00fcber hilfreiche Tipps und Tricks bis hin zu ausf\u00fchrlichen Produkttests. Wenn du genauso technikbegeistert bist wie ich, bist du hier genau richtig!\",\"sameAs\":[\"https:\\\/\\\/www.facebook.com\\\/apfelpatientOfficial\",\"https:\\\/\\\/www.linkedin.com\\\/in\\\/milan-jovicic-42aa0231b\"],\"url\":\"https:\\\/\\\/www.apfelpatient.de\\\/en\\\/author\\\/apfeladmin\"}]}<\/script>\n<!-- \/ Yoast SEO Premium plugin. -->","yoast_head_json":{"title":"iPad Pro 2021: New display technology, more power Apfelpatient","description":"MiniLED: Rumors about a new iPad Pro generation have been circulating for months. Now there are reports about the 5th generation.","robots":{"index":"index","follow":"follow","max-snippet":"max-snippet:-1","max-image-preview":"max-image-preview:large","max-video-preview":"max-video-preview:-1"},"canonical":"https:\/\/www.apfelpatient.de\/en\/rumors\/ipad-pro-2021-new-display-technology-more-power","og_locale":"en_US","og_type":"article","og_title":"iPad Pro 2021: Neue Display-Technik, mehr Power","og_description":"MiniLED: Ger\u00fcchte rund um eine neue iPad Pro Generation begleiten uns seit Monaten. Nun gibt es Berichte \u00fcber die 5. Generation.","og_url":"https:\/\/www.apfelpatient.de\/en\/rumors\/ipad-pro-2021-new-display-technology-more-power","og_site_name":"Apfelpatient","article_publisher":"https:\/\/www.facebook.com\/apfelpatientOfficial","article_author":"https:\/\/www.facebook.com\/apfelpatientOfficial","article_published_time":"2020-11-04T16:27:42+00:00","article_modified_time":"2020-11-04T16:27:44+00:00","og_image":[{"width":1600,"height":1067,"url":"https:\/\/www.apfelpatient.de\/wp-content\/uploads\/2020\/11\/bigstock-Wetzlar-Germany-376534726.jpg","type":"image\/jpeg"}],"author":"Milan","twitter_card":"summary_large_image","twitter_description":"MiniLED: Ger\u00fcchte rund um eine neue iPad Pro Generation begleiten uns seit Monaten. Nun gibt es Berichte \u00fcber die 5. Generation.","twitter_misc":{"Written by":"Milan","Est. reading time":"2 minutes"},"schema":{"@context":"https:\/\/schema.org","@graph":[{"@type":"NewsArticle","@id":"https:\/\/www.apfelpatient.de\/rumors\/ipad-pro-2021-neue-display-technik-mehr-power#article","isPartOf":{"@id":"https:\/\/www.apfelpatient.de\/rumors\/ipad-pro-2021-neue-display-technik-mehr-power"},"author":{"@type":"Organization","@id":"https:\/\/www.apfelpatient.de\/en\/#organization","name":"Apfelpatient","url":"https:\/\/www.apfelpatient.de\/en\/"},"headline":"iPad Pro 2021: Neue Display-Technik, mehr Power","datePublished":"2020-11-04T16:27:42+00:00","dateModified":"2020-11-04T16:27:44+00:00","mainEntityOfPage":{"@id":"https:\/\/www.apfelpatient.de\/rumors\/ipad-pro-2021-neue-display-technik-mehr-power"},"wordCount":366,"publisher":{"@type":"Organization","@id":"https:\/\/www.apfelpatient.de\/en\/#organization","name":"Apfelpatient","url":"https:\/\/www.apfelpatient.de\/en\/"},"image":{"@id":"https:\/\/www.apfelpatient.de\/rumors\/ipad-pro-2021-neue-display-technik-mehr-power#primaryimage"},"thumbnailUrl":"https:\/\/www.apfelpatient.de\/wp-content\/uploads\/2020\/11\/bigstock-Wetzlar-Germany-376534726.jpg","keywords":["iPad","iPad Pro"],"articleSection":"Rumors","inLanguage":"en-US","copyrightYear":"2020","copyrightHolder":{"@id":"https:\/\/www.apfelpatient.de\/en\/#organization"}},{"@type":"WebPage","@id":"https:\/\/www.apfelpatient.de\/rumors\/ipad-pro-2021-neue-display-technik-mehr-power","url":"https:\/\/www.apfelpatient.de\/rumors\/ipad-pro-2021-neue-display-technik-mehr-power","name":"iPad Pro 2021: New display technology, more power Apfelpatient","isPartOf":{"@id":"https:\/\/www.apfelpatient.de\/#website"},"primaryImageOfPage":{"@id":"https:\/\/www.apfelpatient.de\/rumors\/ipad-pro-2021-neue-display-technik-mehr-power#primaryimage"},"image":{"@id":"https:\/\/www.apfelpatient.de\/rumors\/ipad-pro-2021-neue-display-technik-mehr-power#primaryimage"},"thumbnailUrl":"https:\/\/www.apfelpatient.de\/wp-content\/uploads\/2020\/11\/bigstock-Wetzlar-Germany-376534726.jpg","datePublished":"2020-11-04T16:27:42+00:00","dateModified":"2020-11-04T16:27:44+00:00","description":"MiniLED: Rumors about a new iPad Pro generation have been circulating for months. Now there are reports about the 5th generation.","breadcrumb":{"@id":"https:\/\/www.apfelpatient.de\/rumors\/ipad-pro-2021-neue-display-technik-mehr-power#breadcrumb"},"inLanguage":"en-US","potentialAction":[{"@type":"ReadAction","target":["https:\/\/www.apfelpatient.de\/rumors\/ipad-pro-2021-neue-display-technik-mehr-power"]}]},{"@type":"ImageObject","inLanguage":"en-US","@id":"https:\/\/www.apfelpatient.de\/rumors\/ipad-pro-2021-neue-display-technik-mehr-power#primaryimage","url":"https:\/\/www.apfelpatient.de\/wp-content\/uploads\/2020\/11\/bigstock-Wetzlar-Germany-376534726.jpg","contentUrl":"https:\/\/www.apfelpatient.de\/wp-content\/uploads\/2020\/11\/bigstock-Wetzlar-Germany-376534726.jpg","width":1600,"height":1067,"caption":"WETZLAR, GERMANY - 2020-07-10: APPLE The iPad Pro is a tablet computer from the iPad model line from Apple."},{"@type":"BreadcrumbList","@id":"https:\/\/www.apfelpatient.de\/rumors\/ipad-pro-2021-neue-display-technik-mehr-power#breadcrumb","itemListElement":[{"@type":"ListItem","position":1,"name":"Startseite","item":"https:\/\/www.apfelpatient.de\/"},{"@type":"ListItem","position":2,"name":"iPad Pro 2021: Neue Display-Technik, mehr Power"}]},{"@type":"WebSite","@id":"https:\/\/www.apfelpatient.de\/#website","url":"https:\/\/www.apfelpatient.de\/","name":"apple patient","description":"Everything about Apple!","publisher":{"@type":"Organization","@id":"https:\/\/www.apfelpatient.de\/en\/#organization","name":"Apfelpatient","url":"https:\/\/www.apfelpatient.de\/en\/"},"alternateName":"Apfelpatient","potentialAction":[{"@type":"SearchAction","target":{"@type":"EntryPoint","urlTemplate":"https:\/\/www.apfelpatient.de\/?s={search_term_string}"},"query-input":{"@type":"PropertyValueSpecification","valueRequired":true,"valueName":"search_term_string"}}],"inLanguage":"en-US"},{"@type":["Person","Organization"],"@id":"https:\/\/www.apfelpatient.de\/#\/schema\/person\/7dc56ad6c8e9824b76d2c08d4c140e13","name":"Milan","logo":{"@id":"https:\/\/www.apfelpatient.de\/#\/schema\/person\/image\/"},"description":"Hello and welcome to my technology blog! As a big Apple fan, I report on everything to do with Apple: from the latest news and exciting rumors to helpful tips and tricks and detailed product tests. If you are as enthusiastic about technology as I am, you have come to the right place!","sameAs":["https:\/\/www.facebook.com\/apfelpatientOfficial","https:\/\/www.linkedin.com\/in\/milan-jovicic-42aa0231b"],"url":"https:\/\/www.apfelpatient.de\/en\/author\/apfeladmin"}]}},"_links":{"self":[{"href":"https:\/\/www.apfelpatient.de\/en\/wp-json\/wp\/v2\/posts\/16821","targetHints":{"allow":["GET"]}}],"collection":[{"href":"https:\/\/www.apfelpatient.de\/en\/wp-json\/wp\/v2\/posts"}],"about":[{"href":"https:\/\/www.apfelpatient.de\/en\/wp-json\/wp\/v2\/types\/post"}],"author":[{"embeddable":true,"href":"https:\/\/www.apfelpatient.de\/en\/wp-json\/wp\/v2\/users\/2"}],"replies":[{"embeddable":true,"href":"https:\/\/www.apfelpatient.de\/en\/wp-json\/wp\/v2\/comments?post=16821"}],"version-history":[{"count":0,"href":"https:\/\/www.apfelpatient.de\/en\/wp-json\/wp\/v2\/posts\/16821\/revisions"}],"wp:featuredmedia":[{"embeddable":true,"href":"https:\/\/www.apfelpatient.de\/en\/wp-json\/wp\/v2\/media\/16822"}],"wp:attachment":[{"href":"https:\/\/www.apfelpatient.de\/en\/wp-json\/wp\/v2\/media?parent=16821"}],"wp:term":[{"taxonomy":"category","embeddable":true,"href":"https:\/\/www.apfelpatient.de\/en\/wp-json\/wp\/v2\/categories?post=16821"},{"taxonomy":"post_tag","embeddable":true,"href":"https:\/\/www.apfelpatient.de\/en\/wp-json\/wp\/v2\/tags?post=16821"}],"curies":[{"name":"wp","href":"https:\/\/api.w.org\/{rel}","templated":true}]}}