{"id":16711,"date":"2020-11-01T16:06:17","date_gmt":"2020-11-01T15:06:17","guid":{"rendered":"https:\/\/www.apfelpatient.de\/?p=16711"},"modified":"2020-11-27T22:35:20","modified_gmt":"2020-11-27T21:35:20","slug":"dark-mode-in-facebook-introduction-is-finally-underway","status":"publish","type":"post","link":"https:\/\/www.apfelpatient.de\/en\/news\/dark-mode-in-facebook-einfuehrung-laeuft-endlich-an","title":{"rendered":"Dark Mode in Facebook: Introduction finally underway"},"content":{"rendered":"<p class=\"has-drop-cap\"><strong>Where is the dark mode in Facebook for iOS users? No one has a real answer to this question. Yes, it exists, yes, it is being introduced, but many people still don&#039;t have access to it. Now, however, something seems to be happening.<\/strong><\/p>\n\n\n\n<p>I&#039;ve had access to Dark Mode in Facebook for a good day now. I have to honestly admit that I don&#039;t like it as much as I hoped. But in the end it&#039;s a matter of taste. Let&#039;s see if I can get used to the &quot;feature&quot; in the next few days. Whatever. It&#039;s been a good 400 days since Dark Mode was first spotted in Facebook for iOS. The feature introduced by Apple has been available since iOS 13. But Facebook seems to be taking a particularly long time to roll it out worldwide.<\/p>\n\n\n\n<h3 class=\"wp-block-heading\" id=\"h-dark-mode-facebook-best-tigt-ausweitung-der-testphase\">Dark Mode: Facebook confirms extension of test phase<\/h3>\n\n\n\n<p>After the first hints of the implementation were discovered in April 2020, a small number of users received <a href=\"https:\/\/www.apfelpatient.de\/en\/news\/iphone-facebook-rolls-out-dark-mode\">access<\/a> on the feature. In the last weeks and months, more iOS users have joined. Nobody knows why Facebook is taking so long to introduce the dark look. But now things seem to be moving. There is even confirmation. The well-known hacker Jane Manchun Wong has posted a video on Twitter that was created together with Facebook. It shows that the social media <a rel=\"noreferrer noopener\" href=\"https:\/\/www.facebook.com\" target=\"_blank\">giant<\/a> finally rolls out the feature worldwide.<\/p>\n\n\n\n<figure class=\"wp-block-embed-twitter wp-block-embed is-type-rich is-provider-twitter\"><div class=\"wp-block-embed__wrapper\">\n <div class=\"brlbs-cmpnt-container brlbs-cmpnt-content-blocker brlbs-cmpnt-with-individual-styles\" data-borlabs-cookie-content-blocker-id=\"x-alias-twitter-content-blocker\" data-borlabs-cookie-content=\"PGJsb2NrcXVvdGUgY2xhc3M9InR3aXR0ZXItdHdlZXQiIGRhdGEtd2lkdGg9IjUwMCIgZGF0YS1kbnQ9InRydWUiPjxwIGxhbmc9ImVuIiBkaXI9Imx0ciI+RmFjZWJvb2sgaXMgcHVibGljbHkgdGVzdGluZyBEYXJrIE1vZGUhIPCfjJk8YnI+PGJyPllvdSBhc2tlZCBpdCwgSSBjaGF0dGVkIHdpdGggRmFjZWJvb2vigJlzIDxhIGhyZWY9Imh0dHBzOi8vdHdpdHRlci5jb20vYWxleHZvaWNhP3JlZl9zcmM9dHdzcmMlNUV0ZnciPkBhbGV4dm9pY2E8L2E+IGFib3V0IGl0IGFuZCBoZXJl4oCZcyBhIHZpZGVvIG1hZGUgaW4gY29sbGFib3JhdGlvbiB3aXRoIEZhY2Vib29rISA8YSBocmVmPSJodHRwczovL3QuY28vVEdqZFRYRHhvUCI+cGljLnR3aXR0ZXIuY29tL1RHamRUWER4b1A8L2E+PC9wPiZtZGFzaDsgSmFuZSBNYW5jaHVuIFdvbmcgKEB3b25nbWphbmUpIDxhIGhyZWY9Imh0dHBzOi8vdHdpdHRlci5jb20vd29uZ21qYW5lL3N0YXR1cy8xMzIyMTE2MDM1OTg2ODA4ODMyP3JlZl9zcmM9dHdzcmMlNUV0ZnciPk9jdG9iZXIgMzAsIDIwMjA8L2E+PC9ibG9ja3F1b3RlPjxzY3JpcHQgYXN5bmMgc3JjPSJodHRwczovL3BsYXRmb3JtLnR3aXR0ZXIuY29tL3dpZGdldHMuanMiIGNoYXJzZXQ9InV0Zi04Ij48L3NjcmlwdD4=\"><div class=\"brlbs-cmpnt-cb-preset-b brlbs-cmpnt-cb-x\"> <div class=\"brlbs-cmpnt-cb-thumbnail\" style=\"background-image: url('https:\/\/www.apfelpatient.de\/wp-content\/uploads\/borlabs-cookie\/1\/cb-twitter-main.png')\"><\/div> <div class=\"brlbs-cmpnt-cb-main\"> <div class=\"brlbs-cmpnt-cb-content\"> <p class=\"brlbs-cmpnt-cb-description\">You are currently viewing a placeholder content from <strong>X<\/strong>. To access the actual content, click the button below. Please note that doing so will share data with third-party providers.<\/p> <a class=\"brlbs-cmpnt-cb-provider-toggle\" href=\"#\" data-borlabs-cookie-show-provider-information role=\"button\">More Information<\/a> <\/div> <div class=\"brlbs-cmpnt-cb-buttons\"> <a class=\"brlbs-cmpnt-cb-btn\" href=\"#\" data-borlabs-cookie-unblock role=\"button\">Unblock content<\/a> <a class=\"brlbs-cmpnt-cb-btn\" href=\"#\" data-borlabs-cookie-accept-service role=\"button\" style=\"display: inherit\">Accept required service and unblock content<\/a> <\/div> <\/div> <\/div><\/div>\n<\/div><\/figure>\n\n\n\n<h3 class=\"wp-block-heading\" id=\"h-so-wird-der-dark-mode-in-facebook-aktiviert\">How to activate Dark Mode in Facebook<\/h3>\n\n\n\n\n\n\n\n<p>Strictly speaking, Facebook Dark Mode is still in a test phase, but this is to be expanded to all users. It is therefore expected that in the next few days - or weeks - all iOS users in Facebook will have access to it. The whole thing is also pretty easy to check. The feature is deactivated by default and, unlike WhatsApp and Instagram, can be controlled in the Facebook app. From now on, the menu item &quot;Night Mode&quot; will be found under Settings and Privacy. The new appearance can be permanently activated or deactivated or linked to the system settings.&nbsp;<a href=\"https:\/\/www.amazon.de\/shop\/apfelpatientofficial?listId=2SH1KEP4J41TE&amp;ref=cm_sw_em_r_inf_list_own_apfelpatientofficial_dp_ZrWfgRbpxgBlW\">AirPods Pro on special offer at Amazon \u2013 available now<\/a><em>. (Photo by r.classen \/ Bigstockphoto)<\/em><\/p>\n\n\n\n<figure class=\"wp-block-image size-large\"><img decoding=\"async\" width=\"1024\" height=\"768\" src=\"https:\/\/www.apfelpatient.de\/wp-content\/uploads\/2020\/11\/E4AAD2B8-F10C-4EA6-8EEF-5BB5B51B6006-1024x768.png\" alt=\"Facebook Dark Mode\" class=\"wp-image-16712\" srcset=\"https:\/\/www.apfelpatient.de\/wp-content\/uploads\/2020\/11\/E4AAD2B8-F10C-4EA6-8EEF-5BB5B51B6006-1024x768.png 1024w, https:\/\/www.apfelpatient.de\/wp-content\/uploads\/2020\/11\/E4AAD2B8-F10C-4EA6-8EEF-5BB5B51B6006-300x225.png 300w, https:\/\/www.apfelpatient.de\/wp-content\/uploads\/2020\/11\/E4AAD2B8-F10C-4EA6-8EEF-5BB5B51B6006-768x576.png 768w, https:\/\/www.apfelpatient.de\/wp-content\/uploads\/2020\/11\/E4AAD2B8-F10C-4EA6-8EEF-5BB5B51B6006-1536x1152.png 1536w, https:\/\/www.apfelpatient.de\/wp-content\/uploads\/2020\/11\/E4AAD2B8-F10C-4EA6-8EEF-5BB5B51B6006-2048x1536.png 2048w, https:\/\/www.apfelpatient.de\/wp-content\/uploads\/2020\/11\/E4AAD2B8-F10C-4EA6-8EEF-5BB5B51B6006-750x563.png 750w, https:\/\/www.apfelpatient.de\/wp-content\/uploads\/2020\/11\/E4AAD2B8-F10C-4EA6-8EEF-5BB5B51B6006-1140x855.png 1140w\" sizes=\"(max-width: 1024px) 100vw, 1024px\" \/><figcaption>Screenshot: Apfelpatient<\/figcaption><\/figure>\n\n\n\n<h6 class=\"wp-block-heading translation-block\" id=\"h-kennt-ihr-schon-unsere-amazon-storefront-dort-findet-ihr-eine-handverlesene-auswahl-von-diversen-produkten-f-r-euer-iphone-und-co-viel-spa-beim-st-bern\"><em>Have you already visited our Amazon Storefront? There you&#039;ll find a hand-picked selection of various products for your iPhone and other devices \u2013 <span class=\"has-inline-color has-vivid-red-color\"><a href=\"https:\/\/www.amazon.de\/shop\/apfelpatientofficial\" class=\"ek-link\" data-wpel-link=\"exclude\" rel=\"follow noopener\" target=\"_self\"><span style=\"text-decoration: underline\" class=\"ek-underline\">enjoy browsing<\/span><\/a> !<\/span><\/em><\/h6>\n\n\n\n\n\n<h6 class=\"wp-block-heading translation-block\" id=\"h-der-beitrag-enthalt-partnerlinks\">This post contains <a data-type=\"URL\" data-id=\"https:\/\/www.apfelpatient.de\/partnerprogramm\" href=\"https:\/\/www.apfelpatient.de\/en\/partner-program\" data-wpel-link=\"internal\" target=\"_self\">affiliate links<\/a>.<\/h6>","protected":false},"excerpt":{"rendered":"<p>Where is the dark mode in Facebook for iOS users? Yes, it exists, yes it is being introduced, but many still do not have access to it.<\/p>","protected":false},"author":2,"featured_media":16714,"comment_status":"closed","ping_status":"closed","sticky":false,"template":"","format":"standard","meta":{"jnews-multi-image_gallery":[],"jnews_single_post":{"subtitle":"","format":"standard","video":"","gallery":"","source_name":"","source_url":"","via_name":"","via_url":"","override":[{"single_blog_custom":"","sidebar":"","second_sidebar":"","share_position":"","share_float_style":"","post_date_format":"","post_date_format_custom":"","post_reading_time_wpm":"","zoom_button_out_step":"1","zoom_button_in_step":"1","number_popup_post":"1"}],"image_override":[{"single_post_thumbnail_size":"","single_post_gallery_size":""}],"trending_post_position":"","trending_post_label":"","sponsored_post_label":"","sponsored_post_name":"","sponsored_post_url":"","sponsored_post_logo":"","sponsored_post_desc":""},"jnews_primary_category":{"id":"9"},"footnotes":""},"categories":[9],"tags":[142,3,13],"class_list":["post-16711","post","type-post","status-publish","format-standard","has-post-thumbnail","hentry","category-news","tag-facebook","tag-ios","tag-techpatient"],"yoast_head":"<!-- This site is optimized with the Yoast SEO Premium plugin v27.5 (Yoast SEO v27.5) - https:\/\/yoast.com\/product\/yoast-seo-premium-wordpress\/ -->\n<title>Dark Mode in Facebook: Einf\u00fchrung l\u00e4uft endlich an Apfelpatient<\/title>\n<meta name=\"description\" content=\"Wo bleibt der Dark Mode in Facebook f\u00fcr iOS-Nutzer?Ja es gibt ihn, ja er wird eingef\u00fchrt aber viele haben bis heute keinen Zugriff darauf.\" \/>\n<meta name=\"robots\" content=\"index, follow, max-snippet:-1, max-image-preview:large, max-video-preview:-1\" \/>\n<link rel=\"canonical\" href=\"https:\/\/www.apfelpatient.de\/en\/news\/dark-mode-in-facebook-introduction-is-finally-underway\" \/>\n<meta property=\"og:locale\" content=\"en_US\" \/>\n<meta property=\"og:type\" content=\"article\" \/>\n<meta property=\"og:title\" content=\"Dark Mode in Facebook: Einf\u00fchrung l\u00e4uft endlich an\" \/>\n<meta property=\"og:description\" content=\"Wo bleibt der Dark Mode in Facebook f\u00fcr iOS-Nutzer?Ja es gibt ihn, ja er wird eingef\u00fchrt aber viele haben bis heute keinen Zugriff darauf.\" \/>\n<meta property=\"og:url\" content=\"https:\/\/www.apfelpatient.de\/en\/news\/dark-mode-in-facebook-introduction-is-finally-underway\" \/>\n<meta property=\"og:site_name\" content=\"Apfelpatient\" \/>\n<meta property=\"article:publisher\" content=\"https:\/\/www.facebook.com\/apfelpatientOfficial\" \/>\n<meta property=\"article:author\" content=\"https:\/\/www.facebook.com\/apfelpatientOfficial\" \/>\n<meta property=\"article:published_time\" content=\"2020-11-01T15:06:17+00:00\" \/>\n<meta property=\"article:modified_time\" content=\"2020-11-27T21:35:20+00:00\" \/>\n<meta property=\"og:image\" content=\"https:\/\/www.apfelpatient.de\/wp-content\/uploads\/2020\/11\/bigstock-Berlin-Germany-August-W-385238018.jpg\" \/>\n\t<meta property=\"og:image:width\" content=\"1600\" \/>\n\t<meta property=\"og:image:height\" content=\"875\" \/>\n\t<meta property=\"og:image:type\" content=\"image\/jpeg\" \/>\n<meta name=\"author\" content=\"Milan\" \/>\n<meta name=\"twitter:card\" content=\"summary_large_image\" \/>\n<meta name=\"twitter:description\" content=\"Wo bleibt der Dark Mode in Facebook f\u00fcr iOS-Nutzer?Ja es gibt ihn, ja er wird eingef\u00fchrt aber viele haben bis heute keinen Zugriff darauf.\" \/>\n<meta name=\"twitter:label1\" content=\"Written by\" \/>\n\t<meta name=\"twitter:data1\" content=\"Milan\" \/>\n\t<meta name=\"twitter:label2\" content=\"Est. reading time\" \/>\n\t<meta name=\"twitter:data2\" content=\"2 minutes\" \/>\n<script type=\"application\/ld+json\" class=\"yoast-schema-graph\">{\"@context\":\"https:\\\/\\\/schema.org\",\"@graph\":[{\"@type\":\"NewsArticle\",\"@id\":\"https:\\\/\\\/www.apfelpatient.de\\\/news\\\/dark-mode-in-facebook-einfuehrung-laeuft-endlich-an#article\",\"isPartOf\":{\"@id\":\"https:\\\/\\\/www.apfelpatient.de\\\/news\\\/dark-mode-in-facebook-einfuehrung-laeuft-endlich-an\"},\"author\":{\"@type\":\"Organization\",\"@id\":\"https:\\\/\\\/www.apfelpatient.de\\\/en\\\/#organization\",\"name\":\"Apfelpatient\",\"url\":\"https:\\\/\\\/www.apfelpatient.de\\\/en\\\/\"},\"headline\":\"Dark Mode in Facebook: Einf\u00fchrung l\u00e4uft endlich an\",\"datePublished\":\"2020-11-01T15:06:17+00:00\",\"dateModified\":\"2020-11-27T21:35:20+00:00\",\"mainEntityOfPage\":{\"@id\":\"https:\\\/\\\/www.apfelpatient.de\\\/news\\\/dark-mode-in-facebook-einfuehrung-laeuft-endlich-an\"},\"wordCount\":386,\"publisher\":{\"@type\":\"Organization\",\"@id\":\"https:\\\/\\\/www.apfelpatient.de\\\/en\\\/#organization\",\"name\":\"Apfelpatient\",\"url\":\"https:\\\/\\\/www.apfelpatient.de\\\/en\\\/\"},\"image\":{\"@id\":\"https:\\\/\\\/www.apfelpatient.de\\\/news\\\/dark-mode-in-facebook-einfuehrung-laeuft-endlich-an#primaryimage\"},\"thumbnailUrl\":\"https:\\\/\\\/www.apfelpatient.de\\\/wp-content\\\/uploads\\\/2020\\\/11\\\/bigstock-Berlin-Germany-August-W-385238018.jpg\",\"keywords\":[\"Facebook\",\"iOS\",\"TechPatient\"],\"articleSection\":\"News\",\"inLanguage\":\"en-US\",\"copyrightYear\":\"2020\",\"copyrightHolder\":{\"@id\":\"https:\\\/\\\/www.apfelpatient.de\\\/en\\\/#organization\"}},{\"@type\":\"WebPage\",\"@id\":\"https:\\\/\\\/www.apfelpatient.de\\\/news\\\/dark-mode-in-facebook-einfuehrung-laeuft-endlich-an\",\"url\":\"https:\\\/\\\/www.apfelpatient.de\\\/news\\\/dark-mode-in-facebook-einfuehrung-laeuft-endlich-an\",\"name\":\"Dark Mode in Facebook: Einf\u00fchrung l\u00e4uft endlich an Apfelpatient\",\"isPartOf\":{\"@id\":\"https:\\\/\\\/www.apfelpatient.de\\\/#website\"},\"primaryImageOfPage\":{\"@id\":\"https:\\\/\\\/www.apfelpatient.de\\\/news\\\/dark-mode-in-facebook-einfuehrung-laeuft-endlich-an#primaryimage\"},\"image\":{\"@id\":\"https:\\\/\\\/www.apfelpatient.de\\\/news\\\/dark-mode-in-facebook-einfuehrung-laeuft-endlich-an#primaryimage\"},\"thumbnailUrl\":\"https:\\\/\\\/www.apfelpatient.de\\\/wp-content\\\/uploads\\\/2020\\\/11\\\/bigstock-Berlin-Germany-August-W-385238018.jpg\",\"datePublished\":\"2020-11-01T15:06:17+00:00\",\"dateModified\":\"2020-11-27T21:35:20+00:00\",\"description\":\"Wo bleibt der Dark Mode in Facebook f\u00fcr iOS-Nutzer?Ja es gibt ihn, ja er wird eingef\u00fchrt aber viele haben bis heute keinen Zugriff darauf.\",\"breadcrumb\":{\"@id\":\"https:\\\/\\\/www.apfelpatient.de\\\/news\\\/dark-mode-in-facebook-einfuehrung-laeuft-endlich-an#breadcrumb\"},\"inLanguage\":\"en-US\",\"potentialAction\":[{\"@type\":\"ReadAction\",\"target\":[\"https:\\\/\\\/www.apfelpatient.de\\\/news\\\/dark-mode-in-facebook-einfuehrung-laeuft-endlich-an\"]}]},{\"@type\":\"ImageObject\",\"inLanguage\":\"en-US\",\"@id\":\"https:\\\/\\\/www.apfelpatient.de\\\/news\\\/dark-mode-in-facebook-einfuehrung-laeuft-endlich-an#primaryimage\",\"url\":\"https:\\\/\\\/www.apfelpatient.de\\\/wp-content\\\/uploads\\\/2020\\\/11\\\/bigstock-Berlin-Germany-August-W-385238018.jpg\",\"contentUrl\":\"https:\\\/\\\/www.apfelpatient.de\\\/wp-content\\\/uploads\\\/2020\\\/11\\\/bigstock-Berlin-Germany-August-W-385238018.jpg\",\"width\":1600,\"height\":875,\"caption\":\"BERLIN, GERMANY AUGUST 2019: Woman hand holding iphone Xs with logo of Facebook application in the park. Facebook is an online social networking service founded in February 2004 by Mark Zuckerberg.\"},{\"@type\":\"BreadcrumbList\",\"@id\":\"https:\\\/\\\/www.apfelpatient.de\\\/news\\\/dark-mode-in-facebook-einfuehrung-laeuft-endlich-an#breadcrumb\",\"itemListElement\":[{\"@type\":\"ListItem\",\"position\":1,\"name\":\"Startseite\",\"item\":\"https:\\\/\\\/www.apfelpatient.de\\\/\"},{\"@type\":\"ListItem\",\"position\":2,\"name\":\"Dark Mode in Facebook: Einf\u00fchrung l\u00e4uft endlich an\"}]},{\"@type\":\"WebSite\",\"@id\":\"https:\\\/\\\/www.apfelpatient.de\\\/#website\",\"url\":\"https:\\\/\\\/www.apfelpatient.de\\\/\",\"name\":\"Apfelpatient\",\"description\":\"Alles rund um Apple!\",\"publisher\":{\"@type\":\"Organization\",\"@id\":\"https:\\\/\\\/www.apfelpatient.de\\\/en\\\/#organization\",\"name\":\"Apfelpatient\",\"url\":\"https:\\\/\\\/www.apfelpatient.de\\\/en\\\/\"},\"alternateName\":\"Apfelpatient\",\"potentialAction\":[{\"@type\":\"SearchAction\",\"target\":{\"@type\":\"EntryPoint\",\"urlTemplate\":\"https:\\\/\\\/www.apfelpatient.de\\\/?s={search_term_string}\"},\"query-input\":{\"@type\":\"PropertyValueSpecification\",\"valueRequired\":true,\"valueName\":\"search_term_string\"}}],\"inLanguage\":\"en-US\"},{\"@type\":[\"Person\",\"Organization\"],\"@id\":\"https:\\\/\\\/www.apfelpatient.de\\\/#\\\/schema\\\/person\\\/7dc56ad6c8e9824b76d2c08d4c140e13\",\"name\":\"Milan\",\"logo\":{\"@id\":\"https:\\\/\\\/www.apfelpatient.de\\\/#\\\/schema\\\/person\\\/image\\\/\"},\"description\":\"Hallo und herzlich willkommen auf meinem Technik-Blog! Als gro\u00dfer Apple-Fan berichte ich hier \u00fcber alles, was mit Apple zu tun hat: von den neuesten News und spannenden Ger\u00fcchten \u00fcber hilfreiche Tipps und Tricks bis hin zu ausf\u00fchrlichen Produkttests. Wenn du genauso technikbegeistert bist wie ich, bist du hier genau richtig!\",\"sameAs\":[\"https:\\\/\\\/www.facebook.com\\\/apfelpatientOfficial\",\"https:\\\/\\\/www.linkedin.com\\\/in\\\/milan-jovicic-42aa0231b\"],\"url\":\"https:\\\/\\\/www.apfelpatient.de\\\/en\\\/author\\\/apfeladmin\"}]}<\/script>\n<!-- \/ Yoast SEO Premium plugin. -->","yoast_head_json":{"title":"Dark Mode in Facebook: Introduction is finally underway Apfelpatient","description":"Where is the dark mode in Facebook for iOS users? Yes, it exists, yes it is being introduced, but many still do not have access to it.","robots":{"index":"index","follow":"follow","max-snippet":"max-snippet:-1","max-image-preview":"max-image-preview:large","max-video-preview":"max-video-preview:-1"},"canonical":"https:\/\/www.apfelpatient.de\/en\/news\/dark-mode-in-facebook-introduction-is-finally-underway","og_locale":"en_US","og_type":"article","og_title":"Dark Mode in Facebook: Einf\u00fchrung l\u00e4uft endlich an","og_description":"Wo bleibt der Dark Mode in Facebook f\u00fcr iOS-Nutzer?Ja es gibt ihn, ja er wird eingef\u00fchrt aber viele haben bis heute keinen Zugriff darauf.","og_url":"https:\/\/www.apfelpatient.de\/en\/news\/dark-mode-in-facebook-introduction-is-finally-underway","og_site_name":"Apfelpatient","article_publisher":"https:\/\/www.facebook.com\/apfelpatientOfficial","article_author":"https:\/\/www.facebook.com\/apfelpatientOfficial","article_published_time":"2020-11-01T15:06:17+00:00","article_modified_time":"2020-11-27T21:35:20+00:00","og_image":[{"width":1600,"height":875,"url":"https:\/\/www.apfelpatient.de\/wp-content\/uploads\/2020\/11\/bigstock-Berlin-Germany-August-W-385238018.jpg","type":"image\/jpeg"}],"author":"Milan","twitter_card":"summary_large_image","twitter_description":"Wo bleibt der Dark Mode in Facebook f\u00fcr iOS-Nutzer?Ja es gibt ihn, ja er wird eingef\u00fchrt aber viele haben bis heute keinen Zugriff darauf.","twitter_misc":{"Written by":"Milan","Est. reading time":"2 minutes"},"schema":{"@context":"https:\/\/schema.org","@graph":[{"@type":"NewsArticle","@id":"https:\/\/www.apfelpatient.de\/news\/dark-mode-in-facebook-einfuehrung-laeuft-endlich-an#article","isPartOf":{"@id":"https:\/\/www.apfelpatient.de\/news\/dark-mode-in-facebook-einfuehrung-laeuft-endlich-an"},"author":{"@type":"Organization","@id":"https:\/\/www.apfelpatient.de\/en\/#organization","name":"Apfelpatient","url":"https:\/\/www.apfelpatient.de\/en\/"},"headline":"Dark Mode in Facebook: Einf\u00fchrung l\u00e4uft endlich an","datePublished":"2020-11-01T15:06:17+00:00","dateModified":"2020-11-27T21:35:20+00:00","mainEntityOfPage":{"@id":"https:\/\/www.apfelpatient.de\/news\/dark-mode-in-facebook-einfuehrung-laeuft-endlich-an"},"wordCount":386,"publisher":{"@type":"Organization","@id":"https:\/\/www.apfelpatient.de\/en\/#organization","name":"Apfelpatient","url":"https:\/\/www.apfelpatient.de\/en\/"},"image":{"@id":"https:\/\/www.apfelpatient.de\/news\/dark-mode-in-facebook-einfuehrung-laeuft-endlich-an#primaryimage"},"thumbnailUrl":"https:\/\/www.apfelpatient.de\/wp-content\/uploads\/2020\/11\/bigstock-Berlin-Germany-August-W-385238018.jpg","keywords":["Facebook","iOS","TechPatient"],"articleSection":"News","inLanguage":"en-US","copyrightYear":"2020","copyrightHolder":{"@id":"https:\/\/www.apfelpatient.de\/en\/#organization"}},{"@type":"WebPage","@id":"https:\/\/www.apfelpatient.de\/news\/dark-mode-in-facebook-einfuehrung-laeuft-endlich-an","url":"https:\/\/www.apfelpatient.de\/news\/dark-mode-in-facebook-einfuehrung-laeuft-endlich-an","name":"Dark Mode in Facebook: Introduction is finally underway Apfelpatient","isPartOf":{"@id":"https:\/\/www.apfelpatient.de\/#website"},"primaryImageOfPage":{"@id":"https:\/\/www.apfelpatient.de\/news\/dark-mode-in-facebook-einfuehrung-laeuft-endlich-an#primaryimage"},"image":{"@id":"https:\/\/www.apfelpatient.de\/news\/dark-mode-in-facebook-einfuehrung-laeuft-endlich-an#primaryimage"},"thumbnailUrl":"https:\/\/www.apfelpatient.de\/wp-content\/uploads\/2020\/11\/bigstock-Berlin-Germany-August-W-385238018.jpg","datePublished":"2020-11-01T15:06:17+00:00","dateModified":"2020-11-27T21:35:20+00:00","description":"Where is the dark mode in Facebook for iOS users? Yes, it exists, yes it is being introduced, but many still do not have access to it.","breadcrumb":{"@id":"https:\/\/www.apfelpatient.de\/news\/dark-mode-in-facebook-einfuehrung-laeuft-endlich-an#breadcrumb"},"inLanguage":"en-US","potentialAction":[{"@type":"ReadAction","target":["https:\/\/www.apfelpatient.de\/news\/dark-mode-in-facebook-einfuehrung-laeuft-endlich-an"]}]},{"@type":"ImageObject","inLanguage":"en-US","@id":"https:\/\/www.apfelpatient.de\/news\/dark-mode-in-facebook-einfuehrung-laeuft-endlich-an#primaryimage","url":"https:\/\/www.apfelpatient.de\/wp-content\/uploads\/2020\/11\/bigstock-Berlin-Germany-August-W-385238018.jpg","contentUrl":"https:\/\/www.apfelpatient.de\/wp-content\/uploads\/2020\/11\/bigstock-Berlin-Germany-August-W-385238018.jpg","width":1600,"height":875,"caption":"BERLIN, GERMANY AUGUST 2019: Woman hand holding iphone Xs with logo of Facebook application in the park. Facebook is an online social networking service founded in February 2004 by Mark Zuckerberg."},{"@type":"BreadcrumbList","@id":"https:\/\/www.apfelpatient.de\/news\/dark-mode-in-facebook-einfuehrung-laeuft-endlich-an#breadcrumb","itemListElement":[{"@type":"ListItem","position":1,"name":"Startseite","item":"https:\/\/www.apfelpatient.de\/"},{"@type":"ListItem","position":2,"name":"Dark Mode in Facebook: Einf\u00fchrung l\u00e4uft endlich an"}]},{"@type":"WebSite","@id":"https:\/\/www.apfelpatient.de\/#website","url":"https:\/\/www.apfelpatient.de\/","name":"apple patient","description":"Everything about Apple!","publisher":{"@type":"Organization","@id":"https:\/\/www.apfelpatient.de\/en\/#organization","name":"Apfelpatient","url":"https:\/\/www.apfelpatient.de\/en\/"},"alternateName":"Apfelpatient","potentialAction":[{"@type":"SearchAction","target":{"@type":"EntryPoint","urlTemplate":"https:\/\/www.apfelpatient.de\/?s={search_term_string}"},"query-input":{"@type":"PropertyValueSpecification","valueRequired":true,"valueName":"search_term_string"}}],"inLanguage":"en-US"},{"@type":["Person","Organization"],"@id":"https:\/\/www.apfelpatient.de\/#\/schema\/person\/7dc56ad6c8e9824b76d2c08d4c140e13","name":"Milan","logo":{"@id":"https:\/\/www.apfelpatient.de\/#\/schema\/person\/image\/"},"description":"Hello and welcome to my technology blog! As a big Apple fan, I report on everything to do with Apple: from the latest news and exciting rumors to helpful tips and tricks and detailed product tests. If you are as enthusiastic about technology as I am, you have come to the right place!","sameAs":["https:\/\/www.facebook.com\/apfelpatientOfficial","https:\/\/www.linkedin.com\/in\/milan-jovicic-42aa0231b"],"url":"https:\/\/www.apfelpatient.de\/en\/author\/apfeladmin"}]}},"_links":{"self":[{"href":"https:\/\/www.apfelpatient.de\/en\/wp-json\/wp\/v2\/posts\/16711","targetHints":{"allow":["GET"]}}],"collection":[{"href":"https:\/\/www.apfelpatient.de\/en\/wp-json\/wp\/v2\/posts"}],"about":[{"href":"https:\/\/www.apfelpatient.de\/en\/wp-json\/wp\/v2\/types\/post"}],"author":[{"embeddable":true,"href":"https:\/\/www.apfelpatient.de\/en\/wp-json\/wp\/v2\/users\/2"}],"replies":[{"embeddable":true,"href":"https:\/\/www.apfelpatient.de\/en\/wp-json\/wp\/v2\/comments?post=16711"}],"version-history":[{"count":0,"href":"https:\/\/www.apfelpatient.de\/en\/wp-json\/wp\/v2\/posts\/16711\/revisions"}],"wp:featuredmedia":[{"embeddable":true,"href":"https:\/\/www.apfelpatient.de\/en\/wp-json\/wp\/v2\/media\/16714"}],"wp:attachment":[{"href":"https:\/\/www.apfelpatient.de\/en\/wp-json\/wp\/v2\/media?parent=16711"}],"wp:term":[{"taxonomy":"category","embeddable":true,"href":"https:\/\/www.apfelpatient.de\/en\/wp-json\/wp\/v2\/categories?post=16711"},{"taxonomy":"post_tag","embeddable":true,"href":"https:\/\/www.apfelpatient.de\/en\/wp-json\/wp\/v2\/tags?post=16711"}],"curies":[{"name":"wp","href":"https:\/\/api.w.org\/{rel}","templated":true}]}}