{"id":16704,"date":"2020-10-31T13:46:01","date_gmt":"2020-10-31T12:46:01","guid":{"rendered":"https:\/\/www.apfelpatient.de\/?p=16704"},"modified":"2021-10-14T11:51:45","modified_gmt":"2021-10-14T09:51:45","slug":"apple-launches-new-service-program-for-airpods-pro","status":"publish","type":"post","link":"https:\/\/www.apfelpatient.de\/en\/news\/apple-startet-neues-serviceprogramm-fuer-airpods-pro","title":{"rendered":"Apple launches new service program for AirPods Pro"},"content":{"rendered":"<p class=\"has-drop-cap\"><strong>Apple has now officially launched a new service program for the AirPods Pro. According to the company, some of the popular earbuds are affected by a manufacturing problem that can cause &quot;sound issues.&quot;<\/strong><\/p>\n\n\n\n<p>In the past, some users have complained about sound problems with the Pro version of the popular earbuds <a href=\"https:\/\/www.apfelpatient.de\/en\/news\/airpods-pro-noise-apple-helps\">complained<\/a>. Static noises or a kind of crackling were heard. There are also cases where active noise cancellation does not work as expected. The new support document states:<\/p>\n\n\n\n<blockquote class=\"wp-block-quote is-layout-flow wp-block-quote-is-layout-flow\"><p>Apple has determined that a small percentage of AirPods Pro may experience sound issues. Affected units were manufactured before October 2020.<\/p><\/blockquote>\n\n\n\n<figure class=\"wp-block-image size-large\"><img decoding=\"async\" width=\"300\" height=\"390\" src=\"https:\/\/www.apfelpatient.de\/wp-content\/uploads\/2020\/05\/airpods-pro-mesh-top-callout.png\" alt=\"Image: Apple\" class=\"wp-image-12111\"\/><figcaption>Image: Apple<\/figcaption><\/figure>\n\n\n\n<p>Regarding the symptoms, the Cupertino-based company lists the following examples:<\/p>\n\n\n\n<ul class=\"wp-block-list\"><li>Crackling or static sounds that increase in noisy environments, during exercise, or when talking on the phone<\/li><li>Active noise cancellation does not work as expected, for example loss of bass sound or amplification of background noise, e.g. street or aircraft noise<\/li><\/ul>\n\n\n\n<h3 class=\"wp-block-heading\" id=\"h-airpods-pro-berpr-fung-durch-techniker\">AirPods Pro: Technician review<\/h3>\n\n\n\n\n\n\n\n<p>So if you have the problems mentioned above, you can go to Apple or an authorized service provider. But be careful, the white plugs will of course be examined by a technician for said malfunctions, as Apple notes. This is what it says about the service procedure:<\/p>\n\n\n\n<blockquote class=\"wp-block-quote is-layout-flow wp-block-quote-is-layout-flow\"><p>Select one of the AirPods Pro service options below. Prior to service, AirPods Pro will be inspected to ensure they qualify for this program. AirPods Pro (left, right, or both) with a proven issue will be replaced. The AirPods Pro charging case is not affected and will not be replaced.<\/p><\/blockquote>\n\n\n\n<p>This program is valid for affected models for two years after the first retail sale. For more information, please contact <a href=\"https:\/\/support.apple.com\/de-de\/airpods-pro-service-program-sound-issues\" target=\"_blank\" rel=\"noreferrer noopener\">taken here<\/a> become.<em> <\/em><a href=\"https:\/\/www.amazon.de\/shop\/apfelpatientofficial?listId=2SH1KEP4J41TE&amp;ref=cm_sw_em_r_inf_list_own_apfelpatientofficial_dp_ZrWfgRbpxgBlW\">AirPods Pro on special offer at Amazon \u2013 available now<\/a>. (Photo by Daria Sakharova \/ Bigstockphoto)<\/p>\n\n\n\n<h6 class=\"wp-block-heading translation-block\" id=\"h-kennt-ihr-schon-unsere-amazon-storefront-dort-findet-ihr-eine-handverlesene-auswahl-von-diversen-produkten-f-r-euer-iphone-und-co-viel-spa-beim-st-bern\"><em>Have you already visited our Amazon Storefront? There you&#039;ll find a hand-picked selection of various products for your iPhone and other devices \u2013 <span class=\"has-inline-color has-vivid-red-color\"><a href=\"https:\/\/www.amazon.de\/shop\/apfelpatientofficial\" class=\"ek-link\" data-wpel-link=\"exclude\" rel=\"follow noopener\" target=\"_self\"><span style=\"text-decoration: underline\" class=\"ek-underline\">enjoy browsing<\/span><\/a> !<\/span><\/em><\/h6>\n\n\n\n<div class=\"wp-block-group\"><div class=\"wp-block-group__inner-container is-layout-flow wp-block-group-is-layout-flow\"><\/div><\/div>\n\n\n\n<h6 class=\"wp-block-heading translation-block\" id=\"h-der-beitrag-enthalt-partnerlinks\">This post contains <a data-type=\"URL\" data-id=\"https:\/\/www.apfelpatient.de\/partnerprogramm\" href=\"https:\/\/www.apfelpatient.de\/en\/partner-program\" data-wpel-link=\"internal\" target=\"_self\">affiliate links<\/a>.<\/h6>","protected":false},"excerpt":{"rendered":"<p>AirPods Pro service program: According to the company, some of the popular earbuds are affected by a manufacturing problem.<\/p>","protected":false},"author":2,"featured_media":16703,"comment_status":"closed","ping_status":"closed","sticky":false,"template":"","format":"standard","meta":{"jnews-multi-image_gallery":[],"jnews_single_post":{"subtitle":"","format":"standard","video":"","gallery":"","source_name":"","source_url":"","via_name":"","via_url":"","override":[{"single_blog_custom":"","sidebar":"","second_sidebar":"","share_position":"","share_float_style":"","post_date_format":"","post_date_format_custom":"","post_reading_time_wpm":"","zoom_button_out_step":"1","zoom_button_in_step":"1","number_popup_post":"1"}],"image_override":[{"single_post_thumbnail_size":"","single_post_gallery_size":""}],"trending_post_position":"","trending_post_label":"","sponsored_post_label":"","sponsored_post_name":"","sponsored_post_url":"","sponsored_post_logo":"","sponsored_post_desc":""},"jnews_primary_category":{"id":"9"},"footnotes":""},"categories":[9],"tags":[28,347],"class_list":["post-16704","post","type-post","status-publish","format-standard","has-post-thumbnail","hentry","category-news","tag-airpods","tag-airpods-pro"],"yoast_head":"<!-- This site is optimized with the Yoast SEO Premium plugin v27.5 (Yoast SEO v27.5) - https:\/\/yoast.com\/product\/yoast-seo-premium-wordpress\/ -->\n<title>Apple startet neues Serviceprogramm f\u00fcr AirPods Pro Apfelpatient<\/title>\n<meta name=\"description\" content=\"AirPods Pro Serviceprogramm: Nach Angaben des Unternehmens sind einige der beliebten St\u00f6psel von einem Fertigungsproblem betroffen.\" \/>\n<meta name=\"robots\" content=\"index, follow, max-snippet:-1, max-image-preview:large, max-video-preview:-1\" \/>\n<link rel=\"canonical\" href=\"https:\/\/www.apfelpatient.de\/en\/news\/apple-launches-new-service-program-for-airpods-pro\" \/>\n<meta property=\"og:locale\" content=\"en_US\" \/>\n<meta property=\"og:type\" content=\"article\" \/>\n<meta property=\"og:title\" content=\"Apple startet neues Serviceprogramm f\u00fcr AirPods Pro\" \/>\n<meta property=\"og:description\" content=\"AirPods Pro Serviceprogramm: Nach Angaben des Unternehmens sind einige der beliebten St\u00f6psel von einem Fertigungsproblem betroffen.\" \/>\n<meta property=\"og:url\" content=\"https:\/\/www.apfelpatient.de\/en\/news\/apple-launches-new-service-program-for-airpods-pro\" \/>\n<meta property=\"og:site_name\" content=\"Apfelpatient\" \/>\n<meta property=\"article:publisher\" content=\"https:\/\/www.facebook.com\/apfelpatientOfficial\" \/>\n<meta property=\"article:author\" content=\"https:\/\/www.facebook.com\/apfelpatientOfficial\" \/>\n<meta property=\"article:published_time\" content=\"2020-10-31T12:46:01+00:00\" \/>\n<meta property=\"article:modified_time\" content=\"2021-10-14T09:51:45+00:00\" \/>\n<meta property=\"og:image\" content=\"https:\/\/www.apfelpatient.de\/wp-content\/uploads\/2020\/10\/bigstock-Moscow-Russia-April-374416612.jpg\" \/>\n\t<meta property=\"og:image:width\" content=\"1600\" \/>\n\t<meta property=\"og:image:height\" content=\"1067\" \/>\n\t<meta property=\"og:image:type\" content=\"image\/jpeg\" \/>\n<meta name=\"author\" content=\"Milan\" \/>\n<meta name=\"twitter:card\" content=\"summary_large_image\" \/>\n<meta name=\"twitter:description\" content=\"AirPods Pro Serviceprogramm: Nach Angaben des Unternehmens sind einige der beliebten St\u00f6psel von einem Fertigungsproblem betroffen.\" \/>\n<meta name=\"twitter:label1\" content=\"Written by\" \/>\n\t<meta name=\"twitter:data1\" content=\"Milan\" \/>\n\t<meta name=\"twitter:label2\" content=\"Est. reading time\" \/>\n\t<meta name=\"twitter:data2\" content=\"2 minutes\" \/>\n<script type=\"application\/ld+json\" class=\"yoast-schema-graph\">{\"@context\":\"https:\\\/\\\/schema.org\",\"@graph\":[{\"@type\":\"NewsArticle\",\"@id\":\"https:\\\/\\\/www.apfelpatient.de\\\/news\\\/apple-startet-neues-serviceprogramm-fuer-airpods-pro#article\",\"isPartOf\":{\"@id\":\"https:\\\/\\\/www.apfelpatient.de\\\/news\\\/apple-startet-neues-serviceprogramm-fuer-airpods-pro\"},\"author\":{\"@type\":\"Organization\",\"@id\":\"https:\\\/\\\/www.apfelpatient.de\\\/en\\\/#organization\",\"name\":\"Apfelpatient\",\"url\":\"https:\\\/\\\/www.apfelpatient.de\\\/en\\\/\"},\"headline\":\"Apple startet neues Serviceprogramm f\u00fcr AirPods Pro\",\"datePublished\":\"2020-10-31T12:46:01+00:00\",\"dateModified\":\"2021-10-14T09:51:45+00:00\",\"mainEntityOfPage\":{\"@id\":\"https:\\\/\\\/www.apfelpatient.de\\\/news\\\/apple-startet-neues-serviceprogramm-fuer-airpods-pro\"},\"wordCount\":319,\"publisher\":{\"@type\":\"Organization\",\"@id\":\"https:\\\/\\\/www.apfelpatient.de\\\/en\\\/#organization\",\"name\":\"Apfelpatient\",\"url\":\"https:\\\/\\\/www.apfelpatient.de\\\/en\\\/\"},\"image\":{\"@id\":\"https:\\\/\\\/www.apfelpatient.de\\\/news\\\/apple-startet-neues-serviceprogramm-fuer-airpods-pro#primaryimage\"},\"thumbnailUrl\":\"https:\\\/\\\/www.apfelpatient.de\\\/wp-content\\\/uploads\\\/2020\\\/10\\\/bigstock-Moscow-Russia-April-374416612.jpg\",\"keywords\":[\"AirPods\",\"AirPods Pro\"],\"articleSection\":\"News\",\"inLanguage\":\"en-US\",\"copyrightYear\":\"2020\",\"copyrightHolder\":{\"@id\":\"https:\\\/\\\/www.apfelpatient.de\\\/en\\\/#organization\"}},{\"@type\":\"WebPage\",\"@id\":\"https:\\\/\\\/www.apfelpatient.de\\\/news\\\/apple-startet-neues-serviceprogramm-fuer-airpods-pro\",\"url\":\"https:\\\/\\\/www.apfelpatient.de\\\/news\\\/apple-startet-neues-serviceprogramm-fuer-airpods-pro\",\"name\":\"Apple startet neues Serviceprogramm f\u00fcr AirPods Pro Apfelpatient\",\"isPartOf\":{\"@id\":\"https:\\\/\\\/www.apfelpatient.de\\\/#website\"},\"primaryImageOfPage\":{\"@id\":\"https:\\\/\\\/www.apfelpatient.de\\\/news\\\/apple-startet-neues-serviceprogramm-fuer-airpods-pro#primaryimage\"},\"image\":{\"@id\":\"https:\\\/\\\/www.apfelpatient.de\\\/news\\\/apple-startet-neues-serviceprogramm-fuer-airpods-pro#primaryimage\"},\"thumbnailUrl\":\"https:\\\/\\\/www.apfelpatient.de\\\/wp-content\\\/uploads\\\/2020\\\/10\\\/bigstock-Moscow-Russia-April-374416612.jpg\",\"datePublished\":\"2020-10-31T12:46:01+00:00\",\"dateModified\":\"2021-10-14T09:51:45+00:00\",\"description\":\"AirPods Pro Serviceprogramm: Nach Angaben des Unternehmens sind einige der beliebten St\u00f6psel von einem Fertigungsproblem betroffen.\",\"breadcrumb\":{\"@id\":\"https:\\\/\\\/www.apfelpatient.de\\\/news\\\/apple-startet-neues-serviceprogramm-fuer-airpods-pro#breadcrumb\"},\"inLanguage\":\"en-US\",\"potentialAction\":[{\"@type\":\"ReadAction\",\"target\":[\"https:\\\/\\\/www.apfelpatient.de\\\/news\\\/apple-startet-neues-serviceprogramm-fuer-airpods-pro\"]}]},{\"@type\":\"ImageObject\",\"inLanguage\":\"en-US\",\"@id\":\"https:\\\/\\\/www.apfelpatient.de\\\/news\\\/apple-startet-neues-serviceprogramm-fuer-airpods-pro#primaryimage\",\"url\":\"https:\\\/\\\/www.apfelpatient.de\\\/wp-content\\\/uploads\\\/2020\\\/10\\\/bigstock-Moscow-Russia-April-374416612.jpg\",\"contentUrl\":\"https:\\\/\\\/www.apfelpatient.de\\\/wp-content\\\/uploads\\\/2020\\\/10\\\/bigstock-Moscow-Russia-April-374416612.jpg\",\"width\":1600,\"height\":1067,\"caption\":\"Photo by Daria Sakharova \\\/ Bigstockphoto\"},{\"@type\":\"BreadcrumbList\",\"@id\":\"https:\\\/\\\/www.apfelpatient.de\\\/news\\\/apple-startet-neues-serviceprogramm-fuer-airpods-pro#breadcrumb\",\"itemListElement\":[{\"@type\":\"ListItem\",\"position\":1,\"name\":\"Startseite\",\"item\":\"https:\\\/\\\/www.apfelpatient.de\\\/\"},{\"@type\":\"ListItem\",\"position\":2,\"name\":\"Apple startet neues Serviceprogramm f\u00fcr AirPods Pro\"}]},{\"@type\":\"WebSite\",\"@id\":\"https:\\\/\\\/www.apfelpatient.de\\\/#website\",\"url\":\"https:\\\/\\\/www.apfelpatient.de\\\/\",\"name\":\"Apfelpatient\",\"description\":\"Alles rund um Apple!\",\"publisher\":{\"@type\":\"Organization\",\"@id\":\"https:\\\/\\\/www.apfelpatient.de\\\/en\\\/#organization\",\"name\":\"Apfelpatient\",\"url\":\"https:\\\/\\\/www.apfelpatient.de\\\/en\\\/\"},\"alternateName\":\"Apfelpatient\",\"potentialAction\":[{\"@type\":\"SearchAction\",\"target\":{\"@type\":\"EntryPoint\",\"urlTemplate\":\"https:\\\/\\\/www.apfelpatient.de\\\/?s={search_term_string}\"},\"query-input\":{\"@type\":\"PropertyValueSpecification\",\"valueRequired\":true,\"valueName\":\"search_term_string\"}}],\"inLanguage\":\"en-US\"},{\"@type\":[\"Person\",\"Organization\"],\"@id\":\"https:\\\/\\\/www.apfelpatient.de\\\/#\\\/schema\\\/person\\\/7dc56ad6c8e9824b76d2c08d4c140e13\",\"name\":\"Milan\",\"logo\":{\"@id\":\"https:\\\/\\\/www.apfelpatient.de\\\/#\\\/schema\\\/person\\\/image\\\/\"},\"description\":\"Hallo und herzlich willkommen auf meinem Technik-Blog! Als gro\u00dfer Apple-Fan berichte ich hier \u00fcber alles, was mit Apple zu tun hat: von den neuesten News und spannenden Ger\u00fcchten \u00fcber hilfreiche Tipps und Tricks bis hin zu ausf\u00fchrlichen Produkttests. Wenn du genauso technikbegeistert bist wie ich, bist du hier genau richtig!\",\"sameAs\":[\"https:\\\/\\\/www.facebook.com\\\/apfelpatientOfficial\",\"https:\\\/\\\/www.linkedin.com\\\/in\\\/milan-jovicic-42aa0231b\"],\"url\":\"https:\\\/\\\/www.apfelpatient.de\\\/en\\\/author\\\/apfeladmin\"}]}<\/script>\n<!-- \/ Yoast SEO Premium plugin. -->","yoast_head_json":{"title":"Apple launches new service program for AirPods Pro Apfelpatient","description":"AirPods Pro service program: According to the company, some of the popular earbuds are affected by a manufacturing problem.","robots":{"index":"index","follow":"follow","max-snippet":"max-snippet:-1","max-image-preview":"max-image-preview:large","max-video-preview":"max-video-preview:-1"},"canonical":"https:\/\/www.apfelpatient.de\/en\/news\/apple-launches-new-service-program-for-airpods-pro","og_locale":"en_US","og_type":"article","og_title":"Apple startet neues Serviceprogramm f\u00fcr AirPods Pro","og_description":"AirPods Pro Serviceprogramm: Nach Angaben des Unternehmens sind einige der beliebten St\u00f6psel von einem Fertigungsproblem betroffen.","og_url":"https:\/\/www.apfelpatient.de\/en\/news\/apple-launches-new-service-program-for-airpods-pro","og_site_name":"Apfelpatient","article_publisher":"https:\/\/www.facebook.com\/apfelpatientOfficial","article_author":"https:\/\/www.facebook.com\/apfelpatientOfficial","article_published_time":"2020-10-31T12:46:01+00:00","article_modified_time":"2021-10-14T09:51:45+00:00","og_image":[{"width":1600,"height":1067,"url":"https:\/\/www.apfelpatient.de\/wp-content\/uploads\/2020\/10\/bigstock-Moscow-Russia-April-374416612.jpg","type":"image\/jpeg"}],"author":"Milan","twitter_card":"summary_large_image","twitter_description":"AirPods Pro Serviceprogramm: Nach Angaben des Unternehmens sind einige der beliebten St\u00f6psel von einem Fertigungsproblem betroffen.","twitter_misc":{"Written by":"Milan","Est. reading time":"2 minutes"},"schema":{"@context":"https:\/\/schema.org","@graph":[{"@type":"NewsArticle","@id":"https:\/\/www.apfelpatient.de\/news\/apple-startet-neues-serviceprogramm-fuer-airpods-pro#article","isPartOf":{"@id":"https:\/\/www.apfelpatient.de\/news\/apple-startet-neues-serviceprogramm-fuer-airpods-pro"},"author":{"@type":"Organization","@id":"https:\/\/www.apfelpatient.de\/en\/#organization","name":"Apfelpatient","url":"https:\/\/www.apfelpatient.de\/en\/"},"headline":"Apple startet neues Serviceprogramm f\u00fcr AirPods Pro","datePublished":"2020-10-31T12:46:01+00:00","dateModified":"2021-10-14T09:51:45+00:00","mainEntityOfPage":{"@id":"https:\/\/www.apfelpatient.de\/news\/apple-startet-neues-serviceprogramm-fuer-airpods-pro"},"wordCount":319,"publisher":{"@type":"Organization","@id":"https:\/\/www.apfelpatient.de\/en\/#organization","name":"Apfelpatient","url":"https:\/\/www.apfelpatient.de\/en\/"},"image":{"@id":"https:\/\/www.apfelpatient.de\/news\/apple-startet-neues-serviceprogramm-fuer-airpods-pro#primaryimage"},"thumbnailUrl":"https:\/\/www.apfelpatient.de\/wp-content\/uploads\/2020\/10\/bigstock-Moscow-Russia-April-374416612.jpg","keywords":["AirPods","AirPods Pro"],"articleSection":"News","inLanguage":"en-US","copyrightYear":"2020","copyrightHolder":{"@id":"https:\/\/www.apfelpatient.de\/en\/#organization"}},{"@type":"WebPage","@id":"https:\/\/www.apfelpatient.de\/news\/apple-startet-neues-serviceprogramm-fuer-airpods-pro","url":"https:\/\/www.apfelpatient.de\/news\/apple-startet-neues-serviceprogramm-fuer-airpods-pro","name":"Apple launches new service program for AirPods Pro Apfelpatient","isPartOf":{"@id":"https:\/\/www.apfelpatient.de\/#website"},"primaryImageOfPage":{"@id":"https:\/\/www.apfelpatient.de\/news\/apple-startet-neues-serviceprogramm-fuer-airpods-pro#primaryimage"},"image":{"@id":"https:\/\/www.apfelpatient.de\/news\/apple-startet-neues-serviceprogramm-fuer-airpods-pro#primaryimage"},"thumbnailUrl":"https:\/\/www.apfelpatient.de\/wp-content\/uploads\/2020\/10\/bigstock-Moscow-Russia-April-374416612.jpg","datePublished":"2020-10-31T12:46:01+00:00","dateModified":"2021-10-14T09:51:45+00:00","description":"AirPods Pro service program: According to the company, some of the popular earbuds are affected by a manufacturing problem.","breadcrumb":{"@id":"https:\/\/www.apfelpatient.de\/news\/apple-startet-neues-serviceprogramm-fuer-airpods-pro#breadcrumb"},"inLanguage":"en-US","potentialAction":[{"@type":"ReadAction","target":["https:\/\/www.apfelpatient.de\/news\/apple-startet-neues-serviceprogramm-fuer-airpods-pro"]}]},{"@type":"ImageObject","inLanguage":"en-US","@id":"https:\/\/www.apfelpatient.de\/news\/apple-startet-neues-serviceprogramm-fuer-airpods-pro#primaryimage","url":"https:\/\/www.apfelpatient.de\/wp-content\/uploads\/2020\/10\/bigstock-Moscow-Russia-April-374416612.jpg","contentUrl":"https:\/\/www.apfelpatient.de\/wp-content\/uploads\/2020\/10\/bigstock-Moscow-Russia-April-374416612.jpg","width":1600,"height":1067,"caption":"Photo by Daria Sakharova \/ Bigstockphoto"},{"@type":"BreadcrumbList","@id":"https:\/\/www.apfelpatient.de\/news\/apple-startet-neues-serviceprogramm-fuer-airpods-pro#breadcrumb","itemListElement":[{"@type":"ListItem","position":1,"name":"Startseite","item":"https:\/\/www.apfelpatient.de\/"},{"@type":"ListItem","position":2,"name":"Apple startet neues Serviceprogramm f\u00fcr AirPods Pro"}]},{"@type":"WebSite","@id":"https:\/\/www.apfelpatient.de\/#website","url":"https:\/\/www.apfelpatient.de\/","name":"apple patient","description":"Everything about Apple!","publisher":{"@type":"Organization","@id":"https:\/\/www.apfelpatient.de\/en\/#organization","name":"Apfelpatient","url":"https:\/\/www.apfelpatient.de\/en\/"},"alternateName":"Apfelpatient","potentialAction":[{"@type":"SearchAction","target":{"@type":"EntryPoint","urlTemplate":"https:\/\/www.apfelpatient.de\/?s={search_term_string}"},"query-input":{"@type":"PropertyValueSpecification","valueRequired":true,"valueName":"search_term_string"}}],"inLanguage":"en-US"},{"@type":["Person","Organization"],"@id":"https:\/\/www.apfelpatient.de\/#\/schema\/person\/7dc56ad6c8e9824b76d2c08d4c140e13","name":"Milan","logo":{"@id":"https:\/\/www.apfelpatient.de\/#\/schema\/person\/image\/"},"description":"Hello and welcome to my technology blog! As a big Apple fan, I report on everything to do with Apple: from the latest news and exciting rumors to helpful tips and tricks and detailed product tests. If you are as enthusiastic about technology as I am, you have come to the right place!","sameAs":["https:\/\/www.facebook.com\/apfelpatientOfficial","https:\/\/www.linkedin.com\/in\/milan-jovicic-42aa0231b"],"url":"https:\/\/www.apfelpatient.de\/en\/author\/apfeladmin"}]}},"_links":{"self":[{"href":"https:\/\/www.apfelpatient.de\/en\/wp-json\/wp\/v2\/posts\/16704","targetHints":{"allow":["GET"]}}],"collection":[{"href":"https:\/\/www.apfelpatient.de\/en\/wp-json\/wp\/v2\/posts"}],"about":[{"href":"https:\/\/www.apfelpatient.de\/en\/wp-json\/wp\/v2\/types\/post"}],"author":[{"embeddable":true,"href":"https:\/\/www.apfelpatient.de\/en\/wp-json\/wp\/v2\/users\/2"}],"replies":[{"embeddable":true,"href":"https:\/\/www.apfelpatient.de\/en\/wp-json\/wp\/v2\/comments?post=16704"}],"version-history":[{"count":0,"href":"https:\/\/www.apfelpatient.de\/en\/wp-json\/wp\/v2\/posts\/16704\/revisions"}],"wp:featuredmedia":[{"embeddable":true,"href":"https:\/\/www.apfelpatient.de\/en\/wp-json\/wp\/v2\/media\/16703"}],"wp:attachment":[{"href":"https:\/\/www.apfelpatient.de\/en\/wp-json\/wp\/v2\/media?parent=16704"}],"wp:term":[{"taxonomy":"category","embeddable":true,"href":"https:\/\/www.apfelpatient.de\/en\/wp-json\/wp\/v2\/categories?post=16704"},{"taxonomy":"post_tag","embeddable":true,"href":"https:\/\/www.apfelpatient.de\/en\/wp-json\/wp\/v2\/tags?post=16704"}],"curies":[{"name":"wp","href":"https:\/\/api.w.org\/{rel}","templated":true}]}}