{"id":16668,"date":"2020-10-29T22:56:31","date_gmt":"2020-10-29T21:56:31","guid":{"rendered":"https:\/\/www.apfelpatient.de\/?p=16668"},"modified":"2025-10-14T16:03:39","modified_gmt":"2025-10-14T14:03:39","slug":"mega-subscription-bundle-apple-one-starts-on-october-30th","status":"publish","type":"post","link":"https:\/\/www.apfelpatient.de\/en\/news\/mega-abo-bundle-apple-one-startet-am-30-oktober","title":{"rendered":"Mega subscription bundle: Apple One starts on October 30th"},"content":{"rendered":"<p class=\"has-drop-cap\"><strong>Apple announced the launch of Apple One as part of its quarterly earnings release. The new subscription bundle will be available from October 30th.<\/strong><\/p>\n\n\n\n<p>Apple One combines Apple Music, iCloud, Apple Arcade and Apple TV+ at a discounted price for individuals and families. The service was first announced at the September event. At the time, Eddy Cue, Apple&#039;s senior vice president of Internet Software and Services, explained:<\/p>\n\n\n\n<blockquote class=\"wp-block-quote is-layout-flow wp-block-quote-is-layout-flow\"><p>Apple One makes it easier than ever to use Apple subscription services, including Apple Music, Apple TV+, Apple Arcade, iCloud, and more. With Apple One, you have access to the best Apple entertainment on all your favorite devices with a single subscription.<\/p><\/blockquote>\n\n\n\n<figure class=\"wp-block-image size-large\"><img decoding=\"async\" width=\"1024\" height=\"916\" src=\"https:\/\/www.apfelpatient.de\/wp-content\/uploads\/2020\/10\/Bildschirmfoto-2020-10-29-um-22.51.13-1024x916.png\" alt=\"Apple One\" class=\"wp-image-16670\" srcset=\"https:\/\/www.apfelpatient.de\/wp-content\/uploads\/2020\/10\/Bildschirmfoto-2020-10-29-um-22.51.13-1024x916.png 1024w, https:\/\/www.apfelpatient.de\/wp-content\/uploads\/2020\/10\/Bildschirmfoto-2020-10-29-um-22.51.13-300x268.png 300w, https:\/\/www.apfelpatient.de\/wp-content\/uploads\/2020\/10\/Bildschirmfoto-2020-10-29-um-22.51.13-768x687.png 768w, https:\/\/www.apfelpatient.de\/wp-content\/uploads\/2020\/10\/Bildschirmfoto-2020-10-29-um-22.51.13-1536x1374.png 1536w, https:\/\/www.apfelpatient.de\/wp-content\/uploads\/2020\/10\/Bildschirmfoto-2020-10-29-um-22.51.13-750x671.png 750w, https:\/\/www.apfelpatient.de\/wp-content\/uploads\/2020\/10\/Bildschirmfoto-2020-10-29-um-22.51.13-1140x1020.png 1140w, https:\/\/www.apfelpatient.de\/wp-content\/uploads\/2020\/10\/Bildschirmfoto-2020-10-29-um-22.51.13.png 1996w\" sizes=\"(max-width: 1024px) 100vw, 1024px\" \/><figcaption>Image: apple.com<\/figcaption><\/figure>\n\n\n\n<p>The bundle offers three subscription plans, with the cheapest - $14.95 - for individuals and including Apple Music, Apple TV+, Apple Arcade and 50GB of iCloud storage. For families, Apple One - $19.95 - offers the same services plus 200GB of storage.<\/p>\n\n\n\n<h3 class=\"wp-block-heading\" id=\"h-apple-one-premier-ist-nicht-berall-erh-ltlich\">Apple One Premier is not available everywhere<\/h3>\n\n\n\n\n\n\n\n<p>The third model (Premier) offers a whopping 2 TB of iCloud storage for $29.95 along with Apple Music, Apple TV+, Apple Arcade and Apple News+. In addition, Fitness+ is also included in the <a href=\"https:\/\/www.apple.com\/apple-one\/?at=1l3v2Hi&amp;ct=s_467025602073_20925uw153190_c&amp;mttnpid=305109&amp;mttnsiteid=141733&amp;mttnagencyid=608&amp;mttnsubpid=g&amp;mttnsubplmnt=&amp;mttnsubcmp=11183162545&amp;mttnsubkw=%2Bapple%20%2Bone&amp;itscg=20201&amp;itsct=&amp;mttnsubad=A229_A001_D144618&amp;mttngadurl=https:\/\/www.apple.com\/apple-one\/&amp;mttnmyad=467025602073&amp;mttnsub2=c&amp;mttngmo=&amp;mttnsub1=b&amp;mttnsub3=s_467025602073_30418ysg66447_c&amp;mttnsubadgpref=118071650548&amp;mttnsubadgpname=kwd-348568108540&amp;mttnsubadref=&amp;mttnmysite=30418ysg66447&amp;is_mobile=&amp;&amp;gclid=CjwKCAjw0On8BRAgEiwAincsHPH8jXCh5tn_ENfY3_jYgjg--L89sCTys8nk0IS5Ha0xzgQa6RxhvRoCAgYQAvD_BwE\" target=\"_blank\" rel=\"noreferrer noopener\">package<\/a> While the packages for individuals and families are being introduced in over 100 countries, the Premier version is only available in countries that have Apple News+. This means that the large package is only available in the United States, Canada, Australia and the United Kingdom. According to Apple, iOS 14.1 will automatically suggest a suitable bundle to users. If the iCloud storage is not enough for you, you can of course book additional storage space.\u00a0<a href=\"https:\/\/www.amazon.de\/shop\/apfelpatientofficial?listId=2SH1KEP4J41TE&amp;ref=cm_sw_em_r_inf_list_own_apfelpatientofficial_dp_ZrWfgRbpxgBlW\">AirPods Pro on special offer at Amazon \u2013 available now<\/a>. <em>(Image: Apple)<\/em><\/p>\n\n\n\n<ul class=\"wp-block-list\"><li><a href=\"https:\/\/www.apfelpatient.de\/en\/generally\/apple-fitness-everything-about-the-workout-service\">Apple Fitness+: Everything about the workout service<\/a><\/li><\/ul>\n\n\n\n<h6 class=\"wp-block-heading translation-block\" id=\"h-kennt-ihr-schon-unsere-amazon-storefront-dort-findet-ihr-eine-handverlesene-auswahl-von-diversen-produkten-f-r-euer-iphone-und-co-viel-spa-beim-st-bern\"><em>Have you already visited our Amazon Storefront? There you&#039;ll find a hand-picked selection of various products for your iPhone and other devices \u2013 <span class=\"has-inline-color has-vivid-red-color\"><a href=\"https:\/\/www.amazon.de\/shop\/apfelpatientofficial\" class=\"ek-link\" data-wpel-link=\"exclude\" rel=\"follow noopener\" target=\"_self\"><span style=\"text-decoration: underline\" class=\"ek-underline\">enjoy browsing<\/span><\/a> !<\/span><\/em><\/h6>\n\n\n\n\n\n<h6 class=\"wp-block-heading translation-block\" id=\"h-der-beitrag-enthalt-partnerlinks\">This post contains <a data-type=\"URL\" data-id=\"https:\/\/www.apfelpatient.de\/partnerprogramm\" href=\"https:\/\/www.apfelpatient.de\/en\/partner-program\" data-wpel-link=\"internal\" target=\"_self\">affiliate links<\/a>.<\/h6>\n\n\n\n<p><\/p>","protected":false},"excerpt":{"rendered":"<p>Subscription bundle: Apple announced the launch of Apple One as part of its quarterly earnings release.<\/p>","protected":false},"author":2,"featured_media":16669,"comment_status":"closed","ping_status":"closed","sticky":false,"template":"","format":"standard","meta":{"jnews-multi-image_gallery":[],"jnews_single_post":{"subtitle":"","format":"standard","video":"","gallery":"","source_name":"","source_url":"","via_name":"","via_url":"","override":[{"single_blog_custom":"","sidebar":"","second_sidebar":"","share_position":"","share_float_style":"","post_date_format":"","post_date_format_custom":"","post_reading_time_wpm":"","zoom_button_out_step":"1","zoom_button_in_step":"1","number_popup_post":"1"}],"image_override":[{"single_post_thumbnail_size":"","single_post_gallery_size":""}],"trending_post_position":"","trending_post_label":"","sponsored_post_label":"","sponsored_post_name":"","sponsored_post_url":"","sponsored_post_logo":"","sponsored_post_desc":""},"jnews_primary_category":{"id":"9"},"footnotes":""},"categories":[9],"tags":[230,34,43,427,156,248,26,3,434],"class_list":["post-16668","post","type-post","status-publish","format-standard","has-post-thumbnail","hentry","category-news","tag-abonnement","tag-apple-dienste","tag-apple-music","tag-apple-one","tag-apple-tv","tag-apple-tv-plus","tag-icloud","tag-ios","tag-ios-14-1"],"yoast_head":"<!-- This site is optimized with the Yoast SEO Premium plugin v27.5 (Yoast SEO v27.5) - https:\/\/yoast.com\/product\/yoast-seo-premium-wordpress\/ -->\n<title>Mega Abo-Bundle: Apple One startet am 30. Oktober Apfelpatient<\/title>\n<meta name=\"description\" content=\"Abo-Bundle: Apple hat im Rahmen der Quartalszahlen-Ver\u00f6ffentlichung den Start von Apple One bekanntgegeben.\" \/>\n<meta name=\"robots\" content=\"index, follow, max-snippet:-1, max-image-preview:large, max-video-preview:-1\" \/>\n<link rel=\"canonical\" href=\"https:\/\/www.apfelpatient.de\/en\/news\/mega-subscription-bundle-apple-one-starts-on-october-30th\" \/>\n<meta property=\"og:locale\" content=\"en_US\" \/>\n<meta property=\"og:type\" content=\"article\" \/>\n<meta property=\"og:title\" content=\"Mega Abo-Bundle: Apple One startet am 30. Oktober\" \/>\n<meta property=\"og:description\" content=\"Abo-Bundle: Apple hat im Rahmen der Quartalszahlen-Ver\u00f6ffentlichung den Start von Apple One bekanntgegeben.\" \/>\n<meta property=\"og:url\" content=\"https:\/\/www.apfelpatient.de\/en\/news\/mega-subscription-bundle-apple-one-starts-on-october-30th\" \/>\n<meta property=\"og:site_name\" content=\"Apfelpatient\" \/>\n<meta property=\"article:publisher\" content=\"https:\/\/www.facebook.com\/apfelpatientOfficial\" \/>\n<meta property=\"article:author\" content=\"https:\/\/www.facebook.com\/apfelpatientOfficial\" \/>\n<meta property=\"article:published_time\" content=\"2020-10-29T21:56:31+00:00\" \/>\n<meta property=\"article:modified_time\" content=\"2025-10-14T14:03:39+00:00\" \/>\n<meta property=\"og:image\" content=\"https:\/\/www.apfelpatient.de\/wp-content\/uploads\/2020\/10\/apple_apple-one_family-of-devices_09152020-1.jpg\" \/>\n\t<meta property=\"og:image:width\" content=\"1960\" \/>\n\t<meta property=\"og:image:height\" content=\"1148\" \/>\n\t<meta property=\"og:image:type\" content=\"image\/jpeg\" \/>\n<meta name=\"author\" content=\"Milan\" \/>\n<meta name=\"twitter:card\" content=\"summary_large_image\" \/>\n<meta name=\"twitter:description\" content=\"Abo-Bundle: Apple hat im Rahmen der Quartalszahlen-Ver\u00f6ffentlichung den Start von Apple One bekanntgegeben.\" \/>\n<meta name=\"twitter:label1\" content=\"Written by\" \/>\n\t<meta name=\"twitter:data1\" content=\"Milan\" \/>\n\t<meta name=\"twitter:label2\" content=\"Est. reading time\" \/>\n\t<meta name=\"twitter:data2\" content=\"1 minute\" \/>\n<script type=\"application\/ld+json\" class=\"yoast-schema-graph\">{\"@context\":\"https:\\\/\\\/schema.org\",\"@graph\":[{\"@type\":\"NewsArticle\",\"@id\":\"https:\\\/\\\/www.apfelpatient.de\\\/news\\\/mega-abo-bundle-apple-one-startet-am-30-oktober#article\",\"isPartOf\":{\"@id\":\"https:\\\/\\\/www.apfelpatient.de\\\/news\\\/mega-abo-bundle-apple-one-startet-am-30-oktober\"},\"author\":{\"@type\":\"Organization\",\"@id\":\"https:\\\/\\\/www.apfelpatient.de\\\/en\\\/#organization\",\"name\":\"Apfelpatient\",\"url\":\"https:\\\/\\\/www.apfelpatient.de\\\/en\\\/\"},\"headline\":\"Mega Abo-Bundle: Apple One startet am 30. Oktober\",\"datePublished\":\"2020-10-29T21:56:31+00:00\",\"dateModified\":\"2025-10-14T14:03:39+00:00\",\"mainEntityOfPage\":{\"@id\":\"https:\\\/\\\/www.apfelpatient.de\\\/news\\\/mega-abo-bundle-apple-one-startet-am-30-oktober\"},\"wordCount\":301,\"publisher\":{\"@type\":\"Organization\",\"@id\":\"https:\\\/\\\/www.apfelpatient.de\\\/en\\\/#organization\",\"name\":\"Apfelpatient\",\"url\":\"https:\\\/\\\/www.apfelpatient.de\\\/en\\\/\"},\"image\":{\"@id\":\"https:\\\/\\\/www.apfelpatient.de\\\/news\\\/mega-abo-bundle-apple-one-startet-am-30-oktober#primaryimage\"},\"thumbnailUrl\":\"https:\\\/\\\/www.apfelpatient.de\\\/wp-content\\\/uploads\\\/2020\\\/10\\\/apple_apple-one_family-of-devices_09152020-1.jpg\",\"keywords\":[\"Abonnement\",\"Apple Dienste\",\"Apple Music\",\"Apple One\",\"Apple TV\",\"Apple TV Plus\",\"iCloud\",\"iOS\",\"iOS 14.1\"],\"articleSection\":\"News\",\"inLanguage\":\"en-US\",\"copyrightYear\":\"2020\",\"copyrightHolder\":{\"@id\":\"https:\\\/\\\/www.apfelpatient.de\\\/en\\\/#organization\"}},{\"@type\":\"WebPage\",\"@id\":\"https:\\\/\\\/www.apfelpatient.de\\\/news\\\/mega-abo-bundle-apple-one-startet-am-30-oktober\",\"url\":\"https:\\\/\\\/www.apfelpatient.de\\\/news\\\/mega-abo-bundle-apple-one-startet-am-30-oktober\",\"name\":\"Mega Abo-Bundle: Apple One startet am 30. Oktober Apfelpatient\",\"isPartOf\":{\"@id\":\"https:\\\/\\\/www.apfelpatient.de\\\/#website\"},\"primaryImageOfPage\":{\"@id\":\"https:\\\/\\\/www.apfelpatient.de\\\/news\\\/mega-abo-bundle-apple-one-startet-am-30-oktober#primaryimage\"},\"image\":{\"@id\":\"https:\\\/\\\/www.apfelpatient.de\\\/news\\\/mega-abo-bundle-apple-one-startet-am-30-oktober#primaryimage\"},\"thumbnailUrl\":\"https:\\\/\\\/www.apfelpatient.de\\\/wp-content\\\/uploads\\\/2020\\\/10\\\/apple_apple-one_family-of-devices_09152020-1.jpg\",\"datePublished\":\"2020-10-29T21:56:31+00:00\",\"dateModified\":\"2025-10-14T14:03:39+00:00\",\"description\":\"Abo-Bundle: Apple hat im Rahmen der Quartalszahlen-Ver\u00f6ffentlichung den Start von Apple One bekanntgegeben.\",\"breadcrumb\":{\"@id\":\"https:\\\/\\\/www.apfelpatient.de\\\/news\\\/mega-abo-bundle-apple-one-startet-am-30-oktober#breadcrumb\"},\"inLanguage\":\"en-US\",\"potentialAction\":[{\"@type\":\"ReadAction\",\"target\":[\"https:\\\/\\\/www.apfelpatient.de\\\/news\\\/mega-abo-bundle-apple-one-startet-am-30-oktober\"]}]},{\"@type\":\"ImageObject\",\"inLanguage\":\"en-US\",\"@id\":\"https:\\\/\\\/www.apfelpatient.de\\\/news\\\/mega-abo-bundle-apple-one-startet-am-30-oktober#primaryimage\",\"url\":\"https:\\\/\\\/www.apfelpatient.de\\\/wp-content\\\/uploads\\\/2020\\\/10\\\/apple_apple-one_family-of-devices_09152020-1.jpg\",\"contentUrl\":\"https:\\\/\\\/www.apfelpatient.de\\\/wp-content\\\/uploads\\\/2020\\\/10\\\/apple_apple-one_family-of-devices_09152020-1.jpg\",\"width\":1960,\"height\":1148,\"caption\":\"Bild: Apple\"},{\"@type\":\"BreadcrumbList\",\"@id\":\"https:\\\/\\\/www.apfelpatient.de\\\/news\\\/mega-abo-bundle-apple-one-startet-am-30-oktober#breadcrumb\",\"itemListElement\":[{\"@type\":\"ListItem\",\"position\":1,\"name\":\"Startseite\",\"item\":\"https:\\\/\\\/www.apfelpatient.de\\\/\"},{\"@type\":\"ListItem\",\"position\":2,\"name\":\"Mega Abo-Bundle: Apple One startet am 30. Oktober\"}]},{\"@type\":\"WebSite\",\"@id\":\"https:\\\/\\\/www.apfelpatient.de\\\/#website\",\"url\":\"https:\\\/\\\/www.apfelpatient.de\\\/\",\"name\":\"Apfelpatient\",\"description\":\"Alles rund um Apple!\",\"publisher\":{\"@type\":\"Organization\",\"@id\":\"https:\\\/\\\/www.apfelpatient.de\\\/en\\\/#organization\",\"name\":\"Apfelpatient\",\"url\":\"https:\\\/\\\/www.apfelpatient.de\\\/en\\\/\"},\"alternateName\":\"Apfelpatient\",\"potentialAction\":[{\"@type\":\"SearchAction\",\"target\":{\"@type\":\"EntryPoint\",\"urlTemplate\":\"https:\\\/\\\/www.apfelpatient.de\\\/?s={search_term_string}\"},\"query-input\":{\"@type\":\"PropertyValueSpecification\",\"valueRequired\":true,\"valueName\":\"search_term_string\"}}],\"inLanguage\":\"en-US\"},{\"@type\":[\"Person\",\"Organization\"],\"@id\":\"https:\\\/\\\/www.apfelpatient.de\\\/#\\\/schema\\\/person\\\/35b3ddba5832f2bfc7fff5206d4f6b7b\",\"name\":\"Milan\",\"logo\":{\"@id\":\"https:\\\/\\\/www.apfelpatient.de\\\/#\\\/schema\\\/person\\\/image\\\/\"},\"description\":\"Hallo und herzlich willkommen auf meinem Technik-Blog! Als gro\u00dfer Apple-Fan berichte ich hier \u00fcber alles, was mit Apple zu tun hat: von den neuesten News und spannenden Ger\u00fcchten \u00fcber hilfreiche Tipps und Tricks bis hin zu ausf\u00fchrlichen Produkttests. Wenn du genauso technikbegeistert bist wie ich, bist du hier genau richtig!\",\"sameAs\":[\"https:\\\/\\\/www.facebook.com\\\/apfelpatientOfficial\",\"https:\\\/\\\/www.linkedin.com\\\/in\\\/milan-jovicic-42aa0231b\"],\"url\":\"https:\\\/\\\/www.apfelpatient.de\\\/en\\\/author\\\/apfeladmin\"}]}<\/script>\n<!-- \/ Yoast SEO Premium plugin. -->","yoast_head_json":{"title":"Mega subscription bundle: Apple One launches on October 30th Apfelpatient","description":"Subscription bundle: Apple announced the launch of Apple One as part of its quarterly earnings release.","robots":{"index":"index","follow":"follow","max-snippet":"max-snippet:-1","max-image-preview":"max-image-preview:large","max-video-preview":"max-video-preview:-1"},"canonical":"https:\/\/www.apfelpatient.de\/en\/news\/mega-subscription-bundle-apple-one-starts-on-october-30th","og_locale":"en_US","og_type":"article","og_title":"Mega Abo-Bundle: Apple One startet am 30. Oktober","og_description":"Abo-Bundle: Apple hat im Rahmen der Quartalszahlen-Ver\u00f6ffentlichung den Start von Apple One bekanntgegeben.","og_url":"https:\/\/www.apfelpatient.de\/en\/news\/mega-subscription-bundle-apple-one-starts-on-october-30th","og_site_name":"Apfelpatient","article_publisher":"https:\/\/www.facebook.com\/apfelpatientOfficial","article_author":"https:\/\/www.facebook.com\/apfelpatientOfficial","article_published_time":"2020-10-29T21:56:31+00:00","article_modified_time":"2025-10-14T14:03:39+00:00","og_image":[{"width":1960,"height":1148,"url":"https:\/\/www.apfelpatient.de\/wp-content\/uploads\/2020\/10\/apple_apple-one_family-of-devices_09152020-1.jpg","type":"image\/jpeg"}],"author":"Milan","twitter_card":"summary_large_image","twitter_description":"Abo-Bundle: Apple hat im Rahmen der Quartalszahlen-Ver\u00f6ffentlichung den Start von Apple One bekanntgegeben.","twitter_misc":{"Written by":"Milan","Est. reading time":"1 minute"},"schema":{"@context":"https:\/\/schema.org","@graph":[{"@type":"NewsArticle","@id":"https:\/\/www.apfelpatient.de\/news\/mega-abo-bundle-apple-one-startet-am-30-oktober#article","isPartOf":{"@id":"https:\/\/www.apfelpatient.de\/news\/mega-abo-bundle-apple-one-startet-am-30-oktober"},"author":{"@type":"Organization","@id":"https:\/\/www.apfelpatient.de\/en\/#organization","name":"Apfelpatient","url":"https:\/\/www.apfelpatient.de\/en\/"},"headline":"Mega Abo-Bundle: Apple One startet am 30. Oktober","datePublished":"2020-10-29T21:56:31+00:00","dateModified":"2025-10-14T14:03:39+00:00","mainEntityOfPage":{"@id":"https:\/\/www.apfelpatient.de\/news\/mega-abo-bundle-apple-one-startet-am-30-oktober"},"wordCount":301,"publisher":{"@type":"Organization","@id":"https:\/\/www.apfelpatient.de\/en\/#organization","name":"Apfelpatient","url":"https:\/\/www.apfelpatient.de\/en\/"},"image":{"@id":"https:\/\/www.apfelpatient.de\/news\/mega-abo-bundle-apple-one-startet-am-30-oktober#primaryimage"},"thumbnailUrl":"https:\/\/www.apfelpatient.de\/wp-content\/uploads\/2020\/10\/apple_apple-one_family-of-devices_09152020-1.jpg","keywords":["Abonnement","Apple Dienste","Apple Music","Apple One","Apple TV","Apple TV Plus","iCloud","iOS","iOS 14.1"],"articleSection":"News","inLanguage":"en-US","copyrightYear":"2020","copyrightHolder":{"@id":"https:\/\/www.apfelpatient.de\/en\/#organization"}},{"@type":"WebPage","@id":"https:\/\/www.apfelpatient.de\/news\/mega-abo-bundle-apple-one-startet-am-30-oktober","url":"https:\/\/www.apfelpatient.de\/news\/mega-abo-bundle-apple-one-startet-am-30-oktober","name":"Mega subscription bundle: Apple One launches on October 30th Apfelpatient","isPartOf":{"@id":"https:\/\/www.apfelpatient.de\/#website"},"primaryImageOfPage":{"@id":"https:\/\/www.apfelpatient.de\/news\/mega-abo-bundle-apple-one-startet-am-30-oktober#primaryimage"},"image":{"@id":"https:\/\/www.apfelpatient.de\/news\/mega-abo-bundle-apple-one-startet-am-30-oktober#primaryimage"},"thumbnailUrl":"https:\/\/www.apfelpatient.de\/wp-content\/uploads\/2020\/10\/apple_apple-one_family-of-devices_09152020-1.jpg","datePublished":"2020-10-29T21:56:31+00:00","dateModified":"2025-10-14T14:03:39+00:00","description":"Subscription bundle: Apple announced the launch of Apple One as part of its quarterly earnings release.","breadcrumb":{"@id":"https:\/\/www.apfelpatient.de\/news\/mega-abo-bundle-apple-one-startet-am-30-oktober#breadcrumb"},"inLanguage":"en-US","potentialAction":[{"@type":"ReadAction","target":["https:\/\/www.apfelpatient.de\/news\/mega-abo-bundle-apple-one-startet-am-30-oktober"]}]},{"@type":"ImageObject","inLanguage":"en-US","@id":"https:\/\/www.apfelpatient.de\/news\/mega-abo-bundle-apple-one-startet-am-30-oktober#primaryimage","url":"https:\/\/www.apfelpatient.de\/wp-content\/uploads\/2020\/10\/apple_apple-one_family-of-devices_09152020-1.jpg","contentUrl":"https:\/\/www.apfelpatient.de\/wp-content\/uploads\/2020\/10\/apple_apple-one_family-of-devices_09152020-1.jpg","width":1960,"height":1148,"caption":"Bild: Apple"},{"@type":"BreadcrumbList","@id":"https:\/\/www.apfelpatient.de\/news\/mega-abo-bundle-apple-one-startet-am-30-oktober#breadcrumb","itemListElement":[{"@type":"ListItem","position":1,"name":"Startseite","item":"https:\/\/www.apfelpatient.de\/"},{"@type":"ListItem","position":2,"name":"Mega Abo-Bundle: Apple One startet am 30. Oktober"}]},{"@type":"WebSite","@id":"https:\/\/www.apfelpatient.de\/#website","url":"https:\/\/www.apfelpatient.de\/","name":"apple patient","description":"Everything about Apple!","publisher":{"@type":"Organization","@id":"https:\/\/www.apfelpatient.de\/en\/#organization","name":"Apfelpatient","url":"https:\/\/www.apfelpatient.de\/en\/"},"alternateName":"Apfelpatient","potentialAction":[{"@type":"SearchAction","target":{"@type":"EntryPoint","urlTemplate":"https:\/\/www.apfelpatient.de\/?s={search_term_string}"},"query-input":{"@type":"PropertyValueSpecification","valueRequired":true,"valueName":"search_term_string"}}],"inLanguage":"en-US"},{"@type":["Person","Organization"],"@id":"https:\/\/www.apfelpatient.de\/#\/schema\/person\/35b3ddba5832f2bfc7fff5206d4f6b7b","name":"Milan","logo":{"@id":"https:\/\/www.apfelpatient.de\/#\/schema\/person\/image\/"},"description":"Hello and welcome to my technology blog! As a big Apple fan, I report on everything to do with Apple: from the latest news and exciting rumors to helpful tips and tricks and detailed product tests. If you are as enthusiastic about technology as I am, you have come to the right place!","sameAs":["https:\/\/www.facebook.com\/apfelpatientOfficial","https:\/\/www.linkedin.com\/in\/milan-jovicic-42aa0231b"],"url":"https:\/\/www.apfelpatient.de\/en\/author\/apfeladmin"}]}},"_links":{"self":[{"href":"https:\/\/www.apfelpatient.de\/en\/wp-json\/wp\/v2\/posts\/16668","targetHints":{"allow":["GET"]}}],"collection":[{"href":"https:\/\/www.apfelpatient.de\/en\/wp-json\/wp\/v2\/posts"}],"about":[{"href":"https:\/\/www.apfelpatient.de\/en\/wp-json\/wp\/v2\/types\/post"}],"author":[{"embeddable":true,"href":"https:\/\/www.apfelpatient.de\/en\/wp-json\/wp\/v2\/users\/2"}],"replies":[{"embeddable":true,"href":"https:\/\/www.apfelpatient.de\/en\/wp-json\/wp\/v2\/comments?post=16668"}],"version-history":[{"count":0,"href":"https:\/\/www.apfelpatient.de\/en\/wp-json\/wp\/v2\/posts\/16668\/revisions"}],"wp:featuredmedia":[{"embeddable":true,"href":"https:\/\/www.apfelpatient.de\/en\/wp-json\/wp\/v2\/media\/16669"}],"wp:attachment":[{"href":"https:\/\/www.apfelpatient.de\/en\/wp-json\/wp\/v2\/media?parent=16668"}],"wp:term":[{"taxonomy":"category","embeddable":true,"href":"https:\/\/www.apfelpatient.de\/en\/wp-json\/wp\/v2\/categories?post=16668"},{"taxonomy":"post_tag","embeddable":true,"href":"https:\/\/www.apfelpatient.de\/en\/wp-json\/wp\/v2\/tags?post=16668"}],"curies":[{"name":"wp","href":"https:\/\/api.w.org\/{rel}","templated":true}]}}