{"id":16652,"date":"2020-10-29T15:29:07","date_gmt":"2020-10-29T14:29:07","guid":{"rendered":"https:\/\/www.apfelpatient.de\/?p=16652"},"modified":"2020-10-29T15:29:08","modified_gmt":"2020-10-29T14:29:08","slug":"report-iphone-12-pro-demand-surprises-apple","status":"publish","type":"post","link":"https:\/\/www.apfelpatient.de\/en\/rumors\/bericht-iphone-12-pro-nachfrage-ueberrascht-apple","title":{"rendered":"Report: iPhone 12 Pro demand surprises Apple"},"content":{"rendered":"<p class=\"has-drop-cap\"><strong>The iPhone 12 and iPhone 12 Pro models have been officially available since October 23rd. If it weren&#039;t for the long delivery times. Now it is reported that the demand for the Pro model is surprising even Apple.<\/strong><\/p>\n\n\n\n<p>The well-known and accurate Apple analyst Ming-Chi Kuo has spoken out in a new report. In it, he explains to investors that demand for the iPhone 12 Pro is stronger than expected. Apple itself is said to have expected stronger demand for the standard iPhone 12 model and is now quite surprised. In addition to Kuo, DigiTimes also made a similar <a href=\"https:\/\/www.digitimes.com\/news\/a20201029VL200.html\" target=\"_blank\" rel=\"noreferrer noopener\">Statement<\/a>The publication states:<\/p>\n\n\n\n<blockquote class=\"wp-block-quote is-layout-flow wp-block-quote-is-layout-flow\"><p>Demand for the iPhone 12 Pro was so high that manufacturers had to extend delivery times. And Apple will increase orders for VCSEL chips that support the iPhone 12 Pro&#039;s LiDAR scanner for immersive augmented reality (AR).<\/p><p>Apple is poised to increase its orders for VCSEL chips for ToF-based LiDAR scanners used in the just-released iPhone 12 Pro due to strong demand for the model, especially in the U.S., sources at Taiwan-based supply chain manufacturers say.<\/p><\/blockquote>\n\n\n\n<h3 class=\"wp-block-heading\" id=\"h-neues-design-5g-unterst-tzung-und-mehr\">New design, 5G support and more<\/h3>\n\n\n\n\n\n\n\n<p>While the two 6.1-inch devices are already available, the iPhone 12 mini and Pro Max will not be available until November. Pre-orders will be accepted from November 6th. The first devices are scheduled to be delivered on November 13th. All four models have a brand new design, 5G support and Super Retina displays. While the cheaper models have an aluminum frame, the Pro versions have stainless steel edges. We have listed the individual specifications below. <a href=\"https:\/\/www.amazon.de\/shop\/apfelpatientofficial?listId=2SH1KEP4J41TE&amp;ref=cm_sw_em_r_inf_list_own_apfelpatientofficial_dp_ZrWfgRbpxgBlW\">AirPods Pro on special offer at Amazon \u2013 available now<\/a>. <em>(Photo by hadrian \/ Bigstockphoto)<\/em><\/p>\n\n\n\n<h3 class=\"wp-block-heading\" id=\"h-5-4-zoll-iphone-12-mini\">5.4-inch iPhone 12 Mini<\/h3>\n\n\n\n<ul class=\"wp-block-list\"><li>Price: from 778.85 euros<\/li><li>Camera: Dual camera (f\/1.6)<\/li><li>Storage: 64 GB\/128 GB\/256 GB<\/li><li>Colors: Black, White, Red, Blue, Green<\/li><li>Pre-orders from: November 6th<\/li><li>Sales start: November 13th<\/li><\/ul>\n\n\n\n<h3 class=\"wp-block-heading\" id=\"h-6-1-zoll-iphone-12\">6.1-inch iPhone 12<\/h3>\n\n\n\n<ul class=\"wp-block-list\"><li>Price: from 876.30 euros<\/li><li>Camera: Dual camera (f\/1.6)<\/li><li>Storage: 64 GB\/128 GB\/256 GB<\/li><li>Colors: Black, White, Red, Blue, Green<\/li><li>Pre-orders from: October 16th<\/li><li>Sales start: October 23rd<\/li><\/ul>\n\n\n\n<h3 class=\"wp-block-heading\" id=\"h-6-1-zoll-iphone-12-pro\">6.1-inch iPhone 12 Pro<\/h3>\n\n\n\n<ul class=\"wp-block-list\"><li>Price: from 1,120 euros<\/li><li>Camera: Triple lens (LiDAR + wide angle with 7P lens, f\/1.6, 52 mm focal length telephoto, 4x optical zoom)<\/li><li>Storage: 128GB\/256GB\/512GB<\/li><li>Colors: Gold, Silver, Graphite, Pacific Blue<\/li><li>Pre-orders from: October 16th<\/li><li>Sales start: October 23rd<\/li><\/ul>\n\n\n\n<h3 class=\"wp-block-heading\" id=\"h-6-7-zoll-iphone-12-pro-max\">6.7-inch iPhone 12 Pro Max<\/h3>\n\n\n\n<ul class=\"wp-block-list\"><li>Price: 1,217.50 euros<\/li><li>Camera: Triple lens (LiDAR + wide angle with 7P lens, f\/1.6, 52 mm focal length telephoto, 5x optical zoom)<\/li><li>Storage: 128GB\/256GB\/512GB<\/li><li>Colors: Gold, Silver, Graphite, Pacific Blue<\/li><li>Pre-orders from: November 6th<\/li><li>Sales start: November 13th<\/li><\/ul>\n\n\n\n<ul class=\"wp-block-list\"><li><a href=\"https:\/\/www.apfelpatient.de\/en\/news\/iphone-12-new-ceramic-shield-in-test\">iPhone 12: New Ceramic Shield in Test<\/a><\/li><\/ul>\n\n\n\n<h6 class=\"wp-block-heading translation-block\" id=\"h-kennt-ihr-schon-unsere-amazon-storefront-dort-findet-ihr-eine-handverlesene-auswahl-von-diversen-produkten-f-r-euer-iphone-und-co-viel-spa-beim-st-bern\"><em>Have you already visited our Amazon Storefront? There you&#039;ll find a hand-picked selection of various products for your iPhone and other devices \u2013 <span class=\"has-inline-color has-vivid-red-color\"><a href=\"https:\/\/www.amazon.de\/shop\/apfelpatientofficial\" class=\"ek-link\" data-wpel-link=\"exclude\" rel=\"follow noopener\" target=\"_self\"><span style=\"text-decoration: underline\" class=\"ek-underline\">enjoy browsing<\/span><\/a> !<\/span><\/em><\/h6>\n\n\n\n\n\n<h6 class=\"wp-block-heading translation-block\" id=\"h-der-beitrag-enthalt-partnerlinks\">This post contains <a data-type=\"URL\" data-id=\"https:\/\/www.apfelpatient.de\/partnerprogramm\" href=\"https:\/\/www.apfelpatient.de\/en\/partner-program\" data-wpel-link=\"internal\" target=\"_self\">affiliate links<\/a>.<\/h6>","protected":false},"excerpt":{"rendered":"<p>Apple surprises: It tells investors that demand for the iPhone 12 Pro is stronger than expected.<\/p>","protected":false},"author":2,"featured_media":16651,"comment_status":"closed","ping_status":"closed","sticky":false,"template":"","format":"standard","meta":{"jnews-multi-image_gallery":[],"jnews_single_post":{"subtitle":"","format":"standard","video":"","gallery":"","source_name":"","source_url":"","via_name":"","via_url":"","override":[{"single_blog_custom":"","sidebar":"","second_sidebar":"","share_position":"","share_float_style":"","post_date_format":"","post_date_format_custom":"","post_reading_time_wpm":"","zoom_button_out_step":"1","zoom_button_in_step":"1","number_popup_post":"1"}],"image_override":[{"single_post_thumbnail_size":"","single_post_gallery_size":""}],"trending_post_position":"","trending_post_label":"","sponsored_post_label":"","sponsored_post_name":"","sponsored_post_url":"","sponsored_post_logo":"","sponsored_post_desc":""},"jnews_primary_category":{"id":"25"},"footnotes":""},"categories":[25],"tags":[8,321,254],"class_list":["post-16652","post","type-post","status-publish","format-standard","has-post-thumbnail","hentry","category-rumors","tag-iphone","tag-iphone-12","tag-iphone-2020"],"yoast_head":"<!-- This site is optimized with the Yoast SEO Premium plugin v27.5 (Yoast SEO v27.5) - https:\/\/yoast.com\/product\/yoast-seo-premium-wordpress\/ -->\n<title>Bericht: iPhone 12 Pro Nachfrage \u00fcberrascht Apple Apfelpatient<\/title>\n<meta name=\"description\" content=\"Apple \u00fcberrascht: Darin erkl\u00e4rt er Investoren gegen\u00fcber, dass die Nachfrage nach dem iPhone 12 Pro st\u00e4rker als erwartet sei.\" \/>\n<meta name=\"robots\" content=\"index, follow, max-snippet:-1, max-image-preview:large, max-video-preview:-1\" \/>\n<link rel=\"canonical\" href=\"https:\/\/www.apfelpatient.de\/en\/rumors\/report-iphone-12-pro-demand-surprises-apple\" \/>\n<meta property=\"og:locale\" content=\"en_US\" \/>\n<meta property=\"og:type\" content=\"article\" \/>\n<meta property=\"og:title\" content=\"Bericht: iPhone 12 Pro Nachfrage \u00fcberrascht Apple\" \/>\n<meta property=\"og:description\" content=\"Apple \u00fcberrascht: Darin erkl\u00e4rt er Investoren gegen\u00fcber, dass die Nachfrage nach dem iPhone 12 Pro st\u00e4rker als erwartet sei.\" \/>\n<meta property=\"og:url\" content=\"https:\/\/www.apfelpatient.de\/en\/rumors\/report-iphone-12-pro-demand-surprises-apple\" \/>\n<meta property=\"og:site_name\" content=\"Apfelpatient\" \/>\n<meta property=\"article:publisher\" content=\"https:\/\/www.facebook.com\/apfelpatientOfficial\" \/>\n<meta property=\"article:author\" content=\"https:\/\/www.facebook.com\/apfelpatientOfficial\" \/>\n<meta property=\"article:published_time\" content=\"2020-10-29T14:29:07+00:00\" \/>\n<meta property=\"article:modified_time\" content=\"2020-10-29T14:29:08+00:00\" \/>\n<meta property=\"og:image\" content=\"https:\/\/www.apfelpatient.de\/wp-content\/uploads\/2020\/10\/bigstock-Paris-France-Oct-391200629.jpg\" \/>\n\t<meta property=\"og:image:width\" content=\"1600\" \/>\n\t<meta property=\"og:image:height\" content=\"1200\" \/>\n\t<meta property=\"og:image:type\" content=\"image\/jpeg\" \/>\n<meta name=\"author\" content=\"Milan\" \/>\n<meta name=\"twitter:card\" content=\"summary_large_image\" \/>\n<meta name=\"twitter:description\" content=\"Apple \u00fcberrascht: Darin erkl\u00e4rt er Investoren gegen\u00fcber, dass die Nachfrage nach dem iPhone 12 Pro st\u00e4rker als erwartet sei.\" \/>\n<meta name=\"twitter:label1\" content=\"Written by\" \/>\n\t<meta name=\"twitter:data1\" content=\"Milan\" \/>\n\t<meta name=\"twitter:label2\" content=\"Est. reading time\" \/>\n\t<meta name=\"twitter:data2\" content=\"2 minutes\" \/>\n<script type=\"application\/ld+json\" class=\"yoast-schema-graph\">{\"@context\":\"https:\\\/\\\/schema.org\",\"@graph\":[{\"@type\":\"NewsArticle\",\"@id\":\"https:\\\/\\\/www.apfelpatient.de\\\/rumors\\\/bericht-iphone-12-pro-nachfrage-ueberrascht-apple#article\",\"isPartOf\":{\"@id\":\"https:\\\/\\\/www.apfelpatient.de\\\/rumors\\\/bericht-iphone-12-pro-nachfrage-ueberrascht-apple\"},\"author\":{\"@type\":\"Organization\",\"@id\":\"https:\\\/\\\/www.apfelpatient.de\\\/en\\\/#organization\",\"name\":\"Apfelpatient\",\"url\":\"https:\\\/\\\/www.apfelpatient.de\\\/en\\\/\"},\"headline\":\"Bericht: iPhone 12 Pro Nachfrage \u00fcberrascht Apple\",\"datePublished\":\"2020-10-29T14:29:07+00:00\",\"dateModified\":\"2020-10-29T14:29:08+00:00\",\"mainEntityOfPage\":{\"@id\":\"https:\\\/\\\/www.apfelpatient.de\\\/rumors\\\/bericht-iphone-12-pro-nachfrage-ueberrascht-apple\"},\"wordCount\":414,\"publisher\":{\"@type\":\"Organization\",\"@id\":\"https:\\\/\\\/www.apfelpatient.de\\\/en\\\/#organization\",\"name\":\"Apfelpatient\",\"url\":\"https:\\\/\\\/www.apfelpatient.de\\\/en\\\/\"},\"image\":{\"@id\":\"https:\\\/\\\/www.apfelpatient.de\\\/rumors\\\/bericht-iphone-12-pro-nachfrage-ueberrascht-apple#primaryimage\"},\"thumbnailUrl\":\"https:\\\/\\\/www.apfelpatient.de\\\/wp-content\\\/uploads\\\/2020\\\/10\\\/bigstock-Paris-France-Oct-391200629.jpg\",\"keywords\":[\"iPhone\",\"iPhone 12\",\"iPhone 2020\"],\"articleSection\":\"Rumors\",\"inLanguage\":\"en-US\",\"copyrightYear\":\"2020\",\"copyrightHolder\":{\"@id\":\"https:\\\/\\\/www.apfelpatient.de\\\/en\\\/#organization\"}},{\"@type\":\"WebPage\",\"@id\":\"https:\\\/\\\/www.apfelpatient.de\\\/rumors\\\/bericht-iphone-12-pro-nachfrage-ueberrascht-apple\",\"url\":\"https:\\\/\\\/www.apfelpatient.de\\\/rumors\\\/bericht-iphone-12-pro-nachfrage-ueberrascht-apple\",\"name\":\"Bericht: iPhone 12 Pro Nachfrage \u00fcberrascht Apple Apfelpatient\",\"isPartOf\":{\"@id\":\"https:\\\/\\\/www.apfelpatient.de\\\/#website\"},\"primaryImageOfPage\":{\"@id\":\"https:\\\/\\\/www.apfelpatient.de\\\/rumors\\\/bericht-iphone-12-pro-nachfrage-ueberrascht-apple#primaryimage\"},\"image\":{\"@id\":\"https:\\\/\\\/www.apfelpatient.de\\\/rumors\\\/bericht-iphone-12-pro-nachfrage-ueberrascht-apple#primaryimage\"},\"thumbnailUrl\":\"https:\\\/\\\/www.apfelpatient.de\\\/wp-content\\\/uploads\\\/2020\\\/10\\\/bigstock-Paris-France-Oct-391200629.jpg\",\"datePublished\":\"2020-10-29T14:29:07+00:00\",\"dateModified\":\"2020-10-29T14:29:08+00:00\",\"description\":\"Apple \u00fcberrascht: Darin erkl\u00e4rt er Investoren gegen\u00fcber, dass die Nachfrage nach dem iPhone 12 Pro st\u00e4rker als erwartet sei.\",\"breadcrumb\":{\"@id\":\"https:\\\/\\\/www.apfelpatient.de\\\/rumors\\\/bericht-iphone-12-pro-nachfrage-ueberrascht-apple#breadcrumb\"},\"inLanguage\":\"en-US\",\"potentialAction\":[{\"@type\":\"ReadAction\",\"target\":[\"https:\\\/\\\/www.apfelpatient.de\\\/rumors\\\/bericht-iphone-12-pro-nachfrage-ueberrascht-apple\"]}]},{\"@type\":\"ImageObject\",\"inLanguage\":\"en-US\",\"@id\":\"https:\\\/\\\/www.apfelpatient.de\\\/rumors\\\/bericht-iphone-12-pro-nachfrage-ueberrascht-apple#primaryimage\",\"url\":\"https:\\\/\\\/www.apfelpatient.de\\\/wp-content\\\/uploads\\\/2020\\\/10\\\/bigstock-Paris-France-Oct-391200629.jpg\",\"contentUrl\":\"https:\\\/\\\/www.apfelpatient.de\\\/wp-content\\\/uploads\\\/2020\\\/10\\\/bigstock-Paris-France-Oct-391200629.jpg\",\"width\":1600,\"height\":1200,\"caption\":\"Paris, France - Oct 23, 2020: Advertising for the new iPhone 12 and iPhone 12 Pro on display during launch day in Apple Store. Latest 5G smartphones go on sale worldwide\"},{\"@type\":\"BreadcrumbList\",\"@id\":\"https:\\\/\\\/www.apfelpatient.de\\\/rumors\\\/bericht-iphone-12-pro-nachfrage-ueberrascht-apple#breadcrumb\",\"itemListElement\":[{\"@type\":\"ListItem\",\"position\":1,\"name\":\"Startseite\",\"item\":\"https:\\\/\\\/www.apfelpatient.de\\\/\"},{\"@type\":\"ListItem\",\"position\":2,\"name\":\"Bericht: iPhone 12 Pro Nachfrage \u00fcberrascht Apple\"}]},{\"@type\":\"WebSite\",\"@id\":\"https:\\\/\\\/www.apfelpatient.de\\\/#website\",\"url\":\"https:\\\/\\\/www.apfelpatient.de\\\/\",\"name\":\"Apfelpatient\",\"description\":\"Alles rund um Apple!\",\"publisher\":{\"@type\":\"Organization\",\"@id\":\"https:\\\/\\\/www.apfelpatient.de\\\/en\\\/#organization\",\"name\":\"Apfelpatient\",\"url\":\"https:\\\/\\\/www.apfelpatient.de\\\/en\\\/\"},\"alternateName\":\"Apfelpatient\",\"potentialAction\":[{\"@type\":\"SearchAction\",\"target\":{\"@type\":\"EntryPoint\",\"urlTemplate\":\"https:\\\/\\\/www.apfelpatient.de\\\/?s={search_term_string}\"},\"query-input\":{\"@type\":\"PropertyValueSpecification\",\"valueRequired\":true,\"valueName\":\"search_term_string\"}}],\"inLanguage\":\"en-US\"},{\"@type\":[\"Person\",\"Organization\"],\"@id\":\"https:\\\/\\\/www.apfelpatient.de\\\/#\\\/schema\\\/person\\\/35b3ddba5832f2bfc7fff5206d4f6b7b\",\"name\":\"Milan\",\"logo\":{\"@id\":\"https:\\\/\\\/www.apfelpatient.de\\\/#\\\/schema\\\/person\\\/image\\\/\"},\"description\":\"Hallo und herzlich willkommen auf meinem Technik-Blog! Als gro\u00dfer Apple-Fan berichte ich hier \u00fcber alles, was mit Apple zu tun hat: von den neuesten News und spannenden Ger\u00fcchten \u00fcber hilfreiche Tipps und Tricks bis hin zu ausf\u00fchrlichen Produkttests. Wenn du genauso technikbegeistert bist wie ich, bist du hier genau richtig!\",\"sameAs\":[\"https:\\\/\\\/www.facebook.com\\\/apfelpatientOfficial\",\"https:\\\/\\\/www.linkedin.com\\\/in\\\/milan-jovicic-42aa0231b\"],\"url\":\"https:\\\/\\\/www.apfelpatient.de\\\/en\\\/author\\\/apfeladmin\"}]}<\/script>\n<!-- \/ Yoast SEO Premium plugin. -->","yoast_head_json":{"title":"Report: iPhone 12 Pro demand surprises Apple Apfelpatient","description":"Apple surprises: It tells investors that demand for the iPhone 12 Pro is stronger than expected.","robots":{"index":"index","follow":"follow","max-snippet":"max-snippet:-1","max-image-preview":"max-image-preview:large","max-video-preview":"max-video-preview:-1"},"canonical":"https:\/\/www.apfelpatient.de\/en\/rumors\/report-iphone-12-pro-demand-surprises-apple","og_locale":"en_US","og_type":"article","og_title":"Bericht: iPhone 12 Pro Nachfrage \u00fcberrascht Apple","og_description":"Apple \u00fcberrascht: Darin erkl\u00e4rt er Investoren gegen\u00fcber, dass die Nachfrage nach dem iPhone 12 Pro st\u00e4rker als erwartet sei.","og_url":"https:\/\/www.apfelpatient.de\/en\/rumors\/report-iphone-12-pro-demand-surprises-apple","og_site_name":"Apfelpatient","article_publisher":"https:\/\/www.facebook.com\/apfelpatientOfficial","article_author":"https:\/\/www.facebook.com\/apfelpatientOfficial","article_published_time":"2020-10-29T14:29:07+00:00","article_modified_time":"2020-10-29T14:29:08+00:00","og_image":[{"width":1600,"height":1200,"url":"https:\/\/www.apfelpatient.de\/wp-content\/uploads\/2020\/10\/bigstock-Paris-France-Oct-391200629.jpg","type":"image\/jpeg"}],"author":"Milan","twitter_card":"summary_large_image","twitter_description":"Apple \u00fcberrascht: Darin erkl\u00e4rt er Investoren gegen\u00fcber, dass die Nachfrage nach dem iPhone 12 Pro st\u00e4rker als erwartet sei.","twitter_misc":{"Written by":"Milan","Est. reading time":"2 minutes"},"schema":{"@context":"https:\/\/schema.org","@graph":[{"@type":"NewsArticle","@id":"https:\/\/www.apfelpatient.de\/rumors\/bericht-iphone-12-pro-nachfrage-ueberrascht-apple#article","isPartOf":{"@id":"https:\/\/www.apfelpatient.de\/rumors\/bericht-iphone-12-pro-nachfrage-ueberrascht-apple"},"author":{"@type":"Organization","@id":"https:\/\/www.apfelpatient.de\/en\/#organization","name":"Apfelpatient","url":"https:\/\/www.apfelpatient.de\/en\/"},"headline":"Bericht: iPhone 12 Pro Nachfrage \u00fcberrascht Apple","datePublished":"2020-10-29T14:29:07+00:00","dateModified":"2020-10-29T14:29:08+00:00","mainEntityOfPage":{"@id":"https:\/\/www.apfelpatient.de\/rumors\/bericht-iphone-12-pro-nachfrage-ueberrascht-apple"},"wordCount":414,"publisher":{"@type":"Organization","@id":"https:\/\/www.apfelpatient.de\/en\/#organization","name":"Apfelpatient","url":"https:\/\/www.apfelpatient.de\/en\/"},"image":{"@id":"https:\/\/www.apfelpatient.de\/rumors\/bericht-iphone-12-pro-nachfrage-ueberrascht-apple#primaryimage"},"thumbnailUrl":"https:\/\/www.apfelpatient.de\/wp-content\/uploads\/2020\/10\/bigstock-Paris-France-Oct-391200629.jpg","keywords":["iPhone","iPhone 12","iPhone 2020"],"articleSection":"Rumors","inLanguage":"en-US","copyrightYear":"2020","copyrightHolder":{"@id":"https:\/\/www.apfelpatient.de\/en\/#organization"}},{"@type":"WebPage","@id":"https:\/\/www.apfelpatient.de\/rumors\/bericht-iphone-12-pro-nachfrage-ueberrascht-apple","url":"https:\/\/www.apfelpatient.de\/rumors\/bericht-iphone-12-pro-nachfrage-ueberrascht-apple","name":"Report: iPhone 12 Pro demand surprises Apple Apfelpatient","isPartOf":{"@id":"https:\/\/www.apfelpatient.de\/#website"},"primaryImageOfPage":{"@id":"https:\/\/www.apfelpatient.de\/rumors\/bericht-iphone-12-pro-nachfrage-ueberrascht-apple#primaryimage"},"image":{"@id":"https:\/\/www.apfelpatient.de\/rumors\/bericht-iphone-12-pro-nachfrage-ueberrascht-apple#primaryimage"},"thumbnailUrl":"https:\/\/www.apfelpatient.de\/wp-content\/uploads\/2020\/10\/bigstock-Paris-France-Oct-391200629.jpg","datePublished":"2020-10-29T14:29:07+00:00","dateModified":"2020-10-29T14:29:08+00:00","description":"Apple surprises: It tells investors that demand for the iPhone 12 Pro is stronger than expected.","breadcrumb":{"@id":"https:\/\/www.apfelpatient.de\/rumors\/bericht-iphone-12-pro-nachfrage-ueberrascht-apple#breadcrumb"},"inLanguage":"en-US","potentialAction":[{"@type":"ReadAction","target":["https:\/\/www.apfelpatient.de\/rumors\/bericht-iphone-12-pro-nachfrage-ueberrascht-apple"]}]},{"@type":"ImageObject","inLanguage":"en-US","@id":"https:\/\/www.apfelpatient.de\/rumors\/bericht-iphone-12-pro-nachfrage-ueberrascht-apple#primaryimage","url":"https:\/\/www.apfelpatient.de\/wp-content\/uploads\/2020\/10\/bigstock-Paris-France-Oct-391200629.jpg","contentUrl":"https:\/\/www.apfelpatient.de\/wp-content\/uploads\/2020\/10\/bigstock-Paris-France-Oct-391200629.jpg","width":1600,"height":1200,"caption":"Paris, France - Oct 23, 2020: Advertising for the new iPhone 12 and iPhone 12 Pro on display during launch day in Apple Store. Latest 5G smartphones go on sale worldwide"},{"@type":"BreadcrumbList","@id":"https:\/\/www.apfelpatient.de\/rumors\/bericht-iphone-12-pro-nachfrage-ueberrascht-apple#breadcrumb","itemListElement":[{"@type":"ListItem","position":1,"name":"Startseite","item":"https:\/\/www.apfelpatient.de\/"},{"@type":"ListItem","position":2,"name":"Bericht: iPhone 12 Pro Nachfrage \u00fcberrascht Apple"}]},{"@type":"WebSite","@id":"https:\/\/www.apfelpatient.de\/#website","url":"https:\/\/www.apfelpatient.de\/","name":"apple patient","description":"Everything about Apple!","publisher":{"@type":"Organization","@id":"https:\/\/www.apfelpatient.de\/en\/#organization","name":"Apfelpatient","url":"https:\/\/www.apfelpatient.de\/en\/"},"alternateName":"Apfelpatient","potentialAction":[{"@type":"SearchAction","target":{"@type":"EntryPoint","urlTemplate":"https:\/\/www.apfelpatient.de\/?s={search_term_string}"},"query-input":{"@type":"PropertyValueSpecification","valueRequired":true,"valueName":"search_term_string"}}],"inLanguage":"en-US"},{"@type":["Person","Organization"],"@id":"https:\/\/www.apfelpatient.de\/#\/schema\/person\/35b3ddba5832f2bfc7fff5206d4f6b7b","name":"Milan","logo":{"@id":"https:\/\/www.apfelpatient.de\/#\/schema\/person\/image\/"},"description":"Hello and welcome to my technology blog! As a big Apple fan, I report on everything to do with Apple: from the latest news and exciting rumors to helpful tips and tricks and detailed product tests. If you are as enthusiastic about technology as I am, you have come to the right place!","sameAs":["https:\/\/www.facebook.com\/apfelpatientOfficial","https:\/\/www.linkedin.com\/in\/milan-jovicic-42aa0231b"],"url":"https:\/\/www.apfelpatient.de\/en\/author\/apfeladmin"}]}},"_links":{"self":[{"href":"https:\/\/www.apfelpatient.de\/en\/wp-json\/wp\/v2\/posts\/16652","targetHints":{"allow":["GET"]}}],"collection":[{"href":"https:\/\/www.apfelpatient.de\/en\/wp-json\/wp\/v2\/posts"}],"about":[{"href":"https:\/\/www.apfelpatient.de\/en\/wp-json\/wp\/v2\/types\/post"}],"author":[{"embeddable":true,"href":"https:\/\/www.apfelpatient.de\/en\/wp-json\/wp\/v2\/users\/2"}],"replies":[{"embeddable":true,"href":"https:\/\/www.apfelpatient.de\/en\/wp-json\/wp\/v2\/comments?post=16652"}],"version-history":[{"count":0,"href":"https:\/\/www.apfelpatient.de\/en\/wp-json\/wp\/v2\/posts\/16652\/revisions"}],"wp:featuredmedia":[{"embeddable":true,"href":"https:\/\/www.apfelpatient.de\/en\/wp-json\/wp\/v2\/media\/16651"}],"wp:attachment":[{"href":"https:\/\/www.apfelpatient.de\/en\/wp-json\/wp\/v2\/media?parent=16652"}],"wp:term":[{"taxonomy":"category","embeddable":true,"href":"https:\/\/www.apfelpatient.de\/en\/wp-json\/wp\/v2\/categories?post=16652"},{"taxonomy":"post_tag","embeddable":true,"href":"https:\/\/www.apfelpatient.de\/en\/wp-json\/wp\/v2\/tags?post=16652"}],"curies":[{"name":"wp","href":"https:\/\/api.w.org\/{rel}","templated":true}]}}