{"id":1665,"date":"2018-08-21T12:03:22","date_gmt":"2018-08-21T10:03:22","guid":{"rendered":"https:\/\/www.apfelpatient.de\/?p=1665"},"modified":"2018-08-21T12:03:22","modified_gmt":"2018-08-21T10:03:22","slug":"2018-iphones-pre-orders-possible-from-september-14th","status":"publish","type":"post","link":"https:\/\/www.apfelpatient.de\/en\/rumors\/2018-iphones-vorbestellungen-ab-dem-14-september-moeglich","title":{"rendered":"2018 iPhones: Pre-orders available from September 14th"},"content":{"rendered":"<p><strong>After numerous rumors surrounding the devices, speculation now follows regarding the presentation and launch of the devices.<\/strong><\/p>\n<p>September 12th is currently considered the most likely date for the Apple Keynote. This is now reinforced by a rumor that the German mobile phone providers have allegedly revealed the start of the pre-order phase. The Apple blog <em>Macerkopf<\/em> It has been reported that September 14th will be the official pre-order start for the new iPhones.<\/p>\n\n<p>As usual, Telekom, O2 and Vodafone will be involved - delivery will begin on September 21st. Nothing is known yet about the number of devices.<\/p>\n<p><strong>Three new iPhones are expected<\/strong><\/p>\n<p>The biggest innovation: All models will follow the current iPhone X, Touch ID is a thing of the past. The 3D facial recognition Face ID is not only more secure but also more convenient and intuitive. The iPhone X will continue with 5.8&quot; and will also get a big brother with a full 6.5&quot; screen - the Plus version. Both will have an OLED display. Another iPhone with a 6.1&quot; LCD will also be part of the line-up. The OLED devices will have a DUAL camera. The LCD model will most likely only have one main camera sensor, like the iPhone 8.<\/p>","protected":false},"excerpt":{"rendered":"<p>Nach zahlreichen Ger\u00fcchten rund um die Ger\u00e4te folgen nun die Spekulationen rund um die Pr\u00e4sentation und den Verkaufsstart der Ger\u00e4te. Der 12. September gilt aktuell als wahrscheinlichster Termin f\u00fcr die Apple Keynote. Verst\u00e4rkt wird das Ganze nun durch ein Ger\u00fccht, dass die deutschen Mobilfunkanbieter angeblich den Start der Vorbestellerphase verraten haben. Dem Apple-Blog Macerkopf soll [&hellip;]<\/p>\n","protected":false},"author":2,"featured_media":1611,"comment_status":"open","ping_status":"open","sticky":false,"template":"","format":"standard","meta":{"jnews-multi-image_gallery":[],"jnews_single_post":[],"jnews_primary_category":[],"footnotes":""},"categories":[25],"tags":[112,8,38,39,118,119,120],"class_list":["post-1665","post","type-post","status-publish","format-standard","has-post-thumbnail","hentry","category-rumors","tag-apple-keynote","tag-iphone","tag-iphone-x","tag-iphone-x-plus","tag-o2","tag-telekom","tag-vodafone"],"yoast_head":"<!-- This site is optimized with the Yoast SEO Premium plugin v27.5 (Yoast SEO v27.5) - https:\/\/yoast.com\/product\/yoast-seo-premium-wordpress\/ -->\n<title>2018 iPhones: Vorbestellungen ab dem 14. September m\u00f6glich Apfelpatient<\/title>\n<meta name=\"description\" content=\"Nach zahlreichen Ger\u00fcchten rund um die Ger\u00e4te folgen nun die Spekulationen rund um die Pr\u00e4sentation und den Verkaufsstart der Ger\u00e4te. Der 12. September\" \/>\n<meta name=\"robots\" content=\"index, follow, max-snippet:-1, max-image-preview:large, max-video-preview:-1\" \/>\n<link rel=\"canonical\" href=\"https:\/\/www.apfelpatient.de\/en\/rumors\/2018-iphones-pre-orders-possible-from-september-14th\" \/>\n<meta property=\"og:locale\" content=\"en_US\" \/>\n<meta property=\"og:type\" content=\"article\" \/>\n<meta property=\"og:title\" content=\"2018 iPhones: Vorbestellungen ab dem 14. September m\u00f6glich\" \/>\n<meta property=\"og:description\" content=\"Nach zahlreichen Ger\u00fcchten rund um die Ger\u00e4te folgen nun die Spekulationen rund um die Pr\u00e4sentation und den Verkaufsstart der Ger\u00e4te. Der 12. September\" \/>\n<meta property=\"og:url\" content=\"https:\/\/www.apfelpatient.de\/en\/rumors\/2018-iphones-pre-orders-possible-from-september-14th\" \/>\n<meta property=\"og:site_name\" content=\"Apfelpatient\" \/>\n<meta property=\"article:publisher\" content=\"https:\/\/www.facebook.com\/apfelpatientOfficial\" \/>\n<meta property=\"article:author\" content=\"https:\/\/www.facebook.com\/apfelpatientOfficial\" \/>\n<meta property=\"article:published_time\" content=\"2018-08-21T10:03:22+00:00\" \/>\n<meta property=\"og:image\" content=\"https:\/\/www.apfelpatient.de\/wp-content\/uploads\/2018\/08\/iPhone8Plus_color_selection.jpg\" \/>\n\t<meta property=\"og:image:width\" content=\"1142\" \/>\n\t<meta property=\"og:image:height\" content=\"1374\" \/>\n\t<meta property=\"og:image:type\" content=\"image\/jpeg\" \/>\n<meta name=\"author\" content=\"Milan\" \/>\n<meta name=\"twitter:card\" content=\"summary_large_image\" \/>\n<meta name=\"twitter:label1\" content=\"Written by\" \/>\n\t<meta name=\"twitter:data1\" content=\"Milan\" \/>\n\t<meta name=\"twitter:label2\" content=\"Est. reading time\" \/>\n\t<meta name=\"twitter:data2\" content=\"1 minute\" \/>\n<script type=\"application\/ld+json\" class=\"yoast-schema-graph\">{\"@context\":\"https:\\\/\\\/schema.org\",\"@graph\":[{\"@type\":\"NewsArticle\",\"@id\":\"https:\\\/\\\/www.apfelpatient.de\\\/rumors\\\/2018-iphones-vorbestellungen-ab-dem-14-september-moeglich#article\",\"isPartOf\":{\"@id\":\"https:\\\/\\\/www.apfelpatient.de\\\/rumors\\\/2018-iphones-vorbestellungen-ab-dem-14-september-moeglich\"},\"author\":{\"@type\":\"Organization\",\"@id\":\"https:\\\/\\\/www.apfelpatient.de\\\/en\\\/#organization\",\"name\":\"Apfelpatient\",\"url\":\"https:\\\/\\\/www.apfelpatient.de\\\/en\\\/\"},\"headline\":\"2018 iPhones: Vorbestellungen ab dem 14. September m\u00f6glich\",\"datePublished\":\"2018-08-21T10:03:22+00:00\",\"mainEntityOfPage\":{\"@id\":\"https:\\\/\\\/www.apfelpatient.de\\\/rumors\\\/2018-iphones-vorbestellungen-ab-dem-14-september-moeglich\"},\"wordCount\":212,\"commentCount\":0,\"publisher\":{\"@type\":\"Organization\",\"@id\":\"https:\\\/\\\/www.apfelpatient.de\\\/en\\\/#organization\",\"name\":\"Apfelpatient\",\"url\":\"https:\\\/\\\/www.apfelpatient.de\\\/en\\\/\"},\"image\":{\"@id\":\"https:\\\/\\\/www.apfelpatient.de\\\/rumors\\\/2018-iphones-vorbestellungen-ab-dem-14-september-moeglich#primaryimage\"},\"thumbnailUrl\":\"https:\\\/\\\/www.apfelpatient.de\\\/wp-content\\\/uploads\\\/2018\\\/08\\\/iPhone8Plus_color_selection.jpg\",\"keywords\":[\"Apple Keynote\",\"iPhone\",\"iPhone X\",\"iPhone X Plus\",\"O2\",\"Telekom\",\"Vodafone\"],\"articleSection\":\"Rumors\",\"inLanguage\":\"en-US\",\"potentialAction\":[{\"@type\":\"CommentAction\",\"name\":\"Comment\",\"target\":[\"https:\\\/\\\/www.apfelpatient.de\\\/rumors\\\/2018-iphones-vorbestellungen-ab-dem-14-september-moeglich#respond\"]}],\"copyrightYear\":\"2018\",\"copyrightHolder\":{\"@id\":\"https:\\\/\\\/www.apfelpatient.de\\\/en\\\/#organization\"}},{\"@type\":\"WebPage\",\"@id\":\"https:\\\/\\\/www.apfelpatient.de\\\/rumors\\\/2018-iphones-vorbestellungen-ab-dem-14-september-moeglich\",\"url\":\"https:\\\/\\\/www.apfelpatient.de\\\/rumors\\\/2018-iphones-vorbestellungen-ab-dem-14-september-moeglich\",\"name\":\"2018 iPhones: Vorbestellungen ab dem 14. September m\u00f6glich Apfelpatient\",\"isPartOf\":{\"@id\":\"https:\\\/\\\/www.apfelpatient.de\\\/#website\"},\"primaryImageOfPage\":{\"@id\":\"https:\\\/\\\/www.apfelpatient.de\\\/rumors\\\/2018-iphones-vorbestellungen-ab-dem-14-september-moeglich#primaryimage\"},\"image\":{\"@id\":\"https:\\\/\\\/www.apfelpatient.de\\\/rumors\\\/2018-iphones-vorbestellungen-ab-dem-14-september-moeglich#primaryimage\"},\"thumbnailUrl\":\"https:\\\/\\\/www.apfelpatient.de\\\/wp-content\\\/uploads\\\/2018\\\/08\\\/iPhone8Plus_color_selection.jpg\",\"datePublished\":\"2018-08-21T10:03:22+00:00\",\"description\":\"Nach zahlreichen Ger\u00fcchten rund um die Ger\u00e4te folgen nun die Spekulationen rund um die Pr\u00e4sentation und den Verkaufsstart der Ger\u00e4te. Der 12. September\",\"breadcrumb\":{\"@id\":\"https:\\\/\\\/www.apfelpatient.de\\\/rumors\\\/2018-iphones-vorbestellungen-ab-dem-14-september-moeglich#breadcrumb\"},\"inLanguage\":\"en-US\",\"potentialAction\":[{\"@type\":\"ReadAction\",\"target\":[\"https:\\\/\\\/www.apfelpatient.de\\\/rumors\\\/2018-iphones-vorbestellungen-ab-dem-14-september-moeglich\"]}]},{\"@type\":\"ImageObject\",\"inLanguage\":\"en-US\",\"@id\":\"https:\\\/\\\/www.apfelpatient.de\\\/rumors\\\/2018-iphones-vorbestellungen-ab-dem-14-september-moeglich#primaryimage\",\"url\":\"https:\\\/\\\/www.apfelpatient.de\\\/wp-content\\\/uploads\\\/2018\\\/08\\\/iPhone8Plus_color_selection.jpg\",\"contentUrl\":\"https:\\\/\\\/www.apfelpatient.de\\\/wp-content\\\/uploads\\\/2018\\\/08\\\/iPhone8Plus_color_selection.jpg\",\"width\":1142,\"height\":1374,\"caption\":\"Bild: Apple\"},{\"@type\":\"BreadcrumbList\",\"@id\":\"https:\\\/\\\/www.apfelpatient.de\\\/rumors\\\/2018-iphones-vorbestellungen-ab-dem-14-september-moeglich#breadcrumb\",\"itemListElement\":[{\"@type\":\"ListItem\",\"position\":1,\"name\":\"Startseite\",\"item\":\"https:\\\/\\\/www.apfelpatient.de\\\/\"},{\"@type\":\"ListItem\",\"position\":2,\"name\":\"2018 iPhones: Vorbestellungen ab dem 14. September m\u00f6glich\"}]},{\"@type\":\"WebSite\",\"@id\":\"https:\\\/\\\/www.apfelpatient.de\\\/#website\",\"url\":\"https:\\\/\\\/www.apfelpatient.de\\\/\",\"name\":\"Apfelpatient\",\"description\":\"Alles rund um Apple!\",\"publisher\":{\"@type\":\"Organization\",\"@id\":\"https:\\\/\\\/www.apfelpatient.de\\\/en\\\/#organization\",\"name\":\"Apfelpatient\",\"url\":\"https:\\\/\\\/www.apfelpatient.de\\\/en\\\/\"},\"alternateName\":\"Apfelpatient\",\"potentialAction\":[{\"@type\":\"SearchAction\",\"target\":{\"@type\":\"EntryPoint\",\"urlTemplate\":\"https:\\\/\\\/www.apfelpatient.de\\\/?s={search_term_string}\"},\"query-input\":{\"@type\":\"PropertyValueSpecification\",\"valueRequired\":true,\"valueName\":\"search_term_string\"}}],\"inLanguage\":\"en-US\"},{\"@type\":[\"Person\",\"Organization\"],\"@id\":\"https:\\\/\\\/www.apfelpatient.de\\\/#\\\/schema\\\/person\\\/7dc56ad6c8e9824b76d2c08d4c140e13\",\"name\":\"Milan\",\"logo\":{\"@id\":\"https:\\\/\\\/www.apfelpatient.de\\\/#\\\/schema\\\/person\\\/image\\\/\"},\"description\":\"Hallo und herzlich willkommen auf meinem Technik-Blog! Als gro\u00dfer Apple-Fan berichte ich hier \u00fcber alles, was mit Apple zu tun hat: von den neuesten News und spannenden Ger\u00fcchten \u00fcber hilfreiche Tipps und Tricks bis hin zu ausf\u00fchrlichen Produkttests. Wenn du genauso technikbegeistert bist wie ich, bist du hier genau richtig!\",\"sameAs\":[\"https:\\\/\\\/www.facebook.com\\\/apfelpatientOfficial\",\"https:\\\/\\\/www.linkedin.com\\\/in\\\/milan-jovicic-42aa0231b\"],\"url\":\"https:\\\/\\\/www.apfelpatient.de\\\/en\\\/author\\\/apfeladmin\"}]}<\/script>\n<!-- \/ Yoast SEO Premium plugin. -->","yoast_head_json":{"title":"2018 iPhones: Pre-orders available from September 14th Apfelpatient","description":"After numerous rumors about the devices, speculations now follow about the presentation and the launch of the devices. September 12th","robots":{"index":"index","follow":"follow","max-snippet":"max-snippet:-1","max-image-preview":"max-image-preview:large","max-video-preview":"max-video-preview:-1"},"canonical":"https:\/\/www.apfelpatient.de\/en\/rumors\/2018-iphones-pre-orders-possible-from-september-14th","og_locale":"en_US","og_type":"article","og_title":"2018 iPhones: Vorbestellungen ab dem 14. September m\u00f6glich","og_description":"Nach zahlreichen Ger\u00fcchten rund um die Ger\u00e4te folgen nun die Spekulationen rund um die Pr\u00e4sentation und den Verkaufsstart der Ger\u00e4te. Der 12. September","og_url":"https:\/\/www.apfelpatient.de\/en\/rumors\/2018-iphones-pre-orders-possible-from-september-14th","og_site_name":"Apfelpatient","article_publisher":"https:\/\/www.facebook.com\/apfelpatientOfficial","article_author":"https:\/\/www.facebook.com\/apfelpatientOfficial","article_published_time":"2018-08-21T10:03:22+00:00","og_image":[{"width":1142,"height":1374,"url":"https:\/\/www.apfelpatient.de\/wp-content\/uploads\/2018\/08\/iPhone8Plus_color_selection.jpg","type":"image\/jpeg"}],"author":"Milan","twitter_card":"summary_large_image","twitter_misc":{"Written by":"Milan","Est. reading time":"1 minute"},"schema":{"@context":"https:\/\/schema.org","@graph":[{"@type":"NewsArticle","@id":"https:\/\/www.apfelpatient.de\/rumors\/2018-iphones-vorbestellungen-ab-dem-14-september-moeglich#article","isPartOf":{"@id":"https:\/\/www.apfelpatient.de\/rumors\/2018-iphones-vorbestellungen-ab-dem-14-september-moeglich"},"author":{"@type":"Organization","@id":"https:\/\/www.apfelpatient.de\/en\/#organization","name":"Apfelpatient","url":"https:\/\/www.apfelpatient.de\/en\/"},"headline":"2018 iPhones: Vorbestellungen ab dem 14. September m\u00f6glich","datePublished":"2018-08-21T10:03:22+00:00","mainEntityOfPage":{"@id":"https:\/\/www.apfelpatient.de\/rumors\/2018-iphones-vorbestellungen-ab-dem-14-september-moeglich"},"wordCount":212,"commentCount":0,"publisher":{"@type":"Organization","@id":"https:\/\/www.apfelpatient.de\/en\/#organization","name":"Apfelpatient","url":"https:\/\/www.apfelpatient.de\/en\/"},"image":{"@id":"https:\/\/www.apfelpatient.de\/rumors\/2018-iphones-vorbestellungen-ab-dem-14-september-moeglich#primaryimage"},"thumbnailUrl":"https:\/\/www.apfelpatient.de\/wp-content\/uploads\/2018\/08\/iPhone8Plus_color_selection.jpg","keywords":["Apple Keynote","iPhone","iPhone X","iPhone X Plus","O2","Telekom","Vodafone"],"articleSection":"Rumors","inLanguage":"en-US","potentialAction":[{"@type":"CommentAction","name":"Comment","target":["https:\/\/www.apfelpatient.de\/rumors\/2018-iphones-vorbestellungen-ab-dem-14-september-moeglich#respond"]}],"copyrightYear":"2018","copyrightHolder":{"@id":"https:\/\/www.apfelpatient.de\/en\/#organization"}},{"@type":"WebPage","@id":"https:\/\/www.apfelpatient.de\/rumors\/2018-iphones-vorbestellungen-ab-dem-14-september-moeglich","url":"https:\/\/www.apfelpatient.de\/rumors\/2018-iphones-vorbestellungen-ab-dem-14-september-moeglich","name":"2018 iPhones: Pre-orders available from September 14th Apfelpatient","isPartOf":{"@id":"https:\/\/www.apfelpatient.de\/#website"},"primaryImageOfPage":{"@id":"https:\/\/www.apfelpatient.de\/rumors\/2018-iphones-vorbestellungen-ab-dem-14-september-moeglich#primaryimage"},"image":{"@id":"https:\/\/www.apfelpatient.de\/rumors\/2018-iphones-vorbestellungen-ab-dem-14-september-moeglich#primaryimage"},"thumbnailUrl":"https:\/\/www.apfelpatient.de\/wp-content\/uploads\/2018\/08\/iPhone8Plus_color_selection.jpg","datePublished":"2018-08-21T10:03:22+00:00","description":"After numerous rumors about the devices, speculations now follow about the presentation and the launch of the devices. September 12th","breadcrumb":{"@id":"https:\/\/www.apfelpatient.de\/rumors\/2018-iphones-vorbestellungen-ab-dem-14-september-moeglich#breadcrumb"},"inLanguage":"en-US","potentialAction":[{"@type":"ReadAction","target":["https:\/\/www.apfelpatient.de\/rumors\/2018-iphones-vorbestellungen-ab-dem-14-september-moeglich"]}]},{"@type":"ImageObject","inLanguage":"en-US","@id":"https:\/\/www.apfelpatient.de\/rumors\/2018-iphones-vorbestellungen-ab-dem-14-september-moeglich#primaryimage","url":"https:\/\/www.apfelpatient.de\/wp-content\/uploads\/2018\/08\/iPhone8Plus_color_selection.jpg","contentUrl":"https:\/\/www.apfelpatient.de\/wp-content\/uploads\/2018\/08\/iPhone8Plus_color_selection.jpg","width":1142,"height":1374,"caption":"Bild: Apple"},{"@type":"BreadcrumbList","@id":"https:\/\/www.apfelpatient.de\/rumors\/2018-iphones-vorbestellungen-ab-dem-14-september-moeglich#breadcrumb","itemListElement":[{"@type":"ListItem","position":1,"name":"Startseite","item":"https:\/\/www.apfelpatient.de\/"},{"@type":"ListItem","position":2,"name":"2018 iPhones: Vorbestellungen ab dem 14. September m\u00f6glich"}]},{"@type":"WebSite","@id":"https:\/\/www.apfelpatient.de\/#website","url":"https:\/\/www.apfelpatient.de\/","name":"apple patient","description":"Everything about Apple!","publisher":{"@type":"Organization","@id":"https:\/\/www.apfelpatient.de\/en\/#organization","name":"Apfelpatient","url":"https:\/\/www.apfelpatient.de\/en\/"},"alternateName":"Apfelpatient","potentialAction":[{"@type":"SearchAction","target":{"@type":"EntryPoint","urlTemplate":"https:\/\/www.apfelpatient.de\/?s={search_term_string}"},"query-input":{"@type":"PropertyValueSpecification","valueRequired":true,"valueName":"search_term_string"}}],"inLanguage":"en-US"},{"@type":["Person","Organization"],"@id":"https:\/\/www.apfelpatient.de\/#\/schema\/person\/7dc56ad6c8e9824b76d2c08d4c140e13","name":"Milan","logo":{"@id":"https:\/\/www.apfelpatient.de\/#\/schema\/person\/image\/"},"description":"Hello and welcome to my technology blog! As a big Apple fan, I report on everything to do with Apple: from the latest news and exciting rumors to helpful tips and tricks and detailed product tests. If you are as enthusiastic about technology as I am, you have come to the right place!","sameAs":["https:\/\/www.facebook.com\/apfelpatientOfficial","https:\/\/www.linkedin.com\/in\/milan-jovicic-42aa0231b"],"url":"https:\/\/www.apfelpatient.de\/en\/author\/apfeladmin"}]}},"_links":{"self":[{"href":"https:\/\/www.apfelpatient.de\/en\/wp-json\/wp\/v2\/posts\/1665","targetHints":{"allow":["GET"]}}],"collection":[{"href":"https:\/\/www.apfelpatient.de\/en\/wp-json\/wp\/v2\/posts"}],"about":[{"href":"https:\/\/www.apfelpatient.de\/en\/wp-json\/wp\/v2\/types\/post"}],"author":[{"embeddable":true,"href":"https:\/\/www.apfelpatient.de\/en\/wp-json\/wp\/v2\/users\/2"}],"replies":[{"embeddable":true,"href":"https:\/\/www.apfelpatient.de\/en\/wp-json\/wp\/v2\/comments?post=1665"}],"version-history":[{"count":0,"href":"https:\/\/www.apfelpatient.de\/en\/wp-json\/wp\/v2\/posts\/1665\/revisions"}],"wp:featuredmedia":[{"embeddable":true,"href":"https:\/\/www.apfelpatient.de\/en\/wp-json\/wp\/v2\/media\/1611"}],"wp:attachment":[{"href":"https:\/\/www.apfelpatient.de\/en\/wp-json\/wp\/v2\/media?parent=1665"}],"wp:term":[{"taxonomy":"category","embeddable":true,"href":"https:\/\/www.apfelpatient.de\/en\/wp-json\/wp\/v2\/categories?post=1665"},{"taxonomy":"post_tag","embeddable":true,"href":"https:\/\/www.apfelpatient.de\/en\/wp-json\/wp\/v2\/tags?post=1665"}],"curies":[{"name":"wp","href":"https:\/\/api.w.org\/{rel}","templated":true}]}}