{"id":16567,"date":"2020-10-26T17:57:12","date_gmt":"2020-10-26T16:57:12","guid":{"rendered":"https:\/\/www.apfelpatient.de\/?p=16567"},"modified":"2020-10-26T17:57:13","modified_gmt":"2020-10-26T16:57:13","slug":"macbook-pro-16-2020-references-discovered-in-boot-camp-update","status":"publish","type":"post","link":"https:\/\/www.apfelpatient.de\/en\/news\/macbook-pro-16-2020-referenzen-in-boot-camp-update-entdeckt","title":{"rendered":"MacBook Pro 16\u2033 2020: References discovered in Boot Camp update"},"content":{"rendered":"<p class=\"has-drop-cap\"><strong>Last week, Apple released an update for Boot Camp (the utility for running Windows on a Mac) and references to the MacBook Pro 16\u2033 2020 were discovered.<\/strong><\/p>\n\n\n\n<p>Actually, the latest Boot Camp update was rather unremarkable and not particularly worth mentioning. But a look at the update description makes you sit up and take notice. Among other things, the MacBook Pro 16\u2033 2020 is mentioned. But the model doesn\u2019t actually exist. The current 16-inch device was released at the end of 2019. Of course, the version note could just be a typo. But there is another explanation. Apple released a new high-end graphics option for the MacBook Pro 16\u2033 model in June 2020. The company may now refer to the device as 2020 <a href=\"https:\/\/www.apple.com\/de\/macbook-pro-16\/\" target=\"_blank\" rel=\"noreferrer noopener\">Model<\/a>If this is the case, then it must be an internal designation, as the official product page still says 2019. Apple&#039;s release notes for Boot Camp version 6.1.13 are as follows:<\/p>\n\n\n\n<h3 class=\"wp-block-heading\" id=\"h-macbook-apple-silicon-einf-hrung-im-november-erwartet\">MacBook: Apple Silicon launch expected in November<\/h3>\n\n\n\n\n\n\n\n<blockquote class=\"wp-block-quote is-layout-flow wp-block-quote-is-layout-flow\"><p>The Boot Camp 6.1.13 update improves your Mac&#039;s compatibility when running Windows through Boot Camp.<\/p><p><strong>This update:<\/strong><\/p><p>\u2013 Improves audio recording quality when using the built-in microphone<\/p><p>\u2013 Fixes a stability issue that could occur under high CPU load on 16-inch MacBook Pro (2019 and 2020) and 13-inch MacBook Pro (2020)<\/p><\/blockquote>\n\n\n\n<figure class=\"wp-block-image size-large\"><img decoding=\"async\" src=\"https:\/\/www.apfelpatient.de\/wp-content\/uploads\/2020\/10\/Apple_16-inch-MacBook-Pro_Battery_111319.gif\" alt=\"\"\/><figcaption>GIF: Apple<\/figcaption><\/figure>\n\n\n\n<p>Introduced in November 2019, the 16-inch MacBook Pro features slimmer bezels, a Magic Keyboard with a more reliable scissor mechanism, 9th generation Intel Core processors, up to 64 GB of RAM, up to 8 TB of SSD storage, AMD Radeon Pro 5000M graphics cards, and improved speakers and microphones. The device starts at \u20ac2,630.95. Depending on the configuration, it can cost up to \u20ac7,868.55. Rumor has it that Apple is planning to hold another event on November 17th. The first Apple Silicon Mac is to be presented there. However, a small 12-inch MacBook is expected. An update to the Pro series is not expected before 2021. So it remains to be seen whether Apple will actually surprise us. But it is not very likely. <em>(Image: Apple)<\/em><\/p>\n\n\n\n<ul class=\"wp-block-list\"><li><a href=\"https:\/\/www.apfelpatient.de\/en\/rumors\/apple-event-november-and-march-dates-are-set\">Apple Event: November and March dates set<\/a><\/li><\/ul>\n\n\n\n<h6 class=\"wp-block-heading translation-block\" id=\"h-kennt-ihr-schon-unsere-amazon-storefront-dort-findet-ihr-eine-handverlesene-auswahl-von-diversen-produkten-f-r-euer-iphone-und-co-viel-spa-beim-st-bern\"><em>Have you already visited our Amazon Storefront? There you&#039;ll find a hand-picked selection of various products for your iPhone and other devices \u2013 <span class=\"has-inline-color has-vivid-red-color\"><a href=\"https:\/\/www.amazon.de\/shop\/apfelpatientofficial\" class=\"ek-link\" data-wpel-link=\"exclude\" rel=\"follow noopener\" target=\"_self\"><span style=\"text-decoration: underline\" class=\"ek-underline\">enjoy browsing<\/span><\/a> !<\/span><\/em><\/h6>\n\n\n\n\n\n<h6 class=\"wp-block-heading translation-block\" id=\"h-der-beitrag-enthalt-partnerlinks\">This post contains <a data-type=\"URL\" data-id=\"https:\/\/www.apfelpatient.de\/partnerprogramm\" href=\"https:\/\/www.apfelpatient.de\/en\/partner-program\" data-wpel-link=\"internal\" target=\"_self\">affiliate links<\/a>.<\/h6>","protected":false},"excerpt":{"rendered":"<p>Last week, Apple released an update for Boot Camp, and references to the 2020 16-inch MacBook Pro were discovered.<\/p>","protected":false},"author":2,"featured_media":16569,"comment_status":"closed","ping_status":"closed","sticky":false,"template":"","format":"standard","meta":{"jnews-multi-image_gallery":[],"jnews_single_post":{"subtitle":"","format":"standard","video":"","gallery":"","source_name":"","source_url":"","via_name":"","via_url":"","override":[{"single_blog_custom":"","sidebar":"","second_sidebar":"","share_position":"","share_float_style":"","post_date_format":"","post_date_format_custom":"","post_reading_time_wpm":"","zoom_button_out_step":"1","zoom_button_in_step":"1","number_popup_post":"1"}],"image_override":[{"single_post_thumbnail_size":"","single_post_gallery_size":""}],"trending_post_position":"","trending_post_label":"","sponsored_post_label":"","sponsored_post_name":"","sponsored_post_url":"","sponsored_post_logo":"","sponsored_post_desc":""},"jnews_primary_category":{"id":"News"},"footnotes":""},"categories":[9],"tags":[40,50],"class_list":["post-16567","post","type-post","status-publish","format-standard","has-post-thumbnail","hentry","category-news","tag-mac","tag-macbook-pro"],"yoast_head":"<!-- This site is optimized with the Yoast SEO Premium plugin v27.5 (Yoast SEO v27.5) - https:\/\/yoast.com\/product\/yoast-seo-premium-wordpress\/ -->\n<title>MacBook Pro 16&quot; 2020: Referenzen in Boot Camp Update entdeckt<\/title>\n<meta name=\"description\" content=\"Letzte Woche hat Apple ein Update f\u00fcr das Boot Camp ver\u00f6ffentlicht. Dabei wurden Referenzen zum MacBook Pro 16&quot; 2020 entdeckt.\" \/>\n<meta name=\"robots\" content=\"index, follow, max-snippet:-1, max-image-preview:large, max-video-preview:-1\" \/>\n<link rel=\"canonical\" href=\"https:\/\/www.apfelpatient.de\/en\/news\/macbook-pro-16-2020-references-discovered-in-boot-camp-update\" \/>\n<meta property=\"og:locale\" content=\"en_US\" \/>\n<meta property=\"og:type\" content=\"article\" \/>\n<meta property=\"og:title\" content=\"MacBook Pro 16&quot; 2020: Referenzen in Boot Camp Update entdeckt\" \/>\n<meta property=\"og:description\" content=\"Letzte Woche hat Apple ein Update f\u00fcr das Boot Camp ver\u00f6ffentlicht. Dabei wurden Referenzen zum MacBook Pro 16&quot; 2020 entdeckt.\" \/>\n<meta property=\"og:url\" content=\"https:\/\/www.apfelpatient.de\/en\/news\/macbook-pro-16-2020-references-discovered-in-boot-camp-update\" \/>\n<meta property=\"og:site_name\" content=\"Apfelpatient\" \/>\n<meta property=\"article:publisher\" content=\"https:\/\/www.facebook.com\/apfelpatientOfficial\" \/>\n<meta property=\"article:author\" content=\"https:\/\/www.facebook.com\/apfelpatientOfficial\" \/>\n<meta property=\"article:published_time\" content=\"2020-10-26T16:57:12+00:00\" \/>\n<meta property=\"article:modified_time\" content=\"2020-10-26T16:57:13+00:00\" \/>\n<meta property=\"og:image\" content=\"https:\/\/www.apfelpatient.de\/wp-content\/uploads\/2020\/10\/Apple_16-inch-MacBook-Pro_111319.jpg\" \/>\n\t<meta property=\"og:image:width\" content=\"1632\" \/>\n\t<meta property=\"og:image:height\" content=\"1180\" \/>\n\t<meta property=\"og:image:type\" content=\"image\/jpeg\" \/>\n<meta name=\"author\" content=\"Milan\" \/>\n<meta name=\"twitter:card\" content=\"summary_large_image\" \/>\n<meta name=\"twitter:description\" content=\"Letzte Woche hat Apple ein Update f\u00fcr das Boot Camp ver\u00f6ffentlicht. Dabei wurden Referenzen zum MacBook Pro 16&quot; 2020 entdeckt.\" \/>\n<meta name=\"twitter:label1\" content=\"Written by\" \/>\n\t<meta name=\"twitter:data1\" content=\"Milan\" \/>\n\t<meta name=\"twitter:label2\" content=\"Est. reading time\" \/>\n\t<meta name=\"twitter:data2\" content=\"2 minutes\" \/>\n<script type=\"application\/ld+json\" class=\"yoast-schema-graph\">{\"@context\":\"https:\\\/\\\/schema.org\",\"@graph\":[{\"@type\":\"NewsArticle\",\"@id\":\"https:\\\/\\\/www.apfelpatient.de\\\/news\\\/macbook-pro-16-2020-referenzen-in-boot-camp-update-entdeckt#article\",\"isPartOf\":{\"@id\":\"https:\\\/\\\/www.apfelpatient.de\\\/news\\\/macbook-pro-16-2020-referenzen-in-boot-camp-update-entdeckt\"},\"author\":{\"@type\":\"Organization\",\"@id\":\"https:\\\/\\\/www.apfelpatient.de\\\/en\\\/#organization\",\"name\":\"Apfelpatient\",\"url\":\"https:\\\/\\\/www.apfelpatient.de\\\/en\\\/\"},\"headline\":\"MacBook Pro 16&#8243; 2020: Referenzen in Boot Camp Update entdeckt\",\"datePublished\":\"2020-10-26T16:57:12+00:00\",\"dateModified\":\"2020-10-26T16:57:13+00:00\",\"mainEntityOfPage\":{\"@id\":\"https:\\\/\\\/www.apfelpatient.de\\\/news\\\/macbook-pro-16-2020-referenzen-in-boot-camp-update-entdeckt\"},\"wordCount\":356,\"publisher\":{\"@type\":\"Organization\",\"@id\":\"https:\\\/\\\/www.apfelpatient.de\\\/en\\\/#organization\",\"name\":\"Apfelpatient\",\"url\":\"https:\\\/\\\/www.apfelpatient.de\\\/en\\\/\"},\"image\":{\"@id\":\"https:\\\/\\\/www.apfelpatient.de\\\/news\\\/macbook-pro-16-2020-referenzen-in-boot-camp-update-entdeckt#primaryimage\"},\"thumbnailUrl\":\"https:\\\/\\\/www.apfelpatient.de\\\/wp-content\\\/uploads\\\/2020\\\/10\\\/Apple_16-inch-MacBook-Pro_111319.jpg\",\"keywords\":[\"Mac\",\"MacBook Pro\"],\"articleSection\":\"News\",\"inLanguage\":\"en-US\",\"copyrightYear\":\"2020\",\"copyrightHolder\":{\"@id\":\"https:\\\/\\\/www.apfelpatient.de\\\/en\\\/#organization\"}},{\"@type\":\"WebPage\",\"@id\":\"https:\\\/\\\/www.apfelpatient.de\\\/news\\\/macbook-pro-16-2020-referenzen-in-boot-camp-update-entdeckt\",\"url\":\"https:\\\/\\\/www.apfelpatient.de\\\/news\\\/macbook-pro-16-2020-referenzen-in-boot-camp-update-entdeckt\",\"name\":\"MacBook Pro 16\\\" 2020: Referenzen in Boot Camp Update entdeckt\",\"isPartOf\":{\"@id\":\"https:\\\/\\\/www.apfelpatient.de\\\/#website\"},\"primaryImageOfPage\":{\"@id\":\"https:\\\/\\\/www.apfelpatient.de\\\/news\\\/macbook-pro-16-2020-referenzen-in-boot-camp-update-entdeckt#primaryimage\"},\"image\":{\"@id\":\"https:\\\/\\\/www.apfelpatient.de\\\/news\\\/macbook-pro-16-2020-referenzen-in-boot-camp-update-entdeckt#primaryimage\"},\"thumbnailUrl\":\"https:\\\/\\\/www.apfelpatient.de\\\/wp-content\\\/uploads\\\/2020\\\/10\\\/Apple_16-inch-MacBook-Pro_111319.jpg\",\"datePublished\":\"2020-10-26T16:57:12+00:00\",\"dateModified\":\"2020-10-26T16:57:13+00:00\",\"description\":\"Letzte Woche hat Apple ein Update f\u00fcr das Boot Camp ver\u00f6ffentlicht. Dabei wurden Referenzen zum MacBook Pro 16\\\" 2020 entdeckt.\",\"breadcrumb\":{\"@id\":\"https:\\\/\\\/www.apfelpatient.de\\\/news\\\/macbook-pro-16-2020-referenzen-in-boot-camp-update-entdeckt#breadcrumb\"},\"inLanguage\":\"en-US\",\"potentialAction\":[{\"@type\":\"ReadAction\",\"target\":[\"https:\\\/\\\/www.apfelpatient.de\\\/news\\\/macbook-pro-16-2020-referenzen-in-boot-camp-update-entdeckt\"]}]},{\"@type\":\"ImageObject\",\"inLanguage\":\"en-US\",\"@id\":\"https:\\\/\\\/www.apfelpatient.de\\\/news\\\/macbook-pro-16-2020-referenzen-in-boot-camp-update-entdeckt#primaryimage\",\"url\":\"https:\\\/\\\/www.apfelpatient.de\\\/wp-content\\\/uploads\\\/2020\\\/10\\\/Apple_16-inch-MacBook-Pro_111319.jpg\",\"contentUrl\":\"https:\\\/\\\/www.apfelpatient.de\\\/wp-content\\\/uploads\\\/2020\\\/10\\\/Apple_16-inch-MacBook-Pro_111319.jpg\",\"width\":1632,\"height\":1180,\"caption\":\"Bild: Apple\"},{\"@type\":\"BreadcrumbList\",\"@id\":\"https:\\\/\\\/www.apfelpatient.de\\\/news\\\/macbook-pro-16-2020-referenzen-in-boot-camp-update-entdeckt#breadcrumb\",\"itemListElement\":[{\"@type\":\"ListItem\",\"position\":1,\"name\":\"Startseite\",\"item\":\"https:\\\/\\\/www.apfelpatient.de\\\/\"},{\"@type\":\"ListItem\",\"position\":2,\"name\":\"MacBook Pro 16&#8243; 2020: Referenzen in Boot Camp Update entdeckt\"}]},{\"@type\":\"WebSite\",\"@id\":\"https:\\\/\\\/www.apfelpatient.de\\\/#website\",\"url\":\"https:\\\/\\\/www.apfelpatient.de\\\/\",\"name\":\"Apfelpatient\",\"description\":\"Alles rund um Apple!\",\"publisher\":{\"@type\":\"Organization\",\"@id\":\"https:\\\/\\\/www.apfelpatient.de\\\/en\\\/#organization\",\"name\":\"Apfelpatient\",\"url\":\"https:\\\/\\\/www.apfelpatient.de\\\/en\\\/\"},\"alternateName\":\"Apfelpatient\",\"potentialAction\":[{\"@type\":\"SearchAction\",\"target\":{\"@type\":\"EntryPoint\",\"urlTemplate\":\"https:\\\/\\\/www.apfelpatient.de\\\/?s={search_term_string}\"},\"query-input\":{\"@type\":\"PropertyValueSpecification\",\"valueRequired\":true,\"valueName\":\"search_term_string\"}}],\"inLanguage\":\"en-US\"},{\"@type\":[\"Person\",\"Organization\"],\"@id\":\"https:\\\/\\\/www.apfelpatient.de\\\/#\\\/schema\\\/person\\\/7dc56ad6c8e9824b76d2c08d4c140e13\",\"name\":\"Milan\",\"logo\":{\"@id\":\"https:\\\/\\\/www.apfelpatient.de\\\/#\\\/schema\\\/person\\\/image\\\/\"},\"description\":\"Hallo und herzlich willkommen auf meinem Technik-Blog! Als gro\u00dfer Apple-Fan berichte ich hier \u00fcber alles, was mit Apple zu tun hat: von den neuesten News und spannenden Ger\u00fcchten \u00fcber hilfreiche Tipps und Tricks bis hin zu ausf\u00fchrlichen Produkttests. Wenn du genauso technikbegeistert bist wie ich, bist du hier genau richtig!\",\"sameAs\":[\"https:\\\/\\\/www.facebook.com\\\/apfelpatientOfficial\",\"https:\\\/\\\/www.linkedin.com\\\/in\\\/milan-jovicic-42aa0231b\"],\"url\":\"https:\\\/\\\/www.apfelpatient.de\\\/en\\\/author\\\/apfeladmin\"}]}<\/script>\n<!-- \/ Yoast SEO Premium plugin. -->","yoast_head_json":{"title":"MacBook Pro 16&quot; 2020: References discovered in Boot Camp update","description":"Last week, Apple released an update for Boot Camp. References to the MacBook Pro 16&quot; 2020 were discovered.","robots":{"index":"index","follow":"follow","max-snippet":"max-snippet:-1","max-image-preview":"max-image-preview:large","max-video-preview":"max-video-preview:-1"},"canonical":"https:\/\/www.apfelpatient.de\/en\/news\/macbook-pro-16-2020-references-discovered-in-boot-camp-update","og_locale":"en_US","og_type":"article","og_title":"MacBook Pro 16\" 2020: Referenzen in Boot Camp Update entdeckt","og_description":"Letzte Woche hat Apple ein Update f\u00fcr das Boot Camp ver\u00f6ffentlicht. Dabei wurden Referenzen zum MacBook Pro 16\" 2020 entdeckt.","og_url":"https:\/\/www.apfelpatient.de\/en\/news\/macbook-pro-16-2020-references-discovered-in-boot-camp-update","og_site_name":"Apfelpatient","article_publisher":"https:\/\/www.facebook.com\/apfelpatientOfficial","article_author":"https:\/\/www.facebook.com\/apfelpatientOfficial","article_published_time":"2020-10-26T16:57:12+00:00","article_modified_time":"2020-10-26T16:57:13+00:00","og_image":[{"width":1632,"height":1180,"url":"https:\/\/www.apfelpatient.de\/wp-content\/uploads\/2020\/10\/Apple_16-inch-MacBook-Pro_111319.jpg","type":"image\/jpeg"}],"author":"Milan","twitter_card":"summary_large_image","twitter_description":"Letzte Woche hat Apple ein Update f\u00fcr das Boot Camp ver\u00f6ffentlicht. Dabei wurden Referenzen zum MacBook Pro 16\" 2020 entdeckt.","twitter_misc":{"Written by":"Milan","Est. reading time":"2 minutes"},"schema":{"@context":"https:\/\/schema.org","@graph":[{"@type":"NewsArticle","@id":"https:\/\/www.apfelpatient.de\/news\/macbook-pro-16-2020-referenzen-in-boot-camp-update-entdeckt#article","isPartOf":{"@id":"https:\/\/www.apfelpatient.de\/news\/macbook-pro-16-2020-referenzen-in-boot-camp-update-entdeckt"},"author":{"@type":"Organization","@id":"https:\/\/www.apfelpatient.de\/en\/#organization","name":"Apfelpatient","url":"https:\/\/www.apfelpatient.de\/en\/"},"headline":"MacBook Pro 16&#8243; 2020: Referenzen in Boot Camp Update entdeckt","datePublished":"2020-10-26T16:57:12+00:00","dateModified":"2020-10-26T16:57:13+00:00","mainEntityOfPage":{"@id":"https:\/\/www.apfelpatient.de\/news\/macbook-pro-16-2020-referenzen-in-boot-camp-update-entdeckt"},"wordCount":356,"publisher":{"@type":"Organization","@id":"https:\/\/www.apfelpatient.de\/en\/#organization","name":"Apfelpatient","url":"https:\/\/www.apfelpatient.de\/en\/"},"image":{"@id":"https:\/\/www.apfelpatient.de\/news\/macbook-pro-16-2020-referenzen-in-boot-camp-update-entdeckt#primaryimage"},"thumbnailUrl":"https:\/\/www.apfelpatient.de\/wp-content\/uploads\/2020\/10\/Apple_16-inch-MacBook-Pro_111319.jpg","keywords":["Mac","MacBook Pro"],"articleSection":"News","inLanguage":"en-US","copyrightYear":"2020","copyrightHolder":{"@id":"https:\/\/www.apfelpatient.de\/en\/#organization"}},{"@type":"WebPage","@id":"https:\/\/www.apfelpatient.de\/news\/macbook-pro-16-2020-referenzen-in-boot-camp-update-entdeckt","url":"https:\/\/www.apfelpatient.de\/news\/macbook-pro-16-2020-referenzen-in-boot-camp-update-entdeckt","name":"MacBook Pro 16&quot; 2020: References discovered in Boot Camp update","isPartOf":{"@id":"https:\/\/www.apfelpatient.de\/#website"},"primaryImageOfPage":{"@id":"https:\/\/www.apfelpatient.de\/news\/macbook-pro-16-2020-referenzen-in-boot-camp-update-entdeckt#primaryimage"},"image":{"@id":"https:\/\/www.apfelpatient.de\/news\/macbook-pro-16-2020-referenzen-in-boot-camp-update-entdeckt#primaryimage"},"thumbnailUrl":"https:\/\/www.apfelpatient.de\/wp-content\/uploads\/2020\/10\/Apple_16-inch-MacBook-Pro_111319.jpg","datePublished":"2020-10-26T16:57:12+00:00","dateModified":"2020-10-26T16:57:13+00:00","description":"Last week, Apple released an update for Boot Camp. References to the MacBook Pro 16&quot; 2020 were discovered.","breadcrumb":{"@id":"https:\/\/www.apfelpatient.de\/news\/macbook-pro-16-2020-referenzen-in-boot-camp-update-entdeckt#breadcrumb"},"inLanguage":"en-US","potentialAction":[{"@type":"ReadAction","target":["https:\/\/www.apfelpatient.de\/news\/macbook-pro-16-2020-referenzen-in-boot-camp-update-entdeckt"]}]},{"@type":"ImageObject","inLanguage":"en-US","@id":"https:\/\/www.apfelpatient.de\/news\/macbook-pro-16-2020-referenzen-in-boot-camp-update-entdeckt#primaryimage","url":"https:\/\/www.apfelpatient.de\/wp-content\/uploads\/2020\/10\/Apple_16-inch-MacBook-Pro_111319.jpg","contentUrl":"https:\/\/www.apfelpatient.de\/wp-content\/uploads\/2020\/10\/Apple_16-inch-MacBook-Pro_111319.jpg","width":1632,"height":1180,"caption":"Bild: Apple"},{"@type":"BreadcrumbList","@id":"https:\/\/www.apfelpatient.de\/news\/macbook-pro-16-2020-referenzen-in-boot-camp-update-entdeckt#breadcrumb","itemListElement":[{"@type":"ListItem","position":1,"name":"Startseite","item":"https:\/\/www.apfelpatient.de\/"},{"@type":"ListItem","position":2,"name":"MacBook Pro 16&#8243; 2020: Referenzen in Boot Camp Update entdeckt"}]},{"@type":"WebSite","@id":"https:\/\/www.apfelpatient.de\/#website","url":"https:\/\/www.apfelpatient.de\/","name":"apple patient","description":"Everything about Apple!","publisher":{"@type":"Organization","@id":"https:\/\/www.apfelpatient.de\/en\/#organization","name":"Apfelpatient","url":"https:\/\/www.apfelpatient.de\/en\/"},"alternateName":"Apfelpatient","potentialAction":[{"@type":"SearchAction","target":{"@type":"EntryPoint","urlTemplate":"https:\/\/www.apfelpatient.de\/?s={search_term_string}"},"query-input":{"@type":"PropertyValueSpecification","valueRequired":true,"valueName":"search_term_string"}}],"inLanguage":"en-US"},{"@type":["Person","Organization"],"@id":"https:\/\/www.apfelpatient.de\/#\/schema\/person\/7dc56ad6c8e9824b76d2c08d4c140e13","name":"Milan","logo":{"@id":"https:\/\/www.apfelpatient.de\/#\/schema\/person\/image\/"},"description":"Hello and welcome to my technology blog! As a big Apple fan, I report on everything to do with Apple: from the latest news and exciting rumors to helpful tips and tricks and detailed product tests. If you are as enthusiastic about technology as I am, you have come to the right place!","sameAs":["https:\/\/www.facebook.com\/apfelpatientOfficial","https:\/\/www.linkedin.com\/in\/milan-jovicic-42aa0231b"],"url":"https:\/\/www.apfelpatient.de\/en\/author\/apfeladmin"}]}},"_links":{"self":[{"href":"https:\/\/www.apfelpatient.de\/en\/wp-json\/wp\/v2\/posts\/16567","targetHints":{"allow":["GET"]}}],"collection":[{"href":"https:\/\/www.apfelpatient.de\/en\/wp-json\/wp\/v2\/posts"}],"about":[{"href":"https:\/\/www.apfelpatient.de\/en\/wp-json\/wp\/v2\/types\/post"}],"author":[{"embeddable":true,"href":"https:\/\/www.apfelpatient.de\/en\/wp-json\/wp\/v2\/users\/2"}],"replies":[{"embeddable":true,"href":"https:\/\/www.apfelpatient.de\/en\/wp-json\/wp\/v2\/comments?post=16567"}],"version-history":[{"count":0,"href":"https:\/\/www.apfelpatient.de\/en\/wp-json\/wp\/v2\/posts\/16567\/revisions"}],"wp:featuredmedia":[{"embeddable":true,"href":"https:\/\/www.apfelpatient.de\/en\/wp-json\/wp\/v2\/media\/16569"}],"wp:attachment":[{"href":"https:\/\/www.apfelpatient.de\/en\/wp-json\/wp\/v2\/media?parent=16567"}],"wp:term":[{"taxonomy":"category","embeddable":true,"href":"https:\/\/www.apfelpatient.de\/en\/wp-json\/wp\/v2\/categories?post=16567"},{"taxonomy":"post_tag","embeddable":true,"href":"https:\/\/www.apfelpatient.de\/en\/wp-json\/wp\/v2\/tags?post=16567"}],"curies":[{"name":"wp","href":"https:\/\/api.w.org\/{rel}","templated":true}]}}