{"id":16473,"date":"2020-10-23T09:13:02","date_gmt":"2020-10-23T07:13:02","guid":{"rendered":"https:\/\/www.apfelpatient.de\/?p=16473"},"modified":"2020-12-07T18:23:15","modified_gmt":"2020-12-07T17:23:15","slug":"launch-of-iphone-12-iphone-12-pro-ipad-air-4","status":"publish","type":"post","link":"https:\/\/www.apfelpatient.de\/en\/news\/startschuss-fuer-iphone-12-iphone-12-pro-ipad-air-4","title":{"rendered":"Launch of iPhone 12, iPhone 12 Pro &amp; iPad Air 4"},"content":{"rendered":"<p class=\"has-drop-cap\"><strong>The iPhone 12 + 12 Pro and iPad Air 4 are now available worldwide. Those who pre-ordered in time can look forward to receiving the new devices today.<\/strong><\/p>\n\n\n\n<p>This year, Apple held the iPhone keynote a little later than usual. The reason for this is the global COVID-19 pandemic. Due to delays in development and manufacturing, the company has to release the four new iPhone 12 models in two phases. While the iPhone 12 and iPhone 12 Pro are available today, the mini and Max models can be pre-ordered on November 6th. The launch will take place on November 13th. The devices have several things in common - one of them is the brand new design. Apple&#039;s new smartphone range now has an iPad Pro-like look. While the iPhone 12 mini and iPhone 12 appear with aluminum frames, the iPhone 12 Pro and iPhone 12 Pro Max devices have a stainless steel component.&nbsp;<\/p>\n\n\n\n<h3 class=\"wp-block-heading\" id=\"h-iphone-12-alle-einzelheiten-im-berblick\">iPhone 12: All the details at a glance<\/h3>\n\n\n\n<p>According to Apple, all four devices have a new, more robust display with OLED technology - it goes by the name &quot;Super Retina XDR&quot;. The company has not only improved the display but also strengthened the glass from which it is made. In addition, all models support the new 5G standard. The heart of the new smartphone generation from Cupertino is the brand new A14 Bionic processor. The most important details can be found below.<\/p>\n\n\n\n<figure class=\"wp-block-image size-large\"><img decoding=\"async\" width=\"1024\" height=\"948\" src=\"https:\/\/www.apfelpatient.de\/wp-content\/uploads\/2020\/10\/apple_iphone-12_new-design_10132020-1024x948.jpg\" alt=\"iPhone 12\" class=\"wp-image-16178\" srcset=\"https:\/\/www.apfelpatient.de\/wp-content\/uploads\/2020\/10\/apple_iphone-12_new-design_10132020-1024x948.jpg 1024w, https:\/\/www.apfelpatient.de\/wp-content\/uploads\/2020\/10\/apple_iphone-12_new-design_10132020-300x278.jpg 300w, https:\/\/www.apfelpatient.de\/wp-content\/uploads\/2020\/10\/apple_iphone-12_new-design_10132020-768x711.jpg 768w, https:\/\/www.apfelpatient.de\/wp-content\/uploads\/2020\/10\/apple_iphone-12_new-design_10132020-1536x1422.jpg 1536w, https:\/\/www.apfelpatient.de\/wp-content\/uploads\/2020\/10\/apple_iphone-12_new-design_10132020-750x694.jpg 750w, https:\/\/www.apfelpatient.de\/wp-content\/uploads\/2020\/10\/apple_iphone-12_new-design_10132020-1140x1055.jpg 1140w, https:\/\/www.apfelpatient.de\/wp-content\/uploads\/2020\/10\/apple_iphone-12_new-design_10132020.jpg 1960w\" sizes=\"(max-width: 1024px) 100vw, 1024px\" \/><figcaption>Image: Apple<\/figcaption><\/figure>\n\n\n\n<h3 class=\"wp-block-heading\" id=\"h-5-4-zoll-iphone-12-mini\">5.4-inch iPhone 12 Mini<\/h3>\n\n\n\n<ul class=\"wp-block-list\"><li>Price: from 778.85 euros<\/li><li>Camera: Dual camera (f\/1.6)<\/li><li>Storage: 64 GB\/128 GB\/256 GB<\/li><li>Colors: Black, White, Red, Blue, Green<\/li><li>Pre-orders from: November 6th<\/li><li>Sales start: November 13th<\/li><\/ul>\n\n\n\n<h3 class=\"wp-block-heading\" id=\"h-6-1-zoll-iphone-12\">6.1-inch iPhone 12<\/h3>\n\n\n\n<ul class=\"wp-block-list\"><li>Price: from 876.30 euros<\/li><li>Camera: Dual camera (f\/1.6)<\/li><li>Storage: 64 GB\/128 GB\/256 GB<\/li><li>Colors: Black, White, Red, Blue, Green<\/li><li>Pre-orders from: October 16th<\/li><li>Sales start: October 23rd<\/li><\/ul>\n\n\n\n<h3 class=\"wp-block-heading\" id=\"h-6-1-zoll-iphone-12-pro\">6.1-inch iPhone 12 Pro<\/h3>\n\n\n\n<ul class=\"wp-block-list\"><li>Price: from 1,120 euros<\/li><li>Camera: Triple lens (LiDAR + wide angle with 7P lens, f\/1.6, 52 mm focal length telephoto, 4x optical zoom)<\/li><li>Storage: 128GB\/256GB\/512GB<\/li><li>Colors: Gold, Silver, Graphite, Pacific Blue<\/li><li>Pre-orders from: October 16th<\/li><li>Sales start: October 23rd<\/li><\/ul>\n\n\n\n<h3 class=\"wp-block-heading\" id=\"h-6-7-zoll-iphone-12-pro-max\">6.7-inch iPhone 12 Pro Max<\/h3>\n\n\n\n<ul class=\"wp-block-list\"><li>Price: 1,217.50 euros<\/li><li>Camera: Triple lens (LiDAR + wide angle with 7P lens, f\/1.6, 52 mm focal length telephoto, 5x optical zoom)<\/li><li>Storage: 128GB\/256GB\/512GB<\/li><li>Colors: Gold, Silver, Graphite, Pacific Blue<\/li><li>Pre-orders from: November 6th<\/li><li>Sales start: November 13th<\/li><\/ul>\n\n\n\n<h3 class=\"wp-block-heading\" id=\"h-ipad-air-4-ein-lohnenswertes-update\">iPad Air 4 \u2013 A worthwhile update<\/h3>\n\n\n\n\n\n\n\n<p>The iPad Air 4, introduced in September, is also available today. The device has a completely new design - modeled on the iPad Pro - and offers a high-resolution 10.9-inch display. As has often been speculated, the Touch ID sensor has been housed in the standby button. The new iPad Air has a &quot;huge leap in performance&quot; thanks to the latest A14 Bionic processor. The CPU is 40% faster, GPU performance has been improved by 30%, and machine learning performance has also increased thanks to a new neural engine. It also has True Tone and an anti-reflective coating as well as USB-C. The speaker system has also been revised as part of the update.<\/p>\n\n\n\n<figure class=\"wp-block-image size-large\"><img decoding=\"async\" width=\"1024\" height=\"1024\" src=\"https:\/\/www.apfelpatient.de\/wp-content\/uploads\/2020\/10\/apple_new-ipad-air_new-design_09152020-1024x1024.jpg\" alt=\"iPad Air 4\" class=\"wp-image-15781\" srcset=\"https:\/\/www.apfelpatient.de\/wp-content\/uploads\/2020\/10\/apple_new-ipad-air_new-design_09152020-1024x1024.jpg 1024w, https:\/\/www.apfelpatient.de\/wp-content\/uploads\/2020\/10\/apple_new-ipad-air_new-design_09152020-300x300.jpg 300w, https:\/\/www.apfelpatient.de\/wp-content\/uploads\/2020\/10\/apple_new-ipad-air_new-design_09152020-150x150.jpg 150w, https:\/\/www.apfelpatient.de\/wp-content\/uploads\/2020\/10\/apple_new-ipad-air_new-design_09152020-768x768.jpg 768w, https:\/\/www.apfelpatient.de\/wp-content\/uploads\/2020\/10\/apple_new-ipad-air_new-design_09152020-1536x1536.jpg 1536w, https:\/\/www.apfelpatient.de\/wp-content\/uploads\/2020\/10\/apple_new-ipad-air_new-design_09152020-75x75.jpg 75w, https:\/\/www.apfelpatient.de\/wp-content\/uploads\/2020\/10\/apple_new-ipad-air_new-design_09152020-750x750.jpg 750w, https:\/\/www.apfelpatient.de\/wp-content\/uploads\/2020\/10\/apple_new-ipad-air_new-design_09152020-1140x1140.jpg 1140w, https:\/\/www.apfelpatient.de\/wp-content\/uploads\/2020\/10\/apple_new-ipad-air_new-design_09152020.jpg 1960w\" sizes=\"(max-width: 1024px) 100vw, 1024px\" \/><figcaption>Image: Apple<\/figcaption><\/figure>\n\n\n\n<h3 class=\"wp-block-heading\" id=\"h-iphone-12-ipad-air-4-wartezeiten-mehrere-wochen-lang\">iPhone 12 &amp; iPad Air 4: Waiting times of several weeks<\/h3>\n\n\n\n<p>The device supports the second generation Apple Pencil and the brand new Magic Keyboard. It is available in 64 GB and 256 GB storage versions as a WiFi or WiFi-Cellular model. The colors available are space gray, silver, rose gold, green and sky blue. The device starts at 632.60 euros and can be purchased immediately. If you want to order one of the devices online, you have to expect a waiting time of a few weeks. Alternatively, you can also check the store stock via the Apple Store app. <a href=\"https:\/\/www.apple.com\/\" target=\"_blank\" rel=\"noreferrer noopener\">queried<\/a> If devices are in stock, they can be paid for using the app and picked up at the store. Anyone interested in this option should visit regularly in the early morning hours. <em>(Image: Apple)<\/em><\/p>\n\n\n\n<ul class=\"wp-block-list\"><li><a href=\"https:\/\/www.apfelpatient.de\/en\/news\/iphone-12-apple-explains-5g-settings-and-more\">iPhone 12: Apple explains 5G settings and more<\/a><\/li><\/ul>\n\n\n\n<h6 class=\"wp-block-heading translation-block\" id=\"h-kennt-ihr-schon-unsere-amazon-storefront-dort-findet-ihr-eine-handverlesene-auswahl-von-diversen-produkten-f-r-euer-iphone-und-co-viel-spa-beim-st-bern\"><em>Have you already visited our Amazon Storefront? There you&#039;ll find a hand-picked selection of various products for your iPhone and other devices \u2013 <span class=\"has-inline-color has-vivid-red-color\"><a href=\"https:\/\/www.amazon.de\/shop\/apfelpatientofficial\" class=\"ek-link\" data-wpel-link=\"exclude\" rel=\"follow noopener\" target=\"_self\"><span style=\"text-decoration: underline\" class=\"ek-underline\">enjoy browsing<\/span><\/a> !<\/span><\/em><\/h6>\n\n\n\n\n\n<h6 class=\"wp-block-heading translation-block\" id=\"h-der-beitrag-enthalt-partnerlinks\">This post contains <a data-type=\"URL\" data-id=\"https:\/\/www.apfelpatient.de\/partnerprogramm\" href=\"https:\/\/www.apfelpatient.de\/en\/partner-program\" data-wpel-link=\"internal\" target=\"_self\">affiliate links<\/a>.<\/h6>","protected":false},"excerpt":{"rendered":"<p>iPhone 12 + 12 Pro and iPad Air 4 sales launch: This year, Apple introduced the new generation a little later than usual.<\/p>","protected":false},"author":2,"featured_media":16197,"comment_status":"closed","ping_status":"closed","sticky":false,"template":"","format":"standard","meta":{"jnews-multi-image_gallery":[],"jnews_single_post":{"subtitle":"","format":"standard","video":"","gallery":"","source_name":"","source_url":"","via_name":"","via_url":"","override":[{"single_blog_custom":"","sidebar":"","second_sidebar":"","share_position":"","share_float_style":"","post_date_format":"","post_date_format_custom":"","post_reading_time_wpm":"","zoom_button_out_step":"1","zoom_button_in_step":"1","number_popup_post":"1"}],"image_override":[{"single_post_thumbnail_size":"","single_post_gallery_size":""}],"trending_post_position":"","trending_post_label":"","sponsored_post_label":"","sponsored_post_name":"","sponsored_post_url":"","sponsored_post_logo":"","sponsored_post_desc":""},"jnews_primary_category":{"id":"9"},"footnotes":""},"categories":[9],"tags":[18,8],"class_list":["post-16473","post","type-post","status-publish","format-standard","has-post-thumbnail","hentry","category-news","tag-ipad","tag-iphone"],"yoast_head":"<!-- This site is optimized with the Yoast SEO Premium plugin v27.5 (Yoast SEO v27.5) - https:\/\/yoast.com\/product\/yoast-seo-premium-wordpress\/ -->\n<title>Startschuss f\u00fcr iPhone 12, iPhone 12 Pro &amp; iPad Air 4 Apfelpatient<\/title>\n<meta name=\"description\" content=\"iPhone 12 + 12 Pro und iPad Air 4 Verkaufsstart: In diesem Jahr hat Apple die neue Generation etwas sp\u00e4ter als gewohnt vorgestellt.\" \/>\n<meta name=\"robots\" content=\"index, follow, max-snippet:-1, max-image-preview:large, max-video-preview:-1\" \/>\n<link rel=\"canonical\" href=\"https:\/\/www.apfelpatient.de\/en\/news\/launch-of-iphone-12-iphone-12-pro-ipad-air-4\" \/>\n<meta property=\"og:locale\" content=\"en_US\" \/>\n<meta property=\"og:type\" content=\"article\" \/>\n<meta property=\"og:title\" content=\"Startschuss f\u00fcr iPhone 12, iPhone 12 Pro &amp; iPad Air 4\" \/>\n<meta property=\"og:description\" content=\"iPhone 12 + 12 Pro und iPad Air 4 Verkaufsstart: In diesem Jahr hat Apple die neue Generation etwas sp\u00e4ter als gewohnt vorgestellt.\" \/>\n<meta property=\"og:url\" content=\"https:\/\/www.apfelpatient.de\/en\/news\/launch-of-iphone-12-iphone-12-pro-ipad-air-4\" \/>\n<meta property=\"og:site_name\" content=\"Apfelpatient\" \/>\n<meta property=\"article:publisher\" content=\"https:\/\/www.facebook.com\/apfelpatientOfficial\" \/>\n<meta property=\"article:author\" content=\"https:\/\/www.facebook.com\/apfelpatientOfficial\" \/>\n<meta property=\"article:published_time\" content=\"2020-10-23T07:13:02+00:00\" \/>\n<meta property=\"article:modified_time\" content=\"2020-12-07T17:23:15+00:00\" \/>\n<meta property=\"og:image\" content=\"https:\/\/www.apfelpatient.de\/wp-content\/uploads\/2020\/10\/Apple_iphone12pro-pacific-blue_10132020_Full-Bleed-scaled.jpg\" \/>\n\t<meta property=\"og:image:width\" content=\"2560\" \/>\n\t<meta property=\"og:image:height\" content=\"1440\" \/>\n\t<meta property=\"og:image:type\" content=\"image\/jpeg\" \/>\n<meta name=\"author\" content=\"Milan\" \/>\n<meta name=\"twitter:card\" content=\"summary_large_image\" \/>\n<meta name=\"twitter:description\" content=\"iPhone 12 + 12 Pro und iPad Air 4 Verkaufsstart: In diesem Jahr hat Apple die neue Generation etwas sp\u00e4ter als gewohnt vorgestellt.\" \/>\n<meta name=\"twitter:label1\" content=\"Written by\" \/>\n\t<meta name=\"twitter:data1\" content=\"Milan\" \/>\n\t<meta name=\"twitter:label2\" content=\"Est. reading time\" \/>\n\t<meta name=\"twitter:data2\" content=\"3 minutes\" \/>\n<script type=\"application\/ld+json\" class=\"yoast-schema-graph\">{\"@context\":\"https:\\\/\\\/schema.org\",\"@graph\":[{\"@type\":\"NewsArticle\",\"@id\":\"https:\\\/\\\/www.apfelpatient.de\\\/news\\\/startschuss-fuer-iphone-12-iphone-12-pro-ipad-air-4#article\",\"isPartOf\":{\"@id\":\"https:\\\/\\\/www.apfelpatient.de\\\/news\\\/startschuss-fuer-iphone-12-iphone-12-pro-ipad-air-4\"},\"author\":{\"@type\":\"Organization\",\"@id\":\"https:\\\/\\\/www.apfelpatient.de\\\/en\\\/#organization\",\"name\":\"Apfelpatient\",\"url\":\"https:\\\/\\\/www.apfelpatient.de\\\/en\\\/\"},\"headline\":\"Startschuss f\u00fcr iPhone 12, iPhone 12 Pro &#038; iPad Air 4\",\"datePublished\":\"2020-10-23T07:13:02+00:00\",\"dateModified\":\"2020-12-07T17:23:15+00:00\",\"mainEntityOfPage\":{\"@id\":\"https:\\\/\\\/www.apfelpatient.de\\\/news\\\/startschuss-fuer-iphone-12-iphone-12-pro-ipad-air-4\"},\"wordCount\":610,\"publisher\":{\"@type\":\"Organization\",\"@id\":\"https:\\\/\\\/www.apfelpatient.de\\\/en\\\/#organization\",\"name\":\"Apfelpatient\",\"url\":\"https:\\\/\\\/www.apfelpatient.de\\\/en\\\/\"},\"image\":{\"@id\":\"https:\\\/\\\/www.apfelpatient.de\\\/news\\\/startschuss-fuer-iphone-12-iphone-12-pro-ipad-air-4#primaryimage\"},\"thumbnailUrl\":\"https:\\\/\\\/www.apfelpatient.de\\\/wp-content\\\/uploads\\\/2020\\\/10\\\/Apple_iphone12pro-pacific-blue_10132020_Full-Bleed-scaled.jpg\",\"keywords\":[\"iPad\",\"iPhone\"],\"articleSection\":\"News\",\"inLanguage\":\"en-US\",\"copyrightYear\":\"2020\",\"copyrightHolder\":{\"@id\":\"https:\\\/\\\/www.apfelpatient.de\\\/en\\\/#organization\"}},{\"@type\":\"WebPage\",\"@id\":\"https:\\\/\\\/www.apfelpatient.de\\\/news\\\/startschuss-fuer-iphone-12-iphone-12-pro-ipad-air-4\",\"url\":\"https:\\\/\\\/www.apfelpatient.de\\\/news\\\/startschuss-fuer-iphone-12-iphone-12-pro-ipad-air-4\",\"name\":\"Startschuss f\u00fcr iPhone 12, iPhone 12 Pro & iPad Air 4 Apfelpatient\",\"isPartOf\":{\"@id\":\"https:\\\/\\\/www.apfelpatient.de\\\/#website\"},\"primaryImageOfPage\":{\"@id\":\"https:\\\/\\\/www.apfelpatient.de\\\/news\\\/startschuss-fuer-iphone-12-iphone-12-pro-ipad-air-4#primaryimage\"},\"image\":{\"@id\":\"https:\\\/\\\/www.apfelpatient.de\\\/news\\\/startschuss-fuer-iphone-12-iphone-12-pro-ipad-air-4#primaryimage\"},\"thumbnailUrl\":\"https:\\\/\\\/www.apfelpatient.de\\\/wp-content\\\/uploads\\\/2020\\\/10\\\/Apple_iphone12pro-pacific-blue_10132020_Full-Bleed-scaled.jpg\",\"datePublished\":\"2020-10-23T07:13:02+00:00\",\"dateModified\":\"2020-12-07T17:23:15+00:00\",\"description\":\"iPhone 12 + 12 Pro und iPad Air 4 Verkaufsstart: In diesem Jahr hat Apple die neue Generation etwas sp\u00e4ter als gewohnt vorgestellt.\",\"breadcrumb\":{\"@id\":\"https:\\\/\\\/www.apfelpatient.de\\\/news\\\/startschuss-fuer-iphone-12-iphone-12-pro-ipad-air-4#breadcrumb\"},\"inLanguage\":\"en-US\",\"potentialAction\":[{\"@type\":\"ReadAction\",\"target\":[\"https:\\\/\\\/www.apfelpatient.de\\\/news\\\/startschuss-fuer-iphone-12-iphone-12-pro-ipad-air-4\"]}]},{\"@type\":\"ImageObject\",\"inLanguage\":\"en-US\",\"@id\":\"https:\\\/\\\/www.apfelpatient.de\\\/news\\\/startschuss-fuer-iphone-12-iphone-12-pro-ipad-air-4#primaryimage\",\"url\":\"https:\\\/\\\/www.apfelpatient.de\\\/wp-content\\\/uploads\\\/2020\\\/10\\\/Apple_iphone12pro-pacific-blue_10132020_Full-Bleed-scaled.jpg\",\"contentUrl\":\"https:\\\/\\\/www.apfelpatient.de\\\/wp-content\\\/uploads\\\/2020\\\/10\\\/Apple_iphone12pro-pacific-blue_10132020_Full-Bleed-scaled.jpg\",\"width\":2560,\"height\":1440,\"caption\":\"Bild: Apple\"},{\"@type\":\"BreadcrumbList\",\"@id\":\"https:\\\/\\\/www.apfelpatient.de\\\/news\\\/startschuss-fuer-iphone-12-iphone-12-pro-ipad-air-4#breadcrumb\",\"itemListElement\":[{\"@type\":\"ListItem\",\"position\":1,\"name\":\"Startseite\",\"item\":\"https:\\\/\\\/www.apfelpatient.de\\\/\"},{\"@type\":\"ListItem\",\"position\":2,\"name\":\"Startschuss f\u00fcr iPhone 12, iPhone 12 Pro &#038; iPad Air 4\"}]},{\"@type\":\"WebSite\",\"@id\":\"https:\\\/\\\/www.apfelpatient.de\\\/#website\",\"url\":\"https:\\\/\\\/www.apfelpatient.de\\\/\",\"name\":\"Apfelpatient\",\"description\":\"Alles rund um Apple!\",\"publisher\":{\"@type\":\"Organization\",\"@id\":\"https:\\\/\\\/www.apfelpatient.de\\\/en\\\/#organization\",\"name\":\"Apfelpatient\",\"url\":\"https:\\\/\\\/www.apfelpatient.de\\\/en\\\/\"},\"alternateName\":\"Apfelpatient\",\"potentialAction\":[{\"@type\":\"SearchAction\",\"target\":{\"@type\":\"EntryPoint\",\"urlTemplate\":\"https:\\\/\\\/www.apfelpatient.de\\\/?s={search_term_string}\"},\"query-input\":{\"@type\":\"PropertyValueSpecification\",\"valueRequired\":true,\"valueName\":\"search_term_string\"}}],\"inLanguage\":\"en-US\"},{\"@type\":[\"Person\",\"Organization\"],\"@id\":\"https:\\\/\\\/www.apfelpatient.de\\\/#\\\/schema\\\/person\\\/35b3ddba5832f2bfc7fff5206d4f6b7b\",\"name\":\"Milan\",\"logo\":{\"@id\":\"https:\\\/\\\/www.apfelpatient.de\\\/#\\\/schema\\\/person\\\/image\\\/\"},\"description\":\"Hallo und herzlich willkommen auf meinem Technik-Blog! Als gro\u00dfer Apple-Fan berichte ich hier \u00fcber alles, was mit Apple zu tun hat: von den neuesten News und spannenden Ger\u00fcchten \u00fcber hilfreiche Tipps und Tricks bis hin zu ausf\u00fchrlichen Produkttests. Wenn du genauso technikbegeistert bist wie ich, bist du hier genau richtig!\",\"sameAs\":[\"https:\\\/\\\/www.facebook.com\\\/apfelpatientOfficial\",\"https:\\\/\\\/www.linkedin.com\\\/in\\\/milan-jovicic-42aa0231b\"],\"url\":\"https:\\\/\\\/www.apfelpatient.de\\\/en\\\/author\\\/apfeladmin\"}]}<\/script>\n<!-- \/ Yoast SEO Premium plugin. -->","yoast_head_json":{"title":"Launch of iPhone 12, iPhone 12 Pro &amp; iPad Air 4 Apfelpatient","description":"iPhone 12 + 12 Pro and iPad Air 4 sales launch: This year, Apple introduced the new generation a little later than usual.","robots":{"index":"index","follow":"follow","max-snippet":"max-snippet:-1","max-image-preview":"max-image-preview:large","max-video-preview":"max-video-preview:-1"},"canonical":"https:\/\/www.apfelpatient.de\/en\/news\/launch-of-iphone-12-iphone-12-pro-ipad-air-4","og_locale":"en_US","og_type":"article","og_title":"Startschuss f\u00fcr iPhone 12, iPhone 12 Pro & iPad Air 4","og_description":"iPhone 12 + 12 Pro und iPad Air 4 Verkaufsstart: In diesem Jahr hat Apple die neue Generation etwas sp\u00e4ter als gewohnt vorgestellt.","og_url":"https:\/\/www.apfelpatient.de\/en\/news\/launch-of-iphone-12-iphone-12-pro-ipad-air-4","og_site_name":"Apfelpatient","article_publisher":"https:\/\/www.facebook.com\/apfelpatientOfficial","article_author":"https:\/\/www.facebook.com\/apfelpatientOfficial","article_published_time":"2020-10-23T07:13:02+00:00","article_modified_time":"2020-12-07T17:23:15+00:00","og_image":[{"width":2560,"height":1440,"url":"https:\/\/www.apfelpatient.de\/wp-content\/uploads\/2020\/10\/Apple_iphone12pro-pacific-blue_10132020_Full-Bleed-scaled.jpg","type":"image\/jpeg"}],"author":"Milan","twitter_card":"summary_large_image","twitter_description":"iPhone 12 + 12 Pro und iPad Air 4 Verkaufsstart: In diesem Jahr hat Apple die neue Generation etwas sp\u00e4ter als gewohnt vorgestellt.","twitter_misc":{"Written by":"Milan","Est. reading time":"3 minutes"},"schema":{"@context":"https:\/\/schema.org","@graph":[{"@type":"NewsArticle","@id":"https:\/\/www.apfelpatient.de\/news\/startschuss-fuer-iphone-12-iphone-12-pro-ipad-air-4#article","isPartOf":{"@id":"https:\/\/www.apfelpatient.de\/news\/startschuss-fuer-iphone-12-iphone-12-pro-ipad-air-4"},"author":{"@type":"Organization","@id":"https:\/\/www.apfelpatient.de\/en\/#organization","name":"Apfelpatient","url":"https:\/\/www.apfelpatient.de\/en\/"},"headline":"Startschuss f\u00fcr iPhone 12, iPhone 12 Pro &#038; iPad Air 4","datePublished":"2020-10-23T07:13:02+00:00","dateModified":"2020-12-07T17:23:15+00:00","mainEntityOfPage":{"@id":"https:\/\/www.apfelpatient.de\/news\/startschuss-fuer-iphone-12-iphone-12-pro-ipad-air-4"},"wordCount":610,"publisher":{"@type":"Organization","@id":"https:\/\/www.apfelpatient.de\/en\/#organization","name":"Apfelpatient","url":"https:\/\/www.apfelpatient.de\/en\/"},"image":{"@id":"https:\/\/www.apfelpatient.de\/news\/startschuss-fuer-iphone-12-iphone-12-pro-ipad-air-4#primaryimage"},"thumbnailUrl":"https:\/\/www.apfelpatient.de\/wp-content\/uploads\/2020\/10\/Apple_iphone12pro-pacific-blue_10132020_Full-Bleed-scaled.jpg","keywords":["iPad","iPhone"],"articleSection":"News","inLanguage":"en-US","copyrightYear":"2020","copyrightHolder":{"@id":"https:\/\/www.apfelpatient.de\/en\/#organization"}},{"@type":"WebPage","@id":"https:\/\/www.apfelpatient.de\/news\/startschuss-fuer-iphone-12-iphone-12-pro-ipad-air-4","url":"https:\/\/www.apfelpatient.de\/news\/startschuss-fuer-iphone-12-iphone-12-pro-ipad-air-4","name":"Launch of iPhone 12, iPhone 12 Pro &amp; iPad Air 4 Apfelpatient","isPartOf":{"@id":"https:\/\/www.apfelpatient.de\/#website"},"primaryImageOfPage":{"@id":"https:\/\/www.apfelpatient.de\/news\/startschuss-fuer-iphone-12-iphone-12-pro-ipad-air-4#primaryimage"},"image":{"@id":"https:\/\/www.apfelpatient.de\/news\/startschuss-fuer-iphone-12-iphone-12-pro-ipad-air-4#primaryimage"},"thumbnailUrl":"https:\/\/www.apfelpatient.de\/wp-content\/uploads\/2020\/10\/Apple_iphone12pro-pacific-blue_10132020_Full-Bleed-scaled.jpg","datePublished":"2020-10-23T07:13:02+00:00","dateModified":"2020-12-07T17:23:15+00:00","description":"iPhone 12 + 12 Pro and iPad Air 4 sales launch: This year, Apple introduced the new generation a little later than usual.","breadcrumb":{"@id":"https:\/\/www.apfelpatient.de\/news\/startschuss-fuer-iphone-12-iphone-12-pro-ipad-air-4#breadcrumb"},"inLanguage":"en-US","potentialAction":[{"@type":"ReadAction","target":["https:\/\/www.apfelpatient.de\/news\/startschuss-fuer-iphone-12-iphone-12-pro-ipad-air-4"]}]},{"@type":"ImageObject","inLanguage":"en-US","@id":"https:\/\/www.apfelpatient.de\/news\/startschuss-fuer-iphone-12-iphone-12-pro-ipad-air-4#primaryimage","url":"https:\/\/www.apfelpatient.de\/wp-content\/uploads\/2020\/10\/Apple_iphone12pro-pacific-blue_10132020_Full-Bleed-scaled.jpg","contentUrl":"https:\/\/www.apfelpatient.de\/wp-content\/uploads\/2020\/10\/Apple_iphone12pro-pacific-blue_10132020_Full-Bleed-scaled.jpg","width":2560,"height":1440,"caption":"Bild: Apple"},{"@type":"BreadcrumbList","@id":"https:\/\/www.apfelpatient.de\/news\/startschuss-fuer-iphone-12-iphone-12-pro-ipad-air-4#breadcrumb","itemListElement":[{"@type":"ListItem","position":1,"name":"Startseite","item":"https:\/\/www.apfelpatient.de\/"},{"@type":"ListItem","position":2,"name":"Startschuss f\u00fcr iPhone 12, iPhone 12 Pro &#038; iPad Air 4"}]},{"@type":"WebSite","@id":"https:\/\/www.apfelpatient.de\/#website","url":"https:\/\/www.apfelpatient.de\/","name":"apple patient","description":"Everything about Apple!","publisher":{"@type":"Organization","@id":"https:\/\/www.apfelpatient.de\/en\/#organization","name":"Apfelpatient","url":"https:\/\/www.apfelpatient.de\/en\/"},"alternateName":"Apfelpatient","potentialAction":[{"@type":"SearchAction","target":{"@type":"EntryPoint","urlTemplate":"https:\/\/www.apfelpatient.de\/?s={search_term_string}"},"query-input":{"@type":"PropertyValueSpecification","valueRequired":true,"valueName":"search_term_string"}}],"inLanguage":"en-US"},{"@type":["Person","Organization"],"@id":"https:\/\/www.apfelpatient.de\/#\/schema\/person\/35b3ddba5832f2bfc7fff5206d4f6b7b","name":"Milan","logo":{"@id":"https:\/\/www.apfelpatient.de\/#\/schema\/person\/image\/"},"description":"Hello and welcome to my technology blog! As a big Apple fan, I report on everything to do with Apple: from the latest news and exciting rumors to helpful tips and tricks and detailed product tests. If you are as enthusiastic about technology as I am, you have come to the right place!","sameAs":["https:\/\/www.facebook.com\/apfelpatientOfficial","https:\/\/www.linkedin.com\/in\/milan-jovicic-42aa0231b"],"url":"https:\/\/www.apfelpatient.de\/en\/author\/apfeladmin"}]}},"_links":{"self":[{"href":"https:\/\/www.apfelpatient.de\/en\/wp-json\/wp\/v2\/posts\/16473","targetHints":{"allow":["GET"]}}],"collection":[{"href":"https:\/\/www.apfelpatient.de\/en\/wp-json\/wp\/v2\/posts"}],"about":[{"href":"https:\/\/www.apfelpatient.de\/en\/wp-json\/wp\/v2\/types\/post"}],"author":[{"embeddable":true,"href":"https:\/\/www.apfelpatient.de\/en\/wp-json\/wp\/v2\/users\/2"}],"replies":[{"embeddable":true,"href":"https:\/\/www.apfelpatient.de\/en\/wp-json\/wp\/v2\/comments?post=16473"}],"version-history":[{"count":0,"href":"https:\/\/www.apfelpatient.de\/en\/wp-json\/wp\/v2\/posts\/16473\/revisions"}],"wp:featuredmedia":[{"embeddable":true,"href":"https:\/\/www.apfelpatient.de\/en\/wp-json\/wp\/v2\/media\/16197"}],"wp:attachment":[{"href":"https:\/\/www.apfelpatient.de\/en\/wp-json\/wp\/v2\/media?parent=16473"}],"wp:term":[{"taxonomy":"category","embeddable":true,"href":"https:\/\/www.apfelpatient.de\/en\/wp-json\/wp\/v2\/categories?post=16473"},{"taxonomy":"post_tag","embeddable":true,"href":"https:\/\/www.apfelpatient.de\/en\/wp-json\/wp\/v2\/tags?post=16473"}],"curies":[{"name":"wp","href":"https:\/\/api.w.org\/{rel}","templated":true}]}}