{"id":16469,"date":"2020-10-22T19:43:23","date_gmt":"2020-10-22T17:43:23","guid":{"rendered":"https:\/\/www.apfelpatient.de\/?p=16469"},"modified":"2021-02-27T21:07:07","modified_gmt":"2021-02-27T20:07:07","slug":"apple-glass-sony-becomes-part-of-apples-supply-chain","status":"publish","type":"post","link":"https:\/\/www.apfelpatient.de\/en\/rumors\/apple-glass-sony-wird-teil-von-apples-lieferkette","title":{"rendered":"Apple Glass: Sony becomes part of Apple&#039;s supply chain"},"content":{"rendered":"<p class=\"has-drop-cap\"><strong>There are currently reports that Sony will be part of Apple&#039;s supply chain again - the reason is Apple Glass.<\/strong><\/p>\n\n\n\n<p>According to rumors, Sony is planning to develop special MicroOLED displays <a href=\"https:\/\/www.apfelpatient.de\/en\/rumors\/apple-glass-new-details-about-glasses-display\">produce<\/a>, which are intended for Apple Glass. The brand new product is expected to make its debut in early 2022. Ross Young, founder and CEO of Display Supply Chain Consultants, claims to have learned from multiple sources that Apple has hired Sony for AR\/VR glasses displays. The displays in question are half-inch MicroOLED panels with a resolution of 1280\u00d7960. The statement confirms the earlier report by Nikkan Kogyo Shimbun, which indicated that Sony would re-enter Apple&#039;s supply chain. Sony has experience in manufacturing tiny displays for headset devices - such as PlayStation VR and the Personal 3D Viewer. In particular, the Personal 3D Viewer used separate OLED displays to display content, similar to how &quot;Apple Glass&quot; is expected to work.<\/p>\n\n\n\n<h3 class=\"wp-block-heading\" id=\"h-apple-glass-iphone-young-lag-bereits-mehrfach-richtig\">Apple Glass &amp; iPhone: Young has been right several times<\/h3>\n\n\n\n\n\n\n\n<p>The interesting thing \u2013 on Sony\u2019s website, the half-inch microOLED display mentioned by Young <a href=\"https:\/\/www.sony-semicon.co.jp\/e\/products\/microdisplay\/oled\/product.html\" target=\"_blank\" rel=\"noreferrer noopener\">described<\/a>. It is the ECX337A model with a contrast ratio of 100,000 to 1. According to Sony, the product is suitable for AR\/VR experiences. Ross Young is considered a reliable analyst in the field of display manufacturing. In the past, he has already made several outstanding predictions. In recent months, he has vehemently claimed that Apple will not offer a ProMotion display this year. The launch of the iPhone 12 series confirmed his prediction. Instead, Young claims to have learned that the new display technology requires LTPO to conserve battery life. For this reason, the introduction of ProMotion is not expected until next year. <em>(Photo by agsandrew \/ Bigstockphoto)<\/em><\/p>\n\n\n\n<ul class=\"wp-block-list\"><li><a href=\"https:\/\/www.apfelpatient.de\/en\/rumors\/new-details-about-iphone-13-iphone-se-3-surfaced\">New details about iPhone 13 &amp; iPhone SE 3 have emerged<\/a><\/li><\/ul>\n\n\n\n<h6 class=\"wp-block-heading translation-block\" id=\"h-kennt-ihr-schon-unsere-amazon-storefront-dort-findet-ihr-eine-handverlesene-auswahl-von-diversen-produkten-f-r-euer-iphone-und-co-viel-spa-beim-st-bern\"><em>Have you already visited our Amazon Storefront? There you&#039;ll find a hand-picked selection of various products for your iPhone and other devices \u2013 <span class=\"has-inline-color has-vivid-red-color\"><a href=\"https:\/\/www.amazon.de\/shop\/apfelpatientofficial\" class=\"ek-link\" data-wpel-link=\"exclude\" rel=\"follow noopener\" target=\"_self\"><span style=\"text-decoration: underline\" class=\"ek-underline\">enjoy browsing<\/span><\/a> !<\/span><\/em><\/h6>\n\n\n\n\n\n<h6 class=\"wp-block-heading translation-block\" id=\"h-der-beitrag-enthalt-partnerlinks\">This post contains <a data-type=\"URL\" data-id=\"https:\/\/www.apfelpatient.de\/partnerprogramm\" href=\"https:\/\/www.apfelpatient.de\/en\/partner-program\" data-wpel-link=\"internal\" target=\"_self\">affiliate links<\/a>.<\/h6>","protected":false},"excerpt":{"rendered":"<p>There are currently reports that Sony will be part of Apple&#039;s supply chain again - the reason is Apple Glass.<\/p>","protected":false},"author":2,"featured_media":16470,"comment_status":"closed","ping_status":"closed","sticky":false,"template":"","format":"standard","meta":{"jnews-multi-image_gallery":[],"jnews_single_post":{"subtitle":"","format":"standard","video":"","gallery":"","source_name":"","source_url":"","via_name":"","via_url":"","override":[{"single_blog_custom":"","sidebar":"","second_sidebar":"","share_position":"","share_float_style":"","post_date_format":"","post_date_format_custom":"","post_reading_time_wpm":"","zoom_button_out_step":"1","zoom_button_in_step":"1","number_popup_post":"1"}],"image_override":[{"single_post_thumbnail_size":"","single_post_gallery_size":""}],"trending_post_position":"","trending_post_label":"","sponsored_post_label":"","sponsored_post_name":"","sponsored_post_url":"","sponsored_post_logo":"","sponsored_post_desc":""},"jnews_primary_category":{"id":"25"},"footnotes":""},"categories":[25],"tags":[609],"class_list":["post-16469","post","type-post","status-publish","format-standard","has-post-thumbnail","hentry","category-rumors","tag-apple-vr-ar"],"yoast_head":"<!-- This site is optimized with the Yoast SEO Premium plugin v27.5 (Yoast SEO v27.5) - https:\/\/yoast.com\/product\/yoast-seo-premium-wordpress\/ -->\n<title>Apple Glass: Sony wird Teil von Apples Lieferkette Apfelpatient<\/title>\n<meta name=\"description\" content=\"Aktuell wird dar\u00fcber berichtet, dass Sony wieder Teil von Apples Lieferkette sein wird - der Grund ist Apple Glass.\" \/>\n<meta name=\"robots\" content=\"index, follow, max-snippet:-1, max-image-preview:large, max-video-preview:-1\" \/>\n<link rel=\"canonical\" href=\"https:\/\/www.apfelpatient.de\/en\/rumors\/apple-glass-sony-becomes-part-of-apples-supply-chain\" \/>\n<meta property=\"og:locale\" content=\"en_US\" \/>\n<meta property=\"og:type\" content=\"article\" \/>\n<meta property=\"og:title\" content=\"Apple Glass: Sony wird Teil von Apples Lieferkette\" \/>\n<meta property=\"og:description\" content=\"Aktuell wird dar\u00fcber berichtet, dass Sony wieder Teil von Apples Lieferkette sein wird - der Grund ist Apple Glass.\" \/>\n<meta property=\"og:url\" content=\"https:\/\/www.apfelpatient.de\/en\/rumors\/apple-glass-sony-becomes-part-of-apples-supply-chain\" \/>\n<meta property=\"og:site_name\" content=\"Apfelpatient\" \/>\n<meta property=\"article:publisher\" content=\"https:\/\/www.facebook.com\/apfelpatientOfficial\" \/>\n<meta property=\"article:author\" content=\"https:\/\/www.facebook.com\/apfelpatientOfficial\" \/>\n<meta property=\"article:published_time\" content=\"2020-10-22T17:43:23+00:00\" \/>\n<meta property=\"article:modified_time\" content=\"2021-02-27T20:07:07+00:00\" \/>\n<meta property=\"og:image\" content=\"https:\/\/www.apfelpatient.de\/wp-content\/uploads\/2020\/10\/bigstock-Computing-Brain-Frequencies-373690858-1024x768.jpg\" \/>\n\t<meta property=\"og:image:width\" content=\"1024\" \/>\n\t<meta property=\"og:image:height\" content=\"768\" \/>\n\t<meta property=\"og:image:type\" content=\"image\/jpeg\" \/>\n<meta name=\"author\" content=\"Milan\" \/>\n<meta name=\"twitter:card\" content=\"summary_large_image\" \/>\n<meta name=\"twitter:description\" content=\"Aktuell wird dar\u00fcber berichtet, dass Sony wieder Teil von Apples Lieferkette sein wird - der Grund ist Apple Glass.\" \/>\n<meta name=\"twitter:label1\" content=\"Written by\" \/>\n\t<meta name=\"twitter:data1\" content=\"Milan\" \/>\n\t<meta name=\"twitter:label2\" content=\"Est. reading time\" \/>\n\t<meta name=\"twitter:data2\" content=\"1 minute\" \/>\n<script type=\"application\/ld+json\" class=\"yoast-schema-graph\">{\"@context\":\"https:\\\/\\\/schema.org\",\"@graph\":[{\"@type\":\"NewsArticle\",\"@id\":\"https:\\\/\\\/www.apfelpatient.de\\\/rumors\\\/apple-glass-sony-wird-teil-von-apples-lieferkette#article\",\"isPartOf\":{\"@id\":\"https:\\\/\\\/www.apfelpatient.de\\\/rumors\\\/apple-glass-sony-wird-teil-von-apples-lieferkette\"},\"author\":{\"@type\":\"Organization\",\"@id\":\"https:\\\/\\\/www.apfelpatient.de\\\/en\\\/#organization\",\"name\":\"Apfelpatient\",\"url\":\"https:\\\/\\\/www.apfelpatient.de\\\/en\\\/\"},\"headline\":\"Apple Glass: Sony wird Teil von Apples Lieferkette\",\"datePublished\":\"2020-10-22T17:43:23+00:00\",\"dateModified\":\"2021-02-27T20:07:07+00:00\",\"mainEntityOfPage\":{\"@id\":\"https:\\\/\\\/www.apfelpatient.de\\\/rumors\\\/apple-glass-sony-wird-teil-von-apples-lieferkette\"},\"wordCount\":300,\"publisher\":{\"@type\":\"Organization\",\"@id\":\"https:\\\/\\\/www.apfelpatient.de\\\/en\\\/#organization\",\"name\":\"Apfelpatient\",\"url\":\"https:\\\/\\\/www.apfelpatient.de\\\/en\\\/\"},\"image\":{\"@id\":\"https:\\\/\\\/www.apfelpatient.de\\\/rumors\\\/apple-glass-sony-wird-teil-von-apples-lieferkette#primaryimage\"},\"thumbnailUrl\":\"https:\\\/\\\/www.apfelpatient.de\\\/wp-content\\\/uploads\\\/2020\\\/10\\\/bigstock-Computing-Brain-Frequencies-373690858.jpg\",\"keywords\":[\"Apple VR\\\/AR\"],\"articleSection\":\"Rumors\",\"inLanguage\":\"en-US\",\"copyrightYear\":\"2020\",\"copyrightHolder\":{\"@id\":\"https:\\\/\\\/www.apfelpatient.de\\\/en\\\/#organization\"}},{\"@type\":\"WebPage\",\"@id\":\"https:\\\/\\\/www.apfelpatient.de\\\/rumors\\\/apple-glass-sony-wird-teil-von-apples-lieferkette\",\"url\":\"https:\\\/\\\/www.apfelpatient.de\\\/rumors\\\/apple-glass-sony-wird-teil-von-apples-lieferkette\",\"name\":\"Apple Glass: Sony wird Teil von Apples Lieferkette Apfelpatient\",\"isPartOf\":{\"@id\":\"https:\\\/\\\/www.apfelpatient.de\\\/#website\"},\"primaryImageOfPage\":{\"@id\":\"https:\\\/\\\/www.apfelpatient.de\\\/rumors\\\/apple-glass-sony-wird-teil-von-apples-lieferkette#primaryimage\"},\"image\":{\"@id\":\"https:\\\/\\\/www.apfelpatient.de\\\/rumors\\\/apple-glass-sony-wird-teil-von-apples-lieferkette#primaryimage\"},\"thumbnailUrl\":\"https:\\\/\\\/www.apfelpatient.de\\\/wp-content\\\/uploads\\\/2020\\\/10\\\/bigstock-Computing-Brain-Frequencies-373690858.jpg\",\"datePublished\":\"2020-10-22T17:43:23+00:00\",\"dateModified\":\"2021-02-27T20:07:07+00:00\",\"description\":\"Aktuell wird dar\u00fcber berichtet, dass Sony wieder Teil von Apples Lieferkette sein wird - der Grund ist Apple Glass.\",\"breadcrumb\":{\"@id\":\"https:\\\/\\\/www.apfelpatient.de\\\/rumors\\\/apple-glass-sony-wird-teil-von-apples-lieferkette#breadcrumb\"},\"inLanguage\":\"en-US\",\"potentialAction\":[{\"@type\":\"ReadAction\",\"target\":[\"https:\\\/\\\/www.apfelpatient.de\\\/rumors\\\/apple-glass-sony-wird-teil-von-apples-lieferkette\"]}]},{\"@type\":\"ImageObject\",\"inLanguage\":\"en-US\",\"@id\":\"https:\\\/\\\/www.apfelpatient.de\\\/rumors\\\/apple-glass-sony-wird-teil-von-apples-lieferkette#primaryimage\",\"url\":\"https:\\\/\\\/www.apfelpatient.de\\\/wp-content\\\/uploads\\\/2020\\\/10\\\/bigstock-Computing-Brain-Frequencies-373690858.jpg\",\"contentUrl\":\"https:\\\/\\\/www.apfelpatient.de\\\/wp-content\\\/uploads\\\/2020\\\/10\\\/bigstock-Computing-Brain-Frequencies-373690858.jpg\",\"width\":1600,\"height\":1200,\"caption\":\"Virtual Micro World. Virtual Wave series. Design made of horizontal sine waves and light particles for projects on data transfer, virtual, artificial, mathematical reality.\"},{\"@type\":\"BreadcrumbList\",\"@id\":\"https:\\\/\\\/www.apfelpatient.de\\\/rumors\\\/apple-glass-sony-wird-teil-von-apples-lieferkette#breadcrumb\",\"itemListElement\":[{\"@type\":\"ListItem\",\"position\":1,\"name\":\"Startseite\",\"item\":\"https:\\\/\\\/www.apfelpatient.de\\\/\"},{\"@type\":\"ListItem\",\"position\":2,\"name\":\"Apple Glass: Sony wird Teil von Apples Lieferkette\"}]},{\"@type\":\"WebSite\",\"@id\":\"https:\\\/\\\/www.apfelpatient.de\\\/#website\",\"url\":\"https:\\\/\\\/www.apfelpatient.de\\\/\",\"name\":\"Apfelpatient\",\"description\":\"Alles rund um Apple!\",\"publisher\":{\"@type\":\"Organization\",\"@id\":\"https:\\\/\\\/www.apfelpatient.de\\\/en\\\/#organization\",\"name\":\"Apfelpatient\",\"url\":\"https:\\\/\\\/www.apfelpatient.de\\\/en\\\/\"},\"alternateName\":\"Apfelpatient\",\"potentialAction\":[{\"@type\":\"SearchAction\",\"target\":{\"@type\":\"EntryPoint\",\"urlTemplate\":\"https:\\\/\\\/www.apfelpatient.de\\\/?s={search_term_string}\"},\"query-input\":{\"@type\":\"PropertyValueSpecification\",\"valueRequired\":true,\"valueName\":\"search_term_string\"}}],\"inLanguage\":\"en-US\"},{\"@type\":[\"Person\",\"Organization\"],\"@id\":\"https:\\\/\\\/www.apfelpatient.de\\\/#\\\/schema\\\/person\\\/35b3ddba5832f2bfc7fff5206d4f6b7b\",\"name\":\"Milan\",\"logo\":{\"@id\":\"https:\\\/\\\/www.apfelpatient.de\\\/#\\\/schema\\\/person\\\/image\\\/\"},\"description\":\"Hallo und herzlich willkommen auf meinem Technik-Blog! Als gro\u00dfer Apple-Fan berichte ich hier \u00fcber alles, was mit Apple zu tun hat: von den neuesten News und spannenden Ger\u00fcchten \u00fcber hilfreiche Tipps und Tricks bis hin zu ausf\u00fchrlichen Produkttests. Wenn du genauso technikbegeistert bist wie ich, bist du hier genau richtig!\",\"sameAs\":[\"https:\\\/\\\/www.facebook.com\\\/apfelpatientOfficial\",\"https:\\\/\\\/www.linkedin.com\\\/in\\\/milan-jovicic-42aa0231b\"],\"url\":\"https:\\\/\\\/www.apfelpatient.de\\\/en\\\/author\\\/apfeladmin\"}]}<\/script>\n<!-- \/ Yoast SEO Premium plugin. -->","yoast_head_json":{"title":"Apple Glass: Sony becomes part of Apple&#039;s supply chain Apfelpatient","description":"There are currently reports that Sony will be part of Apple&#039;s supply chain again - the reason is Apple Glass.","robots":{"index":"index","follow":"follow","max-snippet":"max-snippet:-1","max-image-preview":"max-image-preview:large","max-video-preview":"max-video-preview:-1"},"canonical":"https:\/\/www.apfelpatient.de\/en\/rumors\/apple-glass-sony-becomes-part-of-apples-supply-chain","og_locale":"en_US","og_type":"article","og_title":"Apple Glass: Sony wird Teil von Apples Lieferkette","og_description":"Aktuell wird dar\u00fcber berichtet, dass Sony wieder Teil von Apples Lieferkette sein wird - der Grund ist Apple Glass.","og_url":"https:\/\/www.apfelpatient.de\/en\/rumors\/apple-glass-sony-becomes-part-of-apples-supply-chain","og_site_name":"Apfelpatient","article_publisher":"https:\/\/www.facebook.com\/apfelpatientOfficial","article_author":"https:\/\/www.facebook.com\/apfelpatientOfficial","article_published_time":"2020-10-22T17:43:23+00:00","article_modified_time":"2021-02-27T20:07:07+00:00","og_image":[{"width":1024,"height":768,"url":"https:\/\/www.apfelpatient.de\/wp-content\/uploads\/2020\/10\/bigstock-Computing-Brain-Frequencies-373690858-1024x768.jpg","type":"image\/jpeg"}],"author":"Milan","twitter_card":"summary_large_image","twitter_description":"Aktuell wird dar\u00fcber berichtet, dass Sony wieder Teil von Apples Lieferkette sein wird - der Grund ist Apple Glass.","twitter_misc":{"Written by":"Milan","Est. reading time":"1 minute"},"schema":{"@context":"https:\/\/schema.org","@graph":[{"@type":"NewsArticle","@id":"https:\/\/www.apfelpatient.de\/rumors\/apple-glass-sony-wird-teil-von-apples-lieferkette#article","isPartOf":{"@id":"https:\/\/www.apfelpatient.de\/rumors\/apple-glass-sony-wird-teil-von-apples-lieferkette"},"author":{"@type":"Organization","@id":"https:\/\/www.apfelpatient.de\/en\/#organization","name":"Apfelpatient","url":"https:\/\/www.apfelpatient.de\/en\/"},"headline":"Apple Glass: Sony wird Teil von Apples Lieferkette","datePublished":"2020-10-22T17:43:23+00:00","dateModified":"2021-02-27T20:07:07+00:00","mainEntityOfPage":{"@id":"https:\/\/www.apfelpatient.de\/rumors\/apple-glass-sony-wird-teil-von-apples-lieferkette"},"wordCount":300,"publisher":{"@type":"Organization","@id":"https:\/\/www.apfelpatient.de\/en\/#organization","name":"Apfelpatient","url":"https:\/\/www.apfelpatient.de\/en\/"},"image":{"@id":"https:\/\/www.apfelpatient.de\/rumors\/apple-glass-sony-wird-teil-von-apples-lieferkette#primaryimage"},"thumbnailUrl":"https:\/\/www.apfelpatient.de\/wp-content\/uploads\/2020\/10\/bigstock-Computing-Brain-Frequencies-373690858.jpg","keywords":["Apple VR\/AR"],"articleSection":"Rumors","inLanguage":"en-US","copyrightYear":"2020","copyrightHolder":{"@id":"https:\/\/www.apfelpatient.de\/en\/#organization"}},{"@type":"WebPage","@id":"https:\/\/www.apfelpatient.de\/rumors\/apple-glass-sony-wird-teil-von-apples-lieferkette","url":"https:\/\/www.apfelpatient.de\/rumors\/apple-glass-sony-wird-teil-von-apples-lieferkette","name":"Apple Glass: Sony becomes part of Apple&#039;s supply chain Apfelpatient","isPartOf":{"@id":"https:\/\/www.apfelpatient.de\/#website"},"primaryImageOfPage":{"@id":"https:\/\/www.apfelpatient.de\/rumors\/apple-glass-sony-wird-teil-von-apples-lieferkette#primaryimage"},"image":{"@id":"https:\/\/www.apfelpatient.de\/rumors\/apple-glass-sony-wird-teil-von-apples-lieferkette#primaryimage"},"thumbnailUrl":"https:\/\/www.apfelpatient.de\/wp-content\/uploads\/2020\/10\/bigstock-Computing-Brain-Frequencies-373690858.jpg","datePublished":"2020-10-22T17:43:23+00:00","dateModified":"2021-02-27T20:07:07+00:00","description":"There are currently reports that Sony will be part of Apple&#039;s supply chain again - the reason is Apple Glass.","breadcrumb":{"@id":"https:\/\/www.apfelpatient.de\/rumors\/apple-glass-sony-wird-teil-von-apples-lieferkette#breadcrumb"},"inLanguage":"en-US","potentialAction":[{"@type":"ReadAction","target":["https:\/\/www.apfelpatient.de\/rumors\/apple-glass-sony-wird-teil-von-apples-lieferkette"]}]},{"@type":"ImageObject","inLanguage":"en-US","@id":"https:\/\/www.apfelpatient.de\/rumors\/apple-glass-sony-wird-teil-von-apples-lieferkette#primaryimage","url":"https:\/\/www.apfelpatient.de\/wp-content\/uploads\/2020\/10\/bigstock-Computing-Brain-Frequencies-373690858.jpg","contentUrl":"https:\/\/www.apfelpatient.de\/wp-content\/uploads\/2020\/10\/bigstock-Computing-Brain-Frequencies-373690858.jpg","width":1600,"height":1200,"caption":"Virtual Micro World. Virtual Wave series. Design made of horizontal sine waves and light particles for projects on data transfer, virtual, artificial, mathematical reality."},{"@type":"BreadcrumbList","@id":"https:\/\/www.apfelpatient.de\/rumors\/apple-glass-sony-wird-teil-von-apples-lieferkette#breadcrumb","itemListElement":[{"@type":"ListItem","position":1,"name":"Startseite","item":"https:\/\/www.apfelpatient.de\/"},{"@type":"ListItem","position":2,"name":"Apple Glass: Sony wird Teil von Apples Lieferkette"}]},{"@type":"WebSite","@id":"https:\/\/www.apfelpatient.de\/#website","url":"https:\/\/www.apfelpatient.de\/","name":"apple patient","description":"Everything about Apple!","publisher":{"@type":"Organization","@id":"https:\/\/www.apfelpatient.de\/en\/#organization","name":"Apfelpatient","url":"https:\/\/www.apfelpatient.de\/en\/"},"alternateName":"Apfelpatient","potentialAction":[{"@type":"SearchAction","target":{"@type":"EntryPoint","urlTemplate":"https:\/\/www.apfelpatient.de\/?s={search_term_string}"},"query-input":{"@type":"PropertyValueSpecification","valueRequired":true,"valueName":"search_term_string"}}],"inLanguage":"en-US"},{"@type":["Person","Organization"],"@id":"https:\/\/www.apfelpatient.de\/#\/schema\/person\/35b3ddba5832f2bfc7fff5206d4f6b7b","name":"Milan","logo":{"@id":"https:\/\/www.apfelpatient.de\/#\/schema\/person\/image\/"},"description":"Hello and welcome to my technology blog! As a big Apple fan, I report on everything to do with Apple: from the latest news and exciting rumors to helpful tips and tricks and detailed product tests. If you are as enthusiastic about technology as I am, you have come to the right place!","sameAs":["https:\/\/www.facebook.com\/apfelpatientOfficial","https:\/\/www.linkedin.com\/in\/milan-jovicic-42aa0231b"],"url":"https:\/\/www.apfelpatient.de\/en\/author\/apfeladmin"}]}},"_links":{"self":[{"href":"https:\/\/www.apfelpatient.de\/en\/wp-json\/wp\/v2\/posts\/16469","targetHints":{"allow":["GET"]}}],"collection":[{"href":"https:\/\/www.apfelpatient.de\/en\/wp-json\/wp\/v2\/posts"}],"about":[{"href":"https:\/\/www.apfelpatient.de\/en\/wp-json\/wp\/v2\/types\/post"}],"author":[{"embeddable":true,"href":"https:\/\/www.apfelpatient.de\/en\/wp-json\/wp\/v2\/users\/2"}],"replies":[{"embeddable":true,"href":"https:\/\/www.apfelpatient.de\/en\/wp-json\/wp\/v2\/comments?post=16469"}],"version-history":[{"count":0,"href":"https:\/\/www.apfelpatient.de\/en\/wp-json\/wp\/v2\/posts\/16469\/revisions"}],"wp:featuredmedia":[{"embeddable":true,"href":"https:\/\/www.apfelpatient.de\/en\/wp-json\/wp\/v2\/media\/16470"}],"wp:attachment":[{"href":"https:\/\/www.apfelpatient.de\/en\/wp-json\/wp\/v2\/media?parent=16469"}],"wp:term":[{"taxonomy":"category","embeddable":true,"href":"https:\/\/www.apfelpatient.de\/en\/wp-json\/wp\/v2\/categories?post=16469"},{"taxonomy":"post_tag","embeddable":true,"href":"https:\/\/www.apfelpatient.de\/en\/wp-json\/wp\/v2\/tags?post=16469"}],"curies":[{"name":"wp","href":"https:\/\/api.w.org\/{rel}","templated":true}]}}