{"id":16386,"date":"2020-10-20T15:12:36","date_gmt":"2020-10-20T13:12:36","guid":{"rendered":"https:\/\/www.apfelpatient.de\/?p=16386"},"modified":"2020-10-20T15:12:37","modified_gmt":"2020-10-20T13:12:37","slug":"airtags-will-soon-be-available-in-two-sizes","status":"publish","type":"post","link":"https:\/\/www.apfelpatient.de\/en\/rumors\/airtags-erscheinen-demnaechst-in-zwei-groessen","title":{"rendered":"AirTags will soon be available in two sizes"},"content":{"rendered":"<p class=\"has-drop-cap\"><strong>Rumors about Apple AirTags have been with us since summer 2019. Now a leaker has announced that the trackers will be presented soon. What&#039;s particularly interesting is that AirTags are supposedly available in two sizes.<\/strong><\/p>\n\n\n\n<p>The anonymous Twitter account L0vetodream is known for its accurate leaks. Unlike Jon Prosser, L0vetodream has an almost flawless hit rate. Now he has spoken out again. In typically enigmatic fashion <a href=\"https:\/\/twitter.com\/L0vetodream\/status\/1318424420193505280\" target=\"_blank\" rel=\"noreferrer noopener\">tweeted<\/a> the leaker first thing this morning said a &quot;large&quot; and &quot;small&quot; device would be &quot;coming soon,&quot; but held off on what they were referring to. However, an hour later, the tweet followed with the &quot;tag TAG,&quot; implying a reference to Apple&#039;s upcoming Tile-like tracking pucks in two sizes.<\/p>\n\n\n\n<h3 class=\"wp-block-heading\" id=\"h-airtags-k-nnten-mit-ios-14-3-eingef-hrt-werden\">AirTags could be introduced with iOS 14.3<\/h3>\n\n\n\n\n\n\n\n<p>Rumors and leaks about the appearance and functionality of the AirTags are nothing new. But we are reading the statement that the small Apple trackers will be available in two sizes for the first time. It remains unclear what purpose the whole thing would serve. However, since L0vetodream has always leaked new products exactly, there is currently no doubt about his statement. Jon Prosser already announced a possible presentation of the new <a href=\"https:\/\/www.apple.com\/de\/iphone-12-pro\/\" target=\"_blank\" rel=\"noreferrer noopener\">accessories<\/a> in November. His <a href=\"https:\/\/www.apfelpatient.de\/en\/rumors\/airtags-airpods-studio-apple-reportedly-changes-plans\">Sources<\/a> According to the report, it is possible that Apple will introduce the AirTags under iOS 14.3, as the new iOS version has all the necessary functions. However, the leaker, who has a mixed track record, is not sure. However, he finds support from L0vetodream. According to him, we could see other new accessories in November in addition to the very first Apple Silicon Mac.\u00a0<\/p>\n\n\n\n<h3 class=\"wp-block-heading\" id=\"h-was-genau-sind-airtags\">What exactly are AirTags?<\/h3>\n\n\n\n<p>Apple&#039;s AirTags are small trackers that can be attached to various objects. This accessory is by no means a new invention. But Apple wants to market them as a useful accessory - so they should have more to offer than competing products such as Tile or Adero - at least on a design level. The biggest advantage is probably the deep integration into Apple devices. This makes management much easier. Whether macOS, iOS or iPadOS - the &quot;Where is?&quot; app is available on all three systems. If you want to find out more about how the small white trackers work, you should take a look at our large <a href=\"https:\/\/www.apfelpatient.de\/en\/generally\/airtags-what-we-know-about-apples-new-product\">Summary<\/a> on the topic.\u00a0<em>(via Jon Prosser)<\/em><\/p>\n\n\n\n<ul class=\"wp-block-list\"><li><a href=\"https:\/\/www.apfelpatient.de\/en\/rumors\/apple-event-november-and-march-dates-are-set\">Apple Event: November and March dates set<\/a><\/li><\/ul>\n\n\n\n<h6 class=\"wp-block-heading translation-block\" id=\"h-kennt-ihr-schon-unsere-amazon-storefront-dort-findet-ihr-eine-handverlesene-auswahl-von-diversen-produkten-f-r-euer-iphone-und-co-viel-spa-beim-st-bern\"><em>Have you already visited our Amazon Storefront? There you&#039;ll find a hand-picked selection of various products for your iPhone and other devices \u2013 <span class=\"has-inline-color has-vivid-red-color\"><a href=\"https:\/\/www.amazon.de\/shop\/apfelpatientofficial\" class=\"ek-link\" data-wpel-link=\"exclude\" rel=\"follow noopener\" target=\"_self\"><span style=\"text-decoration: underline\" class=\"ek-underline\">enjoy browsing<\/span><\/a> !<\/span><\/em><\/h6>\n\n\n\n\n\n<h6 class=\"wp-block-heading translation-block\" id=\"h-der-beitrag-enthalt-partnerlinks\">This post contains <a data-type=\"URL\" data-id=\"https:\/\/www.apfelpatient.de\/partnerprogramm\" href=\"https:\/\/www.apfelpatient.de\/en\/partner-program\" data-wpel-link=\"internal\" target=\"_self\">affiliate links<\/a>.<\/h6>","protected":false},"excerpt":{"rendered":"<p>Rumors about Apple AirTags have been with us since summer 2019. Now a leaker has announced that the trackers will be presented soon.<\/p>","protected":false},"author":2,"featured_media":16264,"comment_status":"closed","ping_status":"closed","sticky":false,"template":"","format":"standard","meta":{"jnews-multi-image_gallery":[],"jnews_single_post":{"subtitle":"","format":"standard","video":"","gallery":"","source_name":"","source_url":"","via_name":"","via_url":"","override":[{"single_blog_custom":"","sidebar":"","second_sidebar":"","share_position":"","share_float_style":"","post_date_format":"","post_date_format_custom":"","post_reading_time_wpm":"","zoom_button_out_step":"1","zoom_button_in_step":"1","number_popup_post":"1"}],"image_override":[{"single_post_thumbnail_size":"","single_post_gallery_size":""}],"trending_post_position":"","trending_post_label":"","sponsored_post_label":"","sponsored_post_name":"","sponsored_post_url":"","sponsored_post_logo":"","sponsored_post_desc":""},"jnews_primary_category":{"id":"25"},"footnotes":""},"categories":[25],"tags":[328,3,538],"class_list":["post-16386","post","type-post","status-publish","format-standard","has-post-thumbnail","hentry","category-rumors","tag-airtag","tag-ios","tag-ios-14-3"],"yoast_head":"<!-- This site is optimized with the Yoast SEO Premium plugin v27.5 (Yoast SEO v27.5) - https:\/\/yoast.com\/product\/yoast-seo-premium-wordpress\/ -->\n<title>AirTags erscheinen demn\u00e4chst in zwei Gr\u00f6\u00dfen Apfelpatient<\/title>\n<meta name=\"description\" content=\"Ger\u00fcchte rund um Apple AirTags begleiten uns seit Sommer 2019. Nun hat ein Leaker die Pr\u00e4sentation der Tracker in K\u00fcrze in Aussicht gestellt.\" \/>\n<meta name=\"robots\" content=\"index, follow, max-snippet:-1, max-image-preview:large, max-video-preview:-1\" \/>\n<link rel=\"canonical\" href=\"https:\/\/www.apfelpatient.de\/en\/rumors\/airtags-will-soon-be-available-in-two-sizes\" \/>\n<meta property=\"og:locale\" content=\"en_US\" \/>\n<meta property=\"og:type\" content=\"article\" \/>\n<meta property=\"og:title\" content=\"AirTags erscheinen demn\u00e4chst in zwei Gr\u00f6\u00dfen\" \/>\n<meta property=\"og:description\" content=\"Ger\u00fcchte rund um Apple AirTags begleiten uns seit Sommer 2019. Nun hat ein Leaker die Pr\u00e4sentation der Tracker in K\u00fcrze in Aussicht gestellt.\" \/>\n<meta property=\"og:url\" content=\"https:\/\/www.apfelpatient.de\/en\/rumors\/airtags-will-soon-be-available-in-two-sizes\" \/>\n<meta property=\"og:site_name\" content=\"Apfelpatient\" \/>\n<meta property=\"article:publisher\" content=\"https:\/\/www.facebook.com\/apfelpatientOfficial\" \/>\n<meta property=\"article:author\" content=\"https:\/\/www.facebook.com\/apfelpatientOfficial\" \/>\n<meta property=\"article:published_time\" content=\"2020-10-20T13:12:36+00:00\" \/>\n<meta property=\"article:modified_time\" content=\"2020-10-20T13:12:37+00:00\" \/>\n<meta property=\"og:image\" content=\"https:\/\/www.apfelpatient.de\/wp-content\/uploads\/2020\/10\/EkUUgnZWsAAh9On.jpeg\" \/>\n\t<meta property=\"og:image:width\" content=\"2048\" \/>\n\t<meta property=\"og:image:height\" content=\"1152\" \/>\n\t<meta property=\"og:image:type\" content=\"image\/jpeg\" \/>\n<meta name=\"author\" content=\"Milan\" \/>\n<meta name=\"twitter:card\" content=\"summary_large_image\" \/>\n<meta name=\"twitter:description\" content=\"Ger\u00fcchte rund um Apple AirTags begleiten uns seit Sommer 2019. Nun hat ein Leaker die Pr\u00e4sentation der Tracker in K\u00fcrze in Aussicht gestellt.\" \/>\n<meta name=\"twitter:label1\" content=\"Written by\" \/>\n\t<meta name=\"twitter:data1\" content=\"Milan\" \/>\n\t<meta name=\"twitter:label2\" content=\"Est. reading time\" \/>\n\t<meta name=\"twitter:data2\" content=\"2 minutes\" \/>\n<script type=\"application\/ld+json\" class=\"yoast-schema-graph\">{\"@context\":\"https:\\\/\\\/schema.org\",\"@graph\":[{\"@type\":\"NewsArticle\",\"@id\":\"https:\\\/\\\/www.apfelpatient.de\\\/rumors\\\/airtags-erscheinen-demnaechst-in-zwei-groessen#article\",\"isPartOf\":{\"@id\":\"https:\\\/\\\/www.apfelpatient.de\\\/rumors\\\/airtags-erscheinen-demnaechst-in-zwei-groessen\"},\"author\":{\"@type\":\"Organization\",\"@id\":\"https:\\\/\\\/www.apfelpatient.de\\\/en\\\/#organization\",\"name\":\"Apfelpatient\",\"url\":\"https:\\\/\\\/www.apfelpatient.de\\\/en\\\/\"},\"headline\":\"AirTags erscheinen demn\u00e4chst in zwei Gr\u00f6\u00dfen\",\"datePublished\":\"2020-10-20T13:12:36+00:00\",\"dateModified\":\"2020-10-20T13:12:37+00:00\",\"mainEntityOfPage\":{\"@id\":\"https:\\\/\\\/www.apfelpatient.de\\\/rumors\\\/airtags-erscheinen-demnaechst-in-zwei-groessen\"},\"wordCount\":414,\"publisher\":{\"@type\":\"Organization\",\"@id\":\"https:\\\/\\\/www.apfelpatient.de\\\/en\\\/#organization\",\"name\":\"Apfelpatient\",\"url\":\"https:\\\/\\\/www.apfelpatient.de\\\/en\\\/\"},\"image\":{\"@id\":\"https:\\\/\\\/www.apfelpatient.de\\\/rumors\\\/airtags-erscheinen-demnaechst-in-zwei-groessen#primaryimage\"},\"thumbnailUrl\":\"https:\\\/\\\/www.apfelpatient.de\\\/wp-content\\\/uploads\\\/2020\\\/10\\\/EkUUgnZWsAAh9On.jpeg\",\"keywords\":[\"AirTags\",\"iOS\",\"iOS 14.3\"],\"articleSection\":\"Rumors\",\"inLanguage\":\"en-US\",\"copyrightYear\":\"2020\",\"copyrightHolder\":{\"@id\":\"https:\\\/\\\/www.apfelpatient.de\\\/en\\\/#organization\"}},{\"@type\":\"WebPage\",\"@id\":\"https:\\\/\\\/www.apfelpatient.de\\\/rumors\\\/airtags-erscheinen-demnaechst-in-zwei-groessen\",\"url\":\"https:\\\/\\\/www.apfelpatient.de\\\/rumors\\\/airtags-erscheinen-demnaechst-in-zwei-groessen\",\"name\":\"AirTags erscheinen demn\u00e4chst in zwei Gr\u00f6\u00dfen Apfelpatient\",\"isPartOf\":{\"@id\":\"https:\\\/\\\/www.apfelpatient.de\\\/#website\"},\"primaryImageOfPage\":{\"@id\":\"https:\\\/\\\/www.apfelpatient.de\\\/rumors\\\/airtags-erscheinen-demnaechst-in-zwei-groessen#primaryimage\"},\"image\":{\"@id\":\"https:\\\/\\\/www.apfelpatient.de\\\/rumors\\\/airtags-erscheinen-demnaechst-in-zwei-groessen#primaryimage\"},\"thumbnailUrl\":\"https:\\\/\\\/www.apfelpatient.de\\\/wp-content\\\/uploads\\\/2020\\\/10\\\/EkUUgnZWsAAh9On.jpeg\",\"datePublished\":\"2020-10-20T13:12:36+00:00\",\"dateModified\":\"2020-10-20T13:12:37+00:00\",\"description\":\"Ger\u00fcchte rund um Apple AirTags begleiten uns seit Sommer 2019. Nun hat ein Leaker die Pr\u00e4sentation der Tracker in K\u00fcrze in Aussicht gestellt.\",\"breadcrumb\":{\"@id\":\"https:\\\/\\\/www.apfelpatient.de\\\/rumors\\\/airtags-erscheinen-demnaechst-in-zwei-groessen#breadcrumb\"},\"inLanguage\":\"en-US\",\"potentialAction\":[{\"@type\":\"ReadAction\",\"target\":[\"https:\\\/\\\/www.apfelpatient.de\\\/rumors\\\/airtags-erscheinen-demnaechst-in-zwei-groessen\"]}]},{\"@type\":\"ImageObject\",\"inLanguage\":\"en-US\",\"@id\":\"https:\\\/\\\/www.apfelpatient.de\\\/rumors\\\/airtags-erscheinen-demnaechst-in-zwei-groessen#primaryimage\",\"url\":\"https:\\\/\\\/www.apfelpatient.de\\\/wp-content\\\/uploads\\\/2020\\\/10\\\/EkUUgnZWsAAh9On.jpeg\",\"contentUrl\":\"https:\\\/\\\/www.apfelpatient.de\\\/wp-content\\\/uploads\\\/2020\\\/10\\\/EkUUgnZWsAAh9On.jpeg\",\"width\":2048,\"height\":1152,\"caption\":\"via Jon Prosser\"},{\"@type\":\"BreadcrumbList\",\"@id\":\"https:\\\/\\\/www.apfelpatient.de\\\/rumors\\\/airtags-erscheinen-demnaechst-in-zwei-groessen#breadcrumb\",\"itemListElement\":[{\"@type\":\"ListItem\",\"position\":1,\"name\":\"Startseite\",\"item\":\"https:\\\/\\\/www.apfelpatient.de\\\/\"},{\"@type\":\"ListItem\",\"position\":2,\"name\":\"AirTags erscheinen demn\u00e4chst in zwei Gr\u00f6\u00dfen\"}]},{\"@type\":\"WebSite\",\"@id\":\"https:\\\/\\\/www.apfelpatient.de\\\/#website\",\"url\":\"https:\\\/\\\/www.apfelpatient.de\\\/\",\"name\":\"Apfelpatient\",\"description\":\"Alles rund um Apple!\",\"publisher\":{\"@type\":\"Organization\",\"@id\":\"https:\\\/\\\/www.apfelpatient.de\\\/en\\\/#organization\",\"name\":\"Apfelpatient\",\"url\":\"https:\\\/\\\/www.apfelpatient.de\\\/en\\\/\"},\"alternateName\":\"Apfelpatient\",\"potentialAction\":[{\"@type\":\"SearchAction\",\"target\":{\"@type\":\"EntryPoint\",\"urlTemplate\":\"https:\\\/\\\/www.apfelpatient.de\\\/?s={search_term_string}\"},\"query-input\":{\"@type\":\"PropertyValueSpecification\",\"valueRequired\":true,\"valueName\":\"search_term_string\"}}],\"inLanguage\":\"en-US\"},{\"@type\":[\"Person\",\"Organization\"],\"@id\":\"https:\\\/\\\/www.apfelpatient.de\\\/#\\\/schema\\\/person\\\/7dc56ad6c8e9824b76d2c08d4c140e13\",\"name\":\"Milan\",\"logo\":{\"@id\":\"https:\\\/\\\/www.apfelpatient.de\\\/#\\\/schema\\\/person\\\/image\\\/\"},\"description\":\"Hallo und herzlich willkommen auf meinem Technik-Blog! Als gro\u00dfer Apple-Fan berichte ich hier \u00fcber alles, was mit Apple zu tun hat: von den neuesten News und spannenden Ger\u00fcchten \u00fcber hilfreiche Tipps und Tricks bis hin zu ausf\u00fchrlichen Produkttests. Wenn du genauso technikbegeistert bist wie ich, bist du hier genau richtig!\",\"sameAs\":[\"https:\\\/\\\/www.facebook.com\\\/apfelpatientOfficial\",\"https:\\\/\\\/www.linkedin.com\\\/in\\\/milan-jovicic-42aa0231b\"],\"url\":\"https:\\\/\\\/www.apfelpatient.de\\\/en\\\/author\\\/apfeladmin\"}]}<\/script>\n<!-- \/ Yoast SEO Premium plugin. -->","yoast_head_json":{"title":"AirTags will soon be available in two sizes Apfelpatient","description":"Rumors about Apple AirTags have been with us since summer 2019. Now a leaker has announced that the trackers will be presented soon.","robots":{"index":"index","follow":"follow","max-snippet":"max-snippet:-1","max-image-preview":"max-image-preview:large","max-video-preview":"max-video-preview:-1"},"canonical":"https:\/\/www.apfelpatient.de\/en\/rumors\/airtags-will-soon-be-available-in-two-sizes","og_locale":"en_US","og_type":"article","og_title":"AirTags erscheinen demn\u00e4chst in zwei Gr\u00f6\u00dfen","og_description":"Ger\u00fcchte rund um Apple AirTags begleiten uns seit Sommer 2019. Nun hat ein Leaker die Pr\u00e4sentation der Tracker in K\u00fcrze in Aussicht gestellt.","og_url":"https:\/\/www.apfelpatient.de\/en\/rumors\/airtags-will-soon-be-available-in-two-sizes","og_site_name":"Apfelpatient","article_publisher":"https:\/\/www.facebook.com\/apfelpatientOfficial","article_author":"https:\/\/www.facebook.com\/apfelpatientOfficial","article_published_time":"2020-10-20T13:12:36+00:00","article_modified_time":"2020-10-20T13:12:37+00:00","og_image":[{"width":2048,"height":1152,"url":"https:\/\/www.apfelpatient.de\/wp-content\/uploads\/2020\/10\/EkUUgnZWsAAh9On.jpeg","type":"image\/jpeg"}],"author":"Milan","twitter_card":"summary_large_image","twitter_description":"Ger\u00fcchte rund um Apple AirTags begleiten uns seit Sommer 2019. Nun hat ein Leaker die Pr\u00e4sentation der Tracker in K\u00fcrze in Aussicht gestellt.","twitter_misc":{"Written by":"Milan","Est. reading time":"2 minutes"},"schema":{"@context":"https:\/\/schema.org","@graph":[{"@type":"NewsArticle","@id":"https:\/\/www.apfelpatient.de\/rumors\/airtags-erscheinen-demnaechst-in-zwei-groessen#article","isPartOf":{"@id":"https:\/\/www.apfelpatient.de\/rumors\/airtags-erscheinen-demnaechst-in-zwei-groessen"},"author":{"@type":"Organization","@id":"https:\/\/www.apfelpatient.de\/en\/#organization","name":"Apfelpatient","url":"https:\/\/www.apfelpatient.de\/en\/"},"headline":"AirTags erscheinen demn\u00e4chst in zwei Gr\u00f6\u00dfen","datePublished":"2020-10-20T13:12:36+00:00","dateModified":"2020-10-20T13:12:37+00:00","mainEntityOfPage":{"@id":"https:\/\/www.apfelpatient.de\/rumors\/airtags-erscheinen-demnaechst-in-zwei-groessen"},"wordCount":414,"publisher":{"@type":"Organization","@id":"https:\/\/www.apfelpatient.de\/en\/#organization","name":"Apfelpatient","url":"https:\/\/www.apfelpatient.de\/en\/"},"image":{"@id":"https:\/\/www.apfelpatient.de\/rumors\/airtags-erscheinen-demnaechst-in-zwei-groessen#primaryimage"},"thumbnailUrl":"https:\/\/www.apfelpatient.de\/wp-content\/uploads\/2020\/10\/EkUUgnZWsAAh9On.jpeg","keywords":["AirTags","iOS","iOS 14.3"],"articleSection":"Rumors","inLanguage":"en-US","copyrightYear":"2020","copyrightHolder":{"@id":"https:\/\/www.apfelpatient.de\/en\/#organization"}},{"@type":"WebPage","@id":"https:\/\/www.apfelpatient.de\/rumors\/airtags-erscheinen-demnaechst-in-zwei-groessen","url":"https:\/\/www.apfelpatient.de\/rumors\/airtags-erscheinen-demnaechst-in-zwei-groessen","name":"AirTags will soon be available in two sizes Apfelpatient","isPartOf":{"@id":"https:\/\/www.apfelpatient.de\/#website"},"primaryImageOfPage":{"@id":"https:\/\/www.apfelpatient.de\/rumors\/airtags-erscheinen-demnaechst-in-zwei-groessen#primaryimage"},"image":{"@id":"https:\/\/www.apfelpatient.de\/rumors\/airtags-erscheinen-demnaechst-in-zwei-groessen#primaryimage"},"thumbnailUrl":"https:\/\/www.apfelpatient.de\/wp-content\/uploads\/2020\/10\/EkUUgnZWsAAh9On.jpeg","datePublished":"2020-10-20T13:12:36+00:00","dateModified":"2020-10-20T13:12:37+00:00","description":"Rumors about Apple AirTags have been with us since summer 2019. Now a leaker has announced that the trackers will be presented soon.","breadcrumb":{"@id":"https:\/\/www.apfelpatient.de\/rumors\/airtags-erscheinen-demnaechst-in-zwei-groessen#breadcrumb"},"inLanguage":"en-US","potentialAction":[{"@type":"ReadAction","target":["https:\/\/www.apfelpatient.de\/rumors\/airtags-erscheinen-demnaechst-in-zwei-groessen"]}]},{"@type":"ImageObject","inLanguage":"en-US","@id":"https:\/\/www.apfelpatient.de\/rumors\/airtags-erscheinen-demnaechst-in-zwei-groessen#primaryimage","url":"https:\/\/www.apfelpatient.de\/wp-content\/uploads\/2020\/10\/EkUUgnZWsAAh9On.jpeg","contentUrl":"https:\/\/www.apfelpatient.de\/wp-content\/uploads\/2020\/10\/EkUUgnZWsAAh9On.jpeg","width":2048,"height":1152,"caption":"via Jon Prosser"},{"@type":"BreadcrumbList","@id":"https:\/\/www.apfelpatient.de\/rumors\/airtags-erscheinen-demnaechst-in-zwei-groessen#breadcrumb","itemListElement":[{"@type":"ListItem","position":1,"name":"Startseite","item":"https:\/\/www.apfelpatient.de\/"},{"@type":"ListItem","position":2,"name":"AirTags erscheinen demn\u00e4chst in zwei Gr\u00f6\u00dfen"}]},{"@type":"WebSite","@id":"https:\/\/www.apfelpatient.de\/#website","url":"https:\/\/www.apfelpatient.de\/","name":"apple patient","description":"Everything about Apple!","publisher":{"@type":"Organization","@id":"https:\/\/www.apfelpatient.de\/en\/#organization","name":"Apfelpatient","url":"https:\/\/www.apfelpatient.de\/en\/"},"alternateName":"Apfelpatient","potentialAction":[{"@type":"SearchAction","target":{"@type":"EntryPoint","urlTemplate":"https:\/\/www.apfelpatient.de\/?s={search_term_string}"},"query-input":{"@type":"PropertyValueSpecification","valueRequired":true,"valueName":"search_term_string"}}],"inLanguage":"en-US"},{"@type":["Person","Organization"],"@id":"https:\/\/www.apfelpatient.de\/#\/schema\/person\/7dc56ad6c8e9824b76d2c08d4c140e13","name":"Milan","logo":{"@id":"https:\/\/www.apfelpatient.de\/#\/schema\/person\/image\/"},"description":"Hello and welcome to my technology blog! As a big Apple fan, I report on everything to do with Apple: from the latest news and exciting rumors to helpful tips and tricks and detailed product tests. If you are as enthusiastic about technology as I am, you have come to the right place!","sameAs":["https:\/\/www.facebook.com\/apfelpatientOfficial","https:\/\/www.linkedin.com\/in\/milan-jovicic-42aa0231b"],"url":"https:\/\/www.apfelpatient.de\/en\/author\/apfeladmin"}]}},"_links":{"self":[{"href":"https:\/\/www.apfelpatient.de\/en\/wp-json\/wp\/v2\/posts\/16386","targetHints":{"allow":["GET"]}}],"collection":[{"href":"https:\/\/www.apfelpatient.de\/en\/wp-json\/wp\/v2\/posts"}],"about":[{"href":"https:\/\/www.apfelpatient.de\/en\/wp-json\/wp\/v2\/types\/post"}],"author":[{"embeddable":true,"href":"https:\/\/www.apfelpatient.de\/en\/wp-json\/wp\/v2\/users\/2"}],"replies":[{"embeddable":true,"href":"https:\/\/www.apfelpatient.de\/en\/wp-json\/wp\/v2\/comments?post=16386"}],"version-history":[{"count":0,"href":"https:\/\/www.apfelpatient.de\/en\/wp-json\/wp\/v2\/posts\/16386\/revisions"}],"wp:featuredmedia":[{"embeddable":true,"href":"https:\/\/www.apfelpatient.de\/en\/wp-json\/wp\/v2\/media\/16264"}],"wp:attachment":[{"href":"https:\/\/www.apfelpatient.de\/en\/wp-json\/wp\/v2\/media?parent=16386"}],"wp:term":[{"taxonomy":"category","embeddable":true,"href":"https:\/\/www.apfelpatient.de\/en\/wp-json\/wp\/v2\/categories?post=16386"},{"taxonomy":"post_tag","embeddable":true,"href":"https:\/\/www.apfelpatient.de\/en\/wp-json\/wp\/v2\/tags?post=16386"}],"curies":[{"name":"wp","href":"https:\/\/api.w.org\/{rel}","templated":true}]}}