{"id":16316,"date":"2020-10-17T01:15:05","date_gmt":"2020-10-16T23:15:05","guid":{"rendered":"https:\/\/www.apfelpatient.de\/?p=16316"},"modified":"2020-10-17T01:15:06","modified_gmt":"2020-10-16T23:15:06","slug":"iphone-12-document-reveals-battery-capacities","status":"publish","type":"post","link":"https:\/\/www.apfelpatient.de\/en\/news\/iphone-12-dokument-enthuellt-batteriekapazitaeten","title":{"rendered":"iPhone 12: Document reveals battery capacities"},"content":{"rendered":"<p class=\"has-drop-cap\"><strong>Since yesterday, the iPhone 12 \/ 12 Pro can be pre-ordered in around 30 countries. Now an official document reveals the battery capacities.<\/strong><\/p>\n\n\n\n<p>Apple&#039;s new smartphone models have now also received regulatory approval in Brazil. Official government documents reveal the battery capacities of the iPhone 12 \/ 12 mini. The iPhone 12 \/ 12 Pro can be pre-ordered in several countries since Friday, October 16th. But the market launch is to be expanded to other countries soon. For example, Technoblog has new regulatory documents from the Brazilian authority ANATEL <a href=\"https:\/\/tecnoblog.net\/375541\/iphone-12-pro-e-homologado-na-anatel-iphone-12-mini-tem-bateria-de-2-227-mah\/\" target=\"_blank\" rel=\"noreferrer noopener\">discovered<\/a>. These documents indicate that the mini model has a battery capacity of 2,227 mAh and the iPhone 12 has a battery capacity of 2,815 mAh. ANATEL, the Brazilian equivalent of the Federal Communications Commission (FCC), has also approved the batteries in the iPhone 12 Pro \/ 12 Pro Max devices. However, the capacities for these models are currently unknown.<\/p>\n\n\n\n<figure class=\"wp-block-image size-large\"><img decoding=\"async\" width=\"731\" height=\"1024\" src=\"https:\/\/www.apfelpatient.de\/wp-content\/uploads\/2020\/10\/apple_iphone-12_2-up_geo_10132020-731x1024.jpg\" alt=\"iPhone 12\" class=\"wp-image-16157\" srcset=\"https:\/\/www.apfelpatient.de\/wp-content\/uploads\/2020\/10\/apple_iphone-12_2-up_geo_10132020-731x1024.jpg 731w, https:\/\/www.apfelpatient.de\/wp-content\/uploads\/2020\/10\/apple_iphone-12_2-up_geo_10132020-214x300.jpg 214w, https:\/\/www.apfelpatient.de\/wp-content\/uploads\/2020\/10\/apple_iphone-12_2-up_geo_10132020-768x1076.jpg 768w, https:\/\/www.apfelpatient.de\/wp-content\/uploads\/2020\/10\/apple_iphone-12_2-up_geo_10132020-1096x1536.jpg 1096w, https:\/\/www.apfelpatient.de\/wp-content\/uploads\/2020\/10\/apple_iphone-12_2-up_geo_10132020-360x504.jpg 360w, https:\/\/www.apfelpatient.de\/wp-content\/uploads\/2020\/10\/apple_iphone-12_2-up_geo_10132020-750x1051.jpg 750w, https:\/\/www.apfelpatient.de\/wp-content\/uploads\/2020\/10\/apple_iphone-12_2-up_geo_10132020-1140x1597.jpg 1140w, https:\/\/www.apfelpatient.de\/wp-content\/uploads\/2020\/10\/apple_iphone-12_2-up_geo_10132020.jpg 1306w\" sizes=\"(max-width: 731px) 100vw, 731px\" \/><figcaption>Image: Apple<\/figcaption><\/figure>\n\n\n\n<p><\/p>\n\n\n\n<h3 class=\"wp-block-heading\" id=\"h-iphone-12-pro-produktion-in-brasilien-und-indien\">iPhone 12 Pro: Production in Brazil and India<\/h3>\n\n\n\n\n\n\n\n<p>Apple itself does not list battery capacities for iPhone devices. Instead, the company lists the estimated battery life. The Cupertino-based company says that the Mini model, for example, will provide up to 15 hours of video playback. The discovered documents also reveal that the new devices will only support 4G and sub-6GHz 5G, as expected. Support for high-frequency mmWave bands is limited to models sold in the United States. In addition to the device specifications, Technoblog&#039;s find also suggests that Apple will produce the Pro versions in India and Brazil. Apple currently manufactures iPhone models in both countries, and there are already rumors that iPhone 12 models produced in India could ship by 2021.<em> (Image: Apple)<\/em><\/p>\n\n\n\n<ul class=\"wp-block-list\"><li><a href=\"https:\/\/www.apfelpatient.de\/en\/rumors\/iphone-touch-id-under-the-display-comes\">iPhone: Touch ID under the display is coming<\/a><\/li><\/ul>\n\n\n\n<h6 class=\"wp-block-heading translation-block\" id=\"h-kennt-ihr-schon-unsere-amazon-storefront-dort-findet-ihr-eine-handverlesene-auswahl-von-diversen-produkten-f-r-euer-iphone-und-co-viel-spa-beim-st-bern\"><em>Have you already visited our Amazon Storefront? There you&#039;ll find a hand-picked selection of various products for your iPhone and other devices \u2013 <span class=\"has-inline-color has-vivid-red-color\"><a href=\"https:\/\/www.amazon.de\/shop\/apfelpatientofficial\" class=\"ek-link\" data-wpel-link=\"exclude\" rel=\"follow noopener\" target=\"_self\"><span style=\"text-decoration: underline\" class=\"ek-underline\">enjoy browsing<\/span><\/a> !<\/span><\/em><\/h6>\n\n\n\n\n\n<h6 class=\"wp-block-heading translation-block\" id=\"h-der-beitrag-enthalt-partnerlinks\">This post contains <a data-type=\"URL\" data-id=\"https:\/\/www.apfelpatient.de\/partnerprogramm\" href=\"https:\/\/www.apfelpatient.de\/en\/partner-program\" data-wpel-link=\"internal\" target=\"_self\">affiliate links<\/a>.<\/h6>","protected":false},"excerpt":{"rendered":"<p>The iPhone 12 \/ 12 Pro can be pre-ordered in several countries since Friday, October 16th. What are the battery capacities?<\/p>","protected":false},"author":2,"featured_media":16162,"comment_status":"closed","ping_status":"closed","sticky":false,"template":"","format":"standard","meta":{"jnews-multi-image_gallery":[],"jnews_single_post":{"subtitle":"","format":"standard","video":"","gallery":"","source_name":"","source_url":"","via_name":"","via_url":"","override":[{"single_blog_custom":"","sidebar":"","second_sidebar":"","share_position":"","share_float_style":"","post_date_format":"","post_date_format_custom":"","post_reading_time_wpm":"","zoom_button_out_step":"1","zoom_button_in_step":"1","number_popup_post":"1"}],"image_override":[{"single_post_thumbnail_size":"","single_post_gallery_size":""}],"trending_post_position":"","trending_post_label":"","sponsored_post_label":"","sponsored_post_name":"","sponsored_post_url":"","sponsored_post_logo":"","sponsored_post_desc":""},"jnews_primary_category":{"id":"9"},"footnotes":""},"categories":[9],"tags":[8,321,254],"class_list":["post-16316","post","type-post","status-publish","format-standard","has-post-thumbnail","hentry","category-news","tag-iphone","tag-iphone-12","tag-iphone-2020"],"yoast_head":"<!-- This site is optimized with the Yoast SEO Premium plugin v27.5 (Yoast SEO v27.5) - https:\/\/yoast.com\/product\/yoast-seo-premium-wordpress\/ -->\n<title>iPhone 12: Dokument enth\u00fcllt Batteriekapazit\u00e4ten Apfelpatient<\/title>\n<meta name=\"description\" content=\"Das iPhone 12 \/ 12 Pro k\u00f6nnen seit Freitag, den 16. Oktober in mehreren L\u00e4ndern vorbestellt werden. Wie gro\u00df sind die Batteriekapazit\u00e4ten?\" \/>\n<meta name=\"robots\" content=\"index, follow, max-snippet:-1, max-image-preview:large, max-video-preview:-1\" \/>\n<link rel=\"canonical\" href=\"https:\/\/www.apfelpatient.de\/en\/news\/iphone-12-document-reveals-battery-capacities\" \/>\n<meta property=\"og:locale\" content=\"en_US\" \/>\n<meta property=\"og:type\" content=\"article\" \/>\n<meta property=\"og:title\" content=\"iPhone 12: Dokument enth\u00fcllt Batteriekapazit\u00e4ten\" \/>\n<meta property=\"og:description\" content=\"Das iPhone 12 \/ 12 Pro k\u00f6nnen seit Freitag, den 16. Oktober in mehreren L\u00e4ndern vorbestellt werden. Wie gro\u00df sind die Batteriekapazit\u00e4ten?\" \/>\n<meta property=\"og:url\" content=\"https:\/\/www.apfelpatient.de\/en\/news\/iphone-12-document-reveals-battery-capacities\" \/>\n<meta property=\"og:site_name\" content=\"Apfelpatient\" \/>\n<meta property=\"article:publisher\" content=\"https:\/\/www.facebook.com\/apfelpatientOfficial\" \/>\n<meta property=\"article:author\" content=\"https:\/\/www.facebook.com\/apfelpatientOfficial\" \/>\n<meta property=\"article:published_time\" content=\"2020-10-16T23:15:05+00:00\" \/>\n<meta property=\"article:modified_time\" content=\"2020-10-16T23:15:06+00:00\" \/>\n<meta property=\"og:image\" content=\"https:\/\/www.apfelpatient.de\/wp-content\/uploads\/2020\/10\/apple_iphone-12_color-red_10132020.jpg\" \/>\n\t<meta property=\"og:image:width\" content=\"1960\" \/>\n\t<meta property=\"og:image:height\" content=\"1400\" \/>\n\t<meta property=\"og:image:type\" content=\"image\/jpeg\" \/>\n<meta name=\"author\" content=\"Milan\" \/>\n<meta name=\"twitter:card\" content=\"summary_large_image\" \/>\n<meta name=\"twitter:description\" content=\"Das iPhone 12 \/ 12 Pro k\u00f6nnen seit Freitag, den 16. Oktober in mehreren L\u00e4ndern vorbestellt werden. Wie gro\u00df sind die Batteriekapazit\u00e4ten?\" \/>\n<meta name=\"twitter:label1\" content=\"Written by\" \/>\n\t<meta name=\"twitter:data1\" content=\"Milan\" \/>\n\t<meta name=\"twitter:label2\" content=\"Est. reading time\" \/>\n\t<meta name=\"twitter:data2\" content=\"2 minutes\" \/>\n<script type=\"application\/ld+json\" class=\"yoast-schema-graph\">{\"@context\":\"https:\\\/\\\/schema.org\",\"@graph\":[{\"@type\":\"NewsArticle\",\"@id\":\"https:\\\/\\\/www.apfelpatient.de\\\/news\\\/iphone-12-dokument-enthuellt-batteriekapazitaeten#article\",\"isPartOf\":{\"@id\":\"https:\\\/\\\/www.apfelpatient.de\\\/news\\\/iphone-12-dokument-enthuellt-batteriekapazitaeten\"},\"author\":{\"@type\":\"Organization\",\"@id\":\"https:\\\/\\\/www.apfelpatient.de\\\/en\\\/#organization\",\"name\":\"Apfelpatient\",\"url\":\"https:\\\/\\\/www.apfelpatient.de\\\/en\\\/\"},\"headline\":\"iPhone 12: Dokument enth\u00fcllt Batteriekapazit\u00e4ten\",\"datePublished\":\"2020-10-16T23:15:05+00:00\",\"dateModified\":\"2020-10-16T23:15:06+00:00\",\"mainEntityOfPage\":{\"@id\":\"https:\\\/\\\/www.apfelpatient.de\\\/news\\\/iphone-12-dokument-enthuellt-batteriekapazitaeten\"},\"wordCount\":306,\"publisher\":{\"@type\":\"Organization\",\"@id\":\"https:\\\/\\\/www.apfelpatient.de\\\/en\\\/#organization\",\"name\":\"Apfelpatient\",\"url\":\"https:\\\/\\\/www.apfelpatient.de\\\/en\\\/\"},\"image\":{\"@id\":\"https:\\\/\\\/www.apfelpatient.de\\\/news\\\/iphone-12-dokument-enthuellt-batteriekapazitaeten#primaryimage\"},\"thumbnailUrl\":\"https:\\\/\\\/www.apfelpatient.de\\\/wp-content\\\/uploads\\\/2020\\\/10\\\/apple_iphone-12_color-red_10132020.jpg\",\"keywords\":[\"iPhone\",\"iPhone 12\",\"iPhone 2020\"],\"articleSection\":\"News\",\"inLanguage\":\"en-US\",\"copyrightYear\":\"2020\",\"copyrightHolder\":{\"@id\":\"https:\\\/\\\/www.apfelpatient.de\\\/en\\\/#organization\"}},{\"@type\":\"WebPage\",\"@id\":\"https:\\\/\\\/www.apfelpatient.de\\\/news\\\/iphone-12-dokument-enthuellt-batteriekapazitaeten\",\"url\":\"https:\\\/\\\/www.apfelpatient.de\\\/news\\\/iphone-12-dokument-enthuellt-batteriekapazitaeten\",\"name\":\"iPhone 12: Dokument enth\u00fcllt Batteriekapazit\u00e4ten Apfelpatient\",\"isPartOf\":{\"@id\":\"https:\\\/\\\/www.apfelpatient.de\\\/#website\"},\"primaryImageOfPage\":{\"@id\":\"https:\\\/\\\/www.apfelpatient.de\\\/news\\\/iphone-12-dokument-enthuellt-batteriekapazitaeten#primaryimage\"},\"image\":{\"@id\":\"https:\\\/\\\/www.apfelpatient.de\\\/news\\\/iphone-12-dokument-enthuellt-batteriekapazitaeten#primaryimage\"},\"thumbnailUrl\":\"https:\\\/\\\/www.apfelpatient.de\\\/wp-content\\\/uploads\\\/2020\\\/10\\\/apple_iphone-12_color-red_10132020.jpg\",\"datePublished\":\"2020-10-16T23:15:05+00:00\",\"dateModified\":\"2020-10-16T23:15:06+00:00\",\"description\":\"Das iPhone 12 \\\/ 12 Pro k\u00f6nnen seit Freitag, den 16. Oktober in mehreren L\u00e4ndern vorbestellt werden. Wie gro\u00df sind die Batteriekapazit\u00e4ten?\",\"breadcrumb\":{\"@id\":\"https:\\\/\\\/www.apfelpatient.de\\\/news\\\/iphone-12-dokument-enthuellt-batteriekapazitaeten#breadcrumb\"},\"inLanguage\":\"en-US\",\"potentialAction\":[{\"@type\":\"ReadAction\",\"target\":[\"https:\\\/\\\/www.apfelpatient.de\\\/news\\\/iphone-12-dokument-enthuellt-batteriekapazitaeten\"]}]},{\"@type\":\"ImageObject\",\"inLanguage\":\"en-US\",\"@id\":\"https:\\\/\\\/www.apfelpatient.de\\\/news\\\/iphone-12-dokument-enthuellt-batteriekapazitaeten#primaryimage\",\"url\":\"https:\\\/\\\/www.apfelpatient.de\\\/wp-content\\\/uploads\\\/2020\\\/10\\\/apple_iphone-12_color-red_10132020.jpg\",\"contentUrl\":\"https:\\\/\\\/www.apfelpatient.de\\\/wp-content\\\/uploads\\\/2020\\\/10\\\/apple_iphone-12_color-red_10132020.jpg\",\"width\":1960,\"height\":1400,\"caption\":\"Bild: Apple\"},{\"@type\":\"BreadcrumbList\",\"@id\":\"https:\\\/\\\/www.apfelpatient.de\\\/news\\\/iphone-12-dokument-enthuellt-batteriekapazitaeten#breadcrumb\",\"itemListElement\":[{\"@type\":\"ListItem\",\"position\":1,\"name\":\"Startseite\",\"item\":\"https:\\\/\\\/www.apfelpatient.de\\\/\"},{\"@type\":\"ListItem\",\"position\":2,\"name\":\"iPhone 12: Dokument enth\u00fcllt Batteriekapazit\u00e4ten\"}]},{\"@type\":\"WebSite\",\"@id\":\"https:\\\/\\\/www.apfelpatient.de\\\/#website\",\"url\":\"https:\\\/\\\/www.apfelpatient.de\\\/\",\"name\":\"Apfelpatient\",\"description\":\"Alles rund um Apple!\",\"publisher\":{\"@type\":\"Organization\",\"@id\":\"https:\\\/\\\/www.apfelpatient.de\\\/en\\\/#organization\",\"name\":\"Apfelpatient\",\"url\":\"https:\\\/\\\/www.apfelpatient.de\\\/en\\\/\"},\"alternateName\":\"Apfelpatient\",\"potentialAction\":[{\"@type\":\"SearchAction\",\"target\":{\"@type\":\"EntryPoint\",\"urlTemplate\":\"https:\\\/\\\/www.apfelpatient.de\\\/?s={search_term_string}\"},\"query-input\":{\"@type\":\"PropertyValueSpecification\",\"valueRequired\":true,\"valueName\":\"search_term_string\"}}],\"inLanguage\":\"en-US\"},{\"@type\":[\"Person\",\"Organization\"],\"@id\":\"https:\\\/\\\/www.apfelpatient.de\\\/#\\\/schema\\\/person\\\/7dc56ad6c8e9824b76d2c08d4c140e13\",\"name\":\"Milan\",\"logo\":{\"@id\":\"https:\\\/\\\/www.apfelpatient.de\\\/#\\\/schema\\\/person\\\/image\\\/\"},\"description\":\"Hallo und herzlich willkommen auf meinem Technik-Blog! Als gro\u00dfer Apple-Fan berichte ich hier \u00fcber alles, was mit Apple zu tun hat: von den neuesten News und spannenden Ger\u00fcchten \u00fcber hilfreiche Tipps und Tricks bis hin zu ausf\u00fchrlichen Produkttests. Wenn du genauso technikbegeistert bist wie ich, bist du hier genau richtig!\",\"sameAs\":[\"https:\\\/\\\/www.facebook.com\\\/apfelpatientOfficial\",\"https:\\\/\\\/www.linkedin.com\\\/in\\\/milan-jovicic-42aa0231b\"],\"url\":\"https:\\\/\\\/www.apfelpatient.de\\\/en\\\/author\\\/apfeladmin\"}]}<\/script>\n<!-- \/ Yoast SEO Premium plugin. -->","yoast_head_json":{"title":"iPhone 12: Document reveals battery capacities Apfelpatient","description":"The iPhone 12 \/ 12 Pro can be pre-ordered in several countries since Friday, October 16th. What are the battery capacities?","robots":{"index":"index","follow":"follow","max-snippet":"max-snippet:-1","max-image-preview":"max-image-preview:large","max-video-preview":"max-video-preview:-1"},"canonical":"https:\/\/www.apfelpatient.de\/en\/news\/iphone-12-document-reveals-battery-capacities","og_locale":"en_US","og_type":"article","og_title":"iPhone 12: Dokument enth\u00fcllt Batteriekapazit\u00e4ten","og_description":"Das iPhone 12 \/ 12 Pro k\u00f6nnen seit Freitag, den 16. Oktober in mehreren L\u00e4ndern vorbestellt werden. Wie gro\u00df sind die Batteriekapazit\u00e4ten?","og_url":"https:\/\/www.apfelpatient.de\/en\/news\/iphone-12-document-reveals-battery-capacities","og_site_name":"Apfelpatient","article_publisher":"https:\/\/www.facebook.com\/apfelpatientOfficial","article_author":"https:\/\/www.facebook.com\/apfelpatientOfficial","article_published_time":"2020-10-16T23:15:05+00:00","article_modified_time":"2020-10-16T23:15:06+00:00","og_image":[{"width":1960,"height":1400,"url":"https:\/\/www.apfelpatient.de\/wp-content\/uploads\/2020\/10\/apple_iphone-12_color-red_10132020.jpg","type":"image\/jpeg"}],"author":"Milan","twitter_card":"summary_large_image","twitter_description":"Das iPhone 12 \/ 12 Pro k\u00f6nnen seit Freitag, den 16. Oktober in mehreren L\u00e4ndern vorbestellt werden. Wie gro\u00df sind die Batteriekapazit\u00e4ten?","twitter_misc":{"Written by":"Milan","Est. reading time":"2 minutes"},"schema":{"@context":"https:\/\/schema.org","@graph":[{"@type":"NewsArticle","@id":"https:\/\/www.apfelpatient.de\/news\/iphone-12-dokument-enthuellt-batteriekapazitaeten#article","isPartOf":{"@id":"https:\/\/www.apfelpatient.de\/news\/iphone-12-dokument-enthuellt-batteriekapazitaeten"},"author":{"@type":"Organization","@id":"https:\/\/www.apfelpatient.de\/en\/#organization","name":"Apfelpatient","url":"https:\/\/www.apfelpatient.de\/en\/"},"headline":"iPhone 12: Dokument enth\u00fcllt Batteriekapazit\u00e4ten","datePublished":"2020-10-16T23:15:05+00:00","dateModified":"2020-10-16T23:15:06+00:00","mainEntityOfPage":{"@id":"https:\/\/www.apfelpatient.de\/news\/iphone-12-dokument-enthuellt-batteriekapazitaeten"},"wordCount":306,"publisher":{"@type":"Organization","@id":"https:\/\/www.apfelpatient.de\/en\/#organization","name":"Apfelpatient","url":"https:\/\/www.apfelpatient.de\/en\/"},"image":{"@id":"https:\/\/www.apfelpatient.de\/news\/iphone-12-dokument-enthuellt-batteriekapazitaeten#primaryimage"},"thumbnailUrl":"https:\/\/www.apfelpatient.de\/wp-content\/uploads\/2020\/10\/apple_iphone-12_color-red_10132020.jpg","keywords":["iPhone","iPhone 12","iPhone 2020"],"articleSection":"News","inLanguage":"en-US","copyrightYear":"2020","copyrightHolder":{"@id":"https:\/\/www.apfelpatient.de\/en\/#organization"}},{"@type":"WebPage","@id":"https:\/\/www.apfelpatient.de\/news\/iphone-12-dokument-enthuellt-batteriekapazitaeten","url":"https:\/\/www.apfelpatient.de\/news\/iphone-12-dokument-enthuellt-batteriekapazitaeten","name":"iPhone 12: Document reveals battery capacities Apfelpatient","isPartOf":{"@id":"https:\/\/www.apfelpatient.de\/#website"},"primaryImageOfPage":{"@id":"https:\/\/www.apfelpatient.de\/news\/iphone-12-dokument-enthuellt-batteriekapazitaeten#primaryimage"},"image":{"@id":"https:\/\/www.apfelpatient.de\/news\/iphone-12-dokument-enthuellt-batteriekapazitaeten#primaryimage"},"thumbnailUrl":"https:\/\/www.apfelpatient.de\/wp-content\/uploads\/2020\/10\/apple_iphone-12_color-red_10132020.jpg","datePublished":"2020-10-16T23:15:05+00:00","dateModified":"2020-10-16T23:15:06+00:00","description":"The iPhone 12 \/ 12 Pro can be pre-ordered in several countries since Friday, October 16th. What are the battery capacities?","breadcrumb":{"@id":"https:\/\/www.apfelpatient.de\/news\/iphone-12-dokument-enthuellt-batteriekapazitaeten#breadcrumb"},"inLanguage":"en-US","potentialAction":[{"@type":"ReadAction","target":["https:\/\/www.apfelpatient.de\/news\/iphone-12-dokument-enthuellt-batteriekapazitaeten"]}]},{"@type":"ImageObject","inLanguage":"en-US","@id":"https:\/\/www.apfelpatient.de\/news\/iphone-12-dokument-enthuellt-batteriekapazitaeten#primaryimage","url":"https:\/\/www.apfelpatient.de\/wp-content\/uploads\/2020\/10\/apple_iphone-12_color-red_10132020.jpg","contentUrl":"https:\/\/www.apfelpatient.de\/wp-content\/uploads\/2020\/10\/apple_iphone-12_color-red_10132020.jpg","width":1960,"height":1400,"caption":"Bild: Apple"},{"@type":"BreadcrumbList","@id":"https:\/\/www.apfelpatient.de\/news\/iphone-12-dokument-enthuellt-batteriekapazitaeten#breadcrumb","itemListElement":[{"@type":"ListItem","position":1,"name":"Startseite","item":"https:\/\/www.apfelpatient.de\/"},{"@type":"ListItem","position":2,"name":"iPhone 12: Dokument enth\u00fcllt Batteriekapazit\u00e4ten"}]},{"@type":"WebSite","@id":"https:\/\/www.apfelpatient.de\/#website","url":"https:\/\/www.apfelpatient.de\/","name":"apple patient","description":"Everything about Apple!","publisher":{"@type":"Organization","@id":"https:\/\/www.apfelpatient.de\/en\/#organization","name":"Apfelpatient","url":"https:\/\/www.apfelpatient.de\/en\/"},"alternateName":"Apfelpatient","potentialAction":[{"@type":"SearchAction","target":{"@type":"EntryPoint","urlTemplate":"https:\/\/www.apfelpatient.de\/?s={search_term_string}"},"query-input":{"@type":"PropertyValueSpecification","valueRequired":true,"valueName":"search_term_string"}}],"inLanguage":"en-US"},{"@type":["Person","Organization"],"@id":"https:\/\/www.apfelpatient.de\/#\/schema\/person\/7dc56ad6c8e9824b76d2c08d4c140e13","name":"Milan","logo":{"@id":"https:\/\/www.apfelpatient.de\/#\/schema\/person\/image\/"},"description":"Hello and welcome to my technology blog! As a big Apple fan, I report on everything to do with Apple: from the latest news and exciting rumors to helpful tips and tricks and detailed product tests. If you are as enthusiastic about technology as I am, you have come to the right place!","sameAs":["https:\/\/www.facebook.com\/apfelpatientOfficial","https:\/\/www.linkedin.com\/in\/milan-jovicic-42aa0231b"],"url":"https:\/\/www.apfelpatient.de\/en\/author\/apfeladmin"}]}},"_links":{"self":[{"href":"https:\/\/www.apfelpatient.de\/en\/wp-json\/wp\/v2\/posts\/16316","targetHints":{"allow":["GET"]}}],"collection":[{"href":"https:\/\/www.apfelpatient.de\/en\/wp-json\/wp\/v2\/posts"}],"about":[{"href":"https:\/\/www.apfelpatient.de\/en\/wp-json\/wp\/v2\/types\/post"}],"author":[{"embeddable":true,"href":"https:\/\/www.apfelpatient.de\/en\/wp-json\/wp\/v2\/users\/2"}],"replies":[{"embeddable":true,"href":"https:\/\/www.apfelpatient.de\/en\/wp-json\/wp\/v2\/comments?post=16316"}],"version-history":[{"count":0,"href":"https:\/\/www.apfelpatient.de\/en\/wp-json\/wp\/v2\/posts\/16316\/revisions"}],"wp:featuredmedia":[{"embeddable":true,"href":"https:\/\/www.apfelpatient.de\/en\/wp-json\/wp\/v2\/media\/16162"}],"wp:attachment":[{"href":"https:\/\/www.apfelpatient.de\/en\/wp-json\/wp\/v2\/media?parent=16316"}],"wp:term":[{"taxonomy":"category","embeddable":true,"href":"https:\/\/www.apfelpatient.de\/en\/wp-json\/wp\/v2\/categories?post=16316"},{"taxonomy":"post_tag","embeddable":true,"href":"https:\/\/www.apfelpatient.de\/en\/wp-json\/wp\/v2\/tags?post=16316"}],"curies":[{"name":"wp","href":"https:\/\/api.w.org\/{rel}","templated":true}]}}