{"id":16265,"date":"2020-10-14T23:57:16","date_gmt":"2020-10-14T21:57:16","guid":{"rendered":"https:\/\/www.apfelpatient.de\/?p=16265"},"modified":"2020-10-14T23:57:16","modified_gmt":"2020-10-14T21:57:16","slug":"airtags-airpods-studio-apple-reportedly-changes-plans","status":"publish","type":"post","link":"https:\/\/www.apfelpatient.de\/en\/rumors\/airtags-airpods-studio-apple-aendert-angeblich-plaene","title":{"rendered":"AirTags &amp; AirPods Studio: Apple reportedly changes plans"},"content":{"rendered":"<p class=\"has-drop-cap\"><strong>Earlier this week, Apple introduced the iPhone 12 series, the HomePod mini and two chargers with MagSafe technology. But there is no sign of the AirTags and AirPods Studio.<\/strong><\/p>\n\n\n\n<p>Originally, it was expected that Apple would present the leaked AirTags and AirPods Studio alongside the iPhone 12 series. At least that is what leakers had promised in advance. But Jon Prosser, a newcomer among Apple leakers, caused disillusionment a few days before the event. According to his information, Apple has postponed the presentation of the AirTags until spring 2021. With regard to the AirPods Studio, the unveiling is expected to be via press release or as part of a November event. But now he has spoken out again and <a href=\"https:\/\/www.apple.com\/\" target=\"_blank\" rel=\"noreferrer noopener\">Apples<\/a> latest plans. According to them, the AirPods Studio are now to be postponed and the AirTags brought forward. There are said to be changes with regard to the over-ear headphones. This means that according to the leaker, the new audio accessories could be ready for shipping in December at best - with a lot of luck.\u00a0<\/p>\n\n\n\n<h3 class=\"wp-block-heading\" id=\"h-airtags-vorstellung-apple-muss-es-f-hlen\">AirTags launch: Apple has to \u201cfeel\u201d it<\/h3>\n\n\n\n\n\n\n\n<p>Things are apparently different with regard to the AirTags. According to Prosser, Apple could introduce the small trackers next month with iOS 14.3, as the third point version of iOS 14 is supposed to have corresponding features. This is stated in a <a href=\"https:\/\/twitter.com\/jon_prosser?lang=de\" target=\"_blank\" rel=\"noreferrer noopener\">Tweet<\/a>:<\/p>\n\n\n\n<blockquote class=\"wp-block-quote is-layout-flow wp-block-quote-is-layout-flow\"><p>Now that AirPods Studio has been shelved, it looks like Apple will introduce AirTags after all.<\/p><p>Currently, it is scheduled to be released with iOS 14.3 (iOS 14.3 will include features important to AirTags), and iOS 14.3 is scheduled to be released next month.<\/p><\/blockquote>\n\n\n\n<p>When asked why Apple is still holding back the AirTags, Prosser explained in a follow-up post:<\/p>\n\n\n\n<blockquote class=\"wp-block-quote is-layout-flow wp-block-quote-is-layout-flow\"><p>Unlike AirPods Studio, AirTags are and were finished &amp; ready. We&#039;re not even talking about the production schedule for this product at this point.\u00a0<\/p><p>It basically depends on when Apple *feels* it&#039;s the right time to release it.<\/p><\/blockquote>\n\n\n\n<p>It remains to be seen whether Prosser will once again be right. Whether Apple will actually release the AirTags in November is up in the air. The launch of the very first Apple Silicon Mac, on the other hand, is considered certain. So if Apple releases a <a href=\"https:\/\/www.apfelpatient.de\/en\/rumors\/apple-silicon-third-event-planned-in-november\">third keynote<\/a>, it can be assumed that not only a brand new Mac will be released \u2013 the alternative would of course be a simple press release. <em>(via Jon Prosser)<\/em><\/p>\n\n\n\n<ul class=\"wp-block-list\"><li><a href=\"https:\/\/www.apfelpatient.de\/en\/news\/iphone-12-new-details-about-magsafe-charger\">iPhone 12: New details about MagSafe charger<\/a><\/li><\/ul>\n\n\n\n<h6 class=\"wp-block-heading translation-block\" id=\"h-kennt-ihr-schon-unsere-amazon-storefront-dort-findet-ihr-eine-handverlesene-auswahl-von-diversen-produkten-f-r-euer-iphone-und-co-viel-spa-beim-st-bern\"><em>Have you already visited our Amazon Storefront? There you&#039;ll find a hand-picked selection of various products for your iPhone and other devices \u2013 <span class=\"has-inline-color has-vivid-red-color\"><a href=\"https:\/\/www.amazon.de\/shop\/apfelpatientofficial\" class=\"ek-link\" data-wpel-link=\"exclude\" rel=\"follow noopener\" target=\"_self\"><span style=\"text-decoration: underline\" class=\"ek-underline\">enjoy browsing<\/span><\/a> !<\/span><\/em><\/h6>\n\n\n\n\n\n<h6 class=\"wp-block-heading translation-block\" id=\"h-der-beitrag-enthalt-partnerlinks\">This post contains <a data-type=\"URL\" data-id=\"https:\/\/www.apfelpatient.de\/partnerprogramm\" href=\"https:\/\/www.apfelpatient.de\/en\/partner-program\" data-wpel-link=\"internal\" target=\"_self\">affiliate links<\/a>.<\/h6>","protected":false},"excerpt":{"rendered":"<p>Apple introduced the iPhone 12 series and more earlier this week. But there is no sign of the AirTags and AirPods Studio.<\/p>","protected":false},"author":2,"featured_media":16264,"comment_status":"closed","ping_status":"closed","sticky":false,"template":"","format":"standard","meta":{"jnews-multi-image_gallery":[],"jnews_single_post":{"subtitle":"","format":"standard","video":"","gallery":"","source_name":"","source_url":"","via_name":"","via_url":"","override":[{"single_blog_custom":"","sidebar":"","second_sidebar":"","share_position":"","share_float_style":"","post_date_format":"","post_date_format_custom":"","post_reading_time_wpm":"","zoom_button_out_step":"1","zoom_button_in_step":"1","number_popup_post":"1"}],"image_override":[{"single_post_thumbnail_size":"","single_post_gallery_size":""}],"trending_post_position":"","trending_post_label":"","sponsored_post_label":"","sponsored_post_name":"","sponsored_post_url":"","sponsored_post_logo":"","sponsored_post_desc":""},"jnews_primary_category":{"id":"25"},"footnotes":""},"categories":[25],"tags":[28,409,328],"class_list":["post-16265","post","type-post","status-publish","format-standard","has-post-thumbnail","hentry","category-rumors","tag-airpods","tag-airpods-studio","tag-airtag"],"yoast_head":"<!-- This site is optimized with the Yoast SEO Premium plugin v27.5 (Yoast SEO v27.5) - https:\/\/yoast.com\/product\/yoast-seo-premium-wordpress\/ -->\n<title>AirTags &amp; AirPods Studio: Apple \u00e4ndert angeblich Pl\u00e4ne Apfelpatient<\/title>\n<meta name=\"description\" content=\"Apple hat Anfang der Woche die iPhone 12 Reihe und mehr vorgestellt. Doch keine Spur von den AirTags und AirPods Studio.\" \/>\n<meta name=\"robots\" content=\"index, follow, max-snippet:-1, max-image-preview:large, max-video-preview:-1\" \/>\n<link rel=\"canonical\" href=\"https:\/\/www.apfelpatient.de\/en\/rumors\/airtags-airpods-studio-apple-reportedly-changes-plans\" \/>\n<meta property=\"og:locale\" content=\"en_US\" \/>\n<meta property=\"og:type\" content=\"article\" \/>\n<meta property=\"og:title\" content=\"AirTags &amp; AirPods Studio: Apple \u00e4ndert angeblich Pl\u00e4ne\" \/>\n<meta property=\"og:description\" content=\"Apple hat Anfang der Woche die iPhone 12 Reihe und mehr vorgestellt. Doch keine Spur von den AirTags und AirPods Studio.\" \/>\n<meta property=\"og:url\" content=\"https:\/\/www.apfelpatient.de\/en\/rumors\/airtags-airpods-studio-apple-reportedly-changes-plans\" \/>\n<meta property=\"og:site_name\" content=\"Apfelpatient\" \/>\n<meta property=\"article:publisher\" content=\"https:\/\/www.facebook.com\/apfelpatientOfficial\" \/>\n<meta property=\"article:author\" content=\"https:\/\/www.facebook.com\/apfelpatientOfficial\" \/>\n<meta property=\"article:published_time\" content=\"2020-10-14T21:57:16+00:00\" \/>\n<meta property=\"og:image\" content=\"https:\/\/www.apfelpatient.de\/wp-content\/uploads\/2020\/10\/EkUUgnZWsAAh9On.jpeg\" \/>\n\t<meta property=\"og:image:width\" content=\"2048\" \/>\n\t<meta property=\"og:image:height\" content=\"1152\" \/>\n\t<meta property=\"og:image:type\" content=\"image\/jpeg\" \/>\n<meta name=\"author\" content=\"Milan\" \/>\n<meta name=\"twitter:card\" content=\"summary_large_image\" \/>\n<meta name=\"twitter:description\" content=\"Apple hat Anfang der Woche die iPhone 12 Reihe und mehr vorgestellt. Doch keine Spur von den AirTags und AirPods Studio.\" \/>\n<meta name=\"twitter:label1\" content=\"Written by\" \/>\n\t<meta name=\"twitter:data1\" content=\"Milan\" \/>\n\t<meta name=\"twitter:label2\" content=\"Est. reading time\" \/>\n\t<meta name=\"twitter:data2\" content=\"2 minutes\" \/>\n<script type=\"application\/ld+json\" class=\"yoast-schema-graph\">{\"@context\":\"https:\\\/\\\/schema.org\",\"@graph\":[{\"@type\":\"NewsArticle\",\"@id\":\"https:\\\/\\\/www.apfelpatient.de\\\/rumors\\\/airtags-airpods-studio-apple-aendert-angeblich-plaene#article\",\"isPartOf\":{\"@id\":\"https:\\\/\\\/www.apfelpatient.de\\\/rumors\\\/airtags-airpods-studio-apple-aendert-angeblich-plaene\"},\"author\":{\"@type\":\"Organization\",\"@id\":\"https:\\\/\\\/www.apfelpatient.de\\\/en\\\/#organization\",\"name\":\"Apfelpatient\",\"url\":\"https:\\\/\\\/www.apfelpatient.de\\\/en\\\/\"},\"headline\":\"AirTags &#038; AirPods Studio: Apple \u00e4ndert angeblich Pl\u00e4ne\",\"datePublished\":\"2020-10-14T21:57:16+00:00\",\"mainEntityOfPage\":{\"@id\":\"https:\\\/\\\/www.apfelpatient.de\\\/rumors\\\/airtags-airpods-studio-apple-aendert-angeblich-plaene\"},\"wordCount\":420,\"publisher\":{\"@type\":\"Organization\",\"@id\":\"https:\\\/\\\/www.apfelpatient.de\\\/en\\\/#organization\",\"name\":\"Apfelpatient\",\"url\":\"https:\\\/\\\/www.apfelpatient.de\\\/en\\\/\"},\"image\":{\"@id\":\"https:\\\/\\\/www.apfelpatient.de\\\/rumors\\\/airtags-airpods-studio-apple-aendert-angeblich-plaene#primaryimage\"},\"thumbnailUrl\":\"https:\\\/\\\/www.apfelpatient.de\\\/wp-content\\\/uploads\\\/2020\\\/10\\\/EkUUgnZWsAAh9On.jpeg\",\"keywords\":[\"AirPods\",\"AirPods Max\",\"AirTags\"],\"articleSection\":\"Rumors\",\"inLanguage\":\"en-US\",\"copyrightYear\":\"2020\",\"copyrightHolder\":{\"@id\":\"https:\\\/\\\/www.apfelpatient.de\\\/en\\\/#organization\"}},{\"@type\":\"WebPage\",\"@id\":\"https:\\\/\\\/www.apfelpatient.de\\\/rumors\\\/airtags-airpods-studio-apple-aendert-angeblich-plaene\",\"url\":\"https:\\\/\\\/www.apfelpatient.de\\\/rumors\\\/airtags-airpods-studio-apple-aendert-angeblich-plaene\",\"name\":\"AirTags & AirPods Studio: Apple \u00e4ndert angeblich Pl\u00e4ne Apfelpatient\",\"isPartOf\":{\"@id\":\"https:\\\/\\\/www.apfelpatient.de\\\/#website\"},\"primaryImageOfPage\":{\"@id\":\"https:\\\/\\\/www.apfelpatient.de\\\/rumors\\\/airtags-airpods-studio-apple-aendert-angeblich-plaene#primaryimage\"},\"image\":{\"@id\":\"https:\\\/\\\/www.apfelpatient.de\\\/rumors\\\/airtags-airpods-studio-apple-aendert-angeblich-plaene#primaryimage\"},\"thumbnailUrl\":\"https:\\\/\\\/www.apfelpatient.de\\\/wp-content\\\/uploads\\\/2020\\\/10\\\/EkUUgnZWsAAh9On.jpeg\",\"datePublished\":\"2020-10-14T21:57:16+00:00\",\"description\":\"Apple hat Anfang der Woche die iPhone 12 Reihe und mehr vorgestellt. Doch keine Spur von den AirTags und AirPods Studio.\",\"breadcrumb\":{\"@id\":\"https:\\\/\\\/www.apfelpatient.de\\\/rumors\\\/airtags-airpods-studio-apple-aendert-angeblich-plaene#breadcrumb\"},\"inLanguage\":\"en-US\",\"potentialAction\":[{\"@type\":\"ReadAction\",\"target\":[\"https:\\\/\\\/www.apfelpatient.de\\\/rumors\\\/airtags-airpods-studio-apple-aendert-angeblich-plaene\"]}]},{\"@type\":\"ImageObject\",\"inLanguage\":\"en-US\",\"@id\":\"https:\\\/\\\/www.apfelpatient.de\\\/rumors\\\/airtags-airpods-studio-apple-aendert-angeblich-plaene#primaryimage\",\"url\":\"https:\\\/\\\/www.apfelpatient.de\\\/wp-content\\\/uploads\\\/2020\\\/10\\\/EkUUgnZWsAAh9On.jpeg\",\"contentUrl\":\"https:\\\/\\\/www.apfelpatient.de\\\/wp-content\\\/uploads\\\/2020\\\/10\\\/EkUUgnZWsAAh9On.jpeg\",\"width\":2048,\"height\":1152,\"caption\":\"via Jon Prosser\"},{\"@type\":\"BreadcrumbList\",\"@id\":\"https:\\\/\\\/www.apfelpatient.de\\\/rumors\\\/airtags-airpods-studio-apple-aendert-angeblich-plaene#breadcrumb\",\"itemListElement\":[{\"@type\":\"ListItem\",\"position\":1,\"name\":\"Startseite\",\"item\":\"https:\\\/\\\/www.apfelpatient.de\\\/\"},{\"@type\":\"ListItem\",\"position\":2,\"name\":\"AirTags &#038; AirPods Studio: Apple \u00e4ndert angeblich Pl\u00e4ne\"}]},{\"@type\":\"WebSite\",\"@id\":\"https:\\\/\\\/www.apfelpatient.de\\\/#website\",\"url\":\"https:\\\/\\\/www.apfelpatient.de\\\/\",\"name\":\"Apfelpatient\",\"description\":\"Alles rund um Apple!\",\"publisher\":{\"@type\":\"Organization\",\"@id\":\"https:\\\/\\\/www.apfelpatient.de\\\/en\\\/#organization\",\"name\":\"Apfelpatient\",\"url\":\"https:\\\/\\\/www.apfelpatient.de\\\/en\\\/\"},\"alternateName\":\"Apfelpatient\",\"potentialAction\":[{\"@type\":\"SearchAction\",\"target\":{\"@type\":\"EntryPoint\",\"urlTemplate\":\"https:\\\/\\\/www.apfelpatient.de\\\/?s={search_term_string}\"},\"query-input\":{\"@type\":\"PropertyValueSpecification\",\"valueRequired\":true,\"valueName\":\"search_term_string\"}}],\"inLanguage\":\"en-US\"},{\"@type\":[\"Person\",\"Organization\"],\"@id\":\"https:\\\/\\\/www.apfelpatient.de\\\/#\\\/schema\\\/person\\\/7dc56ad6c8e9824b76d2c08d4c140e13\",\"name\":\"Milan\",\"logo\":{\"@id\":\"https:\\\/\\\/www.apfelpatient.de\\\/#\\\/schema\\\/person\\\/image\\\/\"},\"description\":\"Hallo und herzlich willkommen auf meinem Technik-Blog! Als gro\u00dfer Apple-Fan berichte ich hier \u00fcber alles, was mit Apple zu tun hat: von den neuesten News und spannenden Ger\u00fcchten \u00fcber hilfreiche Tipps und Tricks bis hin zu ausf\u00fchrlichen Produkttests. Wenn du genauso technikbegeistert bist wie ich, bist du hier genau richtig!\",\"sameAs\":[\"https:\\\/\\\/www.facebook.com\\\/apfelpatientOfficial\",\"https:\\\/\\\/www.linkedin.com\\\/in\\\/milan-jovicic-42aa0231b\"],\"url\":\"https:\\\/\\\/www.apfelpatient.de\\\/en\\\/author\\\/apfeladmin\"}]}<\/script>\n<!-- \/ Yoast SEO Premium plugin. -->","yoast_head_json":{"title":"AirTags &amp; AirPods Studio: Apple reportedly changes plans Apfelpatient","description":"Apple introduced the iPhone 12 series and more earlier this week. But there is no sign of the AirTags and AirPods Studio.","robots":{"index":"index","follow":"follow","max-snippet":"max-snippet:-1","max-image-preview":"max-image-preview:large","max-video-preview":"max-video-preview:-1"},"canonical":"https:\/\/www.apfelpatient.de\/en\/rumors\/airtags-airpods-studio-apple-reportedly-changes-plans","og_locale":"en_US","og_type":"article","og_title":"AirTags & AirPods Studio: Apple \u00e4ndert angeblich Pl\u00e4ne","og_description":"Apple hat Anfang der Woche die iPhone 12 Reihe und mehr vorgestellt. Doch keine Spur von den AirTags und AirPods Studio.","og_url":"https:\/\/www.apfelpatient.de\/en\/rumors\/airtags-airpods-studio-apple-reportedly-changes-plans","og_site_name":"Apfelpatient","article_publisher":"https:\/\/www.facebook.com\/apfelpatientOfficial","article_author":"https:\/\/www.facebook.com\/apfelpatientOfficial","article_published_time":"2020-10-14T21:57:16+00:00","og_image":[{"width":2048,"height":1152,"url":"https:\/\/www.apfelpatient.de\/wp-content\/uploads\/2020\/10\/EkUUgnZWsAAh9On.jpeg","type":"image\/jpeg"}],"author":"Milan","twitter_card":"summary_large_image","twitter_description":"Apple hat Anfang der Woche die iPhone 12 Reihe und mehr vorgestellt. Doch keine Spur von den AirTags und AirPods Studio.","twitter_misc":{"Written by":"Milan","Est. reading time":"2 minutes"},"schema":{"@context":"https:\/\/schema.org","@graph":[{"@type":"NewsArticle","@id":"https:\/\/www.apfelpatient.de\/rumors\/airtags-airpods-studio-apple-aendert-angeblich-plaene#article","isPartOf":{"@id":"https:\/\/www.apfelpatient.de\/rumors\/airtags-airpods-studio-apple-aendert-angeblich-plaene"},"author":{"@type":"Organization","@id":"https:\/\/www.apfelpatient.de\/en\/#organization","name":"Apfelpatient","url":"https:\/\/www.apfelpatient.de\/en\/"},"headline":"AirTags &#038; AirPods Studio: Apple \u00e4ndert angeblich Pl\u00e4ne","datePublished":"2020-10-14T21:57:16+00:00","mainEntityOfPage":{"@id":"https:\/\/www.apfelpatient.de\/rumors\/airtags-airpods-studio-apple-aendert-angeblich-plaene"},"wordCount":420,"publisher":{"@type":"Organization","@id":"https:\/\/www.apfelpatient.de\/en\/#organization","name":"Apfelpatient","url":"https:\/\/www.apfelpatient.de\/en\/"},"image":{"@id":"https:\/\/www.apfelpatient.de\/rumors\/airtags-airpods-studio-apple-aendert-angeblich-plaene#primaryimage"},"thumbnailUrl":"https:\/\/www.apfelpatient.de\/wp-content\/uploads\/2020\/10\/EkUUgnZWsAAh9On.jpeg","keywords":["AirPods","AirPods Max","AirTags"],"articleSection":"Rumors","inLanguage":"en-US","copyrightYear":"2020","copyrightHolder":{"@id":"https:\/\/www.apfelpatient.de\/en\/#organization"}},{"@type":"WebPage","@id":"https:\/\/www.apfelpatient.de\/rumors\/airtags-airpods-studio-apple-aendert-angeblich-plaene","url":"https:\/\/www.apfelpatient.de\/rumors\/airtags-airpods-studio-apple-aendert-angeblich-plaene","name":"AirTags &amp; AirPods Studio: Apple reportedly changes plans Apfelpatient","isPartOf":{"@id":"https:\/\/www.apfelpatient.de\/#website"},"primaryImageOfPage":{"@id":"https:\/\/www.apfelpatient.de\/rumors\/airtags-airpods-studio-apple-aendert-angeblich-plaene#primaryimage"},"image":{"@id":"https:\/\/www.apfelpatient.de\/rumors\/airtags-airpods-studio-apple-aendert-angeblich-plaene#primaryimage"},"thumbnailUrl":"https:\/\/www.apfelpatient.de\/wp-content\/uploads\/2020\/10\/EkUUgnZWsAAh9On.jpeg","datePublished":"2020-10-14T21:57:16+00:00","description":"Apple introduced the iPhone 12 series and more earlier this week. But there is no sign of the AirTags and AirPods Studio.","breadcrumb":{"@id":"https:\/\/www.apfelpatient.de\/rumors\/airtags-airpods-studio-apple-aendert-angeblich-plaene#breadcrumb"},"inLanguage":"en-US","potentialAction":[{"@type":"ReadAction","target":["https:\/\/www.apfelpatient.de\/rumors\/airtags-airpods-studio-apple-aendert-angeblich-plaene"]}]},{"@type":"ImageObject","inLanguage":"en-US","@id":"https:\/\/www.apfelpatient.de\/rumors\/airtags-airpods-studio-apple-aendert-angeblich-plaene#primaryimage","url":"https:\/\/www.apfelpatient.de\/wp-content\/uploads\/2020\/10\/EkUUgnZWsAAh9On.jpeg","contentUrl":"https:\/\/www.apfelpatient.de\/wp-content\/uploads\/2020\/10\/EkUUgnZWsAAh9On.jpeg","width":2048,"height":1152,"caption":"via Jon Prosser"},{"@type":"BreadcrumbList","@id":"https:\/\/www.apfelpatient.de\/rumors\/airtags-airpods-studio-apple-aendert-angeblich-plaene#breadcrumb","itemListElement":[{"@type":"ListItem","position":1,"name":"Startseite","item":"https:\/\/www.apfelpatient.de\/"},{"@type":"ListItem","position":2,"name":"AirTags &#038; AirPods Studio: Apple \u00e4ndert angeblich Pl\u00e4ne"}]},{"@type":"WebSite","@id":"https:\/\/www.apfelpatient.de\/#website","url":"https:\/\/www.apfelpatient.de\/","name":"apple patient","description":"Everything about Apple!","publisher":{"@type":"Organization","@id":"https:\/\/www.apfelpatient.de\/en\/#organization","name":"Apfelpatient","url":"https:\/\/www.apfelpatient.de\/en\/"},"alternateName":"Apfelpatient","potentialAction":[{"@type":"SearchAction","target":{"@type":"EntryPoint","urlTemplate":"https:\/\/www.apfelpatient.de\/?s={search_term_string}"},"query-input":{"@type":"PropertyValueSpecification","valueRequired":true,"valueName":"search_term_string"}}],"inLanguage":"en-US"},{"@type":["Person","Organization"],"@id":"https:\/\/www.apfelpatient.de\/#\/schema\/person\/7dc56ad6c8e9824b76d2c08d4c140e13","name":"Milan","logo":{"@id":"https:\/\/www.apfelpatient.de\/#\/schema\/person\/image\/"},"description":"Hello and welcome to my technology blog! As a big Apple fan, I report on everything to do with Apple: from the latest news and exciting rumors to helpful tips and tricks and detailed product tests. If you are as enthusiastic about technology as I am, you have come to the right place!","sameAs":["https:\/\/www.facebook.com\/apfelpatientOfficial","https:\/\/www.linkedin.com\/in\/milan-jovicic-42aa0231b"],"url":"https:\/\/www.apfelpatient.de\/en\/author\/apfeladmin"}]}},"_links":{"self":[{"href":"https:\/\/www.apfelpatient.de\/en\/wp-json\/wp\/v2\/posts\/16265","targetHints":{"allow":["GET"]}}],"collection":[{"href":"https:\/\/www.apfelpatient.de\/en\/wp-json\/wp\/v2\/posts"}],"about":[{"href":"https:\/\/www.apfelpatient.de\/en\/wp-json\/wp\/v2\/types\/post"}],"author":[{"embeddable":true,"href":"https:\/\/www.apfelpatient.de\/en\/wp-json\/wp\/v2\/users\/2"}],"replies":[{"embeddable":true,"href":"https:\/\/www.apfelpatient.de\/en\/wp-json\/wp\/v2\/comments?post=16265"}],"version-history":[{"count":0,"href":"https:\/\/www.apfelpatient.de\/en\/wp-json\/wp\/v2\/posts\/16265\/revisions"}],"wp:featuredmedia":[{"embeddable":true,"href":"https:\/\/www.apfelpatient.de\/en\/wp-json\/wp\/v2\/media\/16264"}],"wp:attachment":[{"href":"https:\/\/www.apfelpatient.de\/en\/wp-json\/wp\/v2\/media?parent=16265"}],"wp:term":[{"taxonomy":"category","embeddable":true,"href":"https:\/\/www.apfelpatient.de\/en\/wp-json\/wp\/v2\/categories?post=16265"},{"taxonomy":"post_tag","embeddable":true,"href":"https:\/\/www.apfelpatient.de\/en\/wp-json\/wp\/v2\/tags?post=16265"}],"curies":[{"name":"wp","href":"https:\/\/api.w.org\/{rel}","templated":true}]}}