{"id":16251,"date":"2020-10-14T20:11:38","date_gmt":"2020-10-14T18:11:38","guid":{"rendered":"https:\/\/www.apfelpatient.de\/?p=16251"},"modified":"2020-10-14T20:11:39","modified_gmt":"2020-10-14T18:11:39","slug":"iphone-12-apple-reduces-prices-for-earpods-and-power-supply","status":"publish","type":"post","link":"https:\/\/www.apfelpatient.de\/en\/news\/iphone-12-apple-reduziert-preise-fuer-earpods-und-netzteil","title":{"rendered":"iPhone 12: Apple reduces prices for EarPods and power adapter"},"content":{"rendered":"<p class=\"has-drop-cap\"><strong>With the introduction of the iPhone 12 series, Apple has also reduced the packaging insert. In the future, new iPhone models will be delivered without EarPods and power adapter. The reason for this is environmental concerns - according to Apple.<\/strong><\/p>\n\n\n\n<p>The iPhone 12 series and all other iPhone and Apple Watch models will be delivered without a power adapter in the future. The included EarPods will also no longer be included. The company made the following statement:<\/p>\n\n\n\n<blockquote class=\"wp-block-quote is-layout-flow wp-block-quote-is-layout-flow\"><p>&quot;Just like with Apple Watch, we looked for ways to reduce waste and use fewer materials. Customers already have more than 700 million Lightning headphones, and many customers have switched to a wireless experience with AirPods, Beats or other wireless headphones. Additionally, there are more than 2 billion Apple power adapters in use worldwide, not counting the billions of third-party adapters. That&#039;s why we&#039;re removing those items from iPhone packaging.&quot;<\/p><\/blockquote>\n\n\n\n<h3 class=\"wp-block-heading\" id=\"h-apple-zubeh-r-g-nstiger-erh-ltlich\">Apple accessories available at a lower price<\/h3>\n\n\n\n\n\n\n\n<p>While some fans accept the decision, many users are angry. A big discussion was of course the logical result. Now the accessories in question have to be purchased separately <a href=\"https:\/\/www.apple.com\/\" target=\"_blank\" rel=\"noreferrer noopener\">acquired<\/a> It should be noted that Apple has reduced prices. EarPods now cost 18.50 euros, while the 20-watt power adapter (previously 18W) costs 24.35 euros. So anyone who actually needs the corresponding accessories will have to accept the new policy. The Lightning to USB-C cable will remain part of the iPhone packaging. <strong><em>Have you seen it yet?<\/em><\/strong>\u00a0Amazon Prime Day 2020 (13 &amp; 14 October) has started. You can find interesting offers in various categories\u00a0<a rel=\"noreferrer noopener\" href=\"https:\/\/www.amazon.de\/shop\/apfelpatientofficial\" target=\"_blank\"><em>in our storefront and in the corresponding Amazon section<\/em><\/a>\u00a0\u2013 have fun browsing.\u00a0<em>(Image: Apple)<\/em><\/p>\n\n\n\n<ul class=\"wp-block-list\"><li><a href=\"https:\/\/www.apfelpatient.de\/en\/news\/hi-speed-event-apple-presents-iphone-12-series\">&quot;Hi, Speed&quot; event: Apple presents iPhone 12 series<\/a><\/li><\/ul>\n\n\n\n<h6 class=\"wp-block-heading translation-block\" id=\"h-kennt-ihr-schon-unsere-amazon-storefront-dort-findet-ihr-eine-handverlesene-auswahl-von-diversen-produkten-f-r-euer-iphone-und-co-viel-spa-beim-st-bern\"><em>Have you already visited our Amazon Storefront? There you&#039;ll find a hand-picked selection of various products for your iPhone and other devices \u2013 <span class=\"has-inline-color has-vivid-red-color\"><a href=\"https:\/\/www.amazon.de\/shop\/apfelpatientofficial\" class=\"ek-link\" data-wpel-link=\"exclude\" rel=\"follow noopener\" target=\"_self\"><span style=\"text-decoration: underline\" class=\"ek-underline\">enjoy browsing<\/span><\/a> !<\/span><\/em><\/h6>\n\n\n\n\n\n<h6 class=\"wp-block-heading translation-block\" id=\"h-der-beitrag-enthalt-partnerlinks\">This post contains <a data-type=\"URL\" data-id=\"https:\/\/www.apfelpatient.de\/partnerprogramm\" href=\"https:\/\/www.apfelpatient.de\/en\/partner-program\" data-wpel-link=\"internal\" target=\"_self\">affiliate links<\/a>.<\/h6>","protected":false},"excerpt":{"rendered":"<p>With the launch of the iPhone 12 series, Apple has also reduced the size of the package insert. According to Apple, this is due to environmental concerns.<\/p>","protected":false},"author":2,"featured_media":16162,"comment_status":"closed","ping_status":"closed","sticky":false,"template":"","format":"standard","meta":{"jnews-multi-image_gallery":[],"jnews_single_post":{"subtitle":"","format":"standard","video":"","gallery":"","source_name":"","source_url":"","via_name":"","via_url":"","override":[{"single_blog_custom":"","sidebar":"","second_sidebar":"","share_position":"","share_float_style":"","post_date_format":"","post_date_format_custom":"","post_reading_time_wpm":"","zoom_button_out_step":"1","zoom_button_in_step":"1","number_popup_post":"1"}],"image_override":[{"single_post_thumbnail_size":"","single_post_gallery_size":""}],"trending_post_position":"","trending_post_label":"","sponsored_post_label":"","sponsored_post_name":"","sponsored_post_url":"","sponsored_post_logo":"","sponsored_post_desc":""},"jnews_primary_category":{"id":"9"},"footnotes":""},"categories":[9],"tags":[8,321,254],"class_list":["post-16251","post","type-post","status-publish","format-standard","has-post-thumbnail","hentry","category-news","tag-iphone","tag-iphone-12","tag-iphone-2020"],"yoast_head":"<!-- This site is optimized with the Yoast SEO Premium plugin v27.5 (Yoast SEO v27.5) - https:\/\/yoast.com\/product\/yoast-seo-premium-wordpress\/ -->\n<title>iPhone 12: Apple reduziert Preise f\u00fcr EarPods und Netzteil Apfelpatient<\/title>\n<meta name=\"description\" content=\"Mit der Einf\u00fchrung der iPhone 12 Reihe hat Apple auch die Packungsbeilage reduziert. Grund daf\u00fcr seien Umweltbedenken - so Apple.\" \/>\n<meta name=\"robots\" content=\"index, follow, max-snippet:-1, max-image-preview:large, max-video-preview:-1\" \/>\n<link rel=\"canonical\" href=\"https:\/\/www.apfelpatient.de\/en\/news\/iphone-12-apple-reduces-prices-for-earpods-and-power-supply\" \/>\n<meta property=\"og:locale\" content=\"en_US\" \/>\n<meta property=\"og:type\" content=\"article\" \/>\n<meta property=\"og:title\" content=\"iPhone 12: Apple reduziert Preise f\u00fcr EarPods und Netzteil\" \/>\n<meta property=\"og:description\" content=\"Mit der Einf\u00fchrung der iPhone 12 Reihe hat Apple auch die Packungsbeilage reduziert. Grund daf\u00fcr seien Umweltbedenken - so Apple.\" \/>\n<meta property=\"og:url\" content=\"https:\/\/www.apfelpatient.de\/en\/news\/iphone-12-apple-reduces-prices-for-earpods-and-power-supply\" \/>\n<meta property=\"og:site_name\" content=\"Apfelpatient\" \/>\n<meta property=\"article:publisher\" content=\"https:\/\/www.facebook.com\/apfelpatientOfficial\" \/>\n<meta property=\"article:author\" content=\"https:\/\/www.facebook.com\/apfelpatientOfficial\" \/>\n<meta property=\"article:published_time\" content=\"2020-10-14T18:11:38+00:00\" \/>\n<meta property=\"article:modified_time\" content=\"2020-10-14T18:11:39+00:00\" \/>\n<meta property=\"og:image\" content=\"https:\/\/www.apfelpatient.de\/wp-content\/uploads\/2020\/10\/apple_iphone-12_color-red_10132020.jpg\" \/>\n\t<meta property=\"og:image:width\" content=\"1960\" \/>\n\t<meta property=\"og:image:height\" content=\"1400\" \/>\n\t<meta property=\"og:image:type\" content=\"image\/jpeg\" \/>\n<meta name=\"author\" content=\"Milan\" \/>\n<meta name=\"twitter:card\" content=\"summary_large_image\" \/>\n<meta name=\"twitter:description\" content=\"Mit der Einf\u00fchrung der iPhone 12 Reihe hat Apple auch die Packungsbeilage reduziert. Grund daf\u00fcr seien Umweltbedenken - so Apple.\" \/>\n<meta name=\"twitter:label1\" content=\"Written by\" \/>\n\t<meta name=\"twitter:data1\" content=\"Milan\" \/>\n\t<meta name=\"twitter:label2\" content=\"Est. reading time\" \/>\n\t<meta name=\"twitter:data2\" content=\"1 minute\" \/>\n<script type=\"application\/ld+json\" class=\"yoast-schema-graph\">{\"@context\":\"https:\\\/\\\/schema.org\",\"@graph\":[{\"@type\":\"NewsArticle\",\"@id\":\"https:\\\/\\\/www.apfelpatient.de\\\/news\\\/iphone-12-apple-reduziert-preise-fuer-earpods-und-netzteil#article\",\"isPartOf\":{\"@id\":\"https:\\\/\\\/www.apfelpatient.de\\\/news\\\/iphone-12-apple-reduziert-preise-fuer-earpods-und-netzteil\"},\"author\":{\"@type\":\"Organization\",\"@id\":\"https:\\\/\\\/www.apfelpatient.de\\\/en\\\/#organization\",\"name\":\"Apfelpatient\",\"url\":\"https:\\\/\\\/www.apfelpatient.de\\\/en\\\/\"},\"headline\":\"iPhone 12: Apple reduziert Preise f\u00fcr EarPods und Netzteil\",\"datePublished\":\"2020-10-14T18:11:38+00:00\",\"dateModified\":\"2020-10-14T18:11:39+00:00\",\"mainEntityOfPage\":{\"@id\":\"https:\\\/\\\/www.apfelpatient.de\\\/news\\\/iphone-12-apple-reduziert-preise-fuer-earpods-und-netzteil\"},\"wordCount\":293,\"publisher\":{\"@type\":\"Organization\",\"@id\":\"https:\\\/\\\/www.apfelpatient.de\\\/en\\\/#organization\",\"name\":\"Apfelpatient\",\"url\":\"https:\\\/\\\/www.apfelpatient.de\\\/en\\\/\"},\"image\":{\"@id\":\"https:\\\/\\\/www.apfelpatient.de\\\/news\\\/iphone-12-apple-reduziert-preise-fuer-earpods-und-netzteil#primaryimage\"},\"thumbnailUrl\":\"https:\\\/\\\/www.apfelpatient.de\\\/wp-content\\\/uploads\\\/2020\\\/10\\\/apple_iphone-12_color-red_10132020.jpg\",\"keywords\":[\"iPhone\",\"iPhone 12\",\"iPhone 2020\"],\"articleSection\":\"News\",\"inLanguage\":\"en-US\",\"copyrightYear\":\"2020\",\"copyrightHolder\":{\"@id\":\"https:\\\/\\\/www.apfelpatient.de\\\/en\\\/#organization\"}},{\"@type\":\"WebPage\",\"@id\":\"https:\\\/\\\/www.apfelpatient.de\\\/news\\\/iphone-12-apple-reduziert-preise-fuer-earpods-und-netzteil\",\"url\":\"https:\\\/\\\/www.apfelpatient.de\\\/news\\\/iphone-12-apple-reduziert-preise-fuer-earpods-und-netzteil\",\"name\":\"iPhone 12: Apple reduziert Preise f\u00fcr EarPods und Netzteil Apfelpatient\",\"isPartOf\":{\"@id\":\"https:\\\/\\\/www.apfelpatient.de\\\/#website\"},\"primaryImageOfPage\":{\"@id\":\"https:\\\/\\\/www.apfelpatient.de\\\/news\\\/iphone-12-apple-reduziert-preise-fuer-earpods-und-netzteil#primaryimage\"},\"image\":{\"@id\":\"https:\\\/\\\/www.apfelpatient.de\\\/news\\\/iphone-12-apple-reduziert-preise-fuer-earpods-und-netzteil#primaryimage\"},\"thumbnailUrl\":\"https:\\\/\\\/www.apfelpatient.de\\\/wp-content\\\/uploads\\\/2020\\\/10\\\/apple_iphone-12_color-red_10132020.jpg\",\"datePublished\":\"2020-10-14T18:11:38+00:00\",\"dateModified\":\"2020-10-14T18:11:39+00:00\",\"description\":\"Mit der Einf\u00fchrung der iPhone 12 Reihe hat Apple auch die Packungsbeilage reduziert. Grund daf\u00fcr seien Umweltbedenken - so Apple.\",\"breadcrumb\":{\"@id\":\"https:\\\/\\\/www.apfelpatient.de\\\/news\\\/iphone-12-apple-reduziert-preise-fuer-earpods-und-netzteil#breadcrumb\"},\"inLanguage\":\"en-US\",\"potentialAction\":[{\"@type\":\"ReadAction\",\"target\":[\"https:\\\/\\\/www.apfelpatient.de\\\/news\\\/iphone-12-apple-reduziert-preise-fuer-earpods-und-netzteil\"]}]},{\"@type\":\"ImageObject\",\"inLanguage\":\"en-US\",\"@id\":\"https:\\\/\\\/www.apfelpatient.de\\\/news\\\/iphone-12-apple-reduziert-preise-fuer-earpods-und-netzteil#primaryimage\",\"url\":\"https:\\\/\\\/www.apfelpatient.de\\\/wp-content\\\/uploads\\\/2020\\\/10\\\/apple_iphone-12_color-red_10132020.jpg\",\"contentUrl\":\"https:\\\/\\\/www.apfelpatient.de\\\/wp-content\\\/uploads\\\/2020\\\/10\\\/apple_iphone-12_color-red_10132020.jpg\",\"width\":1960,\"height\":1400,\"caption\":\"Bild: Apple\"},{\"@type\":\"BreadcrumbList\",\"@id\":\"https:\\\/\\\/www.apfelpatient.de\\\/news\\\/iphone-12-apple-reduziert-preise-fuer-earpods-und-netzteil#breadcrumb\",\"itemListElement\":[{\"@type\":\"ListItem\",\"position\":1,\"name\":\"Startseite\",\"item\":\"https:\\\/\\\/www.apfelpatient.de\\\/\"},{\"@type\":\"ListItem\",\"position\":2,\"name\":\"iPhone 12: Apple reduziert Preise f\u00fcr EarPods und Netzteil\"}]},{\"@type\":\"WebSite\",\"@id\":\"https:\\\/\\\/www.apfelpatient.de\\\/#website\",\"url\":\"https:\\\/\\\/www.apfelpatient.de\\\/\",\"name\":\"Apfelpatient\",\"description\":\"Alles rund um Apple!\",\"publisher\":{\"@type\":\"Organization\",\"@id\":\"https:\\\/\\\/www.apfelpatient.de\\\/en\\\/#organization\",\"name\":\"Apfelpatient\",\"url\":\"https:\\\/\\\/www.apfelpatient.de\\\/en\\\/\"},\"alternateName\":\"Apfelpatient\",\"potentialAction\":[{\"@type\":\"SearchAction\",\"target\":{\"@type\":\"EntryPoint\",\"urlTemplate\":\"https:\\\/\\\/www.apfelpatient.de\\\/?s={search_term_string}\"},\"query-input\":{\"@type\":\"PropertyValueSpecification\",\"valueRequired\":true,\"valueName\":\"search_term_string\"}}],\"inLanguage\":\"en-US\"},{\"@type\":[\"Person\",\"Organization\"],\"@id\":\"https:\\\/\\\/www.apfelpatient.de\\\/#\\\/schema\\\/person\\\/7dc56ad6c8e9824b76d2c08d4c140e13\",\"name\":\"Milan\",\"logo\":{\"@id\":\"https:\\\/\\\/www.apfelpatient.de\\\/#\\\/schema\\\/person\\\/image\\\/\"},\"description\":\"Hallo und herzlich willkommen auf meinem Technik-Blog! Als gro\u00dfer Apple-Fan berichte ich hier \u00fcber alles, was mit Apple zu tun hat: von den neuesten News und spannenden Ger\u00fcchten \u00fcber hilfreiche Tipps und Tricks bis hin zu ausf\u00fchrlichen Produkttests. Wenn du genauso technikbegeistert bist wie ich, bist du hier genau richtig!\",\"sameAs\":[\"https:\\\/\\\/www.facebook.com\\\/apfelpatientOfficial\",\"https:\\\/\\\/www.linkedin.com\\\/in\\\/milan-jovicic-42aa0231b\"],\"url\":\"https:\\\/\\\/www.apfelpatient.de\\\/en\\\/author\\\/apfeladmin\"}]}<\/script>\n<!-- \/ Yoast SEO Premium plugin. -->","yoast_head_json":{"title":"iPhone 12: Apple reduces prices for EarPods and power adapter Apfelpatient","description":"With the introduction of the iPhone 12 series, Apple has also reduced the packaging insert. The reason for this is environmental concerns - according to Apple.","robots":{"index":"index","follow":"follow","max-snippet":"max-snippet:-1","max-image-preview":"max-image-preview:large","max-video-preview":"max-video-preview:-1"},"canonical":"https:\/\/www.apfelpatient.de\/en\/news\/iphone-12-apple-reduces-prices-for-earpods-and-power-supply","og_locale":"en_US","og_type":"article","og_title":"iPhone 12: Apple reduziert Preise f\u00fcr EarPods und Netzteil","og_description":"Mit der Einf\u00fchrung der iPhone 12 Reihe hat Apple auch die Packungsbeilage reduziert. Grund daf\u00fcr seien Umweltbedenken - so Apple.","og_url":"https:\/\/www.apfelpatient.de\/en\/news\/iphone-12-apple-reduces-prices-for-earpods-and-power-supply","og_site_name":"Apfelpatient","article_publisher":"https:\/\/www.facebook.com\/apfelpatientOfficial","article_author":"https:\/\/www.facebook.com\/apfelpatientOfficial","article_published_time":"2020-10-14T18:11:38+00:00","article_modified_time":"2020-10-14T18:11:39+00:00","og_image":[{"width":1960,"height":1400,"url":"https:\/\/www.apfelpatient.de\/wp-content\/uploads\/2020\/10\/apple_iphone-12_color-red_10132020.jpg","type":"image\/jpeg"}],"author":"Milan","twitter_card":"summary_large_image","twitter_description":"Mit der Einf\u00fchrung der iPhone 12 Reihe hat Apple auch die Packungsbeilage reduziert. Grund daf\u00fcr seien Umweltbedenken - so Apple.","twitter_misc":{"Written by":"Milan","Est. reading time":"1 minute"},"schema":{"@context":"https:\/\/schema.org","@graph":[{"@type":"NewsArticle","@id":"https:\/\/www.apfelpatient.de\/news\/iphone-12-apple-reduziert-preise-fuer-earpods-und-netzteil#article","isPartOf":{"@id":"https:\/\/www.apfelpatient.de\/news\/iphone-12-apple-reduziert-preise-fuer-earpods-und-netzteil"},"author":{"@type":"Organization","@id":"https:\/\/www.apfelpatient.de\/en\/#organization","name":"Apfelpatient","url":"https:\/\/www.apfelpatient.de\/en\/"},"headline":"iPhone 12: Apple reduziert Preise f\u00fcr EarPods und Netzteil","datePublished":"2020-10-14T18:11:38+00:00","dateModified":"2020-10-14T18:11:39+00:00","mainEntityOfPage":{"@id":"https:\/\/www.apfelpatient.de\/news\/iphone-12-apple-reduziert-preise-fuer-earpods-und-netzteil"},"wordCount":293,"publisher":{"@type":"Organization","@id":"https:\/\/www.apfelpatient.de\/en\/#organization","name":"Apfelpatient","url":"https:\/\/www.apfelpatient.de\/en\/"},"image":{"@id":"https:\/\/www.apfelpatient.de\/news\/iphone-12-apple-reduziert-preise-fuer-earpods-und-netzteil#primaryimage"},"thumbnailUrl":"https:\/\/www.apfelpatient.de\/wp-content\/uploads\/2020\/10\/apple_iphone-12_color-red_10132020.jpg","keywords":["iPhone","iPhone 12","iPhone 2020"],"articleSection":"News","inLanguage":"en-US","copyrightYear":"2020","copyrightHolder":{"@id":"https:\/\/www.apfelpatient.de\/en\/#organization"}},{"@type":"WebPage","@id":"https:\/\/www.apfelpatient.de\/news\/iphone-12-apple-reduziert-preise-fuer-earpods-und-netzteil","url":"https:\/\/www.apfelpatient.de\/news\/iphone-12-apple-reduziert-preise-fuer-earpods-und-netzteil","name":"iPhone 12: Apple reduces prices for EarPods and power adapter Apfelpatient","isPartOf":{"@id":"https:\/\/www.apfelpatient.de\/#website"},"primaryImageOfPage":{"@id":"https:\/\/www.apfelpatient.de\/news\/iphone-12-apple-reduziert-preise-fuer-earpods-und-netzteil#primaryimage"},"image":{"@id":"https:\/\/www.apfelpatient.de\/news\/iphone-12-apple-reduziert-preise-fuer-earpods-und-netzteil#primaryimage"},"thumbnailUrl":"https:\/\/www.apfelpatient.de\/wp-content\/uploads\/2020\/10\/apple_iphone-12_color-red_10132020.jpg","datePublished":"2020-10-14T18:11:38+00:00","dateModified":"2020-10-14T18:11:39+00:00","description":"With the introduction of the iPhone 12 series, Apple has also reduced the packaging insert. The reason for this is environmental concerns - according to Apple.","breadcrumb":{"@id":"https:\/\/www.apfelpatient.de\/news\/iphone-12-apple-reduziert-preise-fuer-earpods-und-netzteil#breadcrumb"},"inLanguage":"en-US","potentialAction":[{"@type":"ReadAction","target":["https:\/\/www.apfelpatient.de\/news\/iphone-12-apple-reduziert-preise-fuer-earpods-und-netzteil"]}]},{"@type":"ImageObject","inLanguage":"en-US","@id":"https:\/\/www.apfelpatient.de\/news\/iphone-12-apple-reduziert-preise-fuer-earpods-und-netzteil#primaryimage","url":"https:\/\/www.apfelpatient.de\/wp-content\/uploads\/2020\/10\/apple_iphone-12_color-red_10132020.jpg","contentUrl":"https:\/\/www.apfelpatient.de\/wp-content\/uploads\/2020\/10\/apple_iphone-12_color-red_10132020.jpg","width":1960,"height":1400,"caption":"Bild: Apple"},{"@type":"BreadcrumbList","@id":"https:\/\/www.apfelpatient.de\/news\/iphone-12-apple-reduziert-preise-fuer-earpods-und-netzteil#breadcrumb","itemListElement":[{"@type":"ListItem","position":1,"name":"Startseite","item":"https:\/\/www.apfelpatient.de\/"},{"@type":"ListItem","position":2,"name":"iPhone 12: Apple reduziert Preise f\u00fcr EarPods und Netzteil"}]},{"@type":"WebSite","@id":"https:\/\/www.apfelpatient.de\/#website","url":"https:\/\/www.apfelpatient.de\/","name":"apple patient","description":"Everything about Apple!","publisher":{"@type":"Organization","@id":"https:\/\/www.apfelpatient.de\/en\/#organization","name":"Apfelpatient","url":"https:\/\/www.apfelpatient.de\/en\/"},"alternateName":"Apfelpatient","potentialAction":[{"@type":"SearchAction","target":{"@type":"EntryPoint","urlTemplate":"https:\/\/www.apfelpatient.de\/?s={search_term_string}"},"query-input":{"@type":"PropertyValueSpecification","valueRequired":true,"valueName":"search_term_string"}}],"inLanguage":"en-US"},{"@type":["Person","Organization"],"@id":"https:\/\/www.apfelpatient.de\/#\/schema\/person\/7dc56ad6c8e9824b76d2c08d4c140e13","name":"Milan","logo":{"@id":"https:\/\/www.apfelpatient.de\/#\/schema\/person\/image\/"},"description":"Hello and welcome to my technology blog! As a big Apple fan, I report on everything to do with Apple: from the latest news and exciting rumors to helpful tips and tricks and detailed product tests. If you are as enthusiastic about technology as I am, you have come to the right place!","sameAs":["https:\/\/www.facebook.com\/apfelpatientOfficial","https:\/\/www.linkedin.com\/in\/milan-jovicic-42aa0231b"],"url":"https:\/\/www.apfelpatient.de\/en\/author\/apfeladmin"}]}},"_links":{"self":[{"href":"https:\/\/www.apfelpatient.de\/en\/wp-json\/wp\/v2\/posts\/16251","targetHints":{"allow":["GET"]}}],"collection":[{"href":"https:\/\/www.apfelpatient.de\/en\/wp-json\/wp\/v2\/posts"}],"about":[{"href":"https:\/\/www.apfelpatient.de\/en\/wp-json\/wp\/v2\/types\/post"}],"author":[{"embeddable":true,"href":"https:\/\/www.apfelpatient.de\/en\/wp-json\/wp\/v2\/users\/2"}],"replies":[{"embeddable":true,"href":"https:\/\/www.apfelpatient.de\/en\/wp-json\/wp\/v2\/comments?post=16251"}],"version-history":[{"count":0,"href":"https:\/\/www.apfelpatient.de\/en\/wp-json\/wp\/v2\/posts\/16251\/revisions"}],"wp:featuredmedia":[{"embeddable":true,"href":"https:\/\/www.apfelpatient.de\/en\/wp-json\/wp\/v2\/media\/16162"}],"wp:attachment":[{"href":"https:\/\/www.apfelpatient.de\/en\/wp-json\/wp\/v2\/media?parent=16251"}],"wp:term":[{"taxonomy":"category","embeddable":true,"href":"https:\/\/www.apfelpatient.de\/en\/wp-json\/wp\/v2\/categories?post=16251"},{"taxonomy":"post_tag","embeddable":true,"href":"https:\/\/www.apfelpatient.de\/en\/wp-json\/wp\/v2\/tags?post=16251"}],"curies":[{"name":"wp","href":"https:\/\/api.w.org\/{rel}","templated":true}]}}