{"id":16247,"date":"2020-10-14T16:21:10","date_gmt":"2020-10-14T14:21:10","guid":{"rendered":"https:\/\/www.apfelpatient.de\/?p=16247"},"modified":"2020-10-14T16:21:11","modified_gmt":"2020-10-14T14:21:11","slug":"can-i-pair-the-homepod-mini-with-the-homepod","status":"publish","type":"post","link":"https:\/\/www.apfelpatient.de\/en\/news\/kann-ich-den-homepod-mini-mit-dem-homepod-koppeln","title":{"rendered":"Can I pair the HomePod mini with the HomePod?"},"content":{"rendered":"<p class=\"has-drop-cap\"><strong>As expected, Apple has unveiled the HomePod mini at the Hi, Speed event <a href=\"https:\/\/www.apfelpatient.de\/en\/news\/hi-speed-event-apple-introduces-new-homepod-mini\">presented<\/a>The inexpensive smart speaker is also intended to appeal to price-conscious users. But can the HomePod mini be paired with the HomePod?<\/strong><\/p>\n\n\n\n<p>After Apple introduced the small smart speaker, many fans asked themselves whether the mini version of the Siri speaker can be paired with the classic model. The answer is no. The HomePod mini and HomePod cannot be used as a stereo pair. This means that anyone who wants to use Apple&#039;s speakers as a stereo pair needs two devices of the same version. But be careful - this does not mean that both versions of Apple&#039;s speakers do not work together. Of course, users can listen to music on both devices - including the brand new <a href=\"https:\/\/www.apfelpatient.de\/en\/news\/apple-introduces-intercom-function-for-iphone-ipad-and-more\">intercom function<\/a> is of course supported across devices.<\/p>\n\n\n\n<figure class=\"wp-block-image size-large\"><img decoding=\"async\" width=\"1024\" height=\"576\" src=\"https:\/\/www.apfelpatient.de\/wp-content\/uploads\/2020\/10\/Apple_homepod-mini-kitchen_10132020-1024x576.jpg\" alt=\"HomePod mini\" class=\"wp-image-16144\" srcset=\"https:\/\/www.apfelpatient.de\/wp-content\/uploads\/2020\/10\/Apple_homepod-mini-kitchen_10132020-1024x576.jpg 1024w, https:\/\/www.apfelpatient.de\/wp-content\/uploads\/2020\/10\/Apple_homepod-mini-kitchen_10132020-300x169.jpg 300w, https:\/\/www.apfelpatient.de\/wp-content\/uploads\/2020\/10\/Apple_homepod-mini-kitchen_10132020-768x432.jpg 768w, https:\/\/www.apfelpatient.de\/wp-content\/uploads\/2020\/10\/Apple_homepod-mini-kitchen_10132020-1536x864.jpg 1536w, https:\/\/www.apfelpatient.de\/wp-content\/uploads\/2020\/10\/Apple_homepod-mini-kitchen_10132020-2048x1152.jpg 2048w, https:\/\/www.apfelpatient.de\/wp-content\/uploads\/2020\/10\/Apple_homepod-mini-kitchen_10132020-750x422.jpg 750w, https:\/\/www.apfelpatient.de\/wp-content\/uploads\/2020\/10\/Apple_homepod-mini-kitchen_10132020-1140x641.jpg 1140w\" sizes=\"(max-width: 1024px) 100vw, 1024px\" \/><figcaption>Image: Apple<\/figcaption><\/figure>\n\n\n\n<h3 class=\"wp-block-heading\" id=\"h-klassischer-homepod-erh-lt-heimkinoerlebnis-update\">Classic HomePod receives home theater experience update<\/h3>\n\n\n\n\n\n\n\n<p>Many features that Apple offers with the small smart speaker <a href=\"https:\/\/www.apple.com\/de\/homepod-mini\/\" target=\"_blank\" rel=\"noreferrer noopener\">presented<\/a> are of course also supported by the classic HomePod - except for the fact with the U1 chip. Both models will also receive support for third-party music services - such as Spotify. But the classic HomePod is getting an exclusive function. The large smart speaker can simulate an impressive home cinema experience in combination with the Apple TV 4K. It doesn&#039;t matter whether it&#039;s used as a stereo pair or solo, although the former is of course a bit better. The feature requires support for surround sound, which only the large HomePod offers. So anyone who has such a setup can look forward to exciting movie nights.\u00a0<strong><em>Have you seen it yet?<\/em><\/strong>\u00a0Amazon Prime Day 2020 (13 &amp; 14 October) has started. You can find interesting offers in various categories\u00a0<a rel=\"noreferrer noopener\" href=\"https:\/\/www.amazon.de\/shop\/apfelpatientofficial\" target=\"_blank\"><em>in our storefront and in the corresponding Amazon section<\/em><\/a>\u00a0\u2013 have fun browsing.<em>\u00a0(Image: Apple)<\/em><\/p>\n\n\n\n<ul class=\"wp-block-list\"><li><a href=\"https:\/\/www.apfelpatient.de\/en\/news\/apple-tv-homepod-as-a-permanent-speaker\">Apple TV: HomePod as a permanent speaker<\/a><\/li><\/ul>\n\n\n\n<h6 class=\"wp-block-heading translation-block\" id=\"h-kennt-ihr-schon-unsere-amazon-storefront-dort-findet-ihr-eine-handverlesene-auswahl-von-diversen-produkten-f-r-euer-iphone-und-co-viel-spa-beim-st-bern\"><em>Have you already visited our Amazon Storefront? There you&#039;ll find a hand-picked selection of various products for your iPhone and other devices \u2013 <span class=\"has-inline-color has-vivid-red-color\"><a href=\"https:\/\/www.amazon.de\/shop\/apfelpatientofficial\" class=\"ek-link\" data-wpel-link=\"exclude\" rel=\"follow noopener\" target=\"_self\"><span style=\"text-decoration: underline\" class=\"ek-underline\">enjoy browsing<\/span><\/a> !<\/span><\/em><\/h6>\n\n\n\n\n\n<h6 class=\"wp-block-heading translation-block\" id=\"h-der-beitrag-enthalt-partnerlinks\">This post contains <a data-type=\"URL\" data-id=\"https:\/\/www.apfelpatient.de\/partnerprogramm\" href=\"https:\/\/www.apfelpatient.de\/en\/partner-program\" data-wpel-link=\"internal\" target=\"_self\">affiliate links<\/a>.<\/h6>","protected":false},"excerpt":{"rendered":"<p>Stereo pair: The inexpensive smart speaker is also intended to appeal to price-conscious users. But can you pair the HomePod mini with the HomePod?<\/p>","protected":false},"author":2,"featured_media":16145,"comment_status":"closed","ping_status":"closed","sticky":false,"template":"","format":"standard","meta":{"jnews-multi-image_gallery":[],"jnews_single_post":{"subtitle":"","format":"standard","video":"","gallery":"","source_name":"","source_url":"","via_name":"","via_url":"","override":[{"single_blog_custom":"","sidebar":"","second_sidebar":"","share_position":"","share_float_style":"","post_date_format":"","post_date_format_custom":"","post_reading_time_wpm":"","zoom_button_out_step":"1","zoom_button_in_step":"1","number_popup_post":"1"}],"image_override":[{"single_post_thumbnail_size":"","single_post_gallery_size":""}],"trending_post_position":"","trending_post_label":"","sponsored_post_label":"","sponsored_post_name":"","sponsored_post_url":"","sponsored_post_logo":"","sponsored_post_desc":""},"jnews_primary_category":{"id":"9"},"footnotes":""},"categories":[9],"tags":[156,85,535],"class_list":["post-16247","post","type-post","status-publish","format-standard","has-post-thumbnail","hentry","category-news","tag-apple-tv","tag-homepod","tag-homepod-mini"],"yoast_head":"<!-- This site is optimized with the Yoast SEO Premium plugin v27.5 (Yoast SEO v27.5) - https:\/\/yoast.com\/product\/yoast-seo-premium-wordpress\/ -->\n<title>Kann ich den HomePod mini mit dem HomePod koppeln? Apfelpatient<\/title>\n<meta name=\"description\" content=\"Stereopaar: Der preiswerte Smartspeaker soll auch preisbewusste Nutzer ansprechen. Doch kann man den HomePod mini mit dem HomePod koppeln?\" \/>\n<meta name=\"robots\" content=\"index, follow, max-snippet:-1, max-image-preview:large, max-video-preview:-1\" \/>\n<link rel=\"canonical\" href=\"https:\/\/www.apfelpatient.de\/en\/news\/can-i-pair-the-homepod-mini-with-the-homepod\" \/>\n<meta property=\"og:locale\" content=\"en_US\" \/>\n<meta property=\"og:type\" content=\"article\" \/>\n<meta property=\"og:title\" content=\"Kann ich den HomePod mini mit dem HomePod koppeln?\" \/>\n<meta property=\"og:description\" content=\"Stereopaar: Der preiswerte Smartspeaker soll auch preisbewusste Nutzer ansprechen. Doch kann man den HomePod mini mit dem HomePod koppeln?\" \/>\n<meta property=\"og:url\" content=\"https:\/\/www.apfelpatient.de\/en\/news\/can-i-pair-the-homepod-mini-with-the-homepod\" \/>\n<meta property=\"og:site_name\" content=\"Apfelpatient\" \/>\n<meta property=\"article:publisher\" content=\"https:\/\/www.facebook.com\/apfelpatientOfficial\" \/>\n<meta property=\"article:author\" content=\"https:\/\/www.facebook.com\/apfelpatientOfficial\" \/>\n<meta property=\"article:published_time\" content=\"2020-10-14T14:21:10+00:00\" \/>\n<meta property=\"article:modified_time\" content=\"2020-10-14T14:21:11+00:00\" \/>\n<meta property=\"og:image\" content=\"https:\/\/www.apfelpatient.de\/wp-content\/uploads\/2020\/10\/Apple_homepod-mini-space-gray-close-up_10132020.jpg\" \/>\n\t<meta property=\"og:image:width\" content=\"1306\" \/>\n\t<meta property=\"og:image:height\" content=\"1226\" \/>\n\t<meta property=\"og:image:type\" content=\"image\/jpeg\" \/>\n<meta name=\"author\" content=\"Milan\" \/>\n<meta name=\"twitter:card\" content=\"summary_large_image\" \/>\n<meta name=\"twitter:description\" content=\"Stereopaar: Der preiswerte Smartspeaker soll auch preisbewusste Nutzer ansprechen. Doch kann man den HomePod mini mit dem HomePod koppeln?\" \/>\n<meta name=\"twitter:label1\" content=\"Written by\" \/>\n\t<meta name=\"twitter:data1\" content=\"Milan\" \/>\n\t<meta name=\"twitter:label2\" content=\"Est. reading time\" \/>\n\t<meta name=\"twitter:data2\" content=\"2 minutes\" \/>\n<script type=\"application\/ld+json\" class=\"yoast-schema-graph\">{\"@context\":\"https:\\\/\\\/schema.org\",\"@graph\":[{\"@type\":\"NewsArticle\",\"@id\":\"https:\\\/\\\/www.apfelpatient.de\\\/news\\\/kann-ich-den-homepod-mini-mit-dem-homepod-koppeln#article\",\"isPartOf\":{\"@id\":\"https:\\\/\\\/www.apfelpatient.de\\\/news\\\/kann-ich-den-homepod-mini-mit-dem-homepod-koppeln\"},\"author\":{\"@type\":\"Organization\",\"@id\":\"https:\\\/\\\/www.apfelpatient.de\\\/en\\\/#organization\",\"name\":\"Apfelpatient\",\"url\":\"https:\\\/\\\/www.apfelpatient.de\\\/en\\\/\"},\"headline\":\"Kann ich den HomePod mini mit dem HomePod koppeln?\",\"datePublished\":\"2020-10-14T14:21:10+00:00\",\"dateModified\":\"2020-10-14T14:21:11+00:00\",\"mainEntityOfPage\":{\"@id\":\"https:\\\/\\\/www.apfelpatient.de\\\/news\\\/kann-ich-den-homepod-mini-mit-dem-homepod-koppeln\"},\"wordCount\":316,\"publisher\":{\"@type\":\"Organization\",\"@id\":\"https:\\\/\\\/www.apfelpatient.de\\\/en\\\/#organization\",\"name\":\"Apfelpatient\",\"url\":\"https:\\\/\\\/www.apfelpatient.de\\\/en\\\/\"},\"image\":{\"@id\":\"https:\\\/\\\/www.apfelpatient.de\\\/news\\\/kann-ich-den-homepod-mini-mit-dem-homepod-koppeln#primaryimage\"},\"thumbnailUrl\":\"https:\\\/\\\/www.apfelpatient.de\\\/wp-content\\\/uploads\\\/2020\\\/10\\\/Apple_homepod-mini-space-gray-close-up_10132020.jpg\",\"keywords\":[\"Apple TV\",\"HomePod\",\"HomePod Mini\"],\"articleSection\":\"News\",\"inLanguage\":\"en-US\",\"copyrightYear\":\"2020\",\"copyrightHolder\":{\"@id\":\"https:\\\/\\\/www.apfelpatient.de\\\/en\\\/#organization\"}},{\"@type\":\"WebPage\",\"@id\":\"https:\\\/\\\/www.apfelpatient.de\\\/news\\\/kann-ich-den-homepod-mini-mit-dem-homepod-koppeln\",\"url\":\"https:\\\/\\\/www.apfelpatient.de\\\/news\\\/kann-ich-den-homepod-mini-mit-dem-homepod-koppeln\",\"name\":\"Kann ich den HomePod mini mit dem HomePod koppeln? Apfelpatient\",\"isPartOf\":{\"@id\":\"https:\\\/\\\/www.apfelpatient.de\\\/#website\"},\"primaryImageOfPage\":{\"@id\":\"https:\\\/\\\/www.apfelpatient.de\\\/news\\\/kann-ich-den-homepod-mini-mit-dem-homepod-koppeln#primaryimage\"},\"image\":{\"@id\":\"https:\\\/\\\/www.apfelpatient.de\\\/news\\\/kann-ich-den-homepod-mini-mit-dem-homepod-koppeln#primaryimage\"},\"thumbnailUrl\":\"https:\\\/\\\/www.apfelpatient.de\\\/wp-content\\\/uploads\\\/2020\\\/10\\\/Apple_homepod-mini-space-gray-close-up_10132020.jpg\",\"datePublished\":\"2020-10-14T14:21:10+00:00\",\"dateModified\":\"2020-10-14T14:21:11+00:00\",\"description\":\"Stereopaar: Der preiswerte Smartspeaker soll auch preisbewusste Nutzer ansprechen. Doch kann man den HomePod mini mit dem HomePod koppeln?\",\"breadcrumb\":{\"@id\":\"https:\\\/\\\/www.apfelpatient.de\\\/news\\\/kann-ich-den-homepod-mini-mit-dem-homepod-koppeln#breadcrumb\"},\"inLanguage\":\"en-US\",\"potentialAction\":[{\"@type\":\"ReadAction\",\"target\":[\"https:\\\/\\\/www.apfelpatient.de\\\/news\\\/kann-ich-den-homepod-mini-mit-dem-homepod-koppeln\"]}]},{\"@type\":\"ImageObject\",\"inLanguage\":\"en-US\",\"@id\":\"https:\\\/\\\/www.apfelpatient.de\\\/news\\\/kann-ich-den-homepod-mini-mit-dem-homepod-koppeln#primaryimage\",\"url\":\"https:\\\/\\\/www.apfelpatient.de\\\/wp-content\\\/uploads\\\/2020\\\/10\\\/Apple_homepod-mini-space-gray-close-up_10132020.jpg\",\"contentUrl\":\"https:\\\/\\\/www.apfelpatient.de\\\/wp-content\\\/uploads\\\/2020\\\/10\\\/Apple_homepod-mini-space-gray-close-up_10132020.jpg\",\"width\":1306,\"height\":1226,\"caption\":\"Bild: Apple\"},{\"@type\":\"BreadcrumbList\",\"@id\":\"https:\\\/\\\/www.apfelpatient.de\\\/news\\\/kann-ich-den-homepod-mini-mit-dem-homepod-koppeln#breadcrumb\",\"itemListElement\":[{\"@type\":\"ListItem\",\"position\":1,\"name\":\"Startseite\",\"item\":\"https:\\\/\\\/www.apfelpatient.de\\\/\"},{\"@type\":\"ListItem\",\"position\":2,\"name\":\"Kann ich den HomePod mini mit dem HomePod koppeln?\"}]},{\"@type\":\"WebSite\",\"@id\":\"https:\\\/\\\/www.apfelpatient.de\\\/#website\",\"url\":\"https:\\\/\\\/www.apfelpatient.de\\\/\",\"name\":\"Apfelpatient\",\"description\":\"Alles rund um Apple!\",\"publisher\":{\"@type\":\"Organization\",\"@id\":\"https:\\\/\\\/www.apfelpatient.de\\\/en\\\/#organization\",\"name\":\"Apfelpatient\",\"url\":\"https:\\\/\\\/www.apfelpatient.de\\\/en\\\/\"},\"alternateName\":\"Apfelpatient\",\"potentialAction\":[{\"@type\":\"SearchAction\",\"target\":{\"@type\":\"EntryPoint\",\"urlTemplate\":\"https:\\\/\\\/www.apfelpatient.de\\\/?s={search_term_string}\"},\"query-input\":{\"@type\":\"PropertyValueSpecification\",\"valueRequired\":true,\"valueName\":\"search_term_string\"}}],\"inLanguage\":\"en-US\"},{\"@type\":[\"Person\",\"Organization\"],\"@id\":\"https:\\\/\\\/www.apfelpatient.de\\\/#\\\/schema\\\/person\\\/7dc56ad6c8e9824b76d2c08d4c140e13\",\"name\":\"Milan\",\"logo\":{\"@id\":\"https:\\\/\\\/www.apfelpatient.de\\\/#\\\/schema\\\/person\\\/image\\\/\"},\"description\":\"Hallo und herzlich willkommen auf meinem Technik-Blog! Als gro\u00dfer Apple-Fan berichte ich hier \u00fcber alles, was mit Apple zu tun hat: von den neuesten News und spannenden Ger\u00fcchten \u00fcber hilfreiche Tipps und Tricks bis hin zu ausf\u00fchrlichen Produkttests. Wenn du genauso technikbegeistert bist wie ich, bist du hier genau richtig!\",\"sameAs\":[\"https:\\\/\\\/www.facebook.com\\\/apfelpatientOfficial\",\"https:\\\/\\\/www.linkedin.com\\\/in\\\/milan-jovicic-42aa0231b\"],\"url\":\"https:\\\/\\\/www.apfelpatient.de\\\/en\\\/author\\\/apfeladmin\"}]}<\/script>\n<!-- \/ Yoast SEO Premium plugin. -->","yoast_head_json":{"title":"Can I pair the HomePod mini with the HomePod? Apfelpatient","description":"Stereo pair: The inexpensive smart speaker is also intended to appeal to price-conscious users. But can you pair the HomePod mini with the HomePod?","robots":{"index":"index","follow":"follow","max-snippet":"max-snippet:-1","max-image-preview":"max-image-preview:large","max-video-preview":"max-video-preview:-1"},"canonical":"https:\/\/www.apfelpatient.de\/en\/news\/can-i-pair-the-homepod-mini-with-the-homepod","og_locale":"en_US","og_type":"article","og_title":"Kann ich den HomePod mini mit dem HomePod koppeln?","og_description":"Stereopaar: Der preiswerte Smartspeaker soll auch preisbewusste Nutzer ansprechen. Doch kann man den HomePod mini mit dem HomePod koppeln?","og_url":"https:\/\/www.apfelpatient.de\/en\/news\/can-i-pair-the-homepod-mini-with-the-homepod","og_site_name":"Apfelpatient","article_publisher":"https:\/\/www.facebook.com\/apfelpatientOfficial","article_author":"https:\/\/www.facebook.com\/apfelpatientOfficial","article_published_time":"2020-10-14T14:21:10+00:00","article_modified_time":"2020-10-14T14:21:11+00:00","og_image":[{"width":1306,"height":1226,"url":"https:\/\/www.apfelpatient.de\/wp-content\/uploads\/2020\/10\/Apple_homepod-mini-space-gray-close-up_10132020.jpg","type":"image\/jpeg"}],"author":"Milan","twitter_card":"summary_large_image","twitter_description":"Stereopaar: Der preiswerte Smartspeaker soll auch preisbewusste Nutzer ansprechen. Doch kann man den HomePod mini mit dem HomePod koppeln?","twitter_misc":{"Written by":"Milan","Est. reading time":"2 minutes"},"schema":{"@context":"https:\/\/schema.org","@graph":[{"@type":"NewsArticle","@id":"https:\/\/www.apfelpatient.de\/news\/kann-ich-den-homepod-mini-mit-dem-homepod-koppeln#article","isPartOf":{"@id":"https:\/\/www.apfelpatient.de\/news\/kann-ich-den-homepod-mini-mit-dem-homepod-koppeln"},"author":{"@type":"Organization","@id":"https:\/\/www.apfelpatient.de\/en\/#organization","name":"Apfelpatient","url":"https:\/\/www.apfelpatient.de\/en\/"},"headline":"Kann ich den HomePod mini mit dem HomePod koppeln?","datePublished":"2020-10-14T14:21:10+00:00","dateModified":"2020-10-14T14:21:11+00:00","mainEntityOfPage":{"@id":"https:\/\/www.apfelpatient.de\/news\/kann-ich-den-homepod-mini-mit-dem-homepod-koppeln"},"wordCount":316,"publisher":{"@type":"Organization","@id":"https:\/\/www.apfelpatient.de\/en\/#organization","name":"Apfelpatient","url":"https:\/\/www.apfelpatient.de\/en\/"},"image":{"@id":"https:\/\/www.apfelpatient.de\/news\/kann-ich-den-homepod-mini-mit-dem-homepod-koppeln#primaryimage"},"thumbnailUrl":"https:\/\/www.apfelpatient.de\/wp-content\/uploads\/2020\/10\/Apple_homepod-mini-space-gray-close-up_10132020.jpg","keywords":["Apple TV","HomePod","HomePod Mini"],"articleSection":"News","inLanguage":"en-US","copyrightYear":"2020","copyrightHolder":{"@id":"https:\/\/www.apfelpatient.de\/en\/#organization"}},{"@type":"WebPage","@id":"https:\/\/www.apfelpatient.de\/news\/kann-ich-den-homepod-mini-mit-dem-homepod-koppeln","url":"https:\/\/www.apfelpatient.de\/news\/kann-ich-den-homepod-mini-mit-dem-homepod-koppeln","name":"Can I pair the HomePod mini with the HomePod? Apfelpatient","isPartOf":{"@id":"https:\/\/www.apfelpatient.de\/#website"},"primaryImageOfPage":{"@id":"https:\/\/www.apfelpatient.de\/news\/kann-ich-den-homepod-mini-mit-dem-homepod-koppeln#primaryimage"},"image":{"@id":"https:\/\/www.apfelpatient.de\/news\/kann-ich-den-homepod-mini-mit-dem-homepod-koppeln#primaryimage"},"thumbnailUrl":"https:\/\/www.apfelpatient.de\/wp-content\/uploads\/2020\/10\/Apple_homepod-mini-space-gray-close-up_10132020.jpg","datePublished":"2020-10-14T14:21:10+00:00","dateModified":"2020-10-14T14:21:11+00:00","description":"Stereo pair: The inexpensive smart speaker is also intended to appeal to price-conscious users. But can you pair the HomePod mini with the HomePod?","breadcrumb":{"@id":"https:\/\/www.apfelpatient.de\/news\/kann-ich-den-homepod-mini-mit-dem-homepod-koppeln#breadcrumb"},"inLanguage":"en-US","potentialAction":[{"@type":"ReadAction","target":["https:\/\/www.apfelpatient.de\/news\/kann-ich-den-homepod-mini-mit-dem-homepod-koppeln"]}]},{"@type":"ImageObject","inLanguage":"en-US","@id":"https:\/\/www.apfelpatient.de\/news\/kann-ich-den-homepod-mini-mit-dem-homepod-koppeln#primaryimage","url":"https:\/\/www.apfelpatient.de\/wp-content\/uploads\/2020\/10\/Apple_homepod-mini-space-gray-close-up_10132020.jpg","contentUrl":"https:\/\/www.apfelpatient.de\/wp-content\/uploads\/2020\/10\/Apple_homepod-mini-space-gray-close-up_10132020.jpg","width":1306,"height":1226,"caption":"Bild: Apple"},{"@type":"BreadcrumbList","@id":"https:\/\/www.apfelpatient.de\/news\/kann-ich-den-homepod-mini-mit-dem-homepod-koppeln#breadcrumb","itemListElement":[{"@type":"ListItem","position":1,"name":"Startseite","item":"https:\/\/www.apfelpatient.de\/"},{"@type":"ListItem","position":2,"name":"Kann ich den HomePod mini mit dem HomePod koppeln?"}]},{"@type":"WebSite","@id":"https:\/\/www.apfelpatient.de\/#website","url":"https:\/\/www.apfelpatient.de\/","name":"apple patient","description":"Everything about Apple!","publisher":{"@type":"Organization","@id":"https:\/\/www.apfelpatient.de\/en\/#organization","name":"Apfelpatient","url":"https:\/\/www.apfelpatient.de\/en\/"},"alternateName":"Apfelpatient","potentialAction":[{"@type":"SearchAction","target":{"@type":"EntryPoint","urlTemplate":"https:\/\/www.apfelpatient.de\/?s={search_term_string}"},"query-input":{"@type":"PropertyValueSpecification","valueRequired":true,"valueName":"search_term_string"}}],"inLanguage":"en-US"},{"@type":["Person","Organization"],"@id":"https:\/\/www.apfelpatient.de\/#\/schema\/person\/7dc56ad6c8e9824b76d2c08d4c140e13","name":"Milan","logo":{"@id":"https:\/\/www.apfelpatient.de\/#\/schema\/person\/image\/"},"description":"Hello and welcome to my technology blog! As a big Apple fan, I report on everything to do with Apple: from the latest news and exciting rumors to helpful tips and tricks and detailed product tests. If you are as enthusiastic about technology as I am, you have come to the right place!","sameAs":["https:\/\/www.facebook.com\/apfelpatientOfficial","https:\/\/www.linkedin.com\/in\/milan-jovicic-42aa0231b"],"url":"https:\/\/www.apfelpatient.de\/en\/author\/apfeladmin"}]}},"_links":{"self":[{"href":"https:\/\/www.apfelpatient.de\/en\/wp-json\/wp\/v2\/posts\/16247","targetHints":{"allow":["GET"]}}],"collection":[{"href":"https:\/\/www.apfelpatient.de\/en\/wp-json\/wp\/v2\/posts"}],"about":[{"href":"https:\/\/www.apfelpatient.de\/en\/wp-json\/wp\/v2\/types\/post"}],"author":[{"embeddable":true,"href":"https:\/\/www.apfelpatient.de\/en\/wp-json\/wp\/v2\/users\/2"}],"replies":[{"embeddable":true,"href":"https:\/\/www.apfelpatient.de\/en\/wp-json\/wp\/v2\/comments?post=16247"}],"version-history":[{"count":0,"href":"https:\/\/www.apfelpatient.de\/en\/wp-json\/wp\/v2\/posts\/16247\/revisions"}],"wp:featuredmedia":[{"embeddable":true,"href":"https:\/\/www.apfelpatient.de\/en\/wp-json\/wp\/v2\/media\/16145"}],"wp:attachment":[{"href":"https:\/\/www.apfelpatient.de\/en\/wp-json\/wp\/v2\/media?parent=16247"}],"wp:term":[{"taxonomy":"category","embeddable":true,"href":"https:\/\/www.apfelpatient.de\/en\/wp-json\/wp\/v2\/categories?post=16247"},{"taxonomy":"post_tag","embeddable":true,"href":"https:\/\/www.apfelpatient.de\/en\/wp-json\/wp\/v2\/tags?post=16247"}],"curies":[{"name":"wp","href":"https:\/\/api.w.org\/{rel}","templated":true}]}}