{"id":1624,"date":"2018-08-18T11:27:26","date_gmt":"2018-08-18T09:27:26","guid":{"rendered":"https:\/\/www.apfelpatient.de\/?p=1624"},"modified":"2018-08-18T11:27:26","modified_gmt":"2018-08-18T09:27:26","slug":"ipad-pro-ipad-mini-2018-this-is-what-apple-is-planning","status":"publish","type":"post","link":"https:\/\/www.apfelpatient.de\/en\/rumors\/ipad-pro-ipad-mini-2018-das-plant-apple","title":{"rendered":"iPad Pro \/ iPad Mini 2018: This is what Apple is planning"},"content":{"rendered":"<p><strong>It was already suspected that an iPad Pro 12.9&quot; with Face ID would be released, and Kuo confirmed this. But now he also believes that there will be another iPad, namely an 11&quot; model. Both models will have no home button. The iPad was recently leaked in an iOS 12 beta.<\/strong><\/p>\n\n<p><strong>Face ID without a notch<\/strong><\/p>\n<p>The files found in the battery usage area show the device with an almost edgeless design and, as expected, without a home button. Like the iPhone X, it is said to have a TrueDepth camera and thus rely on FaceID. The elimination of the notch is interesting - here Apple seems to have integrated the camera directly into the edge. The icon with the designation HLSipad2 represents the successor to the HLSipad icon - the home screen apparently remains the same.<\/p>\n<p><strong>No headphone jack<\/strong><\/p>\n<p>The 3.5 mm headphone jack is also said to be history. The Smart Connector is said to be moved down to the Lightning port, which on the one hand points to new Smart Keyboards and on the other hand is also an indication that Face ID can only be used vertically. Macotakara also wants to know the dimensions. According to this, the 12.9&quot; model is said to measure 280 mm x 215 mm x 6.4 mm and the 10.5&quot; model is said to be 247.5 mm x 178.7 mm x 6 mm.<\/p>\n\n<p><b>Rounded screen corners<\/b><\/p>\n<p>The iPhone X showed the way \u2013 now the iPad Pro is to follow. Apple&#039;s iOS beta once again gave us a deep insight. Another clue was found that provides information about the shape of the display corners. According to this, the upcoming iPad Pro will have rounded screen corners \u2013 similar to the iPhone X before it. If the iPad is started in the iOS simulator, it can be seen that iOS 12 can also run with rounded corners.<\/p>\n<p><b>iPad mini<\/b><\/p>\n<p>According to rumors from China and Taiwan, there will be no update in the iPad lightweight class. The smart tablet celebrates its third birthday this autumn.<\/p>","protected":false},"excerpt":{"rendered":"<p>Das ein iPad Pro 12.9\u201c mit Face ID kommen soll, wurde bereits vermutet und von Kuo unterstrichen. Nun glaubt er aber auch an ein weiteres iPad, n\u00e4mlich ein 11\u201c Modell. Beide verzichten auf den Homebutton. Vor Kurzem wurde in einer iOS 12 Beta das iPad geleakt. Face ID ohne Kerbe Die im Batterienutzungs-Bereich gefundenen Dateien [&hellip;]<\/p>\n","protected":false},"author":2,"featured_media":1625,"comment_status":"open","ping_status":"open","sticky":false,"template":"","format":"standard","meta":{"jnews-multi-image_gallery":[],"jnews_single_post":[],"jnews_primary_category":[],"footnotes":""},"categories":[25],"tags":[18,114,66],"class_list":["post-1624","post","type-post","status-publish","format-standard","has-post-thumbnail","hentry","category-rumors","tag-ipad","tag-ipad-mini","tag-ipad-pro"],"yoast_head":"<!-- This site is optimized with the Yoast SEO Premium plugin v27.5 (Yoast SEO v27.5) - https:\/\/yoast.com\/product\/yoast-seo-premium-wordpress\/ -->\n<title>iPad Pro \/ iPad Mini 2018: Das plant Apple Apfelpatient<\/title>\n<meta name=\"description\" content=\"Das ein iPad Pro 12.9\u201c mit Face ID kommen soll, wurde bereits vermutet und von Kuo unterstrichen. Nun glaubt er aber auch an ein weiteres iPad, n\u00e4mlich\" \/>\n<meta name=\"robots\" content=\"index, follow, max-snippet:-1, max-image-preview:large, max-video-preview:-1\" \/>\n<link rel=\"canonical\" href=\"https:\/\/www.apfelpatient.de\/en\/rumors\/ipad-pro-ipad-mini-2018-this-is-what-apple-is-planning\" \/>\n<meta property=\"og:locale\" content=\"en_US\" \/>\n<meta property=\"og:type\" content=\"article\" \/>\n<meta property=\"og:title\" content=\"iPad Pro \/ iPad Mini 2018: Das plant Apple\" \/>\n<meta property=\"og:description\" content=\"Das ein iPad Pro 12.9\u201c mit Face ID kommen soll, wurde bereits vermutet und von Kuo unterstrichen. Nun glaubt er aber auch an ein weiteres iPad, n\u00e4mlich\" \/>\n<meta property=\"og:url\" content=\"https:\/\/www.apfelpatient.de\/en\/rumors\/ipad-pro-ipad-mini-2018-this-is-what-apple-is-planning\" \/>\n<meta property=\"og:site_name\" content=\"Apfelpatient\" \/>\n<meta property=\"article:publisher\" content=\"https:\/\/www.facebook.com\/apfelpatientOfficial\" \/>\n<meta property=\"article:author\" content=\"https:\/\/www.facebook.com\/apfelpatientOfficial\" \/>\n<meta property=\"article:published_time\" content=\"2018-08-18T09:27:26+00:00\" \/>\n<meta property=\"og:image\" content=\"https:\/\/www.apfelpatient.de\/wp-content\/uploads\/2018\/08\/ipad-pro-family-black.jpg\" \/>\n\t<meta property=\"og:image:width\" content=\"1142\" \/>\n\t<meta property=\"og:image:height\" content=\"928\" \/>\n\t<meta property=\"og:image:type\" content=\"image\/jpeg\" \/>\n<meta name=\"author\" content=\"Milan\" \/>\n<meta name=\"twitter:card\" content=\"summary_large_image\" \/>\n<meta name=\"twitter:label1\" content=\"Written by\" \/>\n\t<meta name=\"twitter:data1\" content=\"Milan\" \/>\n\t<meta name=\"twitter:label2\" content=\"Est. reading time\" \/>\n\t<meta name=\"twitter:data2\" content=\"1 minute\" \/>\n<script type=\"application\/ld+json\" class=\"yoast-schema-graph\">{\"@context\":\"https:\\\/\\\/schema.org\",\"@graph\":[{\"@type\":\"NewsArticle\",\"@id\":\"https:\\\/\\\/www.apfelpatient.de\\\/rumors\\\/ipad-pro-ipad-mini-2018-das-plant-apple#article\",\"isPartOf\":{\"@id\":\"https:\\\/\\\/www.apfelpatient.de\\\/rumors\\\/ipad-pro-ipad-mini-2018-das-plant-apple\"},\"author\":{\"@type\":\"Organization\",\"@id\":\"https:\\\/\\\/www.apfelpatient.de\\\/en\\\/#organization\",\"name\":\"Apfelpatient\",\"url\":\"https:\\\/\\\/www.apfelpatient.de\\\/en\\\/\"},\"headline\":\"iPad Pro \\\/ iPad Mini 2018: Das plant Apple\",\"datePublished\":\"2018-08-18T09:27:26+00:00\",\"mainEntityOfPage\":{\"@id\":\"https:\\\/\\\/www.apfelpatient.de\\\/rumors\\\/ipad-pro-ipad-mini-2018-das-plant-apple\"},\"wordCount\":295,\"commentCount\":0,\"publisher\":{\"@type\":\"Organization\",\"@id\":\"https:\\\/\\\/www.apfelpatient.de\\\/en\\\/#organization\",\"name\":\"Apfelpatient\",\"url\":\"https:\\\/\\\/www.apfelpatient.de\\\/en\\\/\"},\"image\":{\"@id\":\"https:\\\/\\\/www.apfelpatient.de\\\/rumors\\\/ipad-pro-ipad-mini-2018-das-plant-apple#primaryimage\"},\"thumbnailUrl\":\"https:\\\/\\\/www.apfelpatient.de\\\/wp-content\\\/uploads\\\/2018\\\/08\\\/ipad-pro-family-black.jpg\",\"keywords\":[\"iPad\",\"iPad mini\",\"iPad Pro\"],\"articleSection\":\"Rumors\",\"inLanguage\":\"en-US\",\"potentialAction\":[{\"@type\":\"CommentAction\",\"name\":\"Comment\",\"target\":[\"https:\\\/\\\/www.apfelpatient.de\\\/rumors\\\/ipad-pro-ipad-mini-2018-das-plant-apple#respond\"]}],\"copyrightYear\":\"2018\",\"copyrightHolder\":{\"@id\":\"https:\\\/\\\/www.apfelpatient.de\\\/en\\\/#organization\"}},{\"@type\":\"WebPage\",\"@id\":\"https:\\\/\\\/www.apfelpatient.de\\\/rumors\\\/ipad-pro-ipad-mini-2018-das-plant-apple\",\"url\":\"https:\\\/\\\/www.apfelpatient.de\\\/rumors\\\/ipad-pro-ipad-mini-2018-das-plant-apple\",\"name\":\"iPad Pro \\\/ iPad Mini 2018: Das plant Apple Apfelpatient\",\"isPartOf\":{\"@id\":\"https:\\\/\\\/www.apfelpatient.de\\\/#website\"},\"primaryImageOfPage\":{\"@id\":\"https:\\\/\\\/www.apfelpatient.de\\\/rumors\\\/ipad-pro-ipad-mini-2018-das-plant-apple#primaryimage\"},\"image\":{\"@id\":\"https:\\\/\\\/www.apfelpatient.de\\\/rumors\\\/ipad-pro-ipad-mini-2018-das-plant-apple#primaryimage\"},\"thumbnailUrl\":\"https:\\\/\\\/www.apfelpatient.de\\\/wp-content\\\/uploads\\\/2018\\\/08\\\/ipad-pro-family-black.jpg\",\"datePublished\":\"2018-08-18T09:27:26+00:00\",\"description\":\"Das ein iPad Pro 12.9\u201c mit Face ID kommen soll, wurde bereits vermutet und von Kuo unterstrichen. Nun glaubt er aber auch an ein weiteres iPad, n\u00e4mlich\",\"breadcrumb\":{\"@id\":\"https:\\\/\\\/www.apfelpatient.de\\\/rumors\\\/ipad-pro-ipad-mini-2018-das-plant-apple#breadcrumb\"},\"inLanguage\":\"en-US\",\"potentialAction\":[{\"@type\":\"ReadAction\",\"target\":[\"https:\\\/\\\/www.apfelpatient.de\\\/rumors\\\/ipad-pro-ipad-mini-2018-das-plant-apple\"]}]},{\"@type\":\"ImageObject\",\"inLanguage\":\"en-US\",\"@id\":\"https:\\\/\\\/www.apfelpatient.de\\\/rumors\\\/ipad-pro-ipad-mini-2018-das-plant-apple#primaryimage\",\"url\":\"https:\\\/\\\/www.apfelpatient.de\\\/wp-content\\\/uploads\\\/2018\\\/08\\\/ipad-pro-family-black.jpg\",\"contentUrl\":\"https:\\\/\\\/www.apfelpatient.de\\\/wp-content\\\/uploads\\\/2018\\\/08\\\/ipad-pro-family-black.jpg\",\"width\":1142,\"height\":928,\"caption\":\"Bild: Apple\"},{\"@type\":\"BreadcrumbList\",\"@id\":\"https:\\\/\\\/www.apfelpatient.de\\\/rumors\\\/ipad-pro-ipad-mini-2018-das-plant-apple#breadcrumb\",\"itemListElement\":[{\"@type\":\"ListItem\",\"position\":1,\"name\":\"Startseite\",\"item\":\"https:\\\/\\\/www.apfelpatient.de\\\/\"},{\"@type\":\"ListItem\",\"position\":2,\"name\":\"iPad Pro \\\/ iPad Mini 2018: Das plant Apple\"}]},{\"@type\":\"WebSite\",\"@id\":\"https:\\\/\\\/www.apfelpatient.de\\\/#website\",\"url\":\"https:\\\/\\\/www.apfelpatient.de\\\/\",\"name\":\"Apfelpatient\",\"description\":\"Alles rund um Apple!\",\"publisher\":{\"@type\":\"Organization\",\"@id\":\"https:\\\/\\\/www.apfelpatient.de\\\/en\\\/#organization\",\"name\":\"Apfelpatient\",\"url\":\"https:\\\/\\\/www.apfelpatient.de\\\/en\\\/\"},\"alternateName\":\"Apfelpatient\",\"potentialAction\":[{\"@type\":\"SearchAction\",\"target\":{\"@type\":\"EntryPoint\",\"urlTemplate\":\"https:\\\/\\\/www.apfelpatient.de\\\/?s={search_term_string}\"},\"query-input\":{\"@type\":\"PropertyValueSpecification\",\"valueRequired\":true,\"valueName\":\"search_term_string\"}}],\"inLanguage\":\"en-US\"},{\"@type\":[\"Person\",\"Organization\"],\"@id\":\"https:\\\/\\\/www.apfelpatient.de\\\/#\\\/schema\\\/person\\\/7dc56ad6c8e9824b76d2c08d4c140e13\",\"name\":\"Milan\",\"logo\":{\"@id\":\"https:\\\/\\\/www.apfelpatient.de\\\/#\\\/schema\\\/person\\\/image\\\/\"},\"description\":\"Hallo und herzlich willkommen auf meinem Technik-Blog! Als gro\u00dfer Apple-Fan berichte ich hier \u00fcber alles, was mit Apple zu tun hat: von den neuesten News und spannenden Ger\u00fcchten \u00fcber hilfreiche Tipps und Tricks bis hin zu ausf\u00fchrlichen Produkttests. Wenn du genauso technikbegeistert bist wie ich, bist du hier genau richtig!\",\"sameAs\":[\"https:\\\/\\\/www.facebook.com\\\/apfelpatientOfficial\",\"https:\\\/\\\/www.linkedin.com\\\/in\\\/milan-jovicic-42aa0231b\"],\"url\":\"https:\\\/\\\/www.apfelpatient.de\\\/en\\\/author\\\/apfeladmin\"}]}<\/script>\n<!-- \/ Yoast SEO Premium plugin. -->","yoast_head_json":{"title":"iPad Pro \/ iPad Mini 2018: This is what Apple is planning Apfelpatient","description":"It was already suspected that an iPad Pro 12.9&quot; with Face ID would be available and this was confirmed by Kuo. But now he also believes in another iPad, namely","robots":{"index":"index","follow":"follow","max-snippet":"max-snippet:-1","max-image-preview":"max-image-preview:large","max-video-preview":"max-video-preview:-1"},"canonical":"https:\/\/www.apfelpatient.de\/en\/rumors\/ipad-pro-ipad-mini-2018-this-is-what-apple-is-planning","og_locale":"en_US","og_type":"article","og_title":"iPad Pro \/ iPad Mini 2018: Das plant Apple","og_description":"Das ein iPad Pro 12.9\u201c mit Face ID kommen soll, wurde bereits vermutet und von Kuo unterstrichen. Nun glaubt er aber auch an ein weiteres iPad, n\u00e4mlich","og_url":"https:\/\/www.apfelpatient.de\/en\/rumors\/ipad-pro-ipad-mini-2018-this-is-what-apple-is-planning","og_site_name":"Apfelpatient","article_publisher":"https:\/\/www.facebook.com\/apfelpatientOfficial","article_author":"https:\/\/www.facebook.com\/apfelpatientOfficial","article_published_time":"2018-08-18T09:27:26+00:00","og_image":[{"width":1142,"height":928,"url":"https:\/\/www.apfelpatient.de\/wp-content\/uploads\/2018\/08\/ipad-pro-family-black.jpg","type":"image\/jpeg"}],"author":"Milan","twitter_card":"summary_large_image","twitter_misc":{"Written by":"Milan","Est. reading time":"1 minute"},"schema":{"@context":"https:\/\/schema.org","@graph":[{"@type":"NewsArticle","@id":"https:\/\/www.apfelpatient.de\/rumors\/ipad-pro-ipad-mini-2018-das-plant-apple#article","isPartOf":{"@id":"https:\/\/www.apfelpatient.de\/rumors\/ipad-pro-ipad-mini-2018-das-plant-apple"},"author":{"@type":"Organization","@id":"https:\/\/www.apfelpatient.de\/en\/#organization","name":"Apfelpatient","url":"https:\/\/www.apfelpatient.de\/en\/"},"headline":"iPad Pro \/ iPad Mini 2018: Das plant Apple","datePublished":"2018-08-18T09:27:26+00:00","mainEntityOfPage":{"@id":"https:\/\/www.apfelpatient.de\/rumors\/ipad-pro-ipad-mini-2018-das-plant-apple"},"wordCount":295,"commentCount":0,"publisher":{"@type":"Organization","@id":"https:\/\/www.apfelpatient.de\/en\/#organization","name":"Apfelpatient","url":"https:\/\/www.apfelpatient.de\/en\/"},"image":{"@id":"https:\/\/www.apfelpatient.de\/rumors\/ipad-pro-ipad-mini-2018-das-plant-apple#primaryimage"},"thumbnailUrl":"https:\/\/www.apfelpatient.de\/wp-content\/uploads\/2018\/08\/ipad-pro-family-black.jpg","keywords":["iPad","iPad mini","iPad Pro"],"articleSection":"Rumors","inLanguage":"en-US","potentialAction":[{"@type":"CommentAction","name":"Comment","target":["https:\/\/www.apfelpatient.de\/rumors\/ipad-pro-ipad-mini-2018-das-plant-apple#respond"]}],"copyrightYear":"2018","copyrightHolder":{"@id":"https:\/\/www.apfelpatient.de\/en\/#organization"}},{"@type":"WebPage","@id":"https:\/\/www.apfelpatient.de\/rumors\/ipad-pro-ipad-mini-2018-das-plant-apple","url":"https:\/\/www.apfelpatient.de\/rumors\/ipad-pro-ipad-mini-2018-das-plant-apple","name":"iPad Pro \/ iPad Mini 2018: This is what Apple is planning Apfelpatient","isPartOf":{"@id":"https:\/\/www.apfelpatient.de\/#website"},"primaryImageOfPage":{"@id":"https:\/\/www.apfelpatient.de\/rumors\/ipad-pro-ipad-mini-2018-das-plant-apple#primaryimage"},"image":{"@id":"https:\/\/www.apfelpatient.de\/rumors\/ipad-pro-ipad-mini-2018-das-plant-apple#primaryimage"},"thumbnailUrl":"https:\/\/www.apfelpatient.de\/wp-content\/uploads\/2018\/08\/ipad-pro-family-black.jpg","datePublished":"2018-08-18T09:27:26+00:00","description":"It was already suspected that an iPad Pro 12.9&quot; with Face ID would be available and this was confirmed by Kuo. But now he also believes in another iPad, namely","breadcrumb":{"@id":"https:\/\/www.apfelpatient.de\/rumors\/ipad-pro-ipad-mini-2018-das-plant-apple#breadcrumb"},"inLanguage":"en-US","potentialAction":[{"@type":"ReadAction","target":["https:\/\/www.apfelpatient.de\/rumors\/ipad-pro-ipad-mini-2018-das-plant-apple"]}]},{"@type":"ImageObject","inLanguage":"en-US","@id":"https:\/\/www.apfelpatient.de\/rumors\/ipad-pro-ipad-mini-2018-das-plant-apple#primaryimage","url":"https:\/\/www.apfelpatient.de\/wp-content\/uploads\/2018\/08\/ipad-pro-family-black.jpg","contentUrl":"https:\/\/www.apfelpatient.de\/wp-content\/uploads\/2018\/08\/ipad-pro-family-black.jpg","width":1142,"height":928,"caption":"Bild: Apple"},{"@type":"BreadcrumbList","@id":"https:\/\/www.apfelpatient.de\/rumors\/ipad-pro-ipad-mini-2018-das-plant-apple#breadcrumb","itemListElement":[{"@type":"ListItem","position":1,"name":"Startseite","item":"https:\/\/www.apfelpatient.de\/"},{"@type":"ListItem","position":2,"name":"iPad Pro \/ iPad Mini 2018: Das plant Apple"}]},{"@type":"WebSite","@id":"https:\/\/www.apfelpatient.de\/#website","url":"https:\/\/www.apfelpatient.de\/","name":"apple patient","description":"Everything about Apple!","publisher":{"@type":"Organization","@id":"https:\/\/www.apfelpatient.de\/en\/#organization","name":"Apfelpatient","url":"https:\/\/www.apfelpatient.de\/en\/"},"alternateName":"Apfelpatient","potentialAction":[{"@type":"SearchAction","target":{"@type":"EntryPoint","urlTemplate":"https:\/\/www.apfelpatient.de\/?s={search_term_string}"},"query-input":{"@type":"PropertyValueSpecification","valueRequired":true,"valueName":"search_term_string"}}],"inLanguage":"en-US"},{"@type":["Person","Organization"],"@id":"https:\/\/www.apfelpatient.de\/#\/schema\/person\/7dc56ad6c8e9824b76d2c08d4c140e13","name":"Milan","logo":{"@id":"https:\/\/www.apfelpatient.de\/#\/schema\/person\/image\/"},"description":"Hello and welcome to my technology blog! As a big Apple fan, I report on everything to do with Apple: from the latest news and exciting rumors to helpful tips and tricks and detailed product tests. If you are as enthusiastic about technology as I am, you have come to the right place!","sameAs":["https:\/\/www.facebook.com\/apfelpatientOfficial","https:\/\/www.linkedin.com\/in\/milan-jovicic-42aa0231b"],"url":"https:\/\/www.apfelpatient.de\/en\/author\/apfeladmin"}]}},"_links":{"self":[{"href":"https:\/\/www.apfelpatient.de\/en\/wp-json\/wp\/v2\/posts\/1624","targetHints":{"allow":["GET"]}}],"collection":[{"href":"https:\/\/www.apfelpatient.de\/en\/wp-json\/wp\/v2\/posts"}],"about":[{"href":"https:\/\/www.apfelpatient.de\/en\/wp-json\/wp\/v2\/types\/post"}],"author":[{"embeddable":true,"href":"https:\/\/www.apfelpatient.de\/en\/wp-json\/wp\/v2\/users\/2"}],"replies":[{"embeddable":true,"href":"https:\/\/www.apfelpatient.de\/en\/wp-json\/wp\/v2\/comments?post=1624"}],"version-history":[{"count":0,"href":"https:\/\/www.apfelpatient.de\/en\/wp-json\/wp\/v2\/posts\/1624\/revisions"}],"wp:featuredmedia":[{"embeddable":true,"href":"https:\/\/www.apfelpatient.de\/en\/wp-json\/wp\/v2\/media\/1625"}],"wp:attachment":[{"href":"https:\/\/www.apfelpatient.de\/en\/wp-json\/wp\/v2\/media?parent=1624"}],"wp:term":[{"taxonomy":"category","embeddable":true,"href":"https:\/\/www.apfelpatient.de\/en\/wp-json\/wp\/v2\/categories?post=1624"},{"taxonomy":"post_tag","embeddable":true,"href":"https:\/\/www.apfelpatient.de\/en\/wp-json\/wp\/v2\/tags?post=1624"}],"curies":[{"name":"wp","href":"https:\/\/api.w.org\/{rel}","templated":true}]}}