{"id":16215,"date":"2020-10-13T22:39:12","date_gmt":"2020-10-13T20:39:12","guid":{"rendered":"https:\/\/www.apfelpatient.de\/?p=16215"},"modified":"2020-10-13T22:39:13","modified_gmt":"2020-10-13T20:39:13","slug":"ipad-air-4-sales-launch-is-reportedly-set","status":"publish","type":"post","link":"https:\/\/www.apfelpatient.de\/en\/rumors\/ipad-air-4-verkaufsstart-steht-angeblich-fest","title":{"rendered":"iPad Air 4: Sales launch reportedly set"},"content":{"rendered":"<p class=\"has-drop-cap\"><strong>When will the iPad Air 4 be released? This question was supposed to be answered at the &quot;Hi, Speed&quot; event. At least that&#039;s what some observers have suggested. But Apple remained silent - now a leaker has come back.<\/strong><\/p>\n\n\n\n<p>Apple unveiled the brand new iPad Air 4 at the &quot;Time Flies&quot; event in September. According to the company, the device will be released in October. However, it is not known when exactly. Some expected Apple to give details at today&#039;s keynote - but nothing. The iPad Air 4 remains unmentioned. Now Jon Prosser, a leaker with a good success rate, has <a href=\"https:\/\/twitter.com\/jon_prosser?lang=de\" target=\"_blank\" rel=\"noreferrer noopener\">reported back<\/a>. He now claims on Twitter that Apple will accept pre-orders for the iPad Air 4 from October 16th. Delivery - i.e. the start of sales - is scheduled to begin on October 23rd. If this information is correct, the iPad Air 4 would launch at the same time as the iPhone 12 and iPhone 12 Pro.\u00a0<\/p>\n\n\n\n<h3 class=\"wp-block-heading\" id=\"h-ipad-air-4-das-september-highlight\">iPad Air 4: The September Highlight<\/h3>\n\n\n\n\n\n\n\n<p>The iPad Air 4 has a completely new design - based on the iPad Pro - and offers a high-resolution 10.9-inch display. As already suspected, the Touch ID sensor has been placed in the standby button. The new iPad Air has a &quot;huge leap in performance&quot; thanks to the latest A14 Bionic processor. The CPU is around 40% faster, the GPU performance has been improved by 30% and the performance in machine learning has also increased thanks to a new neural engine. It also has True Tone and an anti-reflective coating as well as USB-C. The speaker system has also been revised as part of the update. The <a href=\"https:\/\/www.apple.com\/de\/ipad-air\/\" target=\"_blank\" rel=\"noreferrer noopener\">Device<\/a> supports the second generation Apple Pencil and the brand new Magic Keyboard. It is available in 64 GB and 256 GB storage versions as a WiFi or WiFi-Cellular model. The price of the device starts at 632.60 euros.<\/p>\n\n\n\n<p><strong><em>Have you seen it yet?<\/em><\/strong>\u00a0Amazon Prime Day 2020 (13 &amp; 14 October) has started. You can find interesting offers in various categories\u00a0<a rel=\"noreferrer noopener\" href=\"https:\/\/www.amazon.de\/shop\/apfelpatientofficial\" target=\"_blank\"><em>in our storefront and in the corresponding Amazon section<\/em><\/a>\u00a0\u2013 have fun browsing.\u00a0<em>(Image: Apple)<\/em><\/p>\n\n\n\n<ul class=\"wp-block-list\"><li><a href=\"https:\/\/www.apfelpatient.de\/en\/news\/hi-speed-event-apple-presents-iphone-12-series\">&quot;Hi, Speed&quot; event: Apple presents iPhone 12 series<\/a><\/li><\/ul>\n\n\n\n<h6 class=\"wp-block-heading translation-block\" id=\"h-kennt-ihr-schon-unsere-amazon-storefront-dort-findet-ihr-eine-handverlesene-auswahl-von-diversen-produkten-f-r-euer-iphone-und-co-viel-spa-beim-st-bern\"><em>Have you already visited our Amazon Storefront? There you&#039;ll find a hand-picked selection of various products for your iPhone and other devices \u2013 <span class=\"has-inline-color has-vivid-red-color\"><a href=\"https:\/\/www.amazon.de\/shop\/apfelpatientofficial\" class=\"ek-link\" data-wpel-link=\"exclude\" rel=\"follow noopener\" target=\"_self\"><span style=\"text-decoration: underline\" class=\"ek-underline\">enjoy browsing<\/span><\/a> !<\/span><\/em><\/h6>\n\n\n\n\n\n<h6 class=\"wp-block-heading translation-block\" id=\"h-der-beitrag-enthalt-partnerlinks\">This post contains <a data-type=\"URL\" data-id=\"https:\/\/www.apfelpatient.de\/partnerprogramm\" href=\"https:\/\/www.apfelpatient.de\/en\/partner-program\" data-wpel-link=\"internal\" target=\"_self\">affiliate links<\/a>.<\/h6>","protected":false},"excerpt":{"rendered":"<p>Launch: When will the iPad Air 4 be released? This question was supposed to be answered during the &quot;Hi, Speed&quot; event. But Apple remained silent.<\/p>","protected":false},"author":2,"featured_media":15780,"comment_status":"closed","ping_status":"closed","sticky":false,"template":"","format":"standard","meta":{"jnews-multi-image_gallery":[],"jnews_single_post":{"subtitle":"","format":"standard","video":"","gallery":"","source_name":"","source_url":"","via_name":"","via_url":"","override":[{"single_blog_custom":"","sidebar":"","second_sidebar":"","share_position":"","share_float_style":"","post_date_format":"","post_date_format_custom":"","post_reading_time_wpm":"","zoom_button_out_step":"1","zoom_button_in_step":"1","number_popup_post":"1"}],"image_override":[{"single_post_thumbnail_size":"","single_post_gallery_size":""}],"trending_post_position":"","trending_post_label":"","sponsored_post_label":"","sponsored_post_name":"","sponsored_post_url":"","sponsored_post_logo":"","sponsored_post_desc":""},"jnews_primary_category":{"id":"25"},"footnotes":""},"categories":[25],"tags":[18,240],"class_list":["post-16215","post","type-post","status-publish","format-standard","has-post-thumbnail","hentry","category-rumors","tag-ipad","tag-ipad-air"],"yoast_head":"<!-- This site is optimized with the Yoast SEO Premium plugin v27.5 (Yoast SEO v27.5) - https:\/\/yoast.com\/product\/yoast-seo-premium-wordpress\/ -->\n<title>iPad Air 4: Verkaufsstart steht angeblich fest Apfelpatient<\/title>\n<meta name=\"description\" content=\"Verkaufsstart: Wann erscheint das iPad Air 4? Diese Frage sollte im Rahmen des &quot;Hi, Speed&quot;-Events gekl\u00e4rt werden. Doch Apple schwieg.\" \/>\n<meta name=\"robots\" content=\"index, follow, max-snippet:-1, max-image-preview:large, max-video-preview:-1\" \/>\n<link rel=\"canonical\" href=\"https:\/\/www.apfelpatient.de\/en\/rumors\/ipad-air-4-sales-launch-is-reportedly-set\" \/>\n<meta property=\"og:locale\" content=\"en_US\" \/>\n<meta property=\"og:type\" content=\"article\" \/>\n<meta property=\"og:title\" content=\"iPad Air 4: Verkaufsstart steht angeblich fest\" \/>\n<meta property=\"og:description\" content=\"Verkaufsstart: Wann erscheint das iPad Air 4? Diese Frage sollte im Rahmen des &quot;Hi, Speed&quot;-Events gekl\u00e4rt werden. Doch Apple schwieg.\" \/>\n<meta property=\"og:url\" content=\"https:\/\/www.apfelpatient.de\/en\/rumors\/ipad-air-4-sales-launch-is-reportedly-set\" \/>\n<meta property=\"og:site_name\" content=\"Apfelpatient\" \/>\n<meta property=\"article:publisher\" content=\"https:\/\/www.facebook.com\/apfelpatientOfficial\" \/>\n<meta property=\"article:author\" content=\"https:\/\/www.facebook.com\/apfelpatientOfficial\" \/>\n<meta property=\"article:published_time\" content=\"2020-10-13T20:39:12+00:00\" \/>\n<meta property=\"article:modified_time\" content=\"2020-10-13T20:39:13+00:00\" \/>\n<meta property=\"og:image\" content=\"https:\/\/www.apfelpatient.de\/wp-content\/uploads\/2020\/10\/apple_new-ipad-air_ipad-lineup_09152020.jpg\" \/>\n\t<meta property=\"og:image:width\" content=\"1306\" \/>\n\t<meta property=\"og:image:height\" content=\"734\" \/>\n\t<meta property=\"og:image:type\" content=\"image\/jpeg\" \/>\n<meta name=\"author\" content=\"Milan\" \/>\n<meta name=\"twitter:card\" content=\"summary_large_image\" \/>\n<meta name=\"twitter:description\" content=\"Verkaufsstart: Wann erscheint das iPad Air 4? Diese Frage sollte im Rahmen des &quot;Hi, Speed&quot;-Events gekl\u00e4rt werden. Doch Apple schwieg.\" \/>\n<meta name=\"twitter:label1\" content=\"Written by\" \/>\n\t<meta name=\"twitter:data1\" content=\"Milan\" \/>\n\t<meta name=\"twitter:label2\" content=\"Est. reading time\" \/>\n\t<meta name=\"twitter:data2\" content=\"2 minutes\" \/>\n<script type=\"application\/ld+json\" class=\"yoast-schema-graph\">{\"@context\":\"https:\\\/\\\/schema.org\",\"@graph\":[{\"@type\":\"NewsArticle\",\"@id\":\"https:\\\/\\\/www.apfelpatient.de\\\/rumors\\\/ipad-air-4-verkaufsstart-steht-angeblich-fest#article\",\"isPartOf\":{\"@id\":\"https:\\\/\\\/www.apfelpatient.de\\\/rumors\\\/ipad-air-4-verkaufsstart-steht-angeblich-fest\"},\"author\":{\"@type\":\"Organization\",\"@id\":\"https:\\\/\\\/www.apfelpatient.de\\\/en\\\/#organization\",\"name\":\"Apfelpatient\",\"url\":\"https:\\\/\\\/www.apfelpatient.de\\\/en\\\/\"},\"headline\":\"iPad Air 4: Verkaufsstart steht angeblich fest\",\"datePublished\":\"2020-10-13T20:39:12+00:00\",\"dateModified\":\"2020-10-13T20:39:13+00:00\",\"mainEntityOfPage\":{\"@id\":\"https:\\\/\\\/www.apfelpatient.de\\\/rumors\\\/ipad-air-4-verkaufsstart-steht-angeblich-fest\"},\"wordCount\":338,\"publisher\":{\"@type\":\"Organization\",\"@id\":\"https:\\\/\\\/www.apfelpatient.de\\\/en\\\/#organization\",\"name\":\"Apfelpatient\",\"url\":\"https:\\\/\\\/www.apfelpatient.de\\\/en\\\/\"},\"image\":{\"@id\":\"https:\\\/\\\/www.apfelpatient.de\\\/rumors\\\/ipad-air-4-verkaufsstart-steht-angeblich-fest#primaryimage\"},\"thumbnailUrl\":\"https:\\\/\\\/www.apfelpatient.de\\\/wp-content\\\/uploads\\\/2020\\\/10\\\/apple_new-ipad-air_ipad-lineup_09152020.jpg\",\"keywords\":[\"iPad\",\"iPad Air\"],\"articleSection\":\"Rumors\",\"inLanguage\":\"en-US\",\"copyrightYear\":\"2020\",\"copyrightHolder\":{\"@id\":\"https:\\\/\\\/www.apfelpatient.de\\\/en\\\/#organization\"}},{\"@type\":\"WebPage\",\"@id\":\"https:\\\/\\\/www.apfelpatient.de\\\/rumors\\\/ipad-air-4-verkaufsstart-steht-angeblich-fest\",\"url\":\"https:\\\/\\\/www.apfelpatient.de\\\/rumors\\\/ipad-air-4-verkaufsstart-steht-angeblich-fest\",\"name\":\"iPad Air 4: Verkaufsstart steht angeblich fest Apfelpatient\",\"isPartOf\":{\"@id\":\"https:\\\/\\\/www.apfelpatient.de\\\/#website\"},\"primaryImageOfPage\":{\"@id\":\"https:\\\/\\\/www.apfelpatient.de\\\/rumors\\\/ipad-air-4-verkaufsstart-steht-angeblich-fest#primaryimage\"},\"image\":{\"@id\":\"https:\\\/\\\/www.apfelpatient.de\\\/rumors\\\/ipad-air-4-verkaufsstart-steht-angeblich-fest#primaryimage\"},\"thumbnailUrl\":\"https:\\\/\\\/www.apfelpatient.de\\\/wp-content\\\/uploads\\\/2020\\\/10\\\/apple_new-ipad-air_ipad-lineup_09152020.jpg\",\"datePublished\":\"2020-10-13T20:39:12+00:00\",\"dateModified\":\"2020-10-13T20:39:13+00:00\",\"description\":\"Verkaufsstart: Wann erscheint das iPad Air 4? Diese Frage sollte im Rahmen des \\\"Hi, Speed\\\"-Events gekl\u00e4rt werden. Doch Apple schwieg.\",\"breadcrumb\":{\"@id\":\"https:\\\/\\\/www.apfelpatient.de\\\/rumors\\\/ipad-air-4-verkaufsstart-steht-angeblich-fest#breadcrumb\"},\"inLanguage\":\"en-US\",\"potentialAction\":[{\"@type\":\"ReadAction\",\"target\":[\"https:\\\/\\\/www.apfelpatient.de\\\/rumors\\\/ipad-air-4-verkaufsstart-steht-angeblich-fest\"]}]},{\"@type\":\"ImageObject\",\"inLanguage\":\"en-US\",\"@id\":\"https:\\\/\\\/www.apfelpatient.de\\\/rumors\\\/ipad-air-4-verkaufsstart-steht-angeblich-fest#primaryimage\",\"url\":\"https:\\\/\\\/www.apfelpatient.de\\\/wp-content\\\/uploads\\\/2020\\\/10\\\/apple_new-ipad-air_ipad-lineup_09152020.jpg\",\"contentUrl\":\"https:\\\/\\\/www.apfelpatient.de\\\/wp-content\\\/uploads\\\/2020\\\/10\\\/apple_new-ipad-air_ipad-lineup_09152020.jpg\",\"width\":1306,\"height\":734,\"caption\":\"Bild: Apple\"},{\"@type\":\"BreadcrumbList\",\"@id\":\"https:\\\/\\\/www.apfelpatient.de\\\/rumors\\\/ipad-air-4-verkaufsstart-steht-angeblich-fest#breadcrumb\",\"itemListElement\":[{\"@type\":\"ListItem\",\"position\":1,\"name\":\"Startseite\",\"item\":\"https:\\\/\\\/www.apfelpatient.de\\\/\"},{\"@type\":\"ListItem\",\"position\":2,\"name\":\"iPad Air 4: Verkaufsstart steht angeblich fest\"}]},{\"@type\":\"WebSite\",\"@id\":\"https:\\\/\\\/www.apfelpatient.de\\\/#website\",\"url\":\"https:\\\/\\\/www.apfelpatient.de\\\/\",\"name\":\"Apfelpatient\",\"description\":\"Alles rund um Apple!\",\"publisher\":{\"@type\":\"Organization\",\"@id\":\"https:\\\/\\\/www.apfelpatient.de\\\/en\\\/#organization\",\"name\":\"Apfelpatient\",\"url\":\"https:\\\/\\\/www.apfelpatient.de\\\/en\\\/\"},\"alternateName\":\"Apfelpatient\",\"potentialAction\":[{\"@type\":\"SearchAction\",\"target\":{\"@type\":\"EntryPoint\",\"urlTemplate\":\"https:\\\/\\\/www.apfelpatient.de\\\/?s={search_term_string}\"},\"query-input\":{\"@type\":\"PropertyValueSpecification\",\"valueRequired\":true,\"valueName\":\"search_term_string\"}}],\"inLanguage\":\"en-US\"},{\"@type\":[\"Person\",\"Organization\"],\"@id\":\"https:\\\/\\\/www.apfelpatient.de\\\/#\\\/schema\\\/person\\\/7dc56ad6c8e9824b76d2c08d4c140e13\",\"name\":\"Milan\",\"logo\":{\"@id\":\"https:\\\/\\\/www.apfelpatient.de\\\/#\\\/schema\\\/person\\\/image\\\/\"},\"description\":\"Hallo und herzlich willkommen auf meinem Technik-Blog! Als gro\u00dfer Apple-Fan berichte ich hier \u00fcber alles, was mit Apple zu tun hat: von den neuesten News und spannenden Ger\u00fcchten \u00fcber hilfreiche Tipps und Tricks bis hin zu ausf\u00fchrlichen Produkttests. Wenn du genauso technikbegeistert bist wie ich, bist du hier genau richtig!\",\"sameAs\":[\"https:\\\/\\\/www.facebook.com\\\/apfelpatientOfficial\",\"https:\\\/\\\/www.linkedin.com\\\/in\\\/milan-jovicic-42aa0231b\"],\"url\":\"https:\\\/\\\/www.apfelpatient.de\\\/en\\\/author\\\/apfeladmin\"}]}<\/script>\n<!-- \/ Yoast SEO Premium plugin. -->","yoast_head_json":{"title":"iPad Air 4: Sales launch is reportedly set Apfelpatient","description":"Sales launch: When will the iPad Air 4 be released? This question was supposed to be answered at the &quot;Hi, Speed&quot; event. But Apple remained silent.","robots":{"index":"index","follow":"follow","max-snippet":"max-snippet:-1","max-image-preview":"max-image-preview:large","max-video-preview":"max-video-preview:-1"},"canonical":"https:\/\/www.apfelpatient.de\/en\/rumors\/ipad-air-4-sales-launch-is-reportedly-set","og_locale":"en_US","og_type":"article","og_title":"iPad Air 4: Verkaufsstart steht angeblich fest","og_description":"Verkaufsstart: Wann erscheint das iPad Air 4? Diese Frage sollte im Rahmen des \"Hi, Speed\"-Events gekl\u00e4rt werden. Doch Apple schwieg.","og_url":"https:\/\/www.apfelpatient.de\/en\/rumors\/ipad-air-4-sales-launch-is-reportedly-set","og_site_name":"Apfelpatient","article_publisher":"https:\/\/www.facebook.com\/apfelpatientOfficial","article_author":"https:\/\/www.facebook.com\/apfelpatientOfficial","article_published_time":"2020-10-13T20:39:12+00:00","article_modified_time":"2020-10-13T20:39:13+00:00","og_image":[{"width":1306,"height":734,"url":"https:\/\/www.apfelpatient.de\/wp-content\/uploads\/2020\/10\/apple_new-ipad-air_ipad-lineup_09152020.jpg","type":"image\/jpeg"}],"author":"Milan","twitter_card":"summary_large_image","twitter_description":"Verkaufsstart: Wann erscheint das iPad Air 4? Diese Frage sollte im Rahmen des \"Hi, Speed\"-Events gekl\u00e4rt werden. Doch Apple schwieg.","twitter_misc":{"Written by":"Milan","Est. reading time":"2 minutes"},"schema":{"@context":"https:\/\/schema.org","@graph":[{"@type":"NewsArticle","@id":"https:\/\/www.apfelpatient.de\/rumors\/ipad-air-4-verkaufsstart-steht-angeblich-fest#article","isPartOf":{"@id":"https:\/\/www.apfelpatient.de\/rumors\/ipad-air-4-verkaufsstart-steht-angeblich-fest"},"author":{"@type":"Organization","@id":"https:\/\/www.apfelpatient.de\/en\/#organization","name":"Apfelpatient","url":"https:\/\/www.apfelpatient.de\/en\/"},"headline":"iPad Air 4: Verkaufsstart steht angeblich fest","datePublished":"2020-10-13T20:39:12+00:00","dateModified":"2020-10-13T20:39:13+00:00","mainEntityOfPage":{"@id":"https:\/\/www.apfelpatient.de\/rumors\/ipad-air-4-verkaufsstart-steht-angeblich-fest"},"wordCount":338,"publisher":{"@type":"Organization","@id":"https:\/\/www.apfelpatient.de\/en\/#organization","name":"Apfelpatient","url":"https:\/\/www.apfelpatient.de\/en\/"},"image":{"@id":"https:\/\/www.apfelpatient.de\/rumors\/ipad-air-4-verkaufsstart-steht-angeblich-fest#primaryimage"},"thumbnailUrl":"https:\/\/www.apfelpatient.de\/wp-content\/uploads\/2020\/10\/apple_new-ipad-air_ipad-lineup_09152020.jpg","keywords":["iPad","iPad Air"],"articleSection":"Rumors","inLanguage":"en-US","copyrightYear":"2020","copyrightHolder":{"@id":"https:\/\/www.apfelpatient.de\/en\/#organization"}},{"@type":"WebPage","@id":"https:\/\/www.apfelpatient.de\/rumors\/ipad-air-4-verkaufsstart-steht-angeblich-fest","url":"https:\/\/www.apfelpatient.de\/rumors\/ipad-air-4-verkaufsstart-steht-angeblich-fest","name":"iPad Air 4: Sales launch is reportedly set Apfelpatient","isPartOf":{"@id":"https:\/\/www.apfelpatient.de\/#website"},"primaryImageOfPage":{"@id":"https:\/\/www.apfelpatient.de\/rumors\/ipad-air-4-verkaufsstart-steht-angeblich-fest#primaryimage"},"image":{"@id":"https:\/\/www.apfelpatient.de\/rumors\/ipad-air-4-verkaufsstart-steht-angeblich-fest#primaryimage"},"thumbnailUrl":"https:\/\/www.apfelpatient.de\/wp-content\/uploads\/2020\/10\/apple_new-ipad-air_ipad-lineup_09152020.jpg","datePublished":"2020-10-13T20:39:12+00:00","dateModified":"2020-10-13T20:39:13+00:00","description":"Sales launch: When will the iPad Air 4 be released? This question was supposed to be answered at the &quot;Hi, Speed&quot; event. But Apple remained silent.","breadcrumb":{"@id":"https:\/\/www.apfelpatient.de\/rumors\/ipad-air-4-verkaufsstart-steht-angeblich-fest#breadcrumb"},"inLanguage":"en-US","potentialAction":[{"@type":"ReadAction","target":["https:\/\/www.apfelpatient.de\/rumors\/ipad-air-4-verkaufsstart-steht-angeblich-fest"]}]},{"@type":"ImageObject","inLanguage":"en-US","@id":"https:\/\/www.apfelpatient.de\/rumors\/ipad-air-4-verkaufsstart-steht-angeblich-fest#primaryimage","url":"https:\/\/www.apfelpatient.de\/wp-content\/uploads\/2020\/10\/apple_new-ipad-air_ipad-lineup_09152020.jpg","contentUrl":"https:\/\/www.apfelpatient.de\/wp-content\/uploads\/2020\/10\/apple_new-ipad-air_ipad-lineup_09152020.jpg","width":1306,"height":734,"caption":"Bild: Apple"},{"@type":"BreadcrumbList","@id":"https:\/\/www.apfelpatient.de\/rumors\/ipad-air-4-verkaufsstart-steht-angeblich-fest#breadcrumb","itemListElement":[{"@type":"ListItem","position":1,"name":"Startseite","item":"https:\/\/www.apfelpatient.de\/"},{"@type":"ListItem","position":2,"name":"iPad Air 4: Verkaufsstart steht angeblich fest"}]},{"@type":"WebSite","@id":"https:\/\/www.apfelpatient.de\/#website","url":"https:\/\/www.apfelpatient.de\/","name":"apple patient","description":"Everything about Apple!","publisher":{"@type":"Organization","@id":"https:\/\/www.apfelpatient.de\/en\/#organization","name":"Apfelpatient","url":"https:\/\/www.apfelpatient.de\/en\/"},"alternateName":"Apfelpatient","potentialAction":[{"@type":"SearchAction","target":{"@type":"EntryPoint","urlTemplate":"https:\/\/www.apfelpatient.de\/?s={search_term_string}"},"query-input":{"@type":"PropertyValueSpecification","valueRequired":true,"valueName":"search_term_string"}}],"inLanguage":"en-US"},{"@type":["Person","Organization"],"@id":"https:\/\/www.apfelpatient.de\/#\/schema\/person\/7dc56ad6c8e9824b76d2c08d4c140e13","name":"Milan","logo":{"@id":"https:\/\/www.apfelpatient.de\/#\/schema\/person\/image\/"},"description":"Hello and welcome to my technology blog! As a big Apple fan, I report on everything to do with Apple: from the latest news and exciting rumors to helpful tips and tricks and detailed product tests. If you are as enthusiastic about technology as I am, you have come to the right place!","sameAs":["https:\/\/www.facebook.com\/apfelpatientOfficial","https:\/\/www.linkedin.com\/in\/milan-jovicic-42aa0231b"],"url":"https:\/\/www.apfelpatient.de\/en\/author\/apfeladmin"}]}},"_links":{"self":[{"href":"https:\/\/www.apfelpatient.de\/en\/wp-json\/wp\/v2\/posts\/16215","targetHints":{"allow":["GET"]}}],"collection":[{"href":"https:\/\/www.apfelpatient.de\/en\/wp-json\/wp\/v2\/posts"}],"about":[{"href":"https:\/\/www.apfelpatient.de\/en\/wp-json\/wp\/v2\/types\/post"}],"author":[{"embeddable":true,"href":"https:\/\/www.apfelpatient.de\/en\/wp-json\/wp\/v2\/users\/2"}],"replies":[{"embeddable":true,"href":"https:\/\/www.apfelpatient.de\/en\/wp-json\/wp\/v2\/comments?post=16215"}],"version-history":[{"count":0,"href":"https:\/\/www.apfelpatient.de\/en\/wp-json\/wp\/v2\/posts\/16215\/revisions"}],"wp:featuredmedia":[{"embeddable":true,"href":"https:\/\/www.apfelpatient.de\/en\/wp-json\/wp\/v2\/media\/15780"}],"wp:attachment":[{"href":"https:\/\/www.apfelpatient.de\/en\/wp-json\/wp\/v2\/media?parent=16215"}],"wp:term":[{"taxonomy":"category","embeddable":true,"href":"https:\/\/www.apfelpatient.de\/en\/wp-json\/wp\/v2\/categories?post=16215"},{"taxonomy":"post_tag","embeddable":true,"href":"https:\/\/www.apfelpatient.de\/en\/wp-json\/wp\/v2\/tags?post=16215"}],"curies":[{"name":"wp","href":"https:\/\/api.w.org\/{rel}","templated":true}]}}