{"id":16212,"date":"2020-10-13T21:59:05","date_gmt":"2020-10-13T19:59:05","guid":{"rendered":"https:\/\/www.apfelpatient.de\/?p=16212"},"modified":"2020-10-13T21:59:06","modified_gmt":"2020-10-13T19:59:06","slug":"apple-tv-homepod-as-a-permanent-speaker","status":"publish","type":"post","link":"https:\/\/www.apfelpatient.de\/en\/news\/apple-tv-homepod-als-permanenter-lautsprecher","title":{"rendered":"Apple TV: HomePod as a permanent speaker"},"content":{"rendered":"<p class=\"has-drop-cap\"><strong>This evening, Apple not only introduced new hardware but also released the third beta of iOS 14.2, iPadOS 14.2, tvOS 14.2 and watchOS 7.1 for registered developers. A very useful feature has been integrated into tvOS 14.2.<\/strong><\/p>\n\n\n\n<p>Apple users who have a HomePod and Apple TV have been waiting for the feature for a long time. Until now, the two devices had to be re-paired every time you wanted to use them. There was no option to set HomePods as permanent Apple TV speakers. But that is changing with iOS 14.2 and tvOS 14.2. The third beta of the new operating systems allows you to do just that.<\/p>\n\n\n\n<figure class=\"wp-block-image size-large\"><img decoding=\"async\" width=\"1024\" height=\"1024\" src=\"https:\/\/www.apfelpatient.de\/wp-content\/uploads\/2020\/10\/Apple_homepod-mini-white-siri_10132020-1024x1024.jpg\" alt=\"HomePod mini\" class=\"wp-image-16148\" srcset=\"https:\/\/www.apfelpatient.de\/wp-content\/uploads\/2020\/10\/Apple_homepod-mini-white-siri_10132020-1024x1024.jpg 1024w, https:\/\/www.apfelpatient.de\/wp-content\/uploads\/2020\/10\/Apple_homepod-mini-white-siri_10132020-300x300.jpg 300w, https:\/\/www.apfelpatient.de\/wp-content\/uploads\/2020\/10\/Apple_homepod-mini-white-siri_10132020-150x150.jpg 150w, https:\/\/www.apfelpatient.de\/wp-content\/uploads\/2020\/10\/Apple_homepod-mini-white-siri_10132020-768x768.jpg 768w, https:\/\/www.apfelpatient.de\/wp-content\/uploads\/2020\/10\/Apple_homepod-mini-white-siri_10132020-75x75.jpg 75w, https:\/\/www.apfelpatient.de\/wp-content\/uploads\/2020\/10\/Apple_homepod-mini-white-siri_10132020-750x750.jpg 750w, https:\/\/www.apfelpatient.de\/wp-content\/uploads\/2020\/10\/Apple_homepod-mini-white-siri_10132020-1140x1140.jpg 1140w, https:\/\/www.apfelpatient.de\/wp-content\/uploads\/2020\/10\/Apple_homepod-mini-white-siri_10132020.jpg 1306w\" sizes=\"(max-width: 1024px) 100vw, 1024px\" \/><figcaption>Image: Apple<\/figcaption><\/figure>\n\n\n\n<h3 class=\"wp-block-heading\" id=\"h-ios-14-2-start-ist-bislang-nicht-bekannt\">iOS 14.2 launch is not yet known<\/h3>\n\n\n\n\n\n\n\n<p>From now on, users can use the Home app to set their HomePods as the default speakers on the Apple TV. This means that the setting is permanently saved - there is no need to pair them repeatedly. It remains to be seen whether the feature will actually deliver what it promises in the long term. Nevertheless, it is a function that has been requested for a very long time. When Apple will release the final version of the new operating system remains to be seen. If you don&#039;t have a HomePod yet, you should take a look at the brand new HomePod mini - a promising smart speaker at a low price. <strong><em>Have you seen it yet?<\/em><\/strong>\u00a0Amazon Prime Day 2020 (13 &amp; 14 October) has started. You can find interesting offers in various categories\u00a0<a rel=\"noreferrer noopener\" href=\"https:\/\/www.amazon.de\/shop\/apfelpatientofficial\" target=\"_blank\"><em>in our storefront and in the corresponding Amazon section<\/em><\/a>\u00a0\u2013 have fun browsing.\u00a0<em>(Image: Apple)<\/em><\/p>\n\n\n\n<ul class=\"wp-block-list\"><li><a href=\"https:\/\/www.apfelpatient.de\/en\/news\/hi-speed-event-apple-introduces-new-homepod-mini\">&quot;Hi, Speed&quot; event: Apple introduces new HomePod mini<\/a><\/li><\/ul>\n\n\n\n<h6 class=\"wp-block-heading translation-block\" id=\"h-kennt-ihr-schon-unsere-amazon-storefront-dort-findet-ihr-eine-handverlesene-auswahl-von-diversen-produkten-f-r-euer-iphone-und-co-viel-spa-beim-st-bern\"><em>Have you already visited our Amazon Storefront? There you&#039;ll find a hand-picked selection of various products for your iPhone and other devices \u2013 <span class=\"has-inline-color has-vivid-red-color\"><a href=\"https:\/\/www.amazon.de\/shop\/apfelpatientofficial\" class=\"ek-link\" data-wpel-link=\"exclude\" rel=\"follow noopener\" target=\"_self\"><span style=\"text-decoration: underline\" class=\"ek-underline\">enjoy browsing<\/span><\/a> !<\/span><\/em><\/h6>\n\n\n\n\n\n<h6 class=\"wp-block-heading translation-block\" id=\"h-der-beitrag-enthalt-partnerlinks\">This post contains <a data-type=\"URL\" data-id=\"https:\/\/www.apfelpatient.de\/partnerprogramm\" href=\"https:\/\/www.apfelpatient.de\/en\/partner-program\" data-wpel-link=\"internal\" target=\"_self\">affiliate links<\/a>.<\/h6>","protected":false},"excerpt":{"rendered":"<p>Apple released new betas this evening. A very useful feature for the HomePod was integrated into tvOS 14.2.<\/p>","protected":false},"author":2,"featured_media":16141,"comment_status":"closed","ping_status":"closed","sticky":false,"template":"","format":"standard","meta":{"jnews-multi-image_gallery":[],"jnews_single_post":{"subtitle":"","format":"standard","video":"","gallery":"","source_name":"","source_url":"","via_name":"","via_url":"","override":[{"single_blog_custom":"","sidebar":"","second_sidebar":"","share_position":"","share_float_style":"","post_date_format":"","post_date_format_custom":"","post_reading_time_wpm":"","zoom_button_out_step":"1","zoom_button_in_step":"1","number_popup_post":"1"}],"image_override":[{"single_post_thumbnail_size":"","single_post_gallery_size":""}],"trending_post_position":"","trending_post_label":"","sponsored_post_label":"","sponsored_post_name":"","sponsored_post_url":"","sponsored_post_logo":"","sponsored_post_desc":""},"jnews_primary_category":{"id":"9"},"footnotes":""},"categories":[9],"tags":[156,56,85,435,437,439],"class_list":["post-16212","post","type-post","status-publish","format-standard","has-post-thumbnail","hentry","category-news","tag-apple-tv","tag-beta","tag-homepod","tag-ios-14-2","tag-ipados-14-2","tag-tvos-14-2"],"yoast_head":"<!-- This site is optimized with the Yoast SEO Premium plugin v27.5 (Yoast SEO v27.5) - https:\/\/yoast.com\/product\/yoast-seo-premium-wordpress\/ -->\n<title>Apple TV: HomePod als permanenter Lautsprecher Apfelpatient<\/title>\n<meta name=\"description\" content=\"Apple hat am heutigen Abend neue Betas ver\u00f6ffentlicht. Dabei wurde unter tvOS 14.2 eine sehr n\u00fctzliche Funktion f\u00fcr den HomePod integriert.\" \/>\n<meta name=\"robots\" content=\"index, follow, max-snippet:-1, max-image-preview:large, max-video-preview:-1\" \/>\n<link rel=\"canonical\" href=\"https:\/\/www.apfelpatient.de\/en\/news\/apple-tv-homepod-as-a-permanent-speaker\" \/>\n<meta property=\"og:locale\" content=\"en_US\" \/>\n<meta property=\"og:type\" content=\"article\" \/>\n<meta property=\"og:title\" content=\"Apple TV: HomePod als permanenter Lautsprecher\" \/>\n<meta property=\"og:description\" content=\"Apple hat am heutigen Abend neue Betas ver\u00f6ffentlicht. Dabei wurde unter tvOS 14.2 eine sehr n\u00fctzliche Funktion f\u00fcr den HomePod integriert.\" \/>\n<meta property=\"og:url\" content=\"https:\/\/www.apfelpatient.de\/en\/news\/apple-tv-homepod-as-a-permanent-speaker\" \/>\n<meta property=\"og:site_name\" content=\"Apfelpatient\" \/>\n<meta property=\"article:publisher\" content=\"https:\/\/www.facebook.com\/apfelpatientOfficial\" \/>\n<meta property=\"article:author\" content=\"https:\/\/www.facebook.com\/apfelpatientOfficial\" \/>\n<meta property=\"article:published_time\" content=\"2020-10-13T19:59:05+00:00\" \/>\n<meta property=\"article:modified_time\" content=\"2020-10-13T19:59:06+00:00\" \/>\n<meta property=\"og:image\" content=\"https:\/\/www.apfelpatient.de\/wp-content\/uploads\/2020\/10\/Apple_HomePod-mini-campaign_10132020.jpg\" \/>\n\t<meta property=\"og:image:width\" content=\"1470\" \/>\n\t<meta property=\"og:image:height\" content=\"1470\" \/>\n\t<meta property=\"og:image:type\" content=\"image\/jpeg\" \/>\n<meta name=\"author\" content=\"Milan\" \/>\n<meta name=\"twitter:card\" content=\"summary_large_image\" \/>\n<meta name=\"twitter:description\" content=\"Apple hat am heutigen Abend neue Betas ver\u00f6ffentlicht. Dabei wurde unter tvOS 14.2 eine sehr n\u00fctzliche Funktion f\u00fcr den HomePod integriert.\" \/>\n<meta name=\"twitter:label1\" content=\"Written by\" \/>\n\t<meta name=\"twitter:data1\" content=\"Milan\" \/>\n\t<meta name=\"twitter:label2\" content=\"Est. reading time\" \/>\n\t<meta name=\"twitter:data2\" content=\"1 minute\" \/>\n<script type=\"application\/ld+json\" class=\"yoast-schema-graph\">{\"@context\":\"https:\\\/\\\/schema.org\",\"@graph\":[{\"@type\":\"NewsArticle\",\"@id\":\"https:\\\/\\\/www.apfelpatient.de\\\/news\\\/apple-tv-homepod-als-permanenter-lautsprecher#article\",\"isPartOf\":{\"@id\":\"https:\\\/\\\/www.apfelpatient.de\\\/news\\\/apple-tv-homepod-als-permanenter-lautsprecher\"},\"author\":{\"@type\":\"Organization\",\"@id\":\"https:\\\/\\\/www.apfelpatient.de\\\/en\\\/#organization\",\"name\":\"Apfelpatient\",\"url\":\"https:\\\/\\\/www.apfelpatient.de\\\/en\\\/\"},\"headline\":\"Apple TV: HomePod als permanenter Lautsprecher\",\"datePublished\":\"2020-10-13T19:59:05+00:00\",\"dateModified\":\"2020-10-13T19:59:06+00:00\",\"mainEntityOfPage\":{\"@id\":\"https:\\\/\\\/www.apfelpatient.de\\\/news\\\/apple-tv-homepod-als-permanenter-lautsprecher\"},\"wordCount\":255,\"publisher\":{\"@type\":\"Organization\",\"@id\":\"https:\\\/\\\/www.apfelpatient.de\\\/en\\\/#organization\",\"name\":\"Apfelpatient\",\"url\":\"https:\\\/\\\/www.apfelpatient.de\\\/en\\\/\"},\"image\":{\"@id\":\"https:\\\/\\\/www.apfelpatient.de\\\/news\\\/apple-tv-homepod-als-permanenter-lautsprecher#primaryimage\"},\"thumbnailUrl\":\"https:\\\/\\\/www.apfelpatient.de\\\/wp-content\\\/uploads\\\/2020\\\/10\\\/Apple_HomePod-mini-campaign_10132020.jpg\",\"keywords\":[\"Apple TV\",\"Beta\",\"HomePod\",\"iOS 14.2\",\"iPadOS 14.2\",\"tvOS 14.2\"],\"articleSection\":\"News\",\"inLanguage\":\"en-US\",\"copyrightYear\":\"2020\",\"copyrightHolder\":{\"@id\":\"https:\\\/\\\/www.apfelpatient.de\\\/en\\\/#organization\"}},{\"@type\":\"WebPage\",\"@id\":\"https:\\\/\\\/www.apfelpatient.de\\\/news\\\/apple-tv-homepod-als-permanenter-lautsprecher\",\"url\":\"https:\\\/\\\/www.apfelpatient.de\\\/news\\\/apple-tv-homepod-als-permanenter-lautsprecher\",\"name\":\"Apple TV: HomePod als permanenter Lautsprecher Apfelpatient\",\"isPartOf\":{\"@id\":\"https:\\\/\\\/www.apfelpatient.de\\\/#website\"},\"primaryImageOfPage\":{\"@id\":\"https:\\\/\\\/www.apfelpatient.de\\\/news\\\/apple-tv-homepod-als-permanenter-lautsprecher#primaryimage\"},\"image\":{\"@id\":\"https:\\\/\\\/www.apfelpatient.de\\\/news\\\/apple-tv-homepod-als-permanenter-lautsprecher#primaryimage\"},\"thumbnailUrl\":\"https:\\\/\\\/www.apfelpatient.de\\\/wp-content\\\/uploads\\\/2020\\\/10\\\/Apple_HomePod-mini-campaign_10132020.jpg\",\"datePublished\":\"2020-10-13T19:59:05+00:00\",\"dateModified\":\"2020-10-13T19:59:06+00:00\",\"description\":\"Apple hat am heutigen Abend neue Betas ver\u00f6ffentlicht. Dabei wurde unter tvOS 14.2 eine sehr n\u00fctzliche Funktion f\u00fcr den HomePod integriert.\",\"breadcrumb\":{\"@id\":\"https:\\\/\\\/www.apfelpatient.de\\\/news\\\/apple-tv-homepod-als-permanenter-lautsprecher#breadcrumb\"},\"inLanguage\":\"en-US\",\"potentialAction\":[{\"@type\":\"ReadAction\",\"target\":[\"https:\\\/\\\/www.apfelpatient.de\\\/news\\\/apple-tv-homepod-als-permanenter-lautsprecher\"]}]},{\"@type\":\"ImageObject\",\"inLanguage\":\"en-US\",\"@id\":\"https:\\\/\\\/www.apfelpatient.de\\\/news\\\/apple-tv-homepod-als-permanenter-lautsprecher#primaryimage\",\"url\":\"https:\\\/\\\/www.apfelpatient.de\\\/wp-content\\\/uploads\\\/2020\\\/10\\\/Apple_HomePod-mini-campaign_10132020.jpg\",\"contentUrl\":\"https:\\\/\\\/www.apfelpatient.de\\\/wp-content\\\/uploads\\\/2020\\\/10\\\/Apple_HomePod-mini-campaign_10132020.jpg\",\"width\":1470,\"height\":1470,\"caption\":\"Bild: Apple\"},{\"@type\":\"BreadcrumbList\",\"@id\":\"https:\\\/\\\/www.apfelpatient.de\\\/news\\\/apple-tv-homepod-als-permanenter-lautsprecher#breadcrumb\",\"itemListElement\":[{\"@type\":\"ListItem\",\"position\":1,\"name\":\"Startseite\",\"item\":\"https:\\\/\\\/www.apfelpatient.de\\\/\"},{\"@type\":\"ListItem\",\"position\":2,\"name\":\"Apple TV: HomePod als permanenter Lautsprecher\"}]},{\"@type\":\"WebSite\",\"@id\":\"https:\\\/\\\/www.apfelpatient.de\\\/#website\",\"url\":\"https:\\\/\\\/www.apfelpatient.de\\\/\",\"name\":\"Apfelpatient\",\"description\":\"Alles rund um Apple!\",\"publisher\":{\"@type\":\"Organization\",\"@id\":\"https:\\\/\\\/www.apfelpatient.de\\\/en\\\/#organization\",\"name\":\"Apfelpatient\",\"url\":\"https:\\\/\\\/www.apfelpatient.de\\\/en\\\/\"},\"alternateName\":\"Apfelpatient\",\"potentialAction\":[{\"@type\":\"SearchAction\",\"target\":{\"@type\":\"EntryPoint\",\"urlTemplate\":\"https:\\\/\\\/www.apfelpatient.de\\\/?s={search_term_string}\"},\"query-input\":{\"@type\":\"PropertyValueSpecification\",\"valueRequired\":true,\"valueName\":\"search_term_string\"}}],\"inLanguage\":\"en-US\"},{\"@type\":[\"Person\",\"Organization\"],\"@id\":\"https:\\\/\\\/www.apfelpatient.de\\\/#\\\/schema\\\/person\\\/7dc56ad6c8e9824b76d2c08d4c140e13\",\"name\":\"Milan\",\"logo\":{\"@id\":\"https:\\\/\\\/www.apfelpatient.de\\\/#\\\/schema\\\/person\\\/image\\\/\"},\"description\":\"Hallo und herzlich willkommen auf meinem Technik-Blog! Als gro\u00dfer Apple-Fan berichte ich hier \u00fcber alles, was mit Apple zu tun hat: von den neuesten News und spannenden Ger\u00fcchten \u00fcber hilfreiche Tipps und Tricks bis hin zu ausf\u00fchrlichen Produkttests. Wenn du genauso technikbegeistert bist wie ich, bist du hier genau richtig!\",\"sameAs\":[\"https:\\\/\\\/www.facebook.com\\\/apfelpatientOfficial\",\"https:\\\/\\\/www.linkedin.com\\\/in\\\/milan-jovicic-42aa0231b\"],\"url\":\"https:\\\/\\\/www.apfelpatient.de\\\/en\\\/author\\\/apfeladmin\"}]}<\/script>\n<!-- \/ Yoast SEO Premium plugin. -->","yoast_head_json":{"title":"Apple TV: HomePod as a permanent speaker Apfelpatient","description":"Apple released new betas this evening. A very useful feature for the HomePod was integrated into tvOS 14.2.","robots":{"index":"index","follow":"follow","max-snippet":"max-snippet:-1","max-image-preview":"max-image-preview:large","max-video-preview":"max-video-preview:-1"},"canonical":"https:\/\/www.apfelpatient.de\/en\/news\/apple-tv-homepod-as-a-permanent-speaker","og_locale":"en_US","og_type":"article","og_title":"Apple TV: HomePod als permanenter Lautsprecher","og_description":"Apple hat am heutigen Abend neue Betas ver\u00f6ffentlicht. Dabei wurde unter tvOS 14.2 eine sehr n\u00fctzliche Funktion f\u00fcr den HomePod integriert.","og_url":"https:\/\/www.apfelpatient.de\/en\/news\/apple-tv-homepod-as-a-permanent-speaker","og_site_name":"Apfelpatient","article_publisher":"https:\/\/www.facebook.com\/apfelpatientOfficial","article_author":"https:\/\/www.facebook.com\/apfelpatientOfficial","article_published_time":"2020-10-13T19:59:05+00:00","article_modified_time":"2020-10-13T19:59:06+00:00","og_image":[{"width":1470,"height":1470,"url":"https:\/\/www.apfelpatient.de\/wp-content\/uploads\/2020\/10\/Apple_HomePod-mini-campaign_10132020.jpg","type":"image\/jpeg"}],"author":"Milan","twitter_card":"summary_large_image","twitter_description":"Apple hat am heutigen Abend neue Betas ver\u00f6ffentlicht. Dabei wurde unter tvOS 14.2 eine sehr n\u00fctzliche Funktion f\u00fcr den HomePod integriert.","twitter_misc":{"Written by":"Milan","Est. reading time":"1 minute"},"schema":{"@context":"https:\/\/schema.org","@graph":[{"@type":"NewsArticle","@id":"https:\/\/www.apfelpatient.de\/news\/apple-tv-homepod-als-permanenter-lautsprecher#article","isPartOf":{"@id":"https:\/\/www.apfelpatient.de\/news\/apple-tv-homepod-als-permanenter-lautsprecher"},"author":{"@type":"Organization","@id":"https:\/\/www.apfelpatient.de\/en\/#organization","name":"Apfelpatient","url":"https:\/\/www.apfelpatient.de\/en\/"},"headline":"Apple TV: HomePod als permanenter Lautsprecher","datePublished":"2020-10-13T19:59:05+00:00","dateModified":"2020-10-13T19:59:06+00:00","mainEntityOfPage":{"@id":"https:\/\/www.apfelpatient.de\/news\/apple-tv-homepod-als-permanenter-lautsprecher"},"wordCount":255,"publisher":{"@type":"Organization","@id":"https:\/\/www.apfelpatient.de\/en\/#organization","name":"Apfelpatient","url":"https:\/\/www.apfelpatient.de\/en\/"},"image":{"@id":"https:\/\/www.apfelpatient.de\/news\/apple-tv-homepod-als-permanenter-lautsprecher#primaryimage"},"thumbnailUrl":"https:\/\/www.apfelpatient.de\/wp-content\/uploads\/2020\/10\/Apple_HomePod-mini-campaign_10132020.jpg","keywords":["Apple TV","Beta","HomePod","iOS 14.2","iPadOS 14.2","tvOS 14.2"],"articleSection":"News","inLanguage":"en-US","copyrightYear":"2020","copyrightHolder":{"@id":"https:\/\/www.apfelpatient.de\/en\/#organization"}},{"@type":"WebPage","@id":"https:\/\/www.apfelpatient.de\/news\/apple-tv-homepod-als-permanenter-lautsprecher","url":"https:\/\/www.apfelpatient.de\/news\/apple-tv-homepod-als-permanenter-lautsprecher","name":"Apple TV: HomePod as a permanent speaker Apfelpatient","isPartOf":{"@id":"https:\/\/www.apfelpatient.de\/#website"},"primaryImageOfPage":{"@id":"https:\/\/www.apfelpatient.de\/news\/apple-tv-homepod-als-permanenter-lautsprecher#primaryimage"},"image":{"@id":"https:\/\/www.apfelpatient.de\/news\/apple-tv-homepod-als-permanenter-lautsprecher#primaryimage"},"thumbnailUrl":"https:\/\/www.apfelpatient.de\/wp-content\/uploads\/2020\/10\/Apple_HomePod-mini-campaign_10132020.jpg","datePublished":"2020-10-13T19:59:05+00:00","dateModified":"2020-10-13T19:59:06+00:00","description":"Apple released new betas this evening. A very useful feature for the HomePod was integrated into tvOS 14.2.","breadcrumb":{"@id":"https:\/\/www.apfelpatient.de\/news\/apple-tv-homepod-als-permanenter-lautsprecher#breadcrumb"},"inLanguage":"en-US","potentialAction":[{"@type":"ReadAction","target":["https:\/\/www.apfelpatient.de\/news\/apple-tv-homepod-als-permanenter-lautsprecher"]}]},{"@type":"ImageObject","inLanguage":"en-US","@id":"https:\/\/www.apfelpatient.de\/news\/apple-tv-homepod-als-permanenter-lautsprecher#primaryimage","url":"https:\/\/www.apfelpatient.de\/wp-content\/uploads\/2020\/10\/Apple_HomePod-mini-campaign_10132020.jpg","contentUrl":"https:\/\/www.apfelpatient.de\/wp-content\/uploads\/2020\/10\/Apple_HomePod-mini-campaign_10132020.jpg","width":1470,"height":1470,"caption":"Bild: Apple"},{"@type":"BreadcrumbList","@id":"https:\/\/www.apfelpatient.de\/news\/apple-tv-homepod-als-permanenter-lautsprecher#breadcrumb","itemListElement":[{"@type":"ListItem","position":1,"name":"Startseite","item":"https:\/\/www.apfelpatient.de\/"},{"@type":"ListItem","position":2,"name":"Apple TV: HomePod als permanenter Lautsprecher"}]},{"@type":"WebSite","@id":"https:\/\/www.apfelpatient.de\/#website","url":"https:\/\/www.apfelpatient.de\/","name":"apple patient","description":"Everything about Apple!","publisher":{"@type":"Organization","@id":"https:\/\/www.apfelpatient.de\/en\/#organization","name":"Apfelpatient","url":"https:\/\/www.apfelpatient.de\/en\/"},"alternateName":"Apfelpatient","potentialAction":[{"@type":"SearchAction","target":{"@type":"EntryPoint","urlTemplate":"https:\/\/www.apfelpatient.de\/?s={search_term_string}"},"query-input":{"@type":"PropertyValueSpecification","valueRequired":true,"valueName":"search_term_string"}}],"inLanguage":"en-US"},{"@type":["Person","Organization"],"@id":"https:\/\/www.apfelpatient.de\/#\/schema\/person\/7dc56ad6c8e9824b76d2c08d4c140e13","name":"Milan","logo":{"@id":"https:\/\/www.apfelpatient.de\/#\/schema\/person\/image\/"},"description":"Hello and welcome to my technology blog! As a big Apple fan, I report on everything to do with Apple: from the latest news and exciting rumors to helpful tips and tricks and detailed product tests. If you are as enthusiastic about technology as I am, you have come to the right place!","sameAs":["https:\/\/www.facebook.com\/apfelpatientOfficial","https:\/\/www.linkedin.com\/in\/milan-jovicic-42aa0231b"],"url":"https:\/\/www.apfelpatient.de\/en\/author\/apfeladmin"}]}},"_links":{"self":[{"href":"https:\/\/www.apfelpatient.de\/en\/wp-json\/wp\/v2\/posts\/16212","targetHints":{"allow":["GET"]}}],"collection":[{"href":"https:\/\/www.apfelpatient.de\/en\/wp-json\/wp\/v2\/posts"}],"about":[{"href":"https:\/\/www.apfelpatient.de\/en\/wp-json\/wp\/v2\/types\/post"}],"author":[{"embeddable":true,"href":"https:\/\/www.apfelpatient.de\/en\/wp-json\/wp\/v2\/users\/2"}],"replies":[{"embeddable":true,"href":"https:\/\/www.apfelpatient.de\/en\/wp-json\/wp\/v2\/comments?post=16212"}],"version-history":[{"count":0,"href":"https:\/\/www.apfelpatient.de\/en\/wp-json\/wp\/v2\/posts\/16212\/revisions"}],"wp:featuredmedia":[{"embeddable":true,"href":"https:\/\/www.apfelpatient.de\/en\/wp-json\/wp\/v2\/media\/16141"}],"wp:attachment":[{"href":"https:\/\/www.apfelpatient.de\/en\/wp-json\/wp\/v2\/media?parent=16212"}],"wp:term":[{"taxonomy":"category","embeddable":true,"href":"https:\/\/www.apfelpatient.de\/en\/wp-json\/wp\/v2\/categories?post=16212"},{"taxonomy":"post_tag","embeddable":true,"href":"https:\/\/www.apfelpatient.de\/en\/wp-json\/wp\/v2\/tags?post=16212"}],"curies":[{"name":"wp","href":"https:\/\/api.w.org\/{rel}","templated":true}]}}