{"id":16205,"date":"2020-10-13T20:58:52","date_gmt":"2020-10-13T18:58:52","guid":{"rendered":"https:\/\/www.apfelpatient.de\/?p=16205"},"modified":"2021-02-28T18:03:42","modified_gmt":"2021-02-28T17:03:42","slug":"iphone-12-apple-officially-drops-accessories","status":"publish","type":"post","link":"https:\/\/www.apfelpatient.de\/en\/news\/iphone-12-apple-streicht-offiziell-zubehoer-ein","title":{"rendered":"iPhone 12: Apple officially discontinues accessories"},"content":{"rendered":"<p class=\"has-drop-cap\"><strong>Apple has finally launched the iPhone 12 series <a href=\"https:\/\/www.apfelpatient.de\/en\/news\/hi-speed-event-apple-presents-iphone-12-series\">presented<\/a> and introduced a new design. At the same time, it was announced that the included accessories would be reduced.&nbsp;<\/strong><\/p>\n\n\n\n<p>Apple will not include a charger or EarPods with the iPhone 12 for environmental reasons. The company said it will be able to significantly reduce carbon emissions by not having to manufacture the accessories in the first place - in addition to reducing the box size of each iPhone sold. According to Apple, this will save two million tons of carbon annually.<\/p>\n\n\n\n<figure class=\"wp-block-image size-large\"><img decoding=\"async\" width=\"1024\" height=\"948\" src=\"https:\/\/www.apfelpatient.de\/wp-content\/uploads\/2020\/10\/apple_iphone-12_new-design_geo_10132020-1024x948.jpg\" alt=\"iPhone 12\" class=\"wp-image-16179\" srcset=\"https:\/\/www.apfelpatient.de\/wp-content\/uploads\/2020\/10\/apple_iphone-12_new-design_geo_10132020-1024x948.jpg 1024w, https:\/\/www.apfelpatient.de\/wp-content\/uploads\/2020\/10\/apple_iphone-12_new-design_geo_10132020-300x278.jpg 300w, https:\/\/www.apfelpatient.de\/wp-content\/uploads\/2020\/10\/apple_iphone-12_new-design_geo_10132020-768x711.jpg 768w, https:\/\/www.apfelpatient.de\/wp-content\/uploads\/2020\/10\/apple_iphone-12_new-design_geo_10132020-1536x1422.jpg 1536w, https:\/\/www.apfelpatient.de\/wp-content\/uploads\/2020\/10\/apple_iphone-12_new-design_geo_10132020-750x694.jpg 750w, https:\/\/www.apfelpatient.de\/wp-content\/uploads\/2020\/10\/apple_iphone-12_new-design_geo_10132020-1140x1055.jpg 1140w, https:\/\/www.apfelpatient.de\/wp-content\/uploads\/2020\/10\/apple_iphone-12_new-design_geo_10132020.jpg 1960w\" sizes=\"(max-width: 1024px) 100vw, 1024px\" \/><figcaption>Image: Apple<\/figcaption><\/figure>\n\n\n\n<h3 class=\"wp-block-heading\" id=\"h-iphone-12-die-umwelt-freut-sich-es-gibt-aber-auch-kritik\">iPhone 12: The environment is happy \u2013 but there is also criticism<\/h3>\n\n\n\n\n\n\n\n<p>Apple&#039;s vice president, Lisa Jackson, said that there are already more than two billion power adapters in the world, so it would be a waste to continue to offer them in the box with the iPhone. <a href=\"https:\/\/www.apple.com\/\" target=\"_blank\" rel=\"noreferrer noopener\">Pursue<\/a> also explained that more and more customers are switching to wireless charging methods. The iPhone 12 box will still include the USB-C to Lightning charging cable, but will not include the EarPod earphones and power adapter. These accessories will now only be sold separately. The move obviously has environmental benefits - but there will still be criticism from some customers. <strong><em>Have you seen it yet?<\/em><\/strong>&nbsp;Amazon Prime Day 2020 (13 &amp; 14 October) has started. You can find interesting offers in various categories&nbsp;<a rel=\"noreferrer noopener\" href=\"https:\/\/www.amazon.de\/shop\/apfelpatientofficial\" target=\"_blank\"><em>in our storefront and in the corresponding Amazon section<\/em><\/a>&nbsp;\u2013 have fun browsing.&nbsp;<em>(Image: Apple)<\/em><\/p>\n\n\n\n<ul class=\"wp-block-list\"><li><a href=\"https:\/\/www.apfelpatient.de\/en\/news\/hi-speed-event-apple-presents-iphone-12-series\">&quot;Hi, Speed&quot; event: Apple presents iPhone 12 series<\/a><\/li><\/ul>\n\n\n\n<h6 class=\"wp-block-heading translation-block\" id=\"h-kennt-ihr-schon-unsere-amazon-storefront-dort-findet-ihr-eine-handverlesene-auswahl-von-diversen-produkten-f-r-euer-iphone-und-co-viel-spa-beim-st-bern\"><em>Have you already visited our Amazon Storefront? There you&#039;ll find a hand-picked selection of various products for your iPhone and other devices \u2013 <span class=\"has-inline-color has-vivid-red-color\"><a href=\"https:\/\/www.amazon.de\/shop\/apfelpatientofficial\" class=\"ek-link\" data-wpel-link=\"exclude\" rel=\"follow noopener\" target=\"_self\"><span style=\"text-decoration: underline\" class=\"ek-underline\">enjoy browsing<\/span><\/a> !<\/span><\/em><\/h6>\n\n\n\n\n\n<h6 class=\"wp-block-heading translation-block\" id=\"h-der-beitrag-enthalt-partnerlinks\">This post contains <a data-type=\"URL\" data-id=\"https:\/\/www.apfelpatient.de\/partnerprogramm\" href=\"https:\/\/www.apfelpatient.de\/en\/partner-program\" data-wpel-link=\"internal\" target=\"_self\">affiliate links<\/a>.<\/h6>","protected":false},"excerpt":{"rendered":"<p>Apple has finally introduced the iPhone 12 series. At the same time, it was announced that the included accessories will be reduced. <\/p>","protected":false},"author":2,"featured_media":16159,"comment_status":"closed","ping_status":"closed","sticky":false,"template":"","format":"standard","meta":{"jnews-multi-image_gallery":[],"jnews_single_post":{"subtitle":"","format":"standard","video":"","gallery":"","source_name":"","source_url":"","via_name":"","via_url":"","override":[{"single_blog_custom":"","sidebar":"","second_sidebar":"","share_position":"","share_float_style":"","post_date_format":"","post_date_format_custom":"","post_reading_time_wpm":"","zoom_button_out_step":"1","zoom_button_in_step":"1","number_popup_post":"1"}],"image_override":[{"single_post_thumbnail_size":"","single_post_gallery_size":""}],"trending_post_position":"","trending_post_label":"","sponsored_post_label":"","sponsored_post_name":"","sponsored_post_url":"","sponsored_post_logo":"","sponsored_post_desc":""},"jnews_primary_category":{"id":"9"},"footnotes":""},"categories":[9],"tags":[86,321,254],"class_list":["post-16205","post","type-post","status-publish","format-standard","has-post-thumbnail","hentry","category-news","tag-apple-event","tag-iphone-12","tag-iphone-2020"],"yoast_head":"<!-- This site is optimized with the Yoast SEO Premium plugin v27.5 (Yoast SEO v27.5) - https:\/\/yoast.com\/product\/yoast-seo-premium-wordpress\/ -->\n<title>iPhone 12: Apple streicht offiziell Zubeh\u00f6r ein Apfelpatient<\/title>\n<meta name=\"description\" content=\"Apple hat nun endlich die iPhone 12 Reihe vorgestellt. Gleichzeitig wurde bekanntgegeben, dass das beigelegte Zubeh\u00f6r reduziert wird.\" \/>\n<meta name=\"robots\" content=\"index, follow, max-snippet:-1, max-image-preview:large, max-video-preview:-1\" \/>\n<link rel=\"canonical\" href=\"https:\/\/www.apfelpatient.de\/en\/news\/iphone-12-apple-officially-drops-accessories\" \/>\n<meta property=\"og:locale\" content=\"en_US\" \/>\n<meta property=\"og:type\" content=\"article\" \/>\n<meta property=\"og:title\" content=\"iPhone 12: Apple streicht offiziell Zubeh\u00f6r ein\" \/>\n<meta property=\"og:description\" content=\"Apple hat nun endlich die iPhone 12 Reihe vorgestellt. Gleichzeitig wurde bekanntgegeben, dass das beigelegte Zubeh\u00f6r reduziert wird.\" \/>\n<meta property=\"og:url\" content=\"https:\/\/www.apfelpatient.de\/en\/news\/iphone-12-apple-officially-drops-accessories\" \/>\n<meta property=\"og:site_name\" content=\"Apfelpatient\" \/>\n<meta property=\"article:publisher\" content=\"https:\/\/www.facebook.com\/apfelpatientOfficial\" \/>\n<meta property=\"article:author\" content=\"https:\/\/www.facebook.com\/apfelpatientOfficial\" \/>\n<meta property=\"article:published_time\" content=\"2020-10-13T18:58:52+00:00\" \/>\n<meta property=\"article:modified_time\" content=\"2021-02-28T17:03:42+00:00\" \/>\n<meta property=\"og:image\" content=\"https:\/\/www.apfelpatient.de\/wp-content\/uploads\/2020\/10\/apple_iphone-12_color-black_10132020.jpg\" \/>\n\t<meta property=\"og:image:width\" content=\"1960\" \/>\n\t<meta property=\"og:image:height\" content=\"1400\" \/>\n\t<meta property=\"og:image:type\" content=\"image\/jpeg\" \/>\n<meta name=\"author\" content=\"Milan\" \/>\n<meta name=\"twitter:card\" content=\"summary_large_image\" \/>\n<meta name=\"twitter:description\" content=\"Apple hat nun endlich die iPhone 12 Reihe vorgestellt. Gleichzeitig wurde bekanntgegeben, dass das beigelegte Zubeh\u00f6r reduziert wird.\" \/>\n<meta name=\"twitter:label1\" content=\"Written by\" \/>\n\t<meta name=\"twitter:data1\" content=\"Milan\" \/>\n\t<meta name=\"twitter:label2\" content=\"Est. reading time\" \/>\n\t<meta name=\"twitter:data2\" content=\"2 minutes\" \/>\n<script type=\"application\/ld+json\" class=\"yoast-schema-graph\">{\"@context\":\"https:\\\/\\\/schema.org\",\"@graph\":[{\"@type\":\"NewsArticle\",\"@id\":\"https:\\\/\\\/www.apfelpatient.de\\\/news\\\/iphone-12-apple-streicht-offiziell-zubehoer-ein#article\",\"isPartOf\":{\"@id\":\"https:\\\/\\\/www.apfelpatient.de\\\/news\\\/iphone-12-apple-streicht-offiziell-zubehoer-ein\"},\"author\":{\"@type\":\"Organization\",\"@id\":\"https:\\\/\\\/www.apfelpatient.de\\\/en\\\/#organization\",\"name\":\"Apfelpatient\",\"url\":\"https:\\\/\\\/www.apfelpatient.de\\\/en\\\/\"},\"headline\":\"iPhone 12: Apple streicht offiziell Zubeh\u00f6r ein\",\"datePublished\":\"2020-10-13T18:58:52+00:00\",\"dateModified\":\"2021-02-28T17:03:42+00:00\",\"mainEntityOfPage\":{\"@id\":\"https:\\\/\\\/www.apfelpatient.de\\\/news\\\/iphone-12-apple-streicht-offiziell-zubehoer-ein\"},\"wordCount\":253,\"publisher\":{\"@type\":\"Organization\",\"@id\":\"https:\\\/\\\/www.apfelpatient.de\\\/en\\\/#organization\",\"name\":\"Apfelpatient\",\"url\":\"https:\\\/\\\/www.apfelpatient.de\\\/en\\\/\"},\"image\":{\"@id\":\"https:\\\/\\\/www.apfelpatient.de\\\/news\\\/iphone-12-apple-streicht-offiziell-zubehoer-ein#primaryimage\"},\"thumbnailUrl\":\"https:\\\/\\\/www.apfelpatient.de\\\/wp-content\\\/uploads\\\/2020\\\/10\\\/apple_iphone-12_color-black_10132020.jpg\",\"keywords\":[\"Apple Event\",\"iPhone 12\",\"iPhone 2020\"],\"articleSection\":\"News\",\"inLanguage\":\"en-US\",\"copyrightYear\":\"2020\",\"copyrightHolder\":{\"@id\":\"https:\\\/\\\/www.apfelpatient.de\\\/en\\\/#organization\"}},{\"@type\":\"WebPage\",\"@id\":\"https:\\\/\\\/www.apfelpatient.de\\\/news\\\/iphone-12-apple-streicht-offiziell-zubehoer-ein\",\"url\":\"https:\\\/\\\/www.apfelpatient.de\\\/news\\\/iphone-12-apple-streicht-offiziell-zubehoer-ein\",\"name\":\"iPhone 12: Apple streicht offiziell Zubeh\u00f6r ein Apfelpatient\",\"isPartOf\":{\"@id\":\"https:\\\/\\\/www.apfelpatient.de\\\/#website\"},\"primaryImageOfPage\":{\"@id\":\"https:\\\/\\\/www.apfelpatient.de\\\/news\\\/iphone-12-apple-streicht-offiziell-zubehoer-ein#primaryimage\"},\"image\":{\"@id\":\"https:\\\/\\\/www.apfelpatient.de\\\/news\\\/iphone-12-apple-streicht-offiziell-zubehoer-ein#primaryimage\"},\"thumbnailUrl\":\"https:\\\/\\\/www.apfelpatient.de\\\/wp-content\\\/uploads\\\/2020\\\/10\\\/apple_iphone-12_color-black_10132020.jpg\",\"datePublished\":\"2020-10-13T18:58:52+00:00\",\"dateModified\":\"2021-02-28T17:03:42+00:00\",\"description\":\"Apple hat nun endlich die iPhone 12 Reihe vorgestellt. Gleichzeitig wurde bekanntgegeben, dass das beigelegte Zubeh\u00f6r reduziert wird.\",\"breadcrumb\":{\"@id\":\"https:\\\/\\\/www.apfelpatient.de\\\/news\\\/iphone-12-apple-streicht-offiziell-zubehoer-ein#breadcrumb\"},\"inLanguage\":\"en-US\",\"potentialAction\":[{\"@type\":\"ReadAction\",\"target\":[\"https:\\\/\\\/www.apfelpatient.de\\\/news\\\/iphone-12-apple-streicht-offiziell-zubehoer-ein\"]}]},{\"@type\":\"ImageObject\",\"inLanguage\":\"en-US\",\"@id\":\"https:\\\/\\\/www.apfelpatient.de\\\/news\\\/iphone-12-apple-streicht-offiziell-zubehoer-ein#primaryimage\",\"url\":\"https:\\\/\\\/www.apfelpatient.de\\\/wp-content\\\/uploads\\\/2020\\\/10\\\/apple_iphone-12_color-black_10132020.jpg\",\"contentUrl\":\"https:\\\/\\\/www.apfelpatient.de\\\/wp-content\\\/uploads\\\/2020\\\/10\\\/apple_iphone-12_color-black_10132020.jpg\",\"width\":1960,\"height\":1400,\"caption\":\"Bild: Apple\"},{\"@type\":\"BreadcrumbList\",\"@id\":\"https:\\\/\\\/www.apfelpatient.de\\\/news\\\/iphone-12-apple-streicht-offiziell-zubehoer-ein#breadcrumb\",\"itemListElement\":[{\"@type\":\"ListItem\",\"position\":1,\"name\":\"Startseite\",\"item\":\"https:\\\/\\\/www.apfelpatient.de\\\/\"},{\"@type\":\"ListItem\",\"position\":2,\"name\":\"iPhone 12: Apple streicht offiziell Zubeh\u00f6r ein\"}]},{\"@type\":\"WebSite\",\"@id\":\"https:\\\/\\\/www.apfelpatient.de\\\/#website\",\"url\":\"https:\\\/\\\/www.apfelpatient.de\\\/\",\"name\":\"Apfelpatient\",\"description\":\"Alles rund um Apple!\",\"publisher\":{\"@type\":\"Organization\",\"@id\":\"https:\\\/\\\/www.apfelpatient.de\\\/en\\\/#organization\",\"name\":\"Apfelpatient\",\"url\":\"https:\\\/\\\/www.apfelpatient.de\\\/en\\\/\"},\"alternateName\":\"Apfelpatient\",\"potentialAction\":[{\"@type\":\"SearchAction\",\"target\":{\"@type\":\"EntryPoint\",\"urlTemplate\":\"https:\\\/\\\/www.apfelpatient.de\\\/?s={search_term_string}\"},\"query-input\":{\"@type\":\"PropertyValueSpecification\",\"valueRequired\":true,\"valueName\":\"search_term_string\"}}],\"inLanguage\":\"en-US\"},{\"@type\":[\"Person\",\"Organization\"],\"@id\":\"https:\\\/\\\/www.apfelpatient.de\\\/#\\\/schema\\\/person\\\/7dc56ad6c8e9824b76d2c08d4c140e13\",\"name\":\"Milan\",\"logo\":{\"@id\":\"https:\\\/\\\/www.apfelpatient.de\\\/#\\\/schema\\\/person\\\/image\\\/\"},\"description\":\"Hallo und herzlich willkommen auf meinem Technik-Blog! Als gro\u00dfer Apple-Fan berichte ich hier \u00fcber alles, was mit Apple zu tun hat: von den neuesten News und spannenden Ger\u00fcchten \u00fcber hilfreiche Tipps und Tricks bis hin zu ausf\u00fchrlichen Produkttests. Wenn du genauso technikbegeistert bist wie ich, bist du hier genau richtig!\",\"sameAs\":[\"https:\\\/\\\/www.facebook.com\\\/apfelpatientOfficial\",\"https:\\\/\\\/www.linkedin.com\\\/in\\\/milan-jovicic-42aa0231b\"],\"url\":\"https:\\\/\\\/www.apfelpatient.de\\\/en\\\/author\\\/apfeladmin\"}]}<\/script>\n<!-- \/ Yoast SEO Premium plugin. -->","yoast_head_json":{"title":"iPhone 12: Apple officially discontinues accessories Apfelpatient","description":"Apple has finally introduced the iPhone 12 series. At the same time, it was announced that the included accessories will be reduced.","robots":{"index":"index","follow":"follow","max-snippet":"max-snippet:-1","max-image-preview":"max-image-preview:large","max-video-preview":"max-video-preview:-1"},"canonical":"https:\/\/www.apfelpatient.de\/en\/news\/iphone-12-apple-officially-drops-accessories","og_locale":"en_US","og_type":"article","og_title":"iPhone 12: Apple streicht offiziell Zubeh\u00f6r ein","og_description":"Apple hat nun endlich die iPhone 12 Reihe vorgestellt. Gleichzeitig wurde bekanntgegeben, dass das beigelegte Zubeh\u00f6r reduziert wird.","og_url":"https:\/\/www.apfelpatient.de\/en\/news\/iphone-12-apple-officially-drops-accessories","og_site_name":"Apfelpatient","article_publisher":"https:\/\/www.facebook.com\/apfelpatientOfficial","article_author":"https:\/\/www.facebook.com\/apfelpatientOfficial","article_published_time":"2020-10-13T18:58:52+00:00","article_modified_time":"2021-02-28T17:03:42+00:00","og_image":[{"width":1960,"height":1400,"url":"https:\/\/www.apfelpatient.de\/wp-content\/uploads\/2020\/10\/apple_iphone-12_color-black_10132020.jpg","type":"image\/jpeg"}],"author":"Milan","twitter_card":"summary_large_image","twitter_description":"Apple hat nun endlich die iPhone 12 Reihe vorgestellt. Gleichzeitig wurde bekanntgegeben, dass das beigelegte Zubeh\u00f6r reduziert wird.","twitter_misc":{"Written by":"Milan","Est. reading time":"2 minutes"},"schema":{"@context":"https:\/\/schema.org","@graph":[{"@type":"NewsArticle","@id":"https:\/\/www.apfelpatient.de\/news\/iphone-12-apple-streicht-offiziell-zubehoer-ein#article","isPartOf":{"@id":"https:\/\/www.apfelpatient.de\/news\/iphone-12-apple-streicht-offiziell-zubehoer-ein"},"author":{"@type":"Organization","@id":"https:\/\/www.apfelpatient.de\/en\/#organization","name":"Apfelpatient","url":"https:\/\/www.apfelpatient.de\/en\/"},"headline":"iPhone 12: Apple streicht offiziell Zubeh\u00f6r ein","datePublished":"2020-10-13T18:58:52+00:00","dateModified":"2021-02-28T17:03:42+00:00","mainEntityOfPage":{"@id":"https:\/\/www.apfelpatient.de\/news\/iphone-12-apple-streicht-offiziell-zubehoer-ein"},"wordCount":253,"publisher":{"@type":"Organization","@id":"https:\/\/www.apfelpatient.de\/en\/#organization","name":"Apfelpatient","url":"https:\/\/www.apfelpatient.de\/en\/"},"image":{"@id":"https:\/\/www.apfelpatient.de\/news\/iphone-12-apple-streicht-offiziell-zubehoer-ein#primaryimage"},"thumbnailUrl":"https:\/\/www.apfelpatient.de\/wp-content\/uploads\/2020\/10\/apple_iphone-12_color-black_10132020.jpg","keywords":["Apple Event","iPhone 12","iPhone 2020"],"articleSection":"News","inLanguage":"en-US","copyrightYear":"2020","copyrightHolder":{"@id":"https:\/\/www.apfelpatient.de\/en\/#organization"}},{"@type":"WebPage","@id":"https:\/\/www.apfelpatient.de\/news\/iphone-12-apple-streicht-offiziell-zubehoer-ein","url":"https:\/\/www.apfelpatient.de\/news\/iphone-12-apple-streicht-offiziell-zubehoer-ein","name":"iPhone 12: Apple officially discontinues accessories Apfelpatient","isPartOf":{"@id":"https:\/\/www.apfelpatient.de\/#website"},"primaryImageOfPage":{"@id":"https:\/\/www.apfelpatient.de\/news\/iphone-12-apple-streicht-offiziell-zubehoer-ein#primaryimage"},"image":{"@id":"https:\/\/www.apfelpatient.de\/news\/iphone-12-apple-streicht-offiziell-zubehoer-ein#primaryimage"},"thumbnailUrl":"https:\/\/www.apfelpatient.de\/wp-content\/uploads\/2020\/10\/apple_iphone-12_color-black_10132020.jpg","datePublished":"2020-10-13T18:58:52+00:00","dateModified":"2021-02-28T17:03:42+00:00","description":"Apple has finally introduced the iPhone 12 series. At the same time, it was announced that the included accessories will be reduced.","breadcrumb":{"@id":"https:\/\/www.apfelpatient.de\/news\/iphone-12-apple-streicht-offiziell-zubehoer-ein#breadcrumb"},"inLanguage":"en-US","potentialAction":[{"@type":"ReadAction","target":["https:\/\/www.apfelpatient.de\/news\/iphone-12-apple-streicht-offiziell-zubehoer-ein"]}]},{"@type":"ImageObject","inLanguage":"en-US","@id":"https:\/\/www.apfelpatient.de\/news\/iphone-12-apple-streicht-offiziell-zubehoer-ein#primaryimage","url":"https:\/\/www.apfelpatient.de\/wp-content\/uploads\/2020\/10\/apple_iphone-12_color-black_10132020.jpg","contentUrl":"https:\/\/www.apfelpatient.de\/wp-content\/uploads\/2020\/10\/apple_iphone-12_color-black_10132020.jpg","width":1960,"height":1400,"caption":"Bild: Apple"},{"@type":"BreadcrumbList","@id":"https:\/\/www.apfelpatient.de\/news\/iphone-12-apple-streicht-offiziell-zubehoer-ein#breadcrumb","itemListElement":[{"@type":"ListItem","position":1,"name":"Startseite","item":"https:\/\/www.apfelpatient.de\/"},{"@type":"ListItem","position":2,"name":"iPhone 12: Apple streicht offiziell Zubeh\u00f6r ein"}]},{"@type":"WebSite","@id":"https:\/\/www.apfelpatient.de\/#website","url":"https:\/\/www.apfelpatient.de\/","name":"apple patient","description":"Everything about Apple!","publisher":{"@type":"Organization","@id":"https:\/\/www.apfelpatient.de\/en\/#organization","name":"Apfelpatient","url":"https:\/\/www.apfelpatient.de\/en\/"},"alternateName":"Apfelpatient","potentialAction":[{"@type":"SearchAction","target":{"@type":"EntryPoint","urlTemplate":"https:\/\/www.apfelpatient.de\/?s={search_term_string}"},"query-input":{"@type":"PropertyValueSpecification","valueRequired":true,"valueName":"search_term_string"}}],"inLanguage":"en-US"},{"@type":["Person","Organization"],"@id":"https:\/\/www.apfelpatient.de\/#\/schema\/person\/7dc56ad6c8e9824b76d2c08d4c140e13","name":"Milan","logo":{"@id":"https:\/\/www.apfelpatient.de\/#\/schema\/person\/image\/"},"description":"Hello and welcome to my technology blog! As a big Apple fan, I report on everything to do with Apple: from the latest news and exciting rumors to helpful tips and tricks and detailed product tests. If you are as enthusiastic about technology as I am, you have come to the right place!","sameAs":["https:\/\/www.facebook.com\/apfelpatientOfficial","https:\/\/www.linkedin.com\/in\/milan-jovicic-42aa0231b"],"url":"https:\/\/www.apfelpatient.de\/en\/author\/apfeladmin"}]}},"_links":{"self":[{"href":"https:\/\/www.apfelpatient.de\/en\/wp-json\/wp\/v2\/posts\/16205","targetHints":{"allow":["GET"]}}],"collection":[{"href":"https:\/\/www.apfelpatient.de\/en\/wp-json\/wp\/v2\/posts"}],"about":[{"href":"https:\/\/www.apfelpatient.de\/en\/wp-json\/wp\/v2\/types\/post"}],"author":[{"embeddable":true,"href":"https:\/\/www.apfelpatient.de\/en\/wp-json\/wp\/v2\/users\/2"}],"replies":[{"embeddable":true,"href":"https:\/\/www.apfelpatient.de\/en\/wp-json\/wp\/v2\/comments?post=16205"}],"version-history":[{"count":0,"href":"https:\/\/www.apfelpatient.de\/en\/wp-json\/wp\/v2\/posts\/16205\/revisions"}],"wp:featuredmedia":[{"embeddable":true,"href":"https:\/\/www.apfelpatient.de\/en\/wp-json\/wp\/v2\/media\/16159"}],"wp:attachment":[{"href":"https:\/\/www.apfelpatient.de\/en\/wp-json\/wp\/v2\/media?parent=16205"}],"wp:term":[{"taxonomy":"category","embeddable":true,"href":"https:\/\/www.apfelpatient.de\/en\/wp-json\/wp\/v2\/categories?post=16205"},{"taxonomy":"post_tag","embeddable":true,"href":"https:\/\/www.apfelpatient.de\/en\/wp-json\/wp\/v2\/tags?post=16205"}],"curies":[{"name":"wp","href":"https:\/\/api.w.org\/{rel}","templated":true}]}}