{"id":1617,"date":"2018-08-17T01:22:09","date_gmt":"2018-08-16T23:22:09","guid":{"rendered":"https:\/\/www.apfelpatient.de\/?p=1617"},"modified":"2018-08-17T01:22:09","modified_gmt":"2018-08-16T23:22:09","slug":"rumors-the-new-iphones-will-support-the-apple-pencil","status":"publish","type":"post","link":"https:\/\/www.apfelpatient.de\/en\/rumors\/rumors-werden-die-neuen-iphones-den-apple-pencil-unterstuetzen","title":{"rendered":"Rumors: Will the new iPhones support the Apple Pencil?"},"content":{"rendered":"<p><strong>Steve Jobs hated it. &quot;Who wants a stylus? You have to get &#039;em, put &#039;em away, you lose &#039;em. Yuck! Nobody wants a stylus. So let&#039;s not use a stylus.&quot; These were among the words he said when presenting the first iPhone.<\/strong><\/p>\n<p>Eleven years later, the time has come. For the first time, Apple could present an iPhone with Apple Pencil support. According to a recent report, suppliers are assuming this. The LCD iPhone is intended to serve as an entry-level model. The two OLED devices should have one more reason to buy them with pencil support.<\/p>\n\n<p>There was a rumor about this several months ago, but it quickly disappeared and was not discussed again until recently. Now <em>Economic Daily News<\/em> citing supplier circles that the OLED devices will receive the feature, also the market research company <em>TrendForce<\/em> supports the rumors. There is even supposed to be a more compact model of the Apple Pencil.<\/p>\n<p><em>It remains to be seen whether the iGroup will actually implement this \u2013 we will know for sure in a few weeks.<\/em><\/p>","protected":false},"excerpt":{"rendered":"<p>Steve Jobs hat ihn gehasst. &#8222;Who wants a stylus? You have to get &#8218;em, put &#8218;em away, you lose &#8218;em. Yuck! Nobody wants a stylus. So let&#8217;s not use a stylus.&#8220; Das waren unter Anderem seine Worte bei der Pr\u00e4sentation des ersten iPhones. Elf Jahre sp\u00e4ter k\u00f6nnte es nun soweit sein. Erstmals k\u00f6nnte Apple ein [&hellip;]<\/p>\n","protected":false},"author":2,"featured_media":1618,"comment_status":"open","ping_status":"open","sticky":false,"template":"","format":"standard","meta":{"jnews-multi-image_gallery":[],"jnews_single_post":[],"jnews_primary_category":[],"footnotes":""},"categories":[25],"tags":[17,8,38,39],"class_list":["post-1617","post","type-post","status-publish","format-standard","has-post-thumbnail","hentry","category-rumors","tag-apple-pencil","tag-iphone","tag-iphone-x","tag-iphone-x-plus"],"yoast_head":"<!-- This site is optimized with the Yoast SEO Premium plugin v27.5 (Yoast SEO v27.5) - https:\/\/yoast.com\/product\/yoast-seo-premium-wordpress\/ -->\n<title>Rumors: Werden die neuen iPhones den Apple Pencil unterst\u00fctzen? Apfelpatient<\/title>\n<meta name=\"description\" content=\"Steve Jobs hat ihn gehasst. &quot;Who wants a stylus? You have to get &#039;em, put &#039;em away, you lose &#039;em. Yuck! Nobody wants a stylus. So let&#039;s not use a stylus.&quot;\" \/>\n<meta name=\"robots\" content=\"index, follow, max-snippet:-1, max-image-preview:large, max-video-preview:-1\" \/>\n<link rel=\"canonical\" href=\"https:\/\/www.apfelpatient.de\/en\/rumors\/rumors-the-new-iphones-will-support-the-apple-pencil\" \/>\n<meta property=\"og:locale\" content=\"en_US\" \/>\n<meta property=\"og:type\" content=\"article\" \/>\n<meta property=\"og:title\" content=\"Rumors: Werden die neuen iPhones den Apple Pencil unterst\u00fctzen?\" \/>\n<meta property=\"og:description\" content=\"Steve Jobs hat ihn gehasst. &quot;Who wants a stylus? You have to get &#039;em, put &#039;em away, you lose &#039;em. Yuck! Nobody wants a stylus. So let&#039;s not use a stylus.&quot;\" \/>\n<meta property=\"og:url\" content=\"https:\/\/www.apfelpatient.de\/en\/rumors\/rumors-the-new-iphones-will-support-the-apple-pencil\" \/>\n<meta property=\"og:site_name\" content=\"Apfelpatient\" \/>\n<meta property=\"article:publisher\" content=\"https:\/\/www.facebook.com\/apfelpatientOfficial\" \/>\n<meta property=\"article:author\" content=\"https:\/\/www.facebook.com\/apfelpatientOfficial\" \/>\n<meta property=\"article:published_time\" content=\"2018-08-16T23:22:09+00:00\" \/>\n<meta property=\"og:image\" content=\"https:\/\/www.apfelpatient.de\/wp-content\/uploads\/2018\/08\/iPad-9-7-inch-split-screen_32718.jpg\" \/>\n\t<meta property=\"og:image:width\" content=\"1142\" \/>\n\t<meta property=\"og:image:height\" content=\"924\" \/>\n\t<meta property=\"og:image:type\" content=\"image\/jpeg\" \/>\n<meta name=\"author\" content=\"Milan\" \/>\n<meta name=\"twitter:card\" content=\"summary_large_image\" \/>\n<meta name=\"twitter:label1\" content=\"Written by\" \/>\n\t<meta name=\"twitter:data1\" content=\"Milan\" \/>\n\t<meta name=\"twitter:label2\" content=\"Est. reading time\" \/>\n\t<meta name=\"twitter:data2\" content=\"1 minute\" \/>\n<script type=\"application\/ld+json\" class=\"yoast-schema-graph\">{\"@context\":\"https:\\\/\\\/schema.org\",\"@graph\":[{\"@type\":\"NewsArticle\",\"@id\":\"https:\\\/\\\/www.apfelpatient.de\\\/rumors\\\/rumors-werden-die-neuen-iphones-den-apple-pencil-unterstuetzen#article\",\"isPartOf\":{\"@id\":\"https:\\\/\\\/www.apfelpatient.de\\\/rumors\\\/rumors-werden-die-neuen-iphones-den-apple-pencil-unterstuetzen\"},\"author\":{\"@type\":\"Organization\",\"@id\":\"https:\\\/\\\/www.apfelpatient.de\\\/en\\\/#organization\",\"name\":\"Apfelpatient\",\"url\":\"https:\\\/\\\/www.apfelpatient.de\\\/en\\\/\"},\"headline\":\"Rumors: Werden die neuen iPhones den Apple Pencil unterst\u00fctzen?\",\"datePublished\":\"2018-08-16T23:22:09+00:00\",\"mainEntityOfPage\":{\"@id\":\"https:\\\/\\\/www.apfelpatient.de\\\/rumors\\\/rumors-werden-die-neuen-iphones-den-apple-pencil-unterstuetzen\"},\"wordCount\":186,\"commentCount\":0,\"publisher\":{\"@type\":\"Organization\",\"@id\":\"https:\\\/\\\/www.apfelpatient.de\\\/en\\\/#organization\",\"name\":\"Apfelpatient\",\"url\":\"https:\\\/\\\/www.apfelpatient.de\\\/en\\\/\"},\"image\":{\"@id\":\"https:\\\/\\\/www.apfelpatient.de\\\/rumors\\\/rumors-werden-die-neuen-iphones-den-apple-pencil-unterstuetzen#primaryimage\"},\"thumbnailUrl\":\"https:\\\/\\\/www.apfelpatient.de\\\/wp-content\\\/uploads\\\/2018\\\/08\\\/iPad-9-7-inch-split-screen_32718.jpg\",\"keywords\":[\"Apple Pencil\",\"iPhone\",\"iPhone X\",\"iPhone X Plus\"],\"articleSection\":\"Rumors\",\"inLanguage\":\"en-US\",\"potentialAction\":[{\"@type\":\"CommentAction\",\"name\":\"Comment\",\"target\":[\"https:\\\/\\\/www.apfelpatient.de\\\/rumors\\\/rumors-werden-die-neuen-iphones-den-apple-pencil-unterstuetzen#respond\"]}],\"copyrightYear\":\"2018\",\"copyrightHolder\":{\"@id\":\"https:\\\/\\\/www.apfelpatient.de\\\/en\\\/#organization\"}},{\"@type\":\"WebPage\",\"@id\":\"https:\\\/\\\/www.apfelpatient.de\\\/rumors\\\/rumors-werden-die-neuen-iphones-den-apple-pencil-unterstuetzen\",\"url\":\"https:\\\/\\\/www.apfelpatient.de\\\/rumors\\\/rumors-werden-die-neuen-iphones-den-apple-pencil-unterstuetzen\",\"name\":\"Rumors: Werden die neuen iPhones den Apple Pencil unterst\u00fctzen? Apfelpatient\",\"isPartOf\":{\"@id\":\"https:\\\/\\\/www.apfelpatient.de\\\/#website\"},\"primaryImageOfPage\":{\"@id\":\"https:\\\/\\\/www.apfelpatient.de\\\/rumors\\\/rumors-werden-die-neuen-iphones-den-apple-pencil-unterstuetzen#primaryimage\"},\"image\":{\"@id\":\"https:\\\/\\\/www.apfelpatient.de\\\/rumors\\\/rumors-werden-die-neuen-iphones-den-apple-pencil-unterstuetzen#primaryimage\"},\"thumbnailUrl\":\"https:\\\/\\\/www.apfelpatient.de\\\/wp-content\\\/uploads\\\/2018\\\/08\\\/iPad-9-7-inch-split-screen_32718.jpg\",\"datePublished\":\"2018-08-16T23:22:09+00:00\",\"description\":\"Steve Jobs hat ihn gehasst. \\\"Who wants a stylus? You have to get 'em, put 'em away, you lose 'em. Yuck! Nobody wants a stylus. So let's not use a stylus.\\\"\",\"breadcrumb\":{\"@id\":\"https:\\\/\\\/www.apfelpatient.de\\\/rumors\\\/rumors-werden-die-neuen-iphones-den-apple-pencil-unterstuetzen#breadcrumb\"},\"inLanguage\":\"en-US\",\"potentialAction\":[{\"@type\":\"ReadAction\",\"target\":[\"https:\\\/\\\/www.apfelpatient.de\\\/rumors\\\/rumors-werden-die-neuen-iphones-den-apple-pencil-unterstuetzen\"]}]},{\"@type\":\"ImageObject\",\"inLanguage\":\"en-US\",\"@id\":\"https:\\\/\\\/www.apfelpatient.de\\\/rumors\\\/rumors-werden-die-neuen-iphones-den-apple-pencil-unterstuetzen#primaryimage\",\"url\":\"https:\\\/\\\/www.apfelpatient.de\\\/wp-content\\\/uploads\\\/2018\\\/08\\\/iPad-9-7-inch-split-screen_32718.jpg\",\"contentUrl\":\"https:\\\/\\\/www.apfelpatient.de\\\/wp-content\\\/uploads\\\/2018\\\/08\\\/iPad-9-7-inch-split-screen_32718.jpg\",\"width\":1142,\"height\":924,\"caption\":\"Bild: Apple\"},{\"@type\":\"BreadcrumbList\",\"@id\":\"https:\\\/\\\/www.apfelpatient.de\\\/rumors\\\/rumors-werden-die-neuen-iphones-den-apple-pencil-unterstuetzen#breadcrumb\",\"itemListElement\":[{\"@type\":\"ListItem\",\"position\":1,\"name\":\"Startseite\",\"item\":\"https:\\\/\\\/www.apfelpatient.de\\\/\"},{\"@type\":\"ListItem\",\"position\":2,\"name\":\"Rumors: Werden die neuen iPhones den Apple Pencil unterst\u00fctzen?\"}]},{\"@type\":\"WebSite\",\"@id\":\"https:\\\/\\\/www.apfelpatient.de\\\/#website\",\"url\":\"https:\\\/\\\/www.apfelpatient.de\\\/\",\"name\":\"Apfelpatient\",\"description\":\"Alles rund um Apple!\",\"publisher\":{\"@type\":\"Organization\",\"@id\":\"https:\\\/\\\/www.apfelpatient.de\\\/en\\\/#organization\",\"name\":\"Apfelpatient\",\"url\":\"https:\\\/\\\/www.apfelpatient.de\\\/en\\\/\"},\"alternateName\":\"Apfelpatient\",\"potentialAction\":[{\"@type\":\"SearchAction\",\"target\":{\"@type\":\"EntryPoint\",\"urlTemplate\":\"https:\\\/\\\/www.apfelpatient.de\\\/?s={search_term_string}\"},\"query-input\":{\"@type\":\"PropertyValueSpecification\",\"valueRequired\":true,\"valueName\":\"search_term_string\"}}],\"inLanguage\":\"en-US\"},{\"@type\":[\"Person\",\"Organization\"],\"@id\":\"https:\\\/\\\/www.apfelpatient.de\\\/#\\\/schema\\\/person\\\/7dc56ad6c8e9824b76d2c08d4c140e13\",\"name\":\"Milan\",\"logo\":{\"@id\":\"https:\\\/\\\/www.apfelpatient.de\\\/#\\\/schema\\\/person\\\/image\\\/\"},\"description\":\"Hallo und herzlich willkommen auf meinem Technik-Blog! Als gro\u00dfer Apple-Fan berichte ich hier \u00fcber alles, was mit Apple zu tun hat: von den neuesten News und spannenden Ger\u00fcchten \u00fcber hilfreiche Tipps und Tricks bis hin zu ausf\u00fchrlichen Produkttests. Wenn du genauso technikbegeistert bist wie ich, bist du hier genau richtig!\",\"sameAs\":[\"https:\\\/\\\/www.facebook.com\\\/apfelpatientOfficial\",\"https:\\\/\\\/www.linkedin.com\\\/in\\\/milan-jovicic-42aa0231b\"],\"url\":\"https:\\\/\\\/www.apfelpatient.de\\\/en\\\/author\\\/apfeladmin\"}]}<\/script>\n<!-- \/ Yoast SEO Premium plugin. -->","yoast_head_json":{"title":"Rumors: Will the new iPhones support the Apple Pencil? Apfelpatient","description":"Steve Jobs hated him. &quot;Who wants a stylus? You have to get &#039;em, put &#039;em away, you lose &#039;em. Yuck! Nobody wants a stylus. So let&#039;s not use a stylus.&quot;","robots":{"index":"index","follow":"follow","max-snippet":"max-snippet:-1","max-image-preview":"max-image-preview:large","max-video-preview":"max-video-preview:-1"},"canonical":"https:\/\/www.apfelpatient.de\/en\/rumors\/rumors-the-new-iphones-will-support-the-apple-pencil","og_locale":"en_US","og_type":"article","og_title":"Rumors: Werden die neuen iPhones den Apple Pencil unterst\u00fctzen?","og_description":"Steve Jobs hat ihn gehasst. \"Who wants a stylus? You have to get 'em, put 'em away, you lose 'em. Yuck! Nobody wants a stylus. So let's not use a stylus.\"","og_url":"https:\/\/www.apfelpatient.de\/en\/rumors\/rumors-the-new-iphones-will-support-the-apple-pencil","og_site_name":"Apfelpatient","article_publisher":"https:\/\/www.facebook.com\/apfelpatientOfficial","article_author":"https:\/\/www.facebook.com\/apfelpatientOfficial","article_published_time":"2018-08-16T23:22:09+00:00","og_image":[{"width":1142,"height":924,"url":"https:\/\/www.apfelpatient.de\/wp-content\/uploads\/2018\/08\/iPad-9-7-inch-split-screen_32718.jpg","type":"image\/jpeg"}],"author":"Milan","twitter_card":"summary_large_image","twitter_misc":{"Written by":"Milan","Est. reading time":"1 minute"},"schema":{"@context":"https:\/\/schema.org","@graph":[{"@type":"NewsArticle","@id":"https:\/\/www.apfelpatient.de\/rumors\/rumors-werden-die-neuen-iphones-den-apple-pencil-unterstuetzen#article","isPartOf":{"@id":"https:\/\/www.apfelpatient.de\/rumors\/rumors-werden-die-neuen-iphones-den-apple-pencil-unterstuetzen"},"author":{"@type":"Organization","@id":"https:\/\/www.apfelpatient.de\/en\/#organization","name":"Apfelpatient","url":"https:\/\/www.apfelpatient.de\/en\/"},"headline":"Rumors: Werden die neuen iPhones den Apple Pencil unterst\u00fctzen?","datePublished":"2018-08-16T23:22:09+00:00","mainEntityOfPage":{"@id":"https:\/\/www.apfelpatient.de\/rumors\/rumors-werden-die-neuen-iphones-den-apple-pencil-unterstuetzen"},"wordCount":186,"commentCount":0,"publisher":{"@type":"Organization","@id":"https:\/\/www.apfelpatient.de\/en\/#organization","name":"Apfelpatient","url":"https:\/\/www.apfelpatient.de\/en\/"},"image":{"@id":"https:\/\/www.apfelpatient.de\/rumors\/rumors-werden-die-neuen-iphones-den-apple-pencil-unterstuetzen#primaryimage"},"thumbnailUrl":"https:\/\/www.apfelpatient.de\/wp-content\/uploads\/2018\/08\/iPad-9-7-inch-split-screen_32718.jpg","keywords":["Apple Pencil","iPhone","iPhone X","iPhone X Plus"],"articleSection":"Rumors","inLanguage":"en-US","potentialAction":[{"@type":"CommentAction","name":"Comment","target":["https:\/\/www.apfelpatient.de\/rumors\/rumors-werden-die-neuen-iphones-den-apple-pencil-unterstuetzen#respond"]}],"copyrightYear":"2018","copyrightHolder":{"@id":"https:\/\/www.apfelpatient.de\/en\/#organization"}},{"@type":"WebPage","@id":"https:\/\/www.apfelpatient.de\/rumors\/rumors-werden-die-neuen-iphones-den-apple-pencil-unterstuetzen","url":"https:\/\/www.apfelpatient.de\/rumors\/rumors-werden-die-neuen-iphones-den-apple-pencil-unterstuetzen","name":"Rumors: Will the new iPhones support the Apple Pencil? Apfelpatient","isPartOf":{"@id":"https:\/\/www.apfelpatient.de\/#website"},"primaryImageOfPage":{"@id":"https:\/\/www.apfelpatient.de\/rumors\/rumors-werden-die-neuen-iphones-den-apple-pencil-unterstuetzen#primaryimage"},"image":{"@id":"https:\/\/www.apfelpatient.de\/rumors\/rumors-werden-die-neuen-iphones-den-apple-pencil-unterstuetzen#primaryimage"},"thumbnailUrl":"https:\/\/www.apfelpatient.de\/wp-content\/uploads\/2018\/08\/iPad-9-7-inch-split-screen_32718.jpg","datePublished":"2018-08-16T23:22:09+00:00","description":"Steve Jobs hated him. &quot;Who wants a stylus? You have to get &#039;em, put &#039;em away, you lose &#039;em. Yuck! Nobody wants a stylus. So let&#039;s not use a stylus.&quot;","breadcrumb":{"@id":"https:\/\/www.apfelpatient.de\/rumors\/rumors-werden-die-neuen-iphones-den-apple-pencil-unterstuetzen#breadcrumb"},"inLanguage":"en-US","potentialAction":[{"@type":"ReadAction","target":["https:\/\/www.apfelpatient.de\/rumors\/rumors-werden-die-neuen-iphones-den-apple-pencil-unterstuetzen"]}]},{"@type":"ImageObject","inLanguage":"en-US","@id":"https:\/\/www.apfelpatient.de\/rumors\/rumors-werden-die-neuen-iphones-den-apple-pencil-unterstuetzen#primaryimage","url":"https:\/\/www.apfelpatient.de\/wp-content\/uploads\/2018\/08\/iPad-9-7-inch-split-screen_32718.jpg","contentUrl":"https:\/\/www.apfelpatient.de\/wp-content\/uploads\/2018\/08\/iPad-9-7-inch-split-screen_32718.jpg","width":1142,"height":924,"caption":"Bild: Apple"},{"@type":"BreadcrumbList","@id":"https:\/\/www.apfelpatient.de\/rumors\/rumors-werden-die-neuen-iphones-den-apple-pencil-unterstuetzen#breadcrumb","itemListElement":[{"@type":"ListItem","position":1,"name":"Startseite","item":"https:\/\/www.apfelpatient.de\/"},{"@type":"ListItem","position":2,"name":"Rumors: Werden die neuen iPhones den Apple Pencil unterst\u00fctzen?"}]},{"@type":"WebSite","@id":"https:\/\/www.apfelpatient.de\/#website","url":"https:\/\/www.apfelpatient.de\/","name":"apple patient","description":"Everything about Apple!","publisher":{"@type":"Organization","@id":"https:\/\/www.apfelpatient.de\/en\/#organization","name":"Apfelpatient","url":"https:\/\/www.apfelpatient.de\/en\/"},"alternateName":"Apfelpatient","potentialAction":[{"@type":"SearchAction","target":{"@type":"EntryPoint","urlTemplate":"https:\/\/www.apfelpatient.de\/?s={search_term_string}"},"query-input":{"@type":"PropertyValueSpecification","valueRequired":true,"valueName":"search_term_string"}}],"inLanguage":"en-US"},{"@type":["Person","Organization"],"@id":"https:\/\/www.apfelpatient.de\/#\/schema\/person\/7dc56ad6c8e9824b76d2c08d4c140e13","name":"Milan","logo":{"@id":"https:\/\/www.apfelpatient.de\/#\/schema\/person\/image\/"},"description":"Hello and welcome to my technology blog! As a big Apple fan, I report on everything to do with Apple: from the latest news and exciting rumors to helpful tips and tricks and detailed product tests. If you are as enthusiastic about technology as I am, you have come to the right place!","sameAs":["https:\/\/www.facebook.com\/apfelpatientOfficial","https:\/\/www.linkedin.com\/in\/milan-jovicic-42aa0231b"],"url":"https:\/\/www.apfelpatient.de\/en\/author\/apfeladmin"}]}},"_links":{"self":[{"href":"https:\/\/www.apfelpatient.de\/en\/wp-json\/wp\/v2\/posts\/1617","targetHints":{"allow":["GET"]}}],"collection":[{"href":"https:\/\/www.apfelpatient.de\/en\/wp-json\/wp\/v2\/posts"}],"about":[{"href":"https:\/\/www.apfelpatient.de\/en\/wp-json\/wp\/v2\/types\/post"}],"author":[{"embeddable":true,"href":"https:\/\/www.apfelpatient.de\/en\/wp-json\/wp\/v2\/users\/2"}],"replies":[{"embeddable":true,"href":"https:\/\/www.apfelpatient.de\/en\/wp-json\/wp\/v2\/comments?post=1617"}],"version-history":[{"count":0,"href":"https:\/\/www.apfelpatient.de\/en\/wp-json\/wp\/v2\/posts\/1617\/revisions"}],"wp:featuredmedia":[{"embeddable":true,"href":"https:\/\/www.apfelpatient.de\/en\/wp-json\/wp\/v2\/media\/1618"}],"wp:attachment":[{"href":"https:\/\/www.apfelpatient.de\/en\/wp-json\/wp\/v2\/media?parent=1617"}],"wp:term":[{"taxonomy":"category","embeddable":true,"href":"https:\/\/www.apfelpatient.de\/en\/wp-json\/wp\/v2\/categories?post=1617"},{"taxonomy":"post_tag","embeddable":true,"href":"https:\/\/www.apfelpatient.de\/en\/wp-json\/wp\/v2\/tags?post=1617"}],"curies":[{"name":"wp","href":"https:\/\/api.w.org\/{rel}","templated":true}]}}