{"id":1614,"date":"2018-08-17T00:42:53","date_gmt":"2018-08-16T22:42:53","guid":{"rendered":"https:\/\/www.apfelpatient.de\/?p=1614"},"modified":"2018-08-17T00:42:53","modified_gmt":"2018-08-16T22:42:53","slug":"2018-iphones-when-will-the-keynote-take-place","status":"publish","type":"post","link":"https:\/\/www.apfelpatient.de\/en\/allgemein\/2018-iphones-wann-findet-die-keynote-statt","title":{"rendered":"2018 iPhones: When is the keynote?"},"content":{"rendered":"<p><strong>In a few weeks, Apple will present the new iPhone generation. Telekom has already started its annual reservation service. It should be clear by now that it won&#039;t be long now. You can almost guess on which day the presentation might take place.<\/strong><\/p>\n\n<p>The biggest innovation: All models will follow the current iPhone X, Touch ID is a thing of the past. The 3D facial recognition Face ID is not only more secure but also more convenient and intuitive. The iPhone X will continue with 5.8&quot; and will also get a big brother with a full 6.5&quot; screen - the Plus version. Both will have an OLED display. Another iPhone with a 6.1&quot; LCD will also be part of the line-up. The OLED devices will have a DUAL camera. The LCD model will most likely only have one main camera sensor, like the iPhone 8.<\/p>\n<p>2012: iPhone 5: September 12th \u2013 on sale September 21st, 2012<br \/>\n2013: iPhone 5S &amp; iPhone 5c: September 10th \u2013 on sale September 20th, 2013<br \/>\n2014: iPhone 6 &amp; 6 Plus: September 9th \u2013 on sale September 19th, 2014<br \/>\n2015: iPhone 6s &amp; 6s Plus: September 9th \u2013 on sale September 25th, 2015<br \/>\n2016: iPhone 7 &amp; 7 Plus: September 7th \u2013 on sale from September 16th, 2016<br \/>\n2017: iPhone X, 8 &amp; 8 Plus: September 12th \u2013 on sale from September 22nd, 2017 and iPhone X only from November 3rd, 2017<\/p>\n\n<p><em>Based on the dates from previous years, the presentation is most likely to take place in the week of September 10th. A sales launch could take place about 10 days later - unless Apple wants to surprise us again.<\/em><\/p>","protected":false},"excerpt":{"rendered":"<p>In wenigen Wochen wird Apple die neue iPhone Generation vorstellen. Die Telekom hat ihren allj\u00e4hrlichen Reservierungsservice bereits gestartet. Sp\u00e4testens jetzt sollte klar sein, dass es nicht mehr lange dauert. An welchem Tag die Pr\u00e4sentation steigen k\u00f6nnte, l\u00e4sst sich beinahe erraten. Die gr\u00f6\u00dfte Neuerung: Alle Modelle werden dem aktuellen iPhone X folgen, Touch ID geh\u00f6rt der [&hellip;]<\/p>\n","protected":false},"author":2,"featured_media":1616,"comment_status":"open","ping_status":"open","sticky":false,"template":"","format":"standard","meta":{"jnews-multi-image_gallery":[],"jnews_single_post":[],"jnews_primary_category":[],"footnotes":""},"categories":[2],"tags":[112,37,8,38,39,113],"class_list":["post-1614","post","type-post","status-publish","format-standard","has-post-thumbnail","hentry","category-allgemein","tag-apple-keynote","tag-face-id","tag-iphone","tag-iphone-x","tag-iphone-x-plus","tag-keynote"],"yoast_head":"<!-- This site is optimized with the Yoast SEO Premium plugin v27.5 (Yoast SEO v27.5) - https:\/\/yoast.com\/product\/yoast-seo-premium-wordpress\/ -->\n<title>2018 iPhones: Wann findet die Keynote statt? Apfelpatient<\/title>\n<meta name=\"description\" content=\"In wenigen Wochen wird Apple die neue iPhone Generation vorstellen. Die Telekom hat ihren allj\u00e4hrlichen Reservierungsservice bereits gestartet. Sp\u00e4testens\" \/>\n<meta name=\"robots\" content=\"index, follow, max-snippet:-1, max-image-preview:large, max-video-preview:-1\" \/>\n<link rel=\"canonical\" href=\"https:\/\/www.apfelpatient.de\/en\/generally\/2018-iphones-when-will-the-keynote-take-place\" \/>\n<meta property=\"og:locale\" content=\"en_US\" \/>\n<meta property=\"og:type\" content=\"article\" \/>\n<meta property=\"og:title\" content=\"2018 iPhones: Wann findet die Keynote statt?\" \/>\n<meta property=\"og:description\" content=\"In wenigen Wochen wird Apple die neue iPhone Generation vorstellen. Die Telekom hat ihren allj\u00e4hrlichen Reservierungsservice bereits gestartet. Sp\u00e4testens\" \/>\n<meta property=\"og:url\" content=\"https:\/\/www.apfelpatient.de\/en\/generally\/2018-iphones-when-will-the-keynote-take-place\" \/>\n<meta property=\"og:site_name\" content=\"Apfelpatient\" \/>\n<meta property=\"article:publisher\" content=\"https:\/\/www.facebook.com\/apfelpatientOfficial\" \/>\n<meta property=\"article:author\" content=\"https:\/\/www.facebook.com\/apfelpatientOfficial\" \/>\n<meta property=\"article:published_time\" content=\"2018-08-16T22:42:53+00:00\" \/>\n<meta property=\"og:image\" content=\"https:\/\/www.apfelpatient.de\/wp-content\/uploads\/2018\/08\/apple-iphone7.jpg\" \/>\n\t<meta property=\"og:image:width\" content=\"1632\" \/>\n\t<meta property=\"og:image:height\" content=\"1276\" \/>\n\t<meta property=\"og:image:type\" content=\"image\/jpeg\" \/>\n<meta name=\"author\" content=\"Milan\" \/>\n<meta name=\"twitter:card\" content=\"summary_large_image\" \/>\n<meta name=\"twitter:label1\" content=\"Written by\" \/>\n\t<meta name=\"twitter:data1\" content=\"Milan\" \/>\n\t<meta name=\"twitter:label2\" content=\"Est. reading time\" \/>\n\t<meta name=\"twitter:data2\" content=\"1 minute\" \/>\n<script type=\"application\/ld+json\" class=\"yoast-schema-graph\">{\"@context\":\"https:\\\/\\\/schema.org\",\"@graph\":[{\"@type\":\"NewsArticle\",\"@id\":\"https:\\\/\\\/www.apfelpatient.de\\\/allgemein\\\/2018-iphones-wann-findet-die-keynote-statt#article\",\"isPartOf\":{\"@id\":\"https:\\\/\\\/www.apfelpatient.de\\\/allgemein\\\/2018-iphones-wann-findet-die-keynote-statt\"},\"author\":{\"@type\":\"Organization\",\"@id\":\"https:\\\/\\\/www.apfelpatient.de\\\/en\\\/#organization\",\"name\":\"Apfelpatient\",\"url\":\"https:\\\/\\\/www.apfelpatient.de\\\/en\\\/\"},\"headline\":\"2018 iPhones: Wann findet die Keynote statt?\",\"datePublished\":\"2018-08-16T22:42:53+00:00\",\"mainEntityOfPage\":{\"@id\":\"https:\\\/\\\/www.apfelpatient.de\\\/allgemein\\\/2018-iphones-wann-findet-die-keynote-statt\"},\"wordCount\":248,\"commentCount\":0,\"publisher\":{\"@type\":\"Organization\",\"@id\":\"https:\\\/\\\/www.apfelpatient.de\\\/en\\\/#organization\",\"name\":\"Apfelpatient\",\"url\":\"https:\\\/\\\/www.apfelpatient.de\\\/en\\\/\"},\"image\":{\"@id\":\"https:\\\/\\\/www.apfelpatient.de\\\/allgemein\\\/2018-iphones-wann-findet-die-keynote-statt#primaryimage\"},\"thumbnailUrl\":\"https:\\\/\\\/www.apfelpatient.de\\\/wp-content\\\/uploads\\\/2018\\\/08\\\/apple-iphone7.jpg\",\"keywords\":[\"Apple Keynote\",\"Face ID\",\"iPhone\",\"iPhone X\",\"iPhone X Plus\",\"Keynote\"],\"articleSection\":\"Allgemein\",\"inLanguage\":\"en-US\",\"potentialAction\":[{\"@type\":\"CommentAction\",\"name\":\"Comment\",\"target\":[\"https:\\\/\\\/www.apfelpatient.de\\\/allgemein\\\/2018-iphones-wann-findet-die-keynote-statt#respond\"]}],\"copyrightYear\":\"2018\",\"copyrightHolder\":{\"@id\":\"https:\\\/\\\/www.apfelpatient.de\\\/en\\\/#organization\"}},{\"@type\":\"WebPage\",\"@id\":\"https:\\\/\\\/www.apfelpatient.de\\\/allgemein\\\/2018-iphones-wann-findet-die-keynote-statt\",\"url\":\"https:\\\/\\\/www.apfelpatient.de\\\/allgemein\\\/2018-iphones-wann-findet-die-keynote-statt\",\"name\":\"2018 iPhones: Wann findet die Keynote statt? Apfelpatient\",\"isPartOf\":{\"@id\":\"https:\\\/\\\/www.apfelpatient.de\\\/#website\"},\"primaryImageOfPage\":{\"@id\":\"https:\\\/\\\/www.apfelpatient.de\\\/allgemein\\\/2018-iphones-wann-findet-die-keynote-statt#primaryimage\"},\"image\":{\"@id\":\"https:\\\/\\\/www.apfelpatient.de\\\/allgemein\\\/2018-iphones-wann-findet-die-keynote-statt#primaryimage\"},\"thumbnailUrl\":\"https:\\\/\\\/www.apfelpatient.de\\\/wp-content\\\/uploads\\\/2018\\\/08\\\/apple-iphone7.jpg\",\"datePublished\":\"2018-08-16T22:42:53+00:00\",\"description\":\"In wenigen Wochen wird Apple die neue iPhone Generation vorstellen. Die Telekom hat ihren allj\u00e4hrlichen Reservierungsservice bereits gestartet. Sp\u00e4testens\",\"breadcrumb\":{\"@id\":\"https:\\\/\\\/www.apfelpatient.de\\\/allgemein\\\/2018-iphones-wann-findet-die-keynote-statt#breadcrumb\"},\"inLanguage\":\"en-US\",\"potentialAction\":[{\"@type\":\"ReadAction\",\"target\":[\"https:\\\/\\\/www.apfelpatient.de\\\/allgemein\\\/2018-iphones-wann-findet-die-keynote-statt\"]}]},{\"@type\":\"ImageObject\",\"inLanguage\":\"en-US\",\"@id\":\"https:\\\/\\\/www.apfelpatient.de\\\/allgemein\\\/2018-iphones-wann-findet-die-keynote-statt#primaryimage\",\"url\":\"https:\\\/\\\/www.apfelpatient.de\\\/wp-content\\\/uploads\\\/2018\\\/08\\\/apple-iphone7.jpg\",\"contentUrl\":\"https:\\\/\\\/www.apfelpatient.de\\\/wp-content\\\/uploads\\\/2018\\\/08\\\/apple-iphone7.jpg\",\"width\":1632,\"height\":1276,\"caption\":\"Bild: Apple\"},{\"@type\":\"BreadcrumbList\",\"@id\":\"https:\\\/\\\/www.apfelpatient.de\\\/allgemein\\\/2018-iphones-wann-findet-die-keynote-statt#breadcrumb\",\"itemListElement\":[{\"@type\":\"ListItem\",\"position\":1,\"name\":\"Startseite\",\"item\":\"https:\\\/\\\/www.apfelpatient.de\\\/\"},{\"@type\":\"ListItem\",\"position\":2,\"name\":\"2018 iPhones: Wann findet die Keynote statt?\"}]},{\"@type\":\"WebSite\",\"@id\":\"https:\\\/\\\/www.apfelpatient.de\\\/#website\",\"url\":\"https:\\\/\\\/www.apfelpatient.de\\\/\",\"name\":\"Apfelpatient\",\"description\":\"Alles rund um Apple!\",\"publisher\":{\"@type\":\"Organization\",\"@id\":\"https:\\\/\\\/www.apfelpatient.de\\\/en\\\/#organization\",\"name\":\"Apfelpatient\",\"url\":\"https:\\\/\\\/www.apfelpatient.de\\\/en\\\/\"},\"alternateName\":\"Apfelpatient\",\"potentialAction\":[{\"@type\":\"SearchAction\",\"target\":{\"@type\":\"EntryPoint\",\"urlTemplate\":\"https:\\\/\\\/www.apfelpatient.de\\\/?s={search_term_string}\"},\"query-input\":{\"@type\":\"PropertyValueSpecification\",\"valueRequired\":true,\"valueName\":\"search_term_string\"}}],\"inLanguage\":\"en-US\"},{\"@type\":[\"Person\",\"Organization\"],\"@id\":\"https:\\\/\\\/www.apfelpatient.de\\\/#\\\/schema\\\/person\\\/7dc56ad6c8e9824b76d2c08d4c140e13\",\"name\":\"Milan\",\"logo\":{\"@id\":\"https:\\\/\\\/www.apfelpatient.de\\\/#\\\/schema\\\/person\\\/image\\\/\"},\"description\":\"Hallo und herzlich willkommen auf meinem Technik-Blog! Als gro\u00dfer Apple-Fan berichte ich hier \u00fcber alles, was mit Apple zu tun hat: von den neuesten News und spannenden Ger\u00fcchten \u00fcber hilfreiche Tipps und Tricks bis hin zu ausf\u00fchrlichen Produkttests. Wenn du genauso technikbegeistert bist wie ich, bist du hier genau richtig!\",\"sameAs\":[\"https:\\\/\\\/www.facebook.com\\\/apfelpatientOfficial\",\"https:\\\/\\\/www.linkedin.com\\\/in\\\/milan-jovicic-42aa0231b\"],\"url\":\"https:\\\/\\\/www.apfelpatient.de\\\/en\\\/author\\\/apfeladmin\"}]}<\/script>\n<!-- \/ Yoast SEO Premium plugin. -->","yoast_head_json":{"title":"2018 iPhones: When will the keynote take place? Apfelpatient","description":"In a few weeks, Apple will introduce the new iPhone generation. Telekom has already started its annual reservation service.","robots":{"index":"index","follow":"follow","max-snippet":"max-snippet:-1","max-image-preview":"max-image-preview:large","max-video-preview":"max-video-preview:-1"},"canonical":"https:\/\/www.apfelpatient.de\/en\/generally\/2018-iphones-when-will-the-keynote-take-place","og_locale":"en_US","og_type":"article","og_title":"2018 iPhones: Wann findet die Keynote statt?","og_description":"In wenigen Wochen wird Apple die neue iPhone Generation vorstellen. Die Telekom hat ihren allj\u00e4hrlichen Reservierungsservice bereits gestartet. Sp\u00e4testens","og_url":"https:\/\/www.apfelpatient.de\/en\/generally\/2018-iphones-when-will-the-keynote-take-place","og_site_name":"Apfelpatient","article_publisher":"https:\/\/www.facebook.com\/apfelpatientOfficial","article_author":"https:\/\/www.facebook.com\/apfelpatientOfficial","article_published_time":"2018-08-16T22:42:53+00:00","og_image":[{"width":1632,"height":1276,"url":"https:\/\/www.apfelpatient.de\/wp-content\/uploads\/2018\/08\/apple-iphone7.jpg","type":"image\/jpeg"}],"author":"Milan","twitter_card":"summary_large_image","twitter_misc":{"Written by":"Milan","Est. reading time":"1 minute"},"schema":{"@context":"https:\/\/schema.org","@graph":[{"@type":"NewsArticle","@id":"https:\/\/www.apfelpatient.de\/allgemein\/2018-iphones-wann-findet-die-keynote-statt#article","isPartOf":{"@id":"https:\/\/www.apfelpatient.de\/allgemein\/2018-iphones-wann-findet-die-keynote-statt"},"author":{"@type":"Organization","@id":"https:\/\/www.apfelpatient.de\/en\/#organization","name":"Apfelpatient","url":"https:\/\/www.apfelpatient.de\/en\/"},"headline":"2018 iPhones: Wann findet die Keynote statt?","datePublished":"2018-08-16T22:42:53+00:00","mainEntityOfPage":{"@id":"https:\/\/www.apfelpatient.de\/allgemein\/2018-iphones-wann-findet-die-keynote-statt"},"wordCount":248,"commentCount":0,"publisher":{"@type":"Organization","@id":"https:\/\/www.apfelpatient.de\/en\/#organization","name":"Apfelpatient","url":"https:\/\/www.apfelpatient.de\/en\/"},"image":{"@id":"https:\/\/www.apfelpatient.de\/allgemein\/2018-iphones-wann-findet-die-keynote-statt#primaryimage"},"thumbnailUrl":"https:\/\/www.apfelpatient.de\/wp-content\/uploads\/2018\/08\/apple-iphone7.jpg","keywords":["Apple Keynote","Face ID","iPhone","iPhone X","iPhone X Plus","Keynote"],"articleSection":"Allgemein","inLanguage":"en-US","potentialAction":[{"@type":"CommentAction","name":"Comment","target":["https:\/\/www.apfelpatient.de\/allgemein\/2018-iphones-wann-findet-die-keynote-statt#respond"]}],"copyrightYear":"2018","copyrightHolder":{"@id":"https:\/\/www.apfelpatient.de\/en\/#organization"}},{"@type":"WebPage","@id":"https:\/\/www.apfelpatient.de\/allgemein\/2018-iphones-wann-findet-die-keynote-statt","url":"https:\/\/www.apfelpatient.de\/allgemein\/2018-iphones-wann-findet-die-keynote-statt","name":"2018 iPhones: When will the keynote take place? Apfelpatient","isPartOf":{"@id":"https:\/\/www.apfelpatient.de\/#website"},"primaryImageOfPage":{"@id":"https:\/\/www.apfelpatient.de\/allgemein\/2018-iphones-wann-findet-die-keynote-statt#primaryimage"},"image":{"@id":"https:\/\/www.apfelpatient.de\/allgemein\/2018-iphones-wann-findet-die-keynote-statt#primaryimage"},"thumbnailUrl":"https:\/\/www.apfelpatient.de\/wp-content\/uploads\/2018\/08\/apple-iphone7.jpg","datePublished":"2018-08-16T22:42:53+00:00","description":"In a few weeks, Apple will introduce the new iPhone generation. Telekom has already started its annual reservation service.","breadcrumb":{"@id":"https:\/\/www.apfelpatient.de\/allgemein\/2018-iphones-wann-findet-die-keynote-statt#breadcrumb"},"inLanguage":"en-US","potentialAction":[{"@type":"ReadAction","target":["https:\/\/www.apfelpatient.de\/allgemein\/2018-iphones-wann-findet-die-keynote-statt"]}]},{"@type":"ImageObject","inLanguage":"en-US","@id":"https:\/\/www.apfelpatient.de\/allgemein\/2018-iphones-wann-findet-die-keynote-statt#primaryimage","url":"https:\/\/www.apfelpatient.de\/wp-content\/uploads\/2018\/08\/apple-iphone7.jpg","contentUrl":"https:\/\/www.apfelpatient.de\/wp-content\/uploads\/2018\/08\/apple-iphone7.jpg","width":1632,"height":1276,"caption":"Bild: Apple"},{"@type":"BreadcrumbList","@id":"https:\/\/www.apfelpatient.de\/allgemein\/2018-iphones-wann-findet-die-keynote-statt#breadcrumb","itemListElement":[{"@type":"ListItem","position":1,"name":"Startseite","item":"https:\/\/www.apfelpatient.de\/"},{"@type":"ListItem","position":2,"name":"2018 iPhones: Wann findet die Keynote statt?"}]},{"@type":"WebSite","@id":"https:\/\/www.apfelpatient.de\/#website","url":"https:\/\/www.apfelpatient.de\/","name":"apple patient","description":"Everything about Apple!","publisher":{"@type":"Organization","@id":"https:\/\/www.apfelpatient.de\/en\/#organization","name":"Apfelpatient","url":"https:\/\/www.apfelpatient.de\/en\/"},"alternateName":"Apfelpatient","potentialAction":[{"@type":"SearchAction","target":{"@type":"EntryPoint","urlTemplate":"https:\/\/www.apfelpatient.de\/?s={search_term_string}"},"query-input":{"@type":"PropertyValueSpecification","valueRequired":true,"valueName":"search_term_string"}}],"inLanguage":"en-US"},{"@type":["Person","Organization"],"@id":"https:\/\/www.apfelpatient.de\/#\/schema\/person\/7dc56ad6c8e9824b76d2c08d4c140e13","name":"Milan","logo":{"@id":"https:\/\/www.apfelpatient.de\/#\/schema\/person\/image\/"},"description":"Hello and welcome to my technology blog! As a big Apple fan, I report on everything to do with Apple: from the latest news and exciting rumors to helpful tips and tricks and detailed product tests. If you are as enthusiastic about technology as I am, you have come to the right place!","sameAs":["https:\/\/www.facebook.com\/apfelpatientOfficial","https:\/\/www.linkedin.com\/in\/milan-jovicic-42aa0231b"],"url":"https:\/\/www.apfelpatient.de\/en\/author\/apfeladmin"}]}},"_links":{"self":[{"href":"https:\/\/www.apfelpatient.de\/en\/wp-json\/wp\/v2\/posts\/1614","targetHints":{"allow":["GET"]}}],"collection":[{"href":"https:\/\/www.apfelpatient.de\/en\/wp-json\/wp\/v2\/posts"}],"about":[{"href":"https:\/\/www.apfelpatient.de\/en\/wp-json\/wp\/v2\/types\/post"}],"author":[{"embeddable":true,"href":"https:\/\/www.apfelpatient.de\/en\/wp-json\/wp\/v2\/users\/2"}],"replies":[{"embeddable":true,"href":"https:\/\/www.apfelpatient.de\/en\/wp-json\/wp\/v2\/comments?post=1614"}],"version-history":[{"count":0,"href":"https:\/\/www.apfelpatient.de\/en\/wp-json\/wp\/v2\/posts\/1614\/revisions"}],"wp:featuredmedia":[{"embeddable":true,"href":"https:\/\/www.apfelpatient.de\/en\/wp-json\/wp\/v2\/media\/1616"}],"wp:attachment":[{"href":"https:\/\/www.apfelpatient.de\/en\/wp-json\/wp\/v2\/media?parent=1614"}],"wp:term":[{"taxonomy":"category","embeddable":true,"href":"https:\/\/www.apfelpatient.de\/en\/wp-json\/wp\/v2\/categories?post=1614"},{"taxonomy":"post_tag","embeddable":true,"href":"https:\/\/www.apfelpatient.de\/en\/wp-json\/wp\/v2\/tags?post=1614"}],"curies":[{"name":"wp","href":"https:\/\/api.w.org\/{rel}","templated":true}]}}