{"id":16138,"date":"2020-10-13T19:26:09","date_gmt":"2020-10-13T17:26:09","guid":{"rendered":"https:\/\/www.apfelpatient.de\/?p=16138"},"modified":"2024-05-22T12:15:33","modified_gmt":"2024-05-22T10:15:33","slug":"hi-speed-event-apple-introduces-new-homepod-mini","status":"publish","type":"post","link":"https:\/\/www.apfelpatient.de\/en\/news\/hi-speed-event-apple-stellt-neuen-homepod-mini-vor","title":{"rendered":"&quot;Hi, Speed&quot; event: Apple introduces new HomePod mini"},"content":{"rendered":"<p class=\"has-drop-cap\"><strong>Apple introduced a brand new HomePod mini as part of the &quot;Hi, Speed&quot; event. Find out what the new Siri speaker can do and how much it costs below.<\/strong><\/p>\n\n\n\n<p>Some leakers had already hinted at it a few days ago. Now the time has come. With the HomePod mini, Apple wants to go on the offensive and declare war on Amazon&#039;s Echo 4 and Co. The brand new HomePod mini appears in a new spherical design and, like the classic version, is available in black and white. The new version of the Siri smart speaker also supports a stereo connection. This means that two HomePod mini devices can be connected to each other to ensure an even better sound experience.&nbsp;<\/p>\n\n\n\n<h3 class=\"wp-block-heading\" id=\"h-homepod-mini-stereopaar-schafft-breite-klangb-hne\">HomePod mini: \u201cStereo pair creates a wide sound stage\u201d<\/h3>\n\n\n\n<p>In addition, the cheaper version of Apple&#039;s speaker supports all the features that the classic HomePod offers. This is what the <a href=\"https:\/\/www.apple.com\/newsroom\/2020\/10\/apple-introduces-homepod-mini-a-powerful-smart-speaker-with-amazing-sound\/\" target=\"_blank\" rel=\"noreferrer noopener\">press release<\/a>:<\/p>\n\n\n\n<blockquote class=\"wp-block-quote is-layout-flow wp-block-quote-is-layout-flow\"><p>HomePod mini is designed to work with Apple Music, podcasts, radio stations from iHeartRadio, radio.com and TuneIn, and in the coming months, popular music services like Pandora and Amazon Music. Multiple HomePod mini speakers work together to stream music or podcasts to multiple rooms in perfect sync. Placing two HomePod mini speakers in a single room can create a stereo pair for a wide soundstage that fills the room with rich, enveloping sound.<\/p><\/blockquote>\n\n\n\n<figure class=\"wp-block-image size-large\"><img decoding=\"async\" width=\"1024\" height=\"712\" src=\"https:\/\/www.apfelpatient.de\/wp-content\/uploads\/2020\/10\/Apple_homepod-mini-white-iphone-pairing_10132020-1024x712.jpg\" alt=\"HomePod mini\" class=\"wp-image-16147\" srcset=\"https:\/\/www.apfelpatient.de\/wp-content\/uploads\/2020\/10\/Apple_homepod-mini-white-iphone-pairing_10132020-1024x712.jpg 1024w, https:\/\/www.apfelpatient.de\/wp-content\/uploads\/2020\/10\/Apple_homepod-mini-white-iphone-pairing_10132020-300x208.jpg 300w, https:\/\/www.apfelpatient.de\/wp-content\/uploads\/2020\/10\/Apple_homepod-mini-white-iphone-pairing_10132020-768x534.jpg 768w, https:\/\/www.apfelpatient.de\/wp-content\/uploads\/2020\/10\/Apple_homepod-mini-white-iphone-pairing_10132020-1536x1067.jpg 1536w, https:\/\/www.apfelpatient.de\/wp-content\/uploads\/2020\/10\/Apple_homepod-mini-white-iphone-pairing_10132020-750x521.jpg 750w, https:\/\/www.apfelpatient.de\/wp-content\/uploads\/2020\/10\/Apple_homepod-mini-white-iphone-pairing_10132020-1140x792.jpg 1140w, https:\/\/www.apfelpatient.de\/wp-content\/uploads\/2020\/10\/Apple_homepod-mini-white-iphone-pairing_10132020.jpg 1960w\" sizes=\"(max-width: 1024px) 100vw, 1024px\" \/><figcaption>Image: Apple<\/figcaption><\/figure>\n\n\n\n<h3 class=\"wp-block-heading\" id=\"h-homepod-mini-fungiert-als-ultrabreitband-basisstation\">HomePod mini: Acts as an ultra-wideband base station<\/h3>\n\n\n\n\n\n\n\n<p>Although the device is smaller than the HomePod introduced in 2017, the mini version also places a similar emphasis on high-quality playback combined with standard audio hardware. One of the most important innovations of the HomePod mini is a new feature that allows it to act as an ultra-wideband base station to better communicate with U1-equipped devices such as the iPhone (from 11th generation - exception iPhone SE 2020) and the Apple Watch Series 6.<\/p>\n\n\n\n<figure class=\"wp-block-image size-large\"><img decoding=\"async\" width=\"1024\" height=\"983\" src=\"https:\/\/www.apfelpatient.de\/wp-content\/uploads\/2020\/10\/Apple_homepod-mini-internal-hardware-overlay_10132020-1024x983.jpg\" alt=\"HomePod mini\" class=\"wp-image-16142\" srcset=\"https:\/\/www.apfelpatient.de\/wp-content\/uploads\/2020\/10\/Apple_homepod-mini-internal-hardware-overlay_10132020-1024x983.jpg 1024w, https:\/\/www.apfelpatient.de\/wp-content\/uploads\/2020\/10\/Apple_homepod-mini-internal-hardware-overlay_10132020-300x288.jpg 300w, https:\/\/www.apfelpatient.de\/wp-content\/uploads\/2020\/10\/Apple_homepod-mini-internal-hardware-overlay_10132020-768x737.jpg 768w, https:\/\/www.apfelpatient.de\/wp-content\/uploads\/2020\/10\/Apple_homepod-mini-internal-hardware-overlay_10132020-750x720.jpg 750w, https:\/\/www.apfelpatient.de\/wp-content\/uploads\/2020\/10\/Apple_homepod-mini-internal-hardware-overlay_10132020-1140x1095.jpg 1140w, https:\/\/www.apfelpatient.de\/wp-content\/uploads\/2020\/10\/Apple_homepod-mini-internal-hardware-overlay_10132020.jpg 1306w\" sizes=\"(max-width: 1024px) 100vw, 1024px\" \/><figcaption>Image: Apple<\/figcaption><\/figure>\n\n\n\n<h3 class=\"wp-block-heading\" id=\"h-homepod-mini-preis-und-verf-gbarkeit\">HomePod mini: Price and availability<\/h3>\n\n\n\n<p>Like the standard HomePod, the 3.3-inch HomePod mini includes Apple audio features that allow it to deliver rich, vibrant sound quality. While it doesn&#039;t have quite the same parts list, it still has a dynamic full-range driver and two passive tweeters for bass reproduction. It also has an acoustic waveguide for 360-degree audio reproduction. The device will be available for pre-order for $99 starting November 6 in Australia, Canada, France, Germany, Hong Kong, India, Japan, Spain, the UK and the US, with shipping starting November 16.<\/p>\n\n\n\n<p><strong><em>Have you seen it yet?<\/em><\/strong>&nbsp;Amazon Prime Day 2020 (13 &amp; 14 October) has started. You can find interesting offers in various categories&nbsp;<a rel=\"noreferrer noopener\" href=\"https:\/\/www.amazon.de\/shop\/apfelpatientofficial\" target=\"_blank\"><em>in our storefront and in the corresponding Amazon section<\/em><\/a>&nbsp;\u2013 have fun browsing.<em>&nbsp;(Image: Apple)<\/em><\/p>\n\n\n\n<ul class=\"wp-block-list\"><li><a href=\"https:\/\/www.apfelpatient.de\/en\/news\/how-to-play-apple-podcasts-on-amazon-echo\">How to play Apple Podcasts on Amazon Echo<\/a><\/li><\/ul>\n\n\n\n<h6 class=\"wp-block-heading translation-block\" id=\"h-kennt-ihr-schon-unsere-amazon-storefront-dort-findet-ihr-eine-handverlesene-auswahl-von-diversen-produkten-f-r-euer-iphone-und-co-viel-spa-beim-st-bern\"><em>Have you already visited our Amazon Storefront? There you&#039;ll find a hand-picked selection of various products for your iPhone and other devices \u2013 <span class=\"has-inline-color has-vivid-red-color\"><a href=\"https:\/\/www.amazon.de\/shop\/apfelpatientofficial\" class=\"ek-link\" data-wpel-link=\"exclude\" rel=\"follow noopener\" target=\"_self\"><span style=\"text-decoration: underline\" class=\"ek-underline\">enjoy browsing<\/span><\/a> !<\/span><\/em><\/h6>\n\n\n\n\n\n<h6 class=\"wp-block-heading translation-block\" id=\"h-der-beitrag-enthalt-partnerlinks\">This post contains <a data-type=\"URL\" data-id=\"https:\/\/www.apfelpatient.de\/partnerprogramm\" href=\"https:\/\/www.apfelpatient.de\/en\/partner-program\" data-wpel-link=\"internal\" target=\"_self\">affiliate links<\/a>.<\/h6>","protected":false},"excerpt":{"rendered":"<p>Compare HomePod mini vs HomePod: design, features, sound tech, and pricing differences to find the right Siri speaker for your smart home.<\/p>","protected":false},"author":2,"featured_media":16146,"comment_status":"closed","ping_status":"closed","sticky":false,"template":"","format":"standard","meta":{"jnews-multi-image_gallery":[],"jnews_single_post":{"subtitle":"","format":"standard","video":"","gallery":"","source_name":"","source_url":"","via_name":"","via_url":"","override_template":"0","override":[{"template":"4","single_blog_custom":"","parallax":"1","fullscreen":"1","layout":"right-sidebar","sidebar":"","second_sidebar":"","sticky_sidebar":"1","share_position":"","share_float_style":"","show_share_counter":"0","show_view_counter":"0","show_featured":"1","show_post_meta":"1","show_post_author":"1","show_post_author_image":"1","show_post_date":"1","post_date_format":"","post_date_format_custom":"","show_post_category":"1","show_post_reading_time":"0","post_reading_time_wpm":"","show_zoom_button":"0","zoom_button_out_step":"1","zoom_button_in_step":"1","show_post_tag":"1","show_prev_next_post":"1","show_popup_post":"1","number_popup_post":"1","show_author_box":"0","show_post_related":"0","show_inline_post_related":"0"}],"override_image_size":"0","image_override":[{"single_post_thumbnail_size":"","single_post_gallery_size":""}],"trending_post":"0","trending_post_position":"","trending_post_label":"","sponsored_post":"0","sponsored_post_label":"","sponsored_post_name":"","sponsored_post_url":"","sponsored_post_logo_enable":"0","sponsored_post_logo":"","sponsored_post_desc":"","disable_ad":"0"},"jnews_primary_category":{"id":"9","hide":""},"footnotes":""},"categories":[9],"tags":[86,85,535],"class_list":["post-16138","post","type-post","status-publish","format-standard","has-post-thumbnail","hentry","category-news","tag-apple-event","tag-homepod","tag-homepod-mini"],"yoast_head":"<!-- This site is optimized with the Yoast SEO Premium plugin v27.5 (Yoast SEO v27.5) - https:\/\/yoast.com\/product\/yoast-seo-premium-wordpress\/ -->\n<title>&quot;Hi, Speed&quot;-Event: Apple stellt neuen HomePod mini vor Apfelpatient<\/title>\n<meta name=\"description\" content=\"Der brandneue HomePod mini erscheint in einem neuen kugelf\u00f6rmigen Design und ist wie die klassische Version in Schwarz &amp; Wei\u00df erh\u00e4ltlich.\" \/>\n<meta name=\"robots\" content=\"index, follow, max-snippet:-1, max-image-preview:large, max-video-preview:-1\" \/>\n<link rel=\"canonical\" href=\"https:\/\/www.apfelpatient.de\/en\/news\/hi-speed-event-apple-introduces-new-homepod-mini\" \/>\n<meta property=\"og:locale\" content=\"en_US\" \/>\n<meta property=\"og:type\" content=\"article\" \/>\n<meta property=\"og:title\" content=\"&quot;Hi, Speed&quot;-Event: Apple stellt neuen HomePod mini vor\" \/>\n<meta property=\"og:description\" content=\"Der brandneue HomePod mini erscheint in einem neuen kugelf\u00f6rmigen Design und ist wie die klassische Version in Schwarz &amp; Wei\u00df erh\u00e4ltlich.\" \/>\n<meta property=\"og:url\" content=\"https:\/\/www.apfelpatient.de\/en\/news\/hi-speed-event-apple-introduces-new-homepod-mini\" \/>\n<meta property=\"og:site_name\" content=\"Apfelpatient\" \/>\n<meta property=\"article:publisher\" content=\"https:\/\/www.facebook.com\/apfelpatientOfficial\" \/>\n<meta property=\"article:author\" content=\"https:\/\/www.facebook.com\/apfelpatientOfficial\" \/>\n<meta property=\"article:published_time\" content=\"2020-10-13T17:26:09+00:00\" \/>\n<meta property=\"article:modified_time\" content=\"2024-05-22T10:15:33+00:00\" \/>\n<meta property=\"og:image\" content=\"https:\/\/www.apfelpatient.de\/wp-content\/uploads\/2020\/10\/Apple_homepod-mini-white-10132020.jpg\" \/>\n\t<meta property=\"og:image:width\" content=\"1960\" \/>\n\t<meta property=\"og:image:height\" content=\"1380\" \/>\n\t<meta property=\"og:image:type\" content=\"image\/jpeg\" \/>\n<meta name=\"author\" content=\"Milan\" \/>\n<meta name=\"twitter:card\" content=\"summary_large_image\" \/>\n<meta name=\"twitter:label1\" content=\"Written by\" \/>\n\t<meta name=\"twitter:data1\" content=\"Milan\" \/>\n\t<meta name=\"twitter:label2\" content=\"Est. reading time\" \/>\n\t<meta name=\"twitter:data2\" content=\"10 minutes\" \/>\n<script type=\"application\/ld+json\" class=\"yoast-schema-graph\">{\"@context\":\"https:\\\/\\\/schema.org\",\"@graph\":[{\"@type\":\"NewsArticle\",\"@id\":\"https:\\\/\\\/www.apfelpatient.de\\\/news\\\/hi-speed-event-apple-stellt-neuen-homepod-mini-vor#article\",\"isPartOf\":{\"@id\":\"https:\\\/\\\/www.apfelpatient.de\\\/news\\\/hi-speed-event-apple-stellt-neuen-homepod-mini-vor\"},\"author\":{\"@type\":\"Organization\",\"@id\":\"https:\\\/\\\/www.apfelpatient.de\\\/en\\\/#organization\",\"name\":\"Apfelpatient\",\"url\":\"https:\\\/\\\/www.apfelpatient.de\\\/en\\\/\"},\"headline\":\"&#8222;Hi, Speed&#8220;-Event: Apple stellt neuen HomePod mini vor\",\"datePublished\":\"2020-10-13T17:26:09+00:00\",\"dateModified\":\"2024-05-22T10:15:33+00:00\",\"mainEntityOfPage\":{\"@id\":\"https:\\\/\\\/www.apfelpatient.de\\\/news\\\/hi-speed-event-apple-stellt-neuen-homepod-mini-vor\"},\"wordCount\":465,\"publisher\":{\"@type\":\"Organization\",\"@id\":\"https:\\\/\\\/www.apfelpatient.de\\\/en\\\/#organization\",\"name\":\"Apfelpatient\",\"url\":\"https:\\\/\\\/www.apfelpatient.de\\\/en\\\/\"},\"image\":{\"@id\":\"https:\\\/\\\/www.apfelpatient.de\\\/news\\\/hi-speed-event-apple-stellt-neuen-homepod-mini-vor#primaryimage\"},\"thumbnailUrl\":\"https:\\\/\\\/www.apfelpatient.de\\\/wp-content\\\/uploads\\\/2020\\\/10\\\/Apple_homepod-mini-white-10132020.jpg\",\"keywords\":[\"Apple Event\",\"HomePod\",\"HomePod Mini\"],\"articleSection\":\"News\",\"inLanguage\":\"en-US\",\"copyrightYear\":\"2020\",\"copyrightHolder\":{\"@id\":\"https:\\\/\\\/www.apfelpatient.de\\\/en\\\/#organization\"}},{\"@type\":\"WebPage\",\"@id\":\"https:\\\/\\\/www.apfelpatient.de\\\/news\\\/hi-speed-event-apple-stellt-neuen-homepod-mini-vor\",\"url\":\"https:\\\/\\\/www.apfelpatient.de\\\/news\\\/hi-speed-event-apple-stellt-neuen-homepod-mini-vor\",\"name\":\"\\\"Hi, Speed\\\"-Event: Apple stellt neuen HomePod mini vor Apfelpatient\",\"isPartOf\":{\"@id\":\"https:\\\/\\\/www.apfelpatient.de\\\/#website\"},\"primaryImageOfPage\":{\"@id\":\"https:\\\/\\\/www.apfelpatient.de\\\/news\\\/hi-speed-event-apple-stellt-neuen-homepod-mini-vor#primaryimage\"},\"image\":{\"@id\":\"https:\\\/\\\/www.apfelpatient.de\\\/news\\\/hi-speed-event-apple-stellt-neuen-homepod-mini-vor#primaryimage\"},\"thumbnailUrl\":\"https:\\\/\\\/www.apfelpatient.de\\\/wp-content\\\/uploads\\\/2020\\\/10\\\/Apple_homepod-mini-white-10132020.jpg\",\"datePublished\":\"2020-10-13T17:26:09+00:00\",\"dateModified\":\"2024-05-22T10:15:33+00:00\",\"description\":\"Der brandneue HomePod mini erscheint in einem neuen kugelf\u00f6rmigen Design und ist wie die klassische Version in Schwarz & Wei\u00df erh\u00e4ltlich.\",\"breadcrumb\":{\"@id\":\"https:\\\/\\\/www.apfelpatient.de\\\/news\\\/hi-speed-event-apple-stellt-neuen-homepod-mini-vor#breadcrumb\"},\"inLanguage\":\"en-US\",\"potentialAction\":[{\"@type\":\"ReadAction\",\"target\":[\"https:\\\/\\\/www.apfelpatient.de\\\/news\\\/hi-speed-event-apple-stellt-neuen-homepod-mini-vor\"]}]},{\"@type\":\"ImageObject\",\"inLanguage\":\"en-US\",\"@id\":\"https:\\\/\\\/www.apfelpatient.de\\\/news\\\/hi-speed-event-apple-stellt-neuen-homepod-mini-vor#primaryimage\",\"url\":\"https:\\\/\\\/www.apfelpatient.de\\\/wp-content\\\/uploads\\\/2020\\\/10\\\/Apple_homepod-mini-white-10132020.jpg\",\"contentUrl\":\"https:\\\/\\\/www.apfelpatient.de\\\/wp-content\\\/uploads\\\/2020\\\/10\\\/Apple_homepod-mini-white-10132020.jpg\",\"width\":1960,\"height\":1380,\"caption\":\"Bild: Apple\"},{\"@type\":\"BreadcrumbList\",\"@id\":\"https:\\\/\\\/www.apfelpatient.de\\\/news\\\/hi-speed-event-apple-stellt-neuen-homepod-mini-vor#breadcrumb\",\"itemListElement\":[{\"@type\":\"ListItem\",\"position\":1,\"name\":\"Startseite\",\"item\":\"https:\\\/\\\/www.apfelpatient.de\\\/\"},{\"@type\":\"ListItem\",\"position\":2,\"name\":\"&#8222;Hi, Speed&#8220;-Event: Apple stellt neuen HomePod mini vor\"}]},{\"@type\":\"WebSite\",\"@id\":\"https:\\\/\\\/www.apfelpatient.de\\\/#website\",\"url\":\"https:\\\/\\\/www.apfelpatient.de\\\/\",\"name\":\"Apfelpatient\",\"description\":\"Alles rund um Apple!\",\"publisher\":{\"@type\":\"Organization\",\"@id\":\"https:\\\/\\\/www.apfelpatient.de\\\/en\\\/#organization\",\"name\":\"Apfelpatient\",\"url\":\"https:\\\/\\\/www.apfelpatient.de\\\/en\\\/\"},\"alternateName\":\"Apfelpatient\",\"potentialAction\":[{\"@type\":\"SearchAction\",\"target\":{\"@type\":\"EntryPoint\",\"urlTemplate\":\"https:\\\/\\\/www.apfelpatient.de\\\/?s={search_term_string}\"},\"query-input\":{\"@type\":\"PropertyValueSpecification\",\"valueRequired\":true,\"valueName\":\"search_term_string\"}}],\"inLanguage\":\"en-US\"},{\"@type\":[\"Person\",\"Organization\"],\"@id\":\"https:\\\/\\\/www.apfelpatient.de\\\/#\\\/schema\\\/person\\\/7dc56ad6c8e9824b76d2c08d4c140e13\",\"name\":\"Milan\",\"logo\":{\"@id\":\"https:\\\/\\\/www.apfelpatient.de\\\/#\\\/schema\\\/person\\\/image\\\/\"},\"description\":\"Hallo und herzlich willkommen auf meinem Technik-Blog! Als gro\u00dfer Apple-Fan berichte ich hier \u00fcber alles, was mit Apple zu tun hat: von den neuesten News und spannenden Ger\u00fcchten \u00fcber hilfreiche Tipps und Tricks bis hin zu ausf\u00fchrlichen Produkttests. Wenn du genauso technikbegeistert bist wie ich, bist du hier genau richtig!\",\"sameAs\":[\"https:\\\/\\\/www.facebook.com\\\/apfelpatientOfficial\",\"https:\\\/\\\/www.linkedin.com\\\/in\\\/milan-jovicic-42aa0231b\"],\"url\":\"https:\\\/\\\/www.apfelpatient.de\\\/en\\\/author\\\/apfeladmin\"}]}<\/script>\n<!-- \/ Yoast SEO Premium plugin. -->","yoast_head_json":{"title":"&quot;Hi, Speed&quot; event: Apple introduces new HomePod mini Apfelpatient","description":"Apple unveils HomePod mini at \"Hi, Speed\" event\u2014compact Siri speaker with stereo sound, U1 chip, and support for major music platforms.","robots":{"index":"index","follow":"follow","max-snippet":"max-snippet:-1","max-image-preview":"max-image-preview:large","max-video-preview":"max-video-preview:-1"},"canonical":"https:\/\/www.apfelpatient.de\/en\/news\/hi-speed-event-apple-introduces-new-homepod-mini","og_locale":"en_US","og_type":"article","og_title":"\"Hi, Speed\"-Event: Apple stellt neuen HomePod mini vor","og_description":"Der brandneue HomePod mini erscheint in einem neuen kugelf\u00f6rmigen Design und ist wie die klassische Version in Schwarz & Wei\u00df erh\u00e4ltlich.","og_url":"https:\/\/www.apfelpatient.de\/en\/news\/hi-speed-event-apple-introduces-new-homepod-mini","og_site_name":"Apfelpatient","article_publisher":"https:\/\/www.facebook.com\/apfelpatientOfficial","article_author":"https:\/\/www.facebook.com\/apfelpatientOfficial","article_published_time":"2020-10-13T17:26:09+00:00","article_modified_time":"2024-05-22T10:15:33+00:00","og_image":[{"width":1960,"height":1380,"url":"https:\/\/www.apfelpatient.de\/wp-content\/uploads\/2020\/10\/Apple_homepod-mini-white-10132020.jpg","type":"image\/jpeg"}],"author":"Milan","twitter_card":"summary_large_image","twitter_misc":{"Written by":"Milan","Est. reading time":"10 minutes"},"schema":{"@context":"https:\/\/schema.org","@graph":[{"@type":"NewsArticle","@id":"https:\/\/www.apfelpatient.de\/news\/hi-speed-event-apple-stellt-neuen-homepod-mini-vor#article","isPartOf":{"@id":"https:\/\/www.apfelpatient.de\/news\/hi-speed-event-apple-stellt-neuen-homepod-mini-vor"},"author":{"@type":"Organization","@id":"https:\/\/www.apfelpatient.de\/en\/#organization","name":"Apfelpatient","url":"https:\/\/www.apfelpatient.de\/en\/"},"headline":"&#8222;Hi, Speed&#8220;-Event: Apple stellt neuen HomePod mini vor","datePublished":"2020-10-13T17:26:09+00:00","dateModified":"2024-05-22T10:15:33+00:00","mainEntityOfPage":{"@id":"https:\/\/www.apfelpatient.de\/news\/hi-speed-event-apple-stellt-neuen-homepod-mini-vor"},"wordCount":465,"publisher":{"@type":"Organization","@id":"https:\/\/www.apfelpatient.de\/en\/#organization","name":"Apfelpatient","url":"https:\/\/www.apfelpatient.de\/en\/"},"image":{"@id":"https:\/\/www.apfelpatient.de\/news\/hi-speed-event-apple-stellt-neuen-homepod-mini-vor#primaryimage"},"thumbnailUrl":"https:\/\/www.apfelpatient.de\/wp-content\/uploads\/2020\/10\/Apple_homepod-mini-white-10132020.jpg","keywords":["Apple Event","HomePod","HomePod Mini"],"articleSection":"News","inLanguage":"en-US","copyrightYear":"2020","copyrightHolder":{"@id":"https:\/\/www.apfelpatient.de\/en\/#organization"}},{"@type":"WebPage","@id":"https:\/\/www.apfelpatient.de\/news\/hi-speed-event-apple-stellt-neuen-homepod-mini-vor","url":"https:\/\/www.apfelpatient.de\/news\/hi-speed-event-apple-stellt-neuen-homepod-mini-vor","name":"&quot;Hi, Speed&quot; event: Apple introduces new HomePod mini Apfelpatient","isPartOf":{"@id":"https:\/\/www.apfelpatient.de\/#website"},"primaryImageOfPage":{"@id":"https:\/\/www.apfelpatient.de\/news\/hi-speed-event-apple-stellt-neuen-homepod-mini-vor#primaryimage"},"image":{"@id":"https:\/\/www.apfelpatient.de\/news\/hi-speed-event-apple-stellt-neuen-homepod-mini-vor#primaryimage"},"thumbnailUrl":"https:\/\/www.apfelpatient.de\/wp-content\/uploads\/2020\/10\/Apple_homepod-mini-white-10132020.jpg","datePublished":"2020-10-13T17:26:09+00:00","dateModified":"2024-05-22T10:15:33+00:00","description":"Apple unveils HomePod mini at \"Hi, Speed\" event\u2014compact Siri speaker with stereo sound, U1 chip, and support for major music platforms.","breadcrumb":{"@id":"https:\/\/www.apfelpatient.de\/news\/hi-speed-event-apple-stellt-neuen-homepod-mini-vor#breadcrumb"},"inLanguage":"en-US","potentialAction":[{"@type":"ReadAction","target":["https:\/\/www.apfelpatient.de\/news\/hi-speed-event-apple-stellt-neuen-homepod-mini-vor"]}]},{"@type":"ImageObject","inLanguage":"en-US","@id":"https:\/\/www.apfelpatient.de\/news\/hi-speed-event-apple-stellt-neuen-homepod-mini-vor#primaryimage","url":"https:\/\/www.apfelpatient.de\/wp-content\/uploads\/2020\/10\/Apple_homepod-mini-white-10132020.jpg","contentUrl":"https:\/\/www.apfelpatient.de\/wp-content\/uploads\/2020\/10\/Apple_homepod-mini-white-10132020.jpg","width":1960,"height":1380,"caption":"Bild: Apple"},{"@type":"BreadcrumbList","@id":"https:\/\/www.apfelpatient.de\/news\/hi-speed-event-apple-stellt-neuen-homepod-mini-vor#breadcrumb","itemListElement":[{"@type":"ListItem","position":1,"name":"Startseite","item":"https:\/\/www.apfelpatient.de\/"},{"@type":"ListItem","position":2,"name":"&#8222;Hi, Speed&#8220;-Event: Apple stellt neuen HomePod mini vor"}]},{"@type":"WebSite","@id":"https:\/\/www.apfelpatient.de\/#website","url":"https:\/\/www.apfelpatient.de\/","name":"apple patient","description":"Everything about Apple!","publisher":{"@type":"Organization","@id":"https:\/\/www.apfelpatient.de\/en\/#organization","name":"Apfelpatient","url":"https:\/\/www.apfelpatient.de\/en\/"},"alternateName":"Apfelpatient","potentialAction":[{"@type":"SearchAction","target":{"@type":"EntryPoint","urlTemplate":"https:\/\/www.apfelpatient.de\/?s={search_term_string}"},"query-input":{"@type":"PropertyValueSpecification","valueRequired":true,"valueName":"search_term_string"}}],"inLanguage":"en-US"},{"@type":["Person","Organization"],"@id":"https:\/\/www.apfelpatient.de\/#\/schema\/person\/7dc56ad6c8e9824b76d2c08d4c140e13","name":"Milan","logo":{"@id":"https:\/\/www.apfelpatient.de\/#\/schema\/person\/image\/"},"description":"Hello and welcome to my technology blog! As a big Apple fan, I report on everything to do with Apple: from the latest news and exciting rumors to helpful tips and tricks and detailed product tests. If you are as enthusiastic about technology as I am, you have come to the right place!","sameAs":["https:\/\/www.facebook.com\/apfelpatientOfficial","https:\/\/www.linkedin.com\/in\/milan-jovicic-42aa0231b"],"url":"https:\/\/www.apfelpatient.de\/en\/author\/apfeladmin"}]}},"_links":{"self":[{"href":"https:\/\/www.apfelpatient.de\/en\/wp-json\/wp\/v2\/posts\/16138","targetHints":{"allow":["GET"]}}],"collection":[{"href":"https:\/\/www.apfelpatient.de\/en\/wp-json\/wp\/v2\/posts"}],"about":[{"href":"https:\/\/www.apfelpatient.de\/en\/wp-json\/wp\/v2\/types\/post"}],"author":[{"embeddable":true,"href":"https:\/\/www.apfelpatient.de\/en\/wp-json\/wp\/v2\/users\/2"}],"replies":[{"embeddable":true,"href":"https:\/\/www.apfelpatient.de\/en\/wp-json\/wp\/v2\/comments?post=16138"}],"version-history":[{"count":0,"href":"https:\/\/www.apfelpatient.de\/en\/wp-json\/wp\/v2\/posts\/16138\/revisions"}],"wp:featuredmedia":[{"embeddable":true,"href":"https:\/\/www.apfelpatient.de\/en\/wp-json\/wp\/v2\/media\/16146"}],"wp:attachment":[{"href":"https:\/\/www.apfelpatient.de\/en\/wp-json\/wp\/v2\/media?parent=16138"}],"wp:term":[{"taxonomy":"category","embeddable":true,"href":"https:\/\/www.apfelpatient.de\/en\/wp-json\/wp\/v2\/categories?post=16138"},{"taxonomy":"post_tag","embeddable":true,"href":"https:\/\/www.apfelpatient.de\/en\/wp-json\/wp\/v2\/tags?post=16138"}],"curies":[{"name":"wp","href":"https:\/\/api.w.org\/{rel}","templated":true}]}}