{"id":16132,"date":"2020-10-13T18:10:31","date_gmt":"2020-10-13T16:10:31","guid":{"rendered":"https:\/\/www.apfelpatient.de\/?p=16132"},"modified":"2020-10-13T18:10:32","modified_gmt":"2020-10-13T16:10:32","slug":"iphone-12-and-more-apple-is-eliminating-charging-adapters","status":"publish","type":"post","link":"https:\/\/www.apfelpatient.de\/en\/rumors\/iphone-12-und-mehr-apple-streicht-ladeadapter-ein","title":{"rendered":"iPhone 12 and more: Apple discontinues charging adapters"},"content":{"rendered":"<p class=\"has-drop-cap\"><strong>There have been reports for some time that the iPhone 12 series will be released without EarPods and charging adapters. Now Bloomberg is reporting on Apple&#039;s plans regarding older iPhone devices.<\/strong><\/p>\n\n\n\n<p>The iPhone 12 models will only be delivered with a Lightning to USB-C cable. If you need a charger, you will have to buy it separately. This is what various leakers claim. Since Apple has already taken this step with the Apple Watch Series 6, there is little reason to doubt it. Now Bloomberg journalist Mark Gurman has commented on this via Twitter. <a href=\"https:\/\/twitter.com\/markgurman\/status\/1316033069334183936\" target=\"_blank\" rel=\"noreferrer noopener\">expressed<\/a>According to his sources, Apple will not only include the charger in the iPhone 12 models but in the entire iPhone range. This means that the iPhone SE 2020 will also be delivered without a charger in the future. The rumors about this have already caused a lot of discussion and divided the community. Apple itself stated the following during the September keynote:<\/p>\n\n\n\n<h3 class=\"wp-block-heading\" id=\"h-weniger-abfall-geringere-emissionen\">Less waste, lower emissions<\/h3>\n\n\n\n\n\n\n\n<blockquote class=\"wp-block-quote is-layout-flow wp-block-quote-is-layout-flow\"><p>In keeping with Apple&#039;s commitment to the environment, Apple Watch Series 6 features industry-leading levels of recycled content: 100 percent recycled rare earth elements in the Taptic Engine, nearly 100 percent recycled tungsten throughout the product, and a 100 percent recycled casing on aluminum models. Apple is also helping protect the environment by removing the power adapter, which could become electronic waste, from Apple Watch Series 6 packaging and supporting its Apple Watch manufacturing partners in their transition to renewable energy.<\/p><\/blockquote>\n\n\n\n<p>We should have certainty by this evening at the latest. In addition to new iPhone 12 models, the <a href=\"https:\/\/www.apple.com\/de\/iphone\/\" target=\"_blank\" rel=\"noreferrer noopener\">introduction<\/a> HomePod mini and two new wireless chargers are expected. <strong><em>Have you seen it yet?<\/em><\/strong>\u00a0Amazon Prime Day 2020 (13 &amp; 14 October) has started. You can find interesting offers in various categories\u00a0<a rel=\"noreferrer noopener\" href=\"https:\/\/www.amazon.de\/shop\/apfelpatientofficial\" target=\"_blank\"><em>in our storefront and in the corresponding Amazon section<\/em><\/a>\u00a0\u2013 have fun browsing. <em>(Photo by NZPhotography \/ Bigstockphoto)<\/em><\/p>\n\n\n\n<ul class=\"wp-block-list\"><li><a href=\"https:\/\/www.apfelpatient.de\/en\/news\/iphone-12-mpow-introduces-magnetic-charger\">iPhone 12: MPOW introduces magnetic charger<\/a><\/li><\/ul>\n\n\n\n<h6 class=\"wp-block-heading translation-block\" id=\"h-kennt-ihr-schon-unsere-amazon-storefront-dort-findet-ihr-eine-handverlesene-auswahl-von-diversen-produkten-f-r-euer-iphone-und-co-viel-spa-beim-st-bern\"><em>Have you already visited our Amazon Storefront? There you&#039;ll find a hand-picked selection of various products for your iPhone and other devices \u2013 <span class=\"has-inline-color has-vivid-red-color\"><a href=\"https:\/\/www.amazon.de\/shop\/apfelpatientofficial\" class=\"ek-link\" data-wpel-link=\"exclude\" rel=\"follow noopener\" target=\"_self\"><span style=\"text-decoration: underline\" class=\"ek-underline\">enjoy browsing<\/span><\/a> !<\/span><\/em><\/h6>\n\n\n\n\n\n<h6 class=\"wp-block-heading translation-block\" id=\"h-der-beitrag-enthalt-partnerlinks\">This post contains <a data-type=\"URL\" data-id=\"https:\/\/www.apfelpatient.de\/partnerprogramm\" href=\"https:\/\/www.apfelpatient.de\/en\/partner-program\" data-wpel-link=\"internal\" target=\"_self\">affiliate links<\/a>.<\/h6>","protected":false},"excerpt":{"rendered":"<p>There have been reports for some time that the iPhone 12 series will be released without EarPods and charging adapters.<\/p>","protected":false},"author":2,"featured_media":16131,"comment_status":"closed","ping_status":"closed","sticky":false,"template":"","format":"standard","meta":{"jnews-multi-image_gallery":[],"jnews_single_post":{"subtitle":"","format":"standard","video":"","gallery":"","source_name":"","source_url":"","via_name":"","via_url":"","override":[{"single_blog_custom":"","sidebar":"","second_sidebar":"","share_position":"","share_float_style":"","post_date_format":"","post_date_format_custom":"","post_reading_time_wpm":"","zoom_button_out_step":"1","zoom_button_in_step":"1","number_popup_post":"1"}],"image_override":[{"single_post_thumbnail_size":"","single_post_gallery_size":""}],"trending_post_position":"","trending_post_label":"","sponsored_post_label":"","sponsored_post_name":"","sponsored_post_url":"","sponsored_post_logo":"","sponsored_post_desc":""},"jnews_primary_category":{"id":"25"},"footnotes":""},"categories":[25],"tags":[8,321,254,70],"class_list":["post-16132","post","type-post","status-publish","format-standard","has-post-thumbnail","hentry","category-rumors","tag-iphone","tag-iphone-12","tag-iphone-2020","tag-iphone-se"],"yoast_head":"<!-- This site is optimized with the Yoast SEO Premium plugin v27.5 (Yoast SEO v27.5) - https:\/\/yoast.com\/product\/yoast-seo-premium-wordpress\/ -->\n<title>iPhone 12 und mehr: Apple streicht Ladeadapter ein Apfelpatient<\/title>\n<meta name=\"description\" content=\"Seit einiger Zeit wird dar\u00fcber berichtet, wonach die iPhone 12 Reihe ohne EarPods und Ladeadapter erscheinen wird.\" \/>\n<meta name=\"robots\" content=\"index, follow, max-snippet:-1, max-image-preview:large, max-video-preview:-1\" \/>\n<link rel=\"canonical\" href=\"https:\/\/www.apfelpatient.de\/en\/rumors\/iphone-12-and-more-apple-is-eliminating-charging-adapters\" \/>\n<meta property=\"og:locale\" content=\"en_US\" \/>\n<meta property=\"og:type\" content=\"article\" \/>\n<meta property=\"og:title\" content=\"iPhone 12 und mehr: Apple streicht Ladeadapter ein\" \/>\n<meta property=\"og:description\" content=\"Seit einiger Zeit wird dar\u00fcber berichtet, wonach die iPhone 12 Reihe ohne EarPods und Ladeadapter erscheinen wird.\" \/>\n<meta property=\"og:url\" content=\"https:\/\/www.apfelpatient.de\/en\/rumors\/iphone-12-and-more-apple-is-eliminating-charging-adapters\" \/>\n<meta property=\"og:site_name\" content=\"Apfelpatient\" \/>\n<meta property=\"article:publisher\" content=\"https:\/\/www.facebook.com\/apfelpatientOfficial\" \/>\n<meta property=\"article:author\" content=\"https:\/\/www.facebook.com\/apfelpatientOfficial\" \/>\n<meta property=\"article:published_time\" content=\"2020-10-13T16:10:31+00:00\" \/>\n<meta property=\"article:modified_time\" content=\"2020-10-13T16:10:32+00:00\" \/>\n<meta property=\"og:image\" content=\"https:\/\/www.apfelpatient.de\/wp-content\/uploads\/2020\/10\/bigstock-Belgrade-Serbia-January-348247531.jpg\" \/>\n\t<meta property=\"og:image:width\" content=\"1600\" \/>\n\t<meta property=\"og:image:height\" content=\"1066\" \/>\n\t<meta property=\"og:image:type\" content=\"image\/jpeg\" \/>\n<meta name=\"author\" content=\"Milan\" \/>\n<meta name=\"twitter:card\" content=\"summary_large_image\" \/>\n<meta name=\"twitter:description\" content=\"Seit einiger Zeit wird dar\u00fcber berichtet, wonach die iPhone 12 Reihe ohne EarPods und Ladeadapter erscheinen wird.\" \/>\n<meta name=\"twitter:label1\" content=\"Written by\" \/>\n\t<meta name=\"twitter:data1\" content=\"Milan\" \/>\n\t<meta name=\"twitter:label2\" content=\"Est. reading time\" \/>\n\t<meta name=\"twitter:data2\" content=\"2 minutes\" \/>\n<script type=\"application\/ld+json\" class=\"yoast-schema-graph\">{\"@context\":\"https:\\\/\\\/schema.org\",\"@graph\":[{\"@type\":\"NewsArticle\",\"@id\":\"https:\\\/\\\/www.apfelpatient.de\\\/rumors\\\/iphone-12-und-mehr-apple-streicht-ladeadapter-ein#article\",\"isPartOf\":{\"@id\":\"https:\\\/\\\/www.apfelpatient.de\\\/rumors\\\/iphone-12-und-mehr-apple-streicht-ladeadapter-ein\"},\"author\":{\"@type\":\"Organization\",\"@id\":\"https:\\\/\\\/www.apfelpatient.de\\\/en\\\/#organization\",\"name\":\"Apfelpatient\",\"url\":\"https:\\\/\\\/www.apfelpatient.de\\\/en\\\/\"},\"headline\":\"iPhone 12 und mehr: Apple streicht Ladeadapter ein\",\"datePublished\":\"2020-10-13T16:10:31+00:00\",\"dateModified\":\"2020-10-13T16:10:32+00:00\",\"mainEntityOfPage\":{\"@id\":\"https:\\\/\\\/www.apfelpatient.de\\\/rumors\\\/iphone-12-und-mehr-apple-streicht-ladeadapter-ein\"},\"wordCount\":315,\"publisher\":{\"@type\":\"Organization\",\"@id\":\"https:\\\/\\\/www.apfelpatient.de\\\/en\\\/#organization\",\"name\":\"Apfelpatient\",\"url\":\"https:\\\/\\\/www.apfelpatient.de\\\/en\\\/\"},\"image\":{\"@id\":\"https:\\\/\\\/www.apfelpatient.de\\\/rumors\\\/iphone-12-und-mehr-apple-streicht-ladeadapter-ein#primaryimage\"},\"thumbnailUrl\":\"https:\\\/\\\/www.apfelpatient.de\\\/wp-content\\\/uploads\\\/2020\\\/10\\\/bigstock-Belgrade-Serbia-January-348247531.jpg\",\"keywords\":[\"iPhone\",\"iPhone 12\",\"iPhone 2020\",\"iPhone SE\"],\"articleSection\":\"Rumors\",\"inLanguage\":\"en-US\",\"copyrightYear\":\"2020\",\"copyrightHolder\":{\"@id\":\"https:\\\/\\\/www.apfelpatient.de\\\/en\\\/#organization\"}},{\"@type\":\"WebPage\",\"@id\":\"https:\\\/\\\/www.apfelpatient.de\\\/rumors\\\/iphone-12-und-mehr-apple-streicht-ladeadapter-ein\",\"url\":\"https:\\\/\\\/www.apfelpatient.de\\\/rumors\\\/iphone-12-und-mehr-apple-streicht-ladeadapter-ein\",\"name\":\"iPhone 12 und mehr: Apple streicht Ladeadapter ein Apfelpatient\",\"isPartOf\":{\"@id\":\"https:\\\/\\\/www.apfelpatient.de\\\/#website\"},\"primaryImageOfPage\":{\"@id\":\"https:\\\/\\\/www.apfelpatient.de\\\/rumors\\\/iphone-12-und-mehr-apple-streicht-ladeadapter-ein#primaryimage\"},\"image\":{\"@id\":\"https:\\\/\\\/www.apfelpatient.de\\\/rumors\\\/iphone-12-und-mehr-apple-streicht-ladeadapter-ein#primaryimage\"},\"thumbnailUrl\":\"https:\\\/\\\/www.apfelpatient.de\\\/wp-content\\\/uploads\\\/2020\\\/10\\\/bigstock-Belgrade-Serbia-January-348247531.jpg\",\"datePublished\":\"2020-10-13T16:10:31+00:00\",\"dateModified\":\"2020-10-13T16:10:32+00:00\",\"description\":\"Seit einiger Zeit wird dar\u00fcber berichtet, wonach die iPhone 12 Reihe ohne EarPods und Ladeadapter erscheinen wird.\",\"breadcrumb\":{\"@id\":\"https:\\\/\\\/www.apfelpatient.de\\\/rumors\\\/iphone-12-und-mehr-apple-streicht-ladeadapter-ein#breadcrumb\"},\"inLanguage\":\"en-US\",\"potentialAction\":[{\"@type\":\"ReadAction\",\"target\":[\"https:\\\/\\\/www.apfelpatient.de\\\/rumors\\\/iphone-12-und-mehr-apple-streicht-ladeadapter-ein\"]}]},{\"@type\":\"ImageObject\",\"inLanguage\":\"en-US\",\"@id\":\"https:\\\/\\\/www.apfelpatient.de\\\/rumors\\\/iphone-12-und-mehr-apple-streicht-ladeadapter-ein#primaryimage\",\"url\":\"https:\\\/\\\/www.apfelpatient.de\\\/wp-content\\\/uploads\\\/2020\\\/10\\\/bigstock-Belgrade-Serbia-January-348247531.jpg\",\"contentUrl\":\"https:\\\/\\\/www.apfelpatient.de\\\/wp-content\\\/uploads\\\/2020\\\/10\\\/bigstock-Belgrade-Serbia-January-348247531.jpg\",\"width\":1600,\"height\":1066,\"caption\":\"Belgrade, Serbia - January 15, 2020: New Apple iPhone 11 Pro Max mobile smartphone is displayed from rear side with original cardboard packaging isolated on white background.\"},{\"@type\":\"BreadcrumbList\",\"@id\":\"https:\\\/\\\/www.apfelpatient.de\\\/rumors\\\/iphone-12-und-mehr-apple-streicht-ladeadapter-ein#breadcrumb\",\"itemListElement\":[{\"@type\":\"ListItem\",\"position\":1,\"name\":\"Startseite\",\"item\":\"https:\\\/\\\/www.apfelpatient.de\\\/\"},{\"@type\":\"ListItem\",\"position\":2,\"name\":\"iPhone 12 und mehr: Apple streicht Ladeadapter ein\"}]},{\"@type\":\"WebSite\",\"@id\":\"https:\\\/\\\/www.apfelpatient.de\\\/#website\",\"url\":\"https:\\\/\\\/www.apfelpatient.de\\\/\",\"name\":\"Apfelpatient\",\"description\":\"Alles rund um Apple!\",\"publisher\":{\"@type\":\"Organization\",\"@id\":\"https:\\\/\\\/www.apfelpatient.de\\\/en\\\/#organization\",\"name\":\"Apfelpatient\",\"url\":\"https:\\\/\\\/www.apfelpatient.de\\\/en\\\/\"},\"alternateName\":\"Apfelpatient\",\"potentialAction\":[{\"@type\":\"SearchAction\",\"target\":{\"@type\":\"EntryPoint\",\"urlTemplate\":\"https:\\\/\\\/www.apfelpatient.de\\\/?s={search_term_string}\"},\"query-input\":{\"@type\":\"PropertyValueSpecification\",\"valueRequired\":true,\"valueName\":\"search_term_string\"}}],\"inLanguage\":\"en-US\"},{\"@type\":[\"Person\",\"Organization\"],\"@id\":\"https:\\\/\\\/www.apfelpatient.de\\\/#\\\/schema\\\/person\\\/7dc56ad6c8e9824b76d2c08d4c140e13\",\"name\":\"Milan\",\"logo\":{\"@id\":\"https:\\\/\\\/www.apfelpatient.de\\\/#\\\/schema\\\/person\\\/image\\\/\"},\"description\":\"Hallo und herzlich willkommen auf meinem Technik-Blog! Als gro\u00dfer Apple-Fan berichte ich hier \u00fcber alles, was mit Apple zu tun hat: von den neuesten News und spannenden Ger\u00fcchten \u00fcber hilfreiche Tipps und Tricks bis hin zu ausf\u00fchrlichen Produkttests. Wenn du genauso technikbegeistert bist wie ich, bist du hier genau richtig!\",\"sameAs\":[\"https:\\\/\\\/www.facebook.com\\\/apfelpatientOfficial\",\"https:\\\/\\\/www.linkedin.com\\\/in\\\/milan-jovicic-42aa0231b\"],\"url\":\"https:\\\/\\\/www.apfelpatient.de\\\/en\\\/author\\\/apfeladmin\"}]}<\/script>\n<!-- \/ Yoast SEO Premium plugin. -->","yoast_head_json":{"title":"iPhone 12 and more: Apple discontinues charging adapters Apfelpatient","description":"There have been reports for some time that the iPhone 12 series will be released without EarPods and charging adapters.","robots":{"index":"index","follow":"follow","max-snippet":"max-snippet:-1","max-image-preview":"max-image-preview:large","max-video-preview":"max-video-preview:-1"},"canonical":"https:\/\/www.apfelpatient.de\/en\/rumors\/iphone-12-and-more-apple-is-eliminating-charging-adapters","og_locale":"en_US","og_type":"article","og_title":"iPhone 12 und mehr: Apple streicht Ladeadapter ein","og_description":"Seit einiger Zeit wird dar\u00fcber berichtet, wonach die iPhone 12 Reihe ohne EarPods und Ladeadapter erscheinen wird.","og_url":"https:\/\/www.apfelpatient.de\/en\/rumors\/iphone-12-and-more-apple-is-eliminating-charging-adapters","og_site_name":"Apfelpatient","article_publisher":"https:\/\/www.facebook.com\/apfelpatientOfficial","article_author":"https:\/\/www.facebook.com\/apfelpatientOfficial","article_published_time":"2020-10-13T16:10:31+00:00","article_modified_time":"2020-10-13T16:10:32+00:00","og_image":[{"width":1600,"height":1066,"url":"https:\/\/www.apfelpatient.de\/wp-content\/uploads\/2020\/10\/bigstock-Belgrade-Serbia-January-348247531.jpg","type":"image\/jpeg"}],"author":"Milan","twitter_card":"summary_large_image","twitter_description":"Seit einiger Zeit wird dar\u00fcber berichtet, wonach die iPhone 12 Reihe ohne EarPods und Ladeadapter erscheinen wird.","twitter_misc":{"Written by":"Milan","Est. reading time":"2 minutes"},"schema":{"@context":"https:\/\/schema.org","@graph":[{"@type":"NewsArticle","@id":"https:\/\/www.apfelpatient.de\/rumors\/iphone-12-und-mehr-apple-streicht-ladeadapter-ein#article","isPartOf":{"@id":"https:\/\/www.apfelpatient.de\/rumors\/iphone-12-und-mehr-apple-streicht-ladeadapter-ein"},"author":{"@type":"Organization","@id":"https:\/\/www.apfelpatient.de\/en\/#organization","name":"Apfelpatient","url":"https:\/\/www.apfelpatient.de\/en\/"},"headline":"iPhone 12 und mehr: Apple streicht Ladeadapter ein","datePublished":"2020-10-13T16:10:31+00:00","dateModified":"2020-10-13T16:10:32+00:00","mainEntityOfPage":{"@id":"https:\/\/www.apfelpatient.de\/rumors\/iphone-12-und-mehr-apple-streicht-ladeadapter-ein"},"wordCount":315,"publisher":{"@type":"Organization","@id":"https:\/\/www.apfelpatient.de\/en\/#organization","name":"Apfelpatient","url":"https:\/\/www.apfelpatient.de\/en\/"},"image":{"@id":"https:\/\/www.apfelpatient.de\/rumors\/iphone-12-und-mehr-apple-streicht-ladeadapter-ein#primaryimage"},"thumbnailUrl":"https:\/\/www.apfelpatient.de\/wp-content\/uploads\/2020\/10\/bigstock-Belgrade-Serbia-January-348247531.jpg","keywords":["iPhone","iPhone 12","iPhone 2020","iPhone SE"],"articleSection":"Rumors","inLanguage":"en-US","copyrightYear":"2020","copyrightHolder":{"@id":"https:\/\/www.apfelpatient.de\/en\/#organization"}},{"@type":"WebPage","@id":"https:\/\/www.apfelpatient.de\/rumors\/iphone-12-und-mehr-apple-streicht-ladeadapter-ein","url":"https:\/\/www.apfelpatient.de\/rumors\/iphone-12-und-mehr-apple-streicht-ladeadapter-ein","name":"iPhone 12 and more: Apple discontinues charging adapters Apfelpatient","isPartOf":{"@id":"https:\/\/www.apfelpatient.de\/#website"},"primaryImageOfPage":{"@id":"https:\/\/www.apfelpatient.de\/rumors\/iphone-12-und-mehr-apple-streicht-ladeadapter-ein#primaryimage"},"image":{"@id":"https:\/\/www.apfelpatient.de\/rumors\/iphone-12-und-mehr-apple-streicht-ladeadapter-ein#primaryimage"},"thumbnailUrl":"https:\/\/www.apfelpatient.de\/wp-content\/uploads\/2020\/10\/bigstock-Belgrade-Serbia-January-348247531.jpg","datePublished":"2020-10-13T16:10:31+00:00","dateModified":"2020-10-13T16:10:32+00:00","description":"There have been reports for some time that the iPhone 12 series will be released without EarPods and charging adapters.","breadcrumb":{"@id":"https:\/\/www.apfelpatient.de\/rumors\/iphone-12-und-mehr-apple-streicht-ladeadapter-ein#breadcrumb"},"inLanguage":"en-US","potentialAction":[{"@type":"ReadAction","target":["https:\/\/www.apfelpatient.de\/rumors\/iphone-12-und-mehr-apple-streicht-ladeadapter-ein"]}]},{"@type":"ImageObject","inLanguage":"en-US","@id":"https:\/\/www.apfelpatient.de\/rumors\/iphone-12-und-mehr-apple-streicht-ladeadapter-ein#primaryimage","url":"https:\/\/www.apfelpatient.de\/wp-content\/uploads\/2020\/10\/bigstock-Belgrade-Serbia-January-348247531.jpg","contentUrl":"https:\/\/www.apfelpatient.de\/wp-content\/uploads\/2020\/10\/bigstock-Belgrade-Serbia-January-348247531.jpg","width":1600,"height":1066,"caption":"Belgrade, Serbia - January 15, 2020: New Apple iPhone 11 Pro Max mobile smartphone is displayed from rear side with original cardboard packaging isolated on white background."},{"@type":"BreadcrumbList","@id":"https:\/\/www.apfelpatient.de\/rumors\/iphone-12-und-mehr-apple-streicht-ladeadapter-ein#breadcrumb","itemListElement":[{"@type":"ListItem","position":1,"name":"Startseite","item":"https:\/\/www.apfelpatient.de\/"},{"@type":"ListItem","position":2,"name":"iPhone 12 und mehr: Apple streicht Ladeadapter ein"}]},{"@type":"WebSite","@id":"https:\/\/www.apfelpatient.de\/#website","url":"https:\/\/www.apfelpatient.de\/","name":"apple patient","description":"Everything about Apple!","publisher":{"@type":"Organization","@id":"https:\/\/www.apfelpatient.de\/en\/#organization","name":"Apfelpatient","url":"https:\/\/www.apfelpatient.de\/en\/"},"alternateName":"Apfelpatient","potentialAction":[{"@type":"SearchAction","target":{"@type":"EntryPoint","urlTemplate":"https:\/\/www.apfelpatient.de\/?s={search_term_string}"},"query-input":{"@type":"PropertyValueSpecification","valueRequired":true,"valueName":"search_term_string"}}],"inLanguage":"en-US"},{"@type":["Person","Organization"],"@id":"https:\/\/www.apfelpatient.de\/#\/schema\/person\/7dc56ad6c8e9824b76d2c08d4c140e13","name":"Milan","logo":{"@id":"https:\/\/www.apfelpatient.de\/#\/schema\/person\/image\/"},"description":"Hello and welcome to my technology blog! As a big Apple fan, I report on everything to do with Apple: from the latest news and exciting rumors to helpful tips and tricks and detailed product tests. If you are as enthusiastic about technology as I am, you have come to the right place!","sameAs":["https:\/\/www.facebook.com\/apfelpatientOfficial","https:\/\/www.linkedin.com\/in\/milan-jovicic-42aa0231b"],"url":"https:\/\/www.apfelpatient.de\/en\/author\/apfeladmin"}]}},"_links":{"self":[{"href":"https:\/\/www.apfelpatient.de\/en\/wp-json\/wp\/v2\/posts\/16132","targetHints":{"allow":["GET"]}}],"collection":[{"href":"https:\/\/www.apfelpatient.de\/en\/wp-json\/wp\/v2\/posts"}],"about":[{"href":"https:\/\/www.apfelpatient.de\/en\/wp-json\/wp\/v2\/types\/post"}],"author":[{"embeddable":true,"href":"https:\/\/www.apfelpatient.de\/en\/wp-json\/wp\/v2\/users\/2"}],"replies":[{"embeddable":true,"href":"https:\/\/www.apfelpatient.de\/en\/wp-json\/wp\/v2\/comments?post=16132"}],"version-history":[{"count":0,"href":"https:\/\/www.apfelpatient.de\/en\/wp-json\/wp\/v2\/posts\/16132\/revisions"}],"wp:featuredmedia":[{"embeddable":true,"href":"https:\/\/www.apfelpatient.de\/en\/wp-json\/wp\/v2\/media\/16131"}],"wp:attachment":[{"href":"https:\/\/www.apfelpatient.de\/en\/wp-json\/wp\/v2\/media?parent=16132"}],"wp:term":[{"taxonomy":"category","embeddable":true,"href":"https:\/\/www.apfelpatient.de\/en\/wp-json\/wp\/v2\/categories?post=16132"},{"taxonomy":"post_tag","embeddable":true,"href":"https:\/\/www.apfelpatient.de\/en\/wp-json\/wp\/v2\/tags?post=16132"}],"curies":[{"name":"wp","href":"https:\/\/api.w.org\/{rel}","templated":true}]}}