{"id":16040,"date":"2020-10-08T20:42:24","date_gmt":"2020-10-08T18:42:24","guid":{"rendered":"https:\/\/www.apfelpatient.de\/?p=16040"},"modified":"2025-10-14T16:03:52","modified_gmt":"2025-10-14T14:03:52","slug":"apple-extends-apple-tv-trial-subscription","status":"publish","type":"post","link":"https:\/\/www.apfelpatient.de\/en\/news\/apple-verlaengert-probeabo-von-apple-tv","title":{"rendered":"Apple extends Apple TV+ trial subscription"},"content":{"rendered":"<p class=\"has-drop-cap\"><strong>Users who activated the Apple TV+ trial subscription on November 1st last year would have to make their first payment for the service at the end of this month. But Apple plans to extend the free trial period.<\/strong>&nbsp;<\/p>\n\n\n\n<p>Buying a new iPhone, iPad, Mac or Apple TV allows users to use Apple TV+ for free for a year. Some fans have already redeemed this trial subscription on November 1, 2019. The trial period should therefore end at the end of October. But the Cupertino-based company plans to extend the free period until February 2021 - so <a href=\"https:\/\/twitter.com\/reneritchie\/status\/1314259514942722050?s=21\" target=\"_blank\" rel=\"noreferrer noopener\">Rene Ritchie<\/a>. People who have already activated the monthly or annual subscription will receive a credit. Both refunds and renewals will be applied automatically to eligible accounts, so customers don&#039;t have to do anything to benefit from Apple&#039;s generosity. Email notifications will be sent in the coming days.<\/p>\n\n\n\n<h3 class=\"wp-block-heading\" id=\"h-apple-tv-hier-nochmal-alle-einzelheiten-im-berblick\">Apple TV+: Here again all the details at a glance<\/h3>\n\n\n\n\n\n\n\n<p>Users who activated the free trial for Apple TV+ between November 1st and December 31st, 2019 will benefit from Apple&#039;s extension. If someone has already opted for the monthly or annual subscription during this period, Apple will issue the corresponding refunds. The credit can then be spent in both the iTunes Store and App Store. The credits will also be issued if users purchase the brand new Apple One subscription bundle. <a href=\"https:\/\/www.apfelpatient.de\/en\/news\/apple-one-bundle-apple-fitness-come\">subscribe<\/a>The new action should help Apple to <a href=\"https:\/\/tv.apple.com\/de?at=1000lDR&amp;itscg=MC_20000&amp;itsct=atvp_brand_omd&amp;mttnagencyid=1625&amp;mttncc=DE&amp;mttngadurl=https%3A%2F%2Ftv.apple.com%2Fde%3Fapp%3Dtv&amp;mttngmo=&amp;mttnmyad=458350742285&amp;mttnmysite=833q2a2w80&amp;mttnpid=305109&amp;mttnsiteid=143238&amp;mttnsub1=e&amp;mttnsub2=c&amp;mttnsub3=sxQwMlXRz_458350742285_833q2a2w80_c&amp;mttnsubad=ODE2019801-1&amp;mttnsubadgpname=kwd-438954325650&amp;mttnsubadgpref=94888372764&amp;mttnsubadref=&amp;mttnsubcmp=9206183650&amp;mttnsubkw=apple%20tv%20plus&amp;mttnsubpid=g&amp;mttnsubplmnt=\" target=\"_blank\" rel=\"noreferrer noopener\">service<\/a> But customers also benefit from the whole thing, as more content will be released very soon, including the second season of Dickinson, which will be released on January 8th. Are you looking for smart speakers and more? Then take a look <a href=\"https:\/\/amzn.to\/3lx53X3\" target=\"_blank\" rel=\"noreferrer noopener\">Amazon&#039;s idea list<\/a> with Alexa.&nbsp;<em>(Image: Apple)<\/em><\/p>\n\n\n\n<h6 class=\"wp-block-heading translation-block\" id=\"h-kennt-ihr-schon-unsere-amazon-storefront-dort-findet-ihr-eine-handverlesene-auswahl-von-diversen-produkten-f-r-euer-iphone-und-co-viel-spa-beim-st-bern\"><em>Have you already visited our Amazon Storefront? There you&#039;ll find a hand-picked selection of various products for your iPhone and other devices \u2013 <span class=\"has-inline-color has-vivid-red-color\"><a href=\"https:\/\/www.amazon.de\/shop\/apfelpatientofficial\" class=\"ek-link\" data-wpel-link=\"exclude\" rel=\"follow noopener\" target=\"_self\"><span style=\"text-decoration: underline\" class=\"ek-underline\">enjoy browsing<\/span><\/a> !<\/span><\/em><\/h6>\n\n\n\n\n\n<h6 class=\"wp-block-heading translation-block\" id=\"h-der-beitrag-enthalt-partnerlinks\">This post contains <a data-type=\"URL\" data-id=\"https:\/\/www.apfelpatient.de\/partnerprogramm\" href=\"https:\/\/www.apfelpatient.de\/en\/partner-program\" data-wpel-link=\"internal\" target=\"_self\">affiliate links<\/a>.<\/h6>","protected":false},"excerpt":{"rendered":"<p>Purchasing a new iPhone, iPad, Mac or Apple TV allows users to use Apple TV+ for free for one year. <\/p>","protected":false},"author":2,"featured_media":16041,"comment_status":"closed","ping_status":"closed","sticky":false,"template":"","format":"standard","meta":{"jnews-multi-image_gallery":[],"jnews_single_post":{"subtitle":"","format":"standard","video":"","gallery":"","source_name":"","source_url":"","via_name":"","via_url":"","override":[{"single_blog_custom":"","sidebar":"","second_sidebar":"","share_position":"","share_float_style":"","post_date_format":"","post_date_format_custom":"","post_reading_time_wpm":"","zoom_button_out_step":"1","zoom_button_in_step":"1","number_popup_post":"1"}],"image_override":[{"single_post_thumbnail_size":"","single_post_gallery_size":""}],"trending_post_position":"","trending_post_label":"","sponsored_post_label":"","sponsored_post_name":"","sponsored_post_url":"","sponsored_post_logo":"","sponsored_post_desc":""},"jnews_primary_category":{"id":"9"},"footnotes":""},"categories":[9],"tags":[34,156,248],"class_list":["post-16040","post","type-post","status-publish","format-standard","has-post-thumbnail","hentry","category-news","tag-apple-dienste","tag-apple-tv","tag-apple-tv-plus"],"yoast_head":"<!-- This site is optimized with the Yoast SEO Premium plugin v27.5 (Yoast SEO v27.5) - https:\/\/yoast.com\/product\/yoast-seo-premium-wordpress\/ -->\n<title>Apple verl\u00e4ngert Probeabo von Apple TV+ Apfelpatient<\/title>\n<meta name=\"description\" content=\"Der Kauf eines neuen iPhone, iPad, Mac oder Apple TV erm\u00f6glicht Anwendern Apple TV+ ein Jahr lang kostenlos zu verwenden.\" \/>\n<meta name=\"robots\" content=\"index, follow, max-snippet:-1, max-image-preview:large, max-video-preview:-1\" \/>\n<link rel=\"canonical\" href=\"https:\/\/www.apfelpatient.de\/en\/news\/apple-extends-apple-tv-trial-subscription\" \/>\n<meta property=\"og:locale\" content=\"en_US\" \/>\n<meta property=\"og:type\" content=\"article\" \/>\n<meta property=\"og:title\" content=\"Apple verl\u00e4ngert Probeabo von Apple TV+\" \/>\n<meta property=\"og:description\" content=\"Der Kauf eines neuen iPhone, iPad, Mac oder Apple TV erm\u00f6glicht Anwendern Apple TV+ ein Jahr lang kostenlos zu verwenden.\" \/>\n<meta property=\"og:url\" content=\"https:\/\/www.apfelpatient.de\/en\/news\/apple-extends-apple-tv-trial-subscription\" \/>\n<meta property=\"og:site_name\" content=\"Apfelpatient\" \/>\n<meta property=\"article:publisher\" content=\"https:\/\/www.facebook.com\/apfelpatientOfficial\" \/>\n<meta property=\"article:author\" content=\"https:\/\/www.facebook.com\/apfelpatientOfficial\" \/>\n<meta property=\"article:published_time\" content=\"2020-10-08T18:42:24+00:00\" \/>\n<meta property=\"article:modified_time\" content=\"2025-10-14T14:03:52+00:00\" \/>\n<meta property=\"og:image\" content=\"https:\/\/www.apfelpatient.de\/wp-content\/uploads\/2020\/10\/Apple_TV-Plus-golden-globes-nominations-The-Morning-Show.jpg\" \/>\n\t<meta property=\"og:image:width\" content=\"1306\" \/>\n\t<meta property=\"og:image:height\" content=\"870\" \/>\n\t<meta property=\"og:image:type\" content=\"image\/jpeg\" \/>\n<meta name=\"author\" content=\"Milan\" \/>\n<meta name=\"twitter:card\" content=\"summary_large_image\" \/>\n<meta name=\"twitter:description\" content=\"Der Kauf eines neuen iPhone, iPad, Mac oder Apple TV erm\u00f6glicht Anwendern Apple TV+ ein Jahr lang kostenlos zu verwenden.\" \/>\n<meta name=\"twitter:label1\" content=\"Written by\" \/>\n\t<meta name=\"twitter:data1\" content=\"Milan\" \/>\n\t<meta name=\"twitter:label2\" content=\"Est. reading time\" \/>\n\t<meta name=\"twitter:data2\" content=\"7 minutes\" \/>\n<script type=\"application\/ld+json\" class=\"yoast-schema-graph\">{\"@context\":\"https:\\\/\\\/schema.org\",\"@graph\":[{\"@type\":\"NewsArticle\",\"@id\":\"https:\\\/\\\/www.apfelpatient.de\\\/news\\\/apple-verlaengert-probeabo-von-apple-tv#article\",\"isPartOf\":{\"@id\":\"https:\\\/\\\/www.apfelpatient.de\\\/news\\\/apple-verlaengert-probeabo-von-apple-tv\"},\"author\":{\"@type\":\"Organization\",\"@id\":\"https:\\\/\\\/www.apfelpatient.de\\\/en\\\/#organization\",\"name\":\"Apfelpatient\",\"url\":\"https:\\\/\\\/www.apfelpatient.de\\\/en\\\/\"},\"headline\":\"Apple verl\u00e4ngert Probeabo von Apple TV+\",\"datePublished\":\"2020-10-08T18:42:24+00:00\",\"dateModified\":\"2025-10-14T14:03:52+00:00\",\"mainEntityOfPage\":{\"@id\":\"https:\\\/\\\/www.apfelpatient.de\\\/news\\\/apple-verlaengert-probeabo-von-apple-tv\"},\"wordCount\":301,\"publisher\":{\"@type\":\"Organization\",\"@id\":\"https:\\\/\\\/www.apfelpatient.de\\\/en\\\/#organization\",\"name\":\"Apfelpatient\",\"url\":\"https:\\\/\\\/www.apfelpatient.de\\\/en\\\/\"},\"image\":{\"@id\":\"https:\\\/\\\/www.apfelpatient.de\\\/news\\\/apple-verlaengert-probeabo-von-apple-tv#primaryimage\"},\"thumbnailUrl\":\"https:\\\/\\\/www.apfelpatient.de\\\/wp-content\\\/uploads\\\/2020\\\/10\\\/Apple_TV-Plus-golden-globes-nominations-The-Morning-Show.jpg\",\"keywords\":[\"Apple Dienste\",\"Apple TV\",\"Apple TV Plus\"],\"articleSection\":\"News\",\"inLanguage\":\"en-US\",\"copyrightYear\":\"2020\",\"copyrightHolder\":{\"@id\":\"https:\\\/\\\/www.apfelpatient.de\\\/en\\\/#organization\"}},{\"@type\":\"WebPage\",\"@id\":\"https:\\\/\\\/www.apfelpatient.de\\\/news\\\/apple-verlaengert-probeabo-von-apple-tv\",\"url\":\"https:\\\/\\\/www.apfelpatient.de\\\/news\\\/apple-verlaengert-probeabo-von-apple-tv\",\"name\":\"Apple verl\u00e4ngert Probeabo von Apple TV+ Apfelpatient\",\"isPartOf\":{\"@id\":\"https:\\\/\\\/www.apfelpatient.de\\\/#website\"},\"primaryImageOfPage\":{\"@id\":\"https:\\\/\\\/www.apfelpatient.de\\\/news\\\/apple-verlaengert-probeabo-von-apple-tv#primaryimage\"},\"image\":{\"@id\":\"https:\\\/\\\/www.apfelpatient.de\\\/news\\\/apple-verlaengert-probeabo-von-apple-tv#primaryimage\"},\"thumbnailUrl\":\"https:\\\/\\\/www.apfelpatient.de\\\/wp-content\\\/uploads\\\/2020\\\/10\\\/Apple_TV-Plus-golden-globes-nominations-The-Morning-Show.jpg\",\"datePublished\":\"2020-10-08T18:42:24+00:00\",\"dateModified\":\"2025-10-14T14:03:52+00:00\",\"description\":\"Der Kauf eines neuen iPhone, iPad, Mac oder Apple TV erm\u00f6glicht Anwendern Apple TV+ ein Jahr lang kostenlos zu verwenden.\",\"breadcrumb\":{\"@id\":\"https:\\\/\\\/www.apfelpatient.de\\\/news\\\/apple-verlaengert-probeabo-von-apple-tv#breadcrumb\"},\"inLanguage\":\"en-US\",\"potentialAction\":[{\"@type\":\"ReadAction\",\"target\":[\"https:\\\/\\\/www.apfelpatient.de\\\/news\\\/apple-verlaengert-probeabo-von-apple-tv\"]}]},{\"@type\":\"ImageObject\",\"inLanguage\":\"en-US\",\"@id\":\"https:\\\/\\\/www.apfelpatient.de\\\/news\\\/apple-verlaengert-probeabo-von-apple-tv#primaryimage\",\"url\":\"https:\\\/\\\/www.apfelpatient.de\\\/wp-content\\\/uploads\\\/2020\\\/10\\\/Apple_TV-Plus-golden-globes-nominations-The-Morning-Show.jpg\",\"contentUrl\":\"https:\\\/\\\/www.apfelpatient.de\\\/wp-content\\\/uploads\\\/2020\\\/10\\\/Apple_TV-Plus-golden-globes-nominations-The-Morning-Show.jpg\",\"width\":1306,\"height\":870,\"caption\":\"Bild: Apple\"},{\"@type\":\"BreadcrumbList\",\"@id\":\"https:\\\/\\\/www.apfelpatient.de\\\/news\\\/apple-verlaengert-probeabo-von-apple-tv#breadcrumb\",\"itemListElement\":[{\"@type\":\"ListItem\",\"position\":1,\"name\":\"Startseite\",\"item\":\"https:\\\/\\\/www.apfelpatient.de\\\/\"},{\"@type\":\"ListItem\",\"position\":2,\"name\":\"Apple verl\u00e4ngert Probeabo von Apple TV+\"}]},{\"@type\":\"WebSite\",\"@id\":\"https:\\\/\\\/www.apfelpatient.de\\\/#website\",\"url\":\"https:\\\/\\\/www.apfelpatient.de\\\/\",\"name\":\"Apfelpatient\",\"description\":\"Alles rund um Apple!\",\"publisher\":{\"@type\":\"Organization\",\"@id\":\"https:\\\/\\\/www.apfelpatient.de\\\/en\\\/#organization\",\"name\":\"Apfelpatient\",\"url\":\"https:\\\/\\\/www.apfelpatient.de\\\/en\\\/\"},\"alternateName\":\"Apfelpatient\",\"potentialAction\":[{\"@type\":\"SearchAction\",\"target\":{\"@type\":\"EntryPoint\",\"urlTemplate\":\"https:\\\/\\\/www.apfelpatient.de\\\/?s={search_term_string}\"},\"query-input\":{\"@type\":\"PropertyValueSpecification\",\"valueRequired\":true,\"valueName\":\"search_term_string\"}}],\"inLanguage\":\"en-US\"},{\"@type\":[\"Person\",\"Organization\"],\"@id\":\"https:\\\/\\\/www.apfelpatient.de\\\/#\\\/schema\\\/person\\\/35b3ddba5832f2bfc7fff5206d4f6b7b\",\"name\":\"Milan\",\"logo\":{\"@id\":\"https:\\\/\\\/www.apfelpatient.de\\\/#\\\/schema\\\/person\\\/image\\\/\"},\"description\":\"Hallo und herzlich willkommen auf meinem Technik-Blog! Als gro\u00dfer Apple-Fan berichte ich hier \u00fcber alles, was mit Apple zu tun hat: von den neuesten News und spannenden Ger\u00fcchten \u00fcber hilfreiche Tipps und Tricks bis hin zu ausf\u00fchrlichen Produkttests. Wenn du genauso technikbegeistert bist wie ich, bist du hier genau richtig!\",\"sameAs\":[\"https:\\\/\\\/www.facebook.com\\\/apfelpatientOfficial\",\"https:\\\/\\\/www.linkedin.com\\\/in\\\/milan-jovicic-42aa0231b\"],\"url\":\"https:\\\/\\\/www.apfelpatient.de\\\/en\\\/author\\\/apfeladmin\"}]}<\/script>\n<!-- \/ Yoast SEO Premium plugin. -->","yoast_head_json":{"title":"Apple extends trial subscription of Apple TV+ Apfelpatient","description":"Purchasing a new iPhone, iPad, Mac or Apple TV allows users to use Apple TV+ for free for one year.","robots":{"index":"index","follow":"follow","max-snippet":"max-snippet:-1","max-image-preview":"max-image-preview:large","max-video-preview":"max-video-preview:-1"},"canonical":"https:\/\/www.apfelpatient.de\/en\/news\/apple-extends-apple-tv-trial-subscription","og_locale":"en_US","og_type":"article","og_title":"Apple verl\u00e4ngert Probeabo von Apple TV+","og_description":"Der Kauf eines neuen iPhone, iPad, Mac oder Apple TV erm\u00f6glicht Anwendern Apple TV+ ein Jahr lang kostenlos zu verwenden.","og_url":"https:\/\/www.apfelpatient.de\/en\/news\/apple-extends-apple-tv-trial-subscription","og_site_name":"Apfelpatient","article_publisher":"https:\/\/www.facebook.com\/apfelpatientOfficial","article_author":"https:\/\/www.facebook.com\/apfelpatientOfficial","article_published_time":"2020-10-08T18:42:24+00:00","article_modified_time":"2025-10-14T14:03:52+00:00","og_image":[{"width":1306,"height":870,"url":"https:\/\/www.apfelpatient.de\/wp-content\/uploads\/2020\/10\/Apple_TV-Plus-golden-globes-nominations-The-Morning-Show.jpg","type":"image\/jpeg"}],"author":"Milan","twitter_card":"summary_large_image","twitter_description":"Der Kauf eines neuen iPhone, iPad, Mac oder Apple TV erm\u00f6glicht Anwendern Apple TV+ ein Jahr lang kostenlos zu verwenden.","twitter_misc":{"Written by":"Milan","Est. reading time":"7 minutes"},"schema":{"@context":"https:\/\/schema.org","@graph":[{"@type":"NewsArticle","@id":"https:\/\/www.apfelpatient.de\/news\/apple-verlaengert-probeabo-von-apple-tv#article","isPartOf":{"@id":"https:\/\/www.apfelpatient.de\/news\/apple-verlaengert-probeabo-von-apple-tv"},"author":{"@type":"Organization","@id":"https:\/\/www.apfelpatient.de\/en\/#organization","name":"Apfelpatient","url":"https:\/\/www.apfelpatient.de\/en\/"},"headline":"Apple verl\u00e4ngert Probeabo von Apple TV+","datePublished":"2020-10-08T18:42:24+00:00","dateModified":"2025-10-14T14:03:52+00:00","mainEntityOfPage":{"@id":"https:\/\/www.apfelpatient.de\/news\/apple-verlaengert-probeabo-von-apple-tv"},"wordCount":301,"publisher":{"@type":"Organization","@id":"https:\/\/www.apfelpatient.de\/en\/#organization","name":"Apfelpatient","url":"https:\/\/www.apfelpatient.de\/en\/"},"image":{"@id":"https:\/\/www.apfelpatient.de\/news\/apple-verlaengert-probeabo-von-apple-tv#primaryimage"},"thumbnailUrl":"https:\/\/www.apfelpatient.de\/wp-content\/uploads\/2020\/10\/Apple_TV-Plus-golden-globes-nominations-The-Morning-Show.jpg","keywords":["Apple Dienste","Apple TV","Apple TV Plus"],"articleSection":"News","inLanguage":"en-US","copyrightYear":"2020","copyrightHolder":{"@id":"https:\/\/www.apfelpatient.de\/en\/#organization"}},{"@type":"WebPage","@id":"https:\/\/www.apfelpatient.de\/news\/apple-verlaengert-probeabo-von-apple-tv","url":"https:\/\/www.apfelpatient.de\/news\/apple-verlaengert-probeabo-von-apple-tv","name":"Apple extends trial subscription of Apple TV+ Apfelpatient","isPartOf":{"@id":"https:\/\/www.apfelpatient.de\/#website"},"primaryImageOfPage":{"@id":"https:\/\/www.apfelpatient.de\/news\/apple-verlaengert-probeabo-von-apple-tv#primaryimage"},"image":{"@id":"https:\/\/www.apfelpatient.de\/news\/apple-verlaengert-probeabo-von-apple-tv#primaryimage"},"thumbnailUrl":"https:\/\/www.apfelpatient.de\/wp-content\/uploads\/2020\/10\/Apple_TV-Plus-golden-globes-nominations-The-Morning-Show.jpg","datePublished":"2020-10-08T18:42:24+00:00","dateModified":"2025-10-14T14:03:52+00:00","description":"Purchasing a new iPhone, iPad, Mac or Apple TV allows users to use Apple TV+ for free for one year.","breadcrumb":{"@id":"https:\/\/www.apfelpatient.de\/news\/apple-verlaengert-probeabo-von-apple-tv#breadcrumb"},"inLanguage":"en-US","potentialAction":[{"@type":"ReadAction","target":["https:\/\/www.apfelpatient.de\/news\/apple-verlaengert-probeabo-von-apple-tv"]}]},{"@type":"ImageObject","inLanguage":"en-US","@id":"https:\/\/www.apfelpatient.de\/news\/apple-verlaengert-probeabo-von-apple-tv#primaryimage","url":"https:\/\/www.apfelpatient.de\/wp-content\/uploads\/2020\/10\/Apple_TV-Plus-golden-globes-nominations-The-Morning-Show.jpg","contentUrl":"https:\/\/www.apfelpatient.de\/wp-content\/uploads\/2020\/10\/Apple_TV-Plus-golden-globes-nominations-The-Morning-Show.jpg","width":1306,"height":870,"caption":"Bild: Apple"},{"@type":"BreadcrumbList","@id":"https:\/\/www.apfelpatient.de\/news\/apple-verlaengert-probeabo-von-apple-tv#breadcrumb","itemListElement":[{"@type":"ListItem","position":1,"name":"Startseite","item":"https:\/\/www.apfelpatient.de\/"},{"@type":"ListItem","position":2,"name":"Apple verl\u00e4ngert Probeabo von Apple TV+"}]},{"@type":"WebSite","@id":"https:\/\/www.apfelpatient.de\/#website","url":"https:\/\/www.apfelpatient.de\/","name":"apple patient","description":"Everything about Apple!","publisher":{"@type":"Organization","@id":"https:\/\/www.apfelpatient.de\/en\/#organization","name":"Apfelpatient","url":"https:\/\/www.apfelpatient.de\/en\/"},"alternateName":"Apfelpatient","potentialAction":[{"@type":"SearchAction","target":{"@type":"EntryPoint","urlTemplate":"https:\/\/www.apfelpatient.de\/?s={search_term_string}"},"query-input":{"@type":"PropertyValueSpecification","valueRequired":true,"valueName":"search_term_string"}}],"inLanguage":"en-US"},{"@type":["Person","Organization"],"@id":"https:\/\/www.apfelpatient.de\/#\/schema\/person\/35b3ddba5832f2bfc7fff5206d4f6b7b","name":"Milan","logo":{"@id":"https:\/\/www.apfelpatient.de\/#\/schema\/person\/image\/"},"description":"Hello and welcome to my technology blog! As a big Apple fan, I report on everything to do with Apple: from the latest news and exciting rumors to helpful tips and tricks and detailed product tests. If you are as enthusiastic about technology as I am, you have come to the right place!","sameAs":["https:\/\/www.facebook.com\/apfelpatientOfficial","https:\/\/www.linkedin.com\/in\/milan-jovicic-42aa0231b"],"url":"https:\/\/www.apfelpatient.de\/en\/author\/apfeladmin"}]}},"_links":{"self":[{"href":"https:\/\/www.apfelpatient.de\/en\/wp-json\/wp\/v2\/posts\/16040","targetHints":{"allow":["GET"]}}],"collection":[{"href":"https:\/\/www.apfelpatient.de\/en\/wp-json\/wp\/v2\/posts"}],"about":[{"href":"https:\/\/www.apfelpatient.de\/en\/wp-json\/wp\/v2\/types\/post"}],"author":[{"embeddable":true,"href":"https:\/\/www.apfelpatient.de\/en\/wp-json\/wp\/v2\/users\/2"}],"replies":[{"embeddable":true,"href":"https:\/\/www.apfelpatient.de\/en\/wp-json\/wp\/v2\/comments?post=16040"}],"version-history":[{"count":0,"href":"https:\/\/www.apfelpatient.de\/en\/wp-json\/wp\/v2\/posts\/16040\/revisions"}],"wp:featuredmedia":[{"embeddable":true,"href":"https:\/\/www.apfelpatient.de\/en\/wp-json\/wp\/v2\/media\/16041"}],"wp:attachment":[{"href":"https:\/\/www.apfelpatient.de\/en\/wp-json\/wp\/v2\/media?parent=16040"}],"wp:term":[{"taxonomy":"category","embeddable":true,"href":"https:\/\/www.apfelpatient.de\/en\/wp-json\/wp\/v2\/categories?post=16040"},{"taxonomy":"post_tag","embeddable":true,"href":"https:\/\/www.apfelpatient.de\/en\/wp-json\/wp\/v2\/tags?post=16040"}],"curies":[{"name":"wp","href":"https:\/\/api.w.org\/{rel}","templated":true}]}}