{"id":16013,"date":"2020-10-07T16:15:53","date_gmt":"2020-10-07T14:15:53","guid":{"rendered":"https:\/\/www.apfelpatient.de\/?p=16013"},"modified":"2020-10-07T16:15:54","modified_gmt":"2020-10-07T14:15:54","slug":"apple-watch-nomad-introduces-active-strap-pro","status":"publish","type":"post","link":"https:\/\/www.apfelpatient.de\/en\/news\/apple-watch-nomad-stellt-active-strap-pro-vor","title":{"rendered":"Apple Watch: Nomad introduces Active Strap Pro"},"content":{"rendered":"<p class=\"has-drop-cap\"><strong>Nomad has also updated its range of Apple Watch straps this week. The Active Strap series has been revised. Active Strap Pro \u2013 elegant and functional.<\/strong><\/p>\n\n\n\n<p>Since the Apple Watch Series 6 presentation, Nomad has updated its range of wristbands three times. <a href=\"https:\/\/bit.ly\/34AqAXM\" target=\"_blank\" rel=\"noreferrer noopener\">newest product<\/a> is called Active Strap Pro. The strap is made from an advanced hybrid construction of waterproof leather and FKM rubber and is Nomad&#039;s most versatile strap. The company has combined the subtle contours of a modern leather strap with a high-performance FKM lining and ventilation channels to create a strap that is as functional as it is elegant. The product description states:<\/p>\n\n\n\n<h3 class=\"wp-block-heading\">Active Strap Pro: Available for all Apple Watch models<\/h3>\n\n\n\n<figure class=\"wp-block-image size-large\"><img decoding=\"async\" width=\"833\" height=\"1024\" src=\"https:\/\/www.apfelpatient.de\/wp-content\/uploads\/2020\/10\/856500018317_Feature-1_White-1-833x1024.jpg\" alt=\"Apple Watch Active Strap Pro\" class=\"wp-image-16017\" srcset=\"https:\/\/www.apfelpatient.de\/wp-content\/uploads\/2020\/10\/856500018317_Feature-1_White-1-833x1024.jpg 833w, https:\/\/www.apfelpatient.de\/wp-content\/uploads\/2020\/10\/856500018317_Feature-1_White-1-244x300.jpg 244w, https:\/\/www.apfelpatient.de\/wp-content\/uploads\/2020\/10\/856500018317_Feature-1_White-1-768x945.jpg 768w, https:\/\/www.apfelpatient.de\/wp-content\/uploads\/2020\/10\/856500018317_Feature-1_White-1-750x923.jpg 750w, https:\/\/www.apfelpatient.de\/wp-content\/uploads\/2020\/10\/856500018317_Feature-1_White-1.jpg 1000w\" sizes=\"(max-width: 833px) 100vw, 833px\" \/><figcaption>Image: Nomad<\/figcaption><\/figure>\n\n\n\n<blockquote class=\"wp-block-quote is-layout-flow wp-block-quote-is-layout-flow\"><p>Featuring hydrophobic leather and ventilation channels, the Active Strap Pro is built for tough everyday use. We took our Modern Strap design and redesigned it with waterproof Heinen leather from Germany. The Active Strap Pro features an advanced hybrid construction of waterproof leather and FKM rubber.<\/p><\/blockquote>\n\n\n\n\n\n\n\n<p>The bracelet is available in sizes 38mm\/40mm or 42mm\/44mm. The product can be purchased in black and brown and is compatible with Apple Watch stainless steel models in silver and graphite. All Apple Watch generations are supported, including the new Series 6 and SE. The product can be purchased from today for 79.95 US dollars. <a href=\"https:\/\/bit.ly\/34AqAXM\" target=\"_blank\" rel=\"noreferrer noopener\">can be purchased directly from Nomad<\/a>. <em>(Image: Nomad)<\/em><\/p>\n\n\n\n<ul class=\"wp-block-list\"><li><a href=\"https:\/\/www.apfelpatient.de\/en\/news\/apple-watch-nomad-unveils-new-leather-straps\">Apple Watch: Nomad unveils new leather straps<\/a><\/li><li><a href=\"https:\/\/www.apfelpatient.de\/en\/news\/nomad-introduces-new-rugged-bracelet-for-apple-watch\">Nomad introduces new rugged bracelet for Apple Watch<\/a><\/li><\/ul>\n\n\n\n<h6 class=\"wp-block-heading translation-block\" id=\"h-kennt-ihr-schon-unsere-amazon-storefront-dort-findet-ihr-eine-handverlesene-auswahl-von-diversen-produkten-f-r-euer-iphone-und-co-viel-spa-beim-st-bern\"><em>Have you already visited our Amazon Storefront? There you&#039;ll find a hand-picked selection of various products for your iPhone and other devices \u2013 <span class=\"has-inline-color has-vivid-red-color\"><a href=\"https:\/\/www.amazon.de\/shop\/apfelpatientofficial\" class=\"ek-link\" data-wpel-link=\"exclude\" rel=\"follow noopener\" target=\"_self\"><span style=\"text-decoration: underline\" class=\"ek-underline\">enjoy browsing<\/span><\/a> !<\/span><\/em><\/h6>\n\n\n\n\n\n<h6 class=\"wp-block-heading translation-block\" id=\"h-der-beitrag-enthalt-partnerlinks\">This post contains <a data-type=\"URL\" data-id=\"https:\/\/www.apfelpatient.de\/partnerprogramm\" href=\"https:\/\/www.apfelpatient.de\/en\/partner-program\" data-wpel-link=\"internal\" target=\"_self\">affiliate links<\/a>.<\/h6>","protected":false},"excerpt":{"rendered":"<p>Nomad has updated its Apple Watch strap range, introducing the elegant and functional Active Strap Pro.<\/p>","protected":false},"author":2,"featured_media":16016,"comment_status":"closed","ping_status":"closed","sticky":false,"template":"","format":"standard","meta":{"jnews-multi-image_gallery":[],"jnews_single_post":{"subtitle":"","format":"standard","video":"","gallery":"","source_name":"","source_url":"","via_name":"","via_url":"","override":[{"single_blog_custom":"","sidebar":"","second_sidebar":"","share_position":"","share_float_style":"","post_date_format":"","post_date_format_custom":"","post_reading_time_wpm":"","zoom_button_out_step":"1","zoom_button_in_step":"1","number_popup_post":"1"}],"image_override":[{"single_post_thumbnail_size":"","single_post_gallery_size":""}],"trending_post_position":"","trending_post_label":"","sponsored_post_label":"","sponsored_post_name":"","sponsored_post_url":"","sponsored_post_logo":"","sponsored_post_desc":""},"jnews_primary_category":{"id":"9"},"footnotes":""},"categories":[9],"tags":[14,19],"class_list":["post-16013","post","type-post","status-publish","format-standard","has-post-thumbnail","hentry","category-news","tag-apple-watch","tag-nomad"],"yoast_head":"<!-- This site is optimized with the Yoast SEO Premium plugin v27.5 (Yoast SEO v27.5) - https:\/\/yoast.com\/product\/yoast-seo-premium-wordpress\/ -->\n<title>Apple Watch: Nomad stellt Active Strap Pro vor Apfelpatient<\/title>\n<meta name=\"description\" content=\"Nomad hat das Sortiment f\u00fcr Apple Watch Armb\u00e4nder aktualisiert. Dabei wurde das Active Strap Pro - elegant und funktionell - vorgestellt.\" \/>\n<meta name=\"robots\" content=\"index, follow, max-snippet:-1, max-image-preview:large, max-video-preview:-1\" \/>\n<link rel=\"canonical\" href=\"https:\/\/www.apfelpatient.de\/en\/news\/apple-watch-nomad-introduces-active-strap-pro\" \/>\n<meta property=\"og:locale\" content=\"en_US\" \/>\n<meta property=\"og:type\" content=\"article\" \/>\n<meta property=\"og:title\" content=\"Apple Watch: Nomad stellt Active Strap Pro vor\" \/>\n<meta property=\"og:description\" content=\"Nomad hat das Sortiment f\u00fcr Apple Watch Armb\u00e4nder aktualisiert. Dabei wurde das Active Strap Pro - elegant und funktionell - vorgestellt.\" \/>\n<meta property=\"og:url\" content=\"https:\/\/www.apfelpatient.de\/en\/news\/apple-watch-nomad-introduces-active-strap-pro\" \/>\n<meta property=\"og:site_name\" content=\"Apfelpatient\" \/>\n<meta property=\"article:publisher\" content=\"https:\/\/www.facebook.com\/apfelpatientOfficial\" \/>\n<meta property=\"article:author\" content=\"https:\/\/www.facebook.com\/apfelpatientOfficial\" \/>\n<meta property=\"article:published_time\" content=\"2020-10-07T14:15:53+00:00\" \/>\n<meta property=\"article:modified_time\" content=\"2020-10-07T14:15:54+00:00\" \/>\n<meta property=\"og:image\" content=\"https:\/\/www.apfelpatient.de\/wp-content\/uploads\/2020\/10\/856500018317_Feature-4_White-1-scaled.jpg\" \/>\n\t<meta property=\"og:image:width\" content=\"2560\" \/>\n\t<meta property=\"og:image:height\" content=\"2109\" \/>\n\t<meta property=\"og:image:type\" content=\"image\/jpeg\" \/>\n<meta name=\"author\" content=\"Milan\" \/>\n<meta name=\"twitter:card\" content=\"summary_large_image\" \/>\n<meta name=\"twitter:description\" content=\"Nomad hat das Sortiment f\u00fcr Apple Watch Armb\u00e4nder aktualisiert. Dabei wurde das Active Strap Pro - elegant und funktionell - vorgestellt.\" \/>\n<meta name=\"twitter:label1\" content=\"Written by\" \/>\n\t<meta name=\"twitter:data1\" content=\"Milan\" \/>\n\t<meta name=\"twitter:label2\" content=\"Est. reading time\" \/>\n\t<meta name=\"twitter:data2\" content=\"1 minute\" \/>\n<script type=\"application\/ld+json\" class=\"yoast-schema-graph\">{\"@context\":\"https:\\\/\\\/schema.org\",\"@graph\":[{\"@type\":\"NewsArticle\",\"@id\":\"https:\\\/\\\/www.apfelpatient.de\\\/news\\\/apple-watch-nomad-stellt-active-strap-pro-vor#article\",\"isPartOf\":{\"@id\":\"https:\\\/\\\/www.apfelpatient.de\\\/news\\\/apple-watch-nomad-stellt-active-strap-pro-vor\"},\"author\":{\"@type\":\"Organization\",\"@id\":\"https:\\\/\\\/www.apfelpatient.de\\\/en\\\/#organization\",\"name\":\"Apfelpatient\",\"url\":\"https:\\\/\\\/www.apfelpatient.de\\\/en\\\/\"},\"headline\":\"Apple Watch: Nomad stellt Active Strap Pro vor\",\"datePublished\":\"2020-10-07T14:15:53+00:00\",\"dateModified\":\"2020-10-07T14:15:54+00:00\",\"mainEntityOfPage\":{\"@id\":\"https:\\\/\\\/www.apfelpatient.de\\\/news\\\/apple-watch-nomad-stellt-active-strap-pro-vor\"},\"wordCount\":268,\"publisher\":{\"@type\":\"Organization\",\"@id\":\"https:\\\/\\\/www.apfelpatient.de\\\/en\\\/#organization\",\"name\":\"Apfelpatient\",\"url\":\"https:\\\/\\\/www.apfelpatient.de\\\/en\\\/\"},\"image\":{\"@id\":\"https:\\\/\\\/www.apfelpatient.de\\\/news\\\/apple-watch-nomad-stellt-active-strap-pro-vor#primaryimage\"},\"thumbnailUrl\":\"https:\\\/\\\/www.apfelpatient.de\\\/wp-content\\\/uploads\\\/2020\\\/10\\\/856500018317_Feature-4_White-1-scaled.jpg\",\"keywords\":[\"Apple Watch\",\"Nomad\"],\"articleSection\":\"News\",\"inLanguage\":\"en-US\",\"copyrightYear\":\"2020\",\"copyrightHolder\":{\"@id\":\"https:\\\/\\\/www.apfelpatient.de\\\/en\\\/#organization\"}},{\"@type\":\"WebPage\",\"@id\":\"https:\\\/\\\/www.apfelpatient.de\\\/news\\\/apple-watch-nomad-stellt-active-strap-pro-vor\",\"url\":\"https:\\\/\\\/www.apfelpatient.de\\\/news\\\/apple-watch-nomad-stellt-active-strap-pro-vor\",\"name\":\"Apple Watch: Nomad stellt Active Strap Pro vor Apfelpatient\",\"isPartOf\":{\"@id\":\"https:\\\/\\\/www.apfelpatient.de\\\/#website\"},\"primaryImageOfPage\":{\"@id\":\"https:\\\/\\\/www.apfelpatient.de\\\/news\\\/apple-watch-nomad-stellt-active-strap-pro-vor#primaryimage\"},\"image\":{\"@id\":\"https:\\\/\\\/www.apfelpatient.de\\\/news\\\/apple-watch-nomad-stellt-active-strap-pro-vor#primaryimage\"},\"thumbnailUrl\":\"https:\\\/\\\/www.apfelpatient.de\\\/wp-content\\\/uploads\\\/2020\\\/10\\\/856500018317_Feature-4_White-1-scaled.jpg\",\"datePublished\":\"2020-10-07T14:15:53+00:00\",\"dateModified\":\"2020-10-07T14:15:54+00:00\",\"description\":\"Nomad hat das Sortiment f\u00fcr Apple Watch Armb\u00e4nder aktualisiert. Dabei wurde das Active Strap Pro - elegant und funktionell - vorgestellt.\",\"breadcrumb\":{\"@id\":\"https:\\\/\\\/www.apfelpatient.de\\\/news\\\/apple-watch-nomad-stellt-active-strap-pro-vor#breadcrumb\"},\"inLanguage\":\"en-US\",\"potentialAction\":[{\"@type\":\"ReadAction\",\"target\":[\"https:\\\/\\\/www.apfelpatient.de\\\/news\\\/apple-watch-nomad-stellt-active-strap-pro-vor\"]}]},{\"@type\":\"ImageObject\",\"inLanguage\":\"en-US\",\"@id\":\"https:\\\/\\\/www.apfelpatient.de\\\/news\\\/apple-watch-nomad-stellt-active-strap-pro-vor#primaryimage\",\"url\":\"https:\\\/\\\/www.apfelpatient.de\\\/wp-content\\\/uploads\\\/2020\\\/10\\\/856500018317_Feature-4_White-1-scaled.jpg\",\"contentUrl\":\"https:\\\/\\\/www.apfelpatient.de\\\/wp-content\\\/uploads\\\/2020\\\/10\\\/856500018317_Feature-4_White-1-scaled.jpg\",\"width\":2560,\"height\":2109,\"caption\":\"Bild: Nomad\"},{\"@type\":\"BreadcrumbList\",\"@id\":\"https:\\\/\\\/www.apfelpatient.de\\\/news\\\/apple-watch-nomad-stellt-active-strap-pro-vor#breadcrumb\",\"itemListElement\":[{\"@type\":\"ListItem\",\"position\":1,\"name\":\"Startseite\",\"item\":\"https:\\\/\\\/www.apfelpatient.de\\\/\"},{\"@type\":\"ListItem\",\"position\":2,\"name\":\"Apple Watch: Nomad stellt Active Strap Pro vor\"}]},{\"@type\":\"WebSite\",\"@id\":\"https:\\\/\\\/www.apfelpatient.de\\\/#website\",\"url\":\"https:\\\/\\\/www.apfelpatient.de\\\/\",\"name\":\"Apfelpatient\",\"description\":\"Alles rund um Apple!\",\"publisher\":{\"@type\":\"Organization\",\"@id\":\"https:\\\/\\\/www.apfelpatient.de\\\/en\\\/#organization\",\"name\":\"Apfelpatient\",\"url\":\"https:\\\/\\\/www.apfelpatient.de\\\/en\\\/\"},\"alternateName\":\"Apfelpatient\",\"potentialAction\":[{\"@type\":\"SearchAction\",\"target\":{\"@type\":\"EntryPoint\",\"urlTemplate\":\"https:\\\/\\\/www.apfelpatient.de\\\/?s={search_term_string}\"},\"query-input\":{\"@type\":\"PropertyValueSpecification\",\"valueRequired\":true,\"valueName\":\"search_term_string\"}}],\"inLanguage\":\"en-US\"},{\"@type\":[\"Person\",\"Organization\"],\"@id\":\"https:\\\/\\\/www.apfelpatient.de\\\/#\\\/schema\\\/person\\\/35b3ddba5832f2bfc7fff5206d4f6b7b\",\"name\":\"Milan\",\"logo\":{\"@id\":\"https:\\\/\\\/www.apfelpatient.de\\\/#\\\/schema\\\/person\\\/image\\\/\"},\"description\":\"Hallo und herzlich willkommen auf meinem Technik-Blog! Als gro\u00dfer Apple-Fan berichte ich hier \u00fcber alles, was mit Apple zu tun hat: von den neuesten News und spannenden Ger\u00fcchten \u00fcber hilfreiche Tipps und Tricks bis hin zu ausf\u00fchrlichen Produkttests. Wenn du genauso technikbegeistert bist wie ich, bist du hier genau richtig!\",\"sameAs\":[\"https:\\\/\\\/www.facebook.com\\\/apfelpatientOfficial\",\"https:\\\/\\\/www.linkedin.com\\\/in\\\/milan-jovicic-42aa0231b\"],\"url\":\"https:\\\/\\\/www.apfelpatient.de\\\/en\\\/author\\\/apfeladmin\"}]}<\/script>\n<!-- \/ Yoast SEO Premium plugin. -->","yoast_head_json":{"title":"Apple Watch: Nomad introduces Active Strap Pro Apfelpatient","description":"Nomad has updated its range of Apple Watch straps and introduced the Active Strap Pro - elegant and functional.","robots":{"index":"index","follow":"follow","max-snippet":"max-snippet:-1","max-image-preview":"max-image-preview:large","max-video-preview":"max-video-preview:-1"},"canonical":"https:\/\/www.apfelpatient.de\/en\/news\/apple-watch-nomad-introduces-active-strap-pro","og_locale":"en_US","og_type":"article","og_title":"Apple Watch: Nomad stellt Active Strap Pro vor","og_description":"Nomad hat das Sortiment f\u00fcr Apple Watch Armb\u00e4nder aktualisiert. Dabei wurde das Active Strap Pro - elegant und funktionell - vorgestellt.","og_url":"https:\/\/www.apfelpatient.de\/en\/news\/apple-watch-nomad-introduces-active-strap-pro","og_site_name":"Apfelpatient","article_publisher":"https:\/\/www.facebook.com\/apfelpatientOfficial","article_author":"https:\/\/www.facebook.com\/apfelpatientOfficial","article_published_time":"2020-10-07T14:15:53+00:00","article_modified_time":"2020-10-07T14:15:54+00:00","og_image":[{"width":2560,"height":2109,"url":"https:\/\/www.apfelpatient.de\/wp-content\/uploads\/2020\/10\/856500018317_Feature-4_White-1-scaled.jpg","type":"image\/jpeg"}],"author":"Milan","twitter_card":"summary_large_image","twitter_description":"Nomad hat das Sortiment f\u00fcr Apple Watch Armb\u00e4nder aktualisiert. Dabei wurde das Active Strap Pro - elegant und funktionell - vorgestellt.","twitter_misc":{"Written by":"Milan","Est. reading time":"1 minute"},"schema":{"@context":"https:\/\/schema.org","@graph":[{"@type":"NewsArticle","@id":"https:\/\/www.apfelpatient.de\/news\/apple-watch-nomad-stellt-active-strap-pro-vor#article","isPartOf":{"@id":"https:\/\/www.apfelpatient.de\/news\/apple-watch-nomad-stellt-active-strap-pro-vor"},"author":{"@type":"Organization","@id":"https:\/\/www.apfelpatient.de\/en\/#organization","name":"Apfelpatient","url":"https:\/\/www.apfelpatient.de\/en\/"},"headline":"Apple Watch: Nomad stellt Active Strap Pro vor","datePublished":"2020-10-07T14:15:53+00:00","dateModified":"2020-10-07T14:15:54+00:00","mainEntityOfPage":{"@id":"https:\/\/www.apfelpatient.de\/news\/apple-watch-nomad-stellt-active-strap-pro-vor"},"wordCount":268,"publisher":{"@type":"Organization","@id":"https:\/\/www.apfelpatient.de\/en\/#organization","name":"Apfelpatient","url":"https:\/\/www.apfelpatient.de\/en\/"},"image":{"@id":"https:\/\/www.apfelpatient.de\/news\/apple-watch-nomad-stellt-active-strap-pro-vor#primaryimage"},"thumbnailUrl":"https:\/\/www.apfelpatient.de\/wp-content\/uploads\/2020\/10\/856500018317_Feature-4_White-1-scaled.jpg","keywords":["Apple Watch","Nomad"],"articleSection":"News","inLanguage":"en-US","copyrightYear":"2020","copyrightHolder":{"@id":"https:\/\/www.apfelpatient.de\/en\/#organization"}},{"@type":"WebPage","@id":"https:\/\/www.apfelpatient.de\/news\/apple-watch-nomad-stellt-active-strap-pro-vor","url":"https:\/\/www.apfelpatient.de\/news\/apple-watch-nomad-stellt-active-strap-pro-vor","name":"Apple Watch: Nomad introduces Active Strap Pro Apfelpatient","isPartOf":{"@id":"https:\/\/www.apfelpatient.de\/#website"},"primaryImageOfPage":{"@id":"https:\/\/www.apfelpatient.de\/news\/apple-watch-nomad-stellt-active-strap-pro-vor#primaryimage"},"image":{"@id":"https:\/\/www.apfelpatient.de\/news\/apple-watch-nomad-stellt-active-strap-pro-vor#primaryimage"},"thumbnailUrl":"https:\/\/www.apfelpatient.de\/wp-content\/uploads\/2020\/10\/856500018317_Feature-4_White-1-scaled.jpg","datePublished":"2020-10-07T14:15:53+00:00","dateModified":"2020-10-07T14:15:54+00:00","description":"Nomad has updated its range of Apple Watch straps and introduced the Active Strap Pro - elegant and functional.","breadcrumb":{"@id":"https:\/\/www.apfelpatient.de\/news\/apple-watch-nomad-stellt-active-strap-pro-vor#breadcrumb"},"inLanguage":"en-US","potentialAction":[{"@type":"ReadAction","target":["https:\/\/www.apfelpatient.de\/news\/apple-watch-nomad-stellt-active-strap-pro-vor"]}]},{"@type":"ImageObject","inLanguage":"en-US","@id":"https:\/\/www.apfelpatient.de\/news\/apple-watch-nomad-stellt-active-strap-pro-vor#primaryimage","url":"https:\/\/www.apfelpatient.de\/wp-content\/uploads\/2020\/10\/856500018317_Feature-4_White-1-scaled.jpg","contentUrl":"https:\/\/www.apfelpatient.de\/wp-content\/uploads\/2020\/10\/856500018317_Feature-4_White-1-scaled.jpg","width":2560,"height":2109,"caption":"Bild: Nomad"},{"@type":"BreadcrumbList","@id":"https:\/\/www.apfelpatient.de\/news\/apple-watch-nomad-stellt-active-strap-pro-vor#breadcrumb","itemListElement":[{"@type":"ListItem","position":1,"name":"Startseite","item":"https:\/\/www.apfelpatient.de\/"},{"@type":"ListItem","position":2,"name":"Apple Watch: Nomad stellt Active Strap Pro vor"}]},{"@type":"WebSite","@id":"https:\/\/www.apfelpatient.de\/#website","url":"https:\/\/www.apfelpatient.de\/","name":"apple patient","description":"Everything about Apple!","publisher":{"@type":"Organization","@id":"https:\/\/www.apfelpatient.de\/en\/#organization","name":"Apfelpatient","url":"https:\/\/www.apfelpatient.de\/en\/"},"alternateName":"Apfelpatient","potentialAction":[{"@type":"SearchAction","target":{"@type":"EntryPoint","urlTemplate":"https:\/\/www.apfelpatient.de\/?s={search_term_string}"},"query-input":{"@type":"PropertyValueSpecification","valueRequired":true,"valueName":"search_term_string"}}],"inLanguage":"en-US"},{"@type":["Person","Organization"],"@id":"https:\/\/www.apfelpatient.de\/#\/schema\/person\/35b3ddba5832f2bfc7fff5206d4f6b7b","name":"Milan","logo":{"@id":"https:\/\/www.apfelpatient.de\/#\/schema\/person\/image\/"},"description":"Hello and welcome to my technology blog! As a big Apple fan, I report on everything to do with Apple: from the latest news and exciting rumors to helpful tips and tricks and detailed product tests. If you are as enthusiastic about technology as I am, you have come to the right place!","sameAs":["https:\/\/www.facebook.com\/apfelpatientOfficial","https:\/\/www.linkedin.com\/in\/milan-jovicic-42aa0231b"],"url":"https:\/\/www.apfelpatient.de\/en\/author\/apfeladmin"}]}},"_links":{"self":[{"href":"https:\/\/www.apfelpatient.de\/en\/wp-json\/wp\/v2\/posts\/16013","targetHints":{"allow":["GET"]}}],"collection":[{"href":"https:\/\/www.apfelpatient.de\/en\/wp-json\/wp\/v2\/posts"}],"about":[{"href":"https:\/\/www.apfelpatient.de\/en\/wp-json\/wp\/v2\/types\/post"}],"author":[{"embeddable":true,"href":"https:\/\/www.apfelpatient.de\/en\/wp-json\/wp\/v2\/users\/2"}],"replies":[{"embeddable":true,"href":"https:\/\/www.apfelpatient.de\/en\/wp-json\/wp\/v2\/comments?post=16013"}],"version-history":[{"count":0,"href":"https:\/\/www.apfelpatient.de\/en\/wp-json\/wp\/v2\/posts\/16013\/revisions"}],"wp:featuredmedia":[{"embeddable":true,"href":"https:\/\/www.apfelpatient.de\/en\/wp-json\/wp\/v2\/media\/16016"}],"wp:attachment":[{"href":"https:\/\/www.apfelpatient.de\/en\/wp-json\/wp\/v2\/media?parent=16013"}],"wp:term":[{"taxonomy":"category","embeddable":true,"href":"https:\/\/www.apfelpatient.de\/en\/wp-json\/wp\/v2\/categories?post=16013"},{"taxonomy":"post_tag","embeddable":true,"href":"https:\/\/www.apfelpatient.de\/en\/wp-json\/wp\/v2\/tags?post=16013"}],"curies":[{"name":"wp","href":"https:\/\/api.w.org\/{rel}","templated":true}]}}