{"id":16007,"date":"2020-10-07T12:40:35","date_gmt":"2020-10-07T10:40:35","guid":{"rendered":"https:\/\/www.apfelpatient.de\/?p=16007"},"modified":"2025-02-06T07:57:29","modified_gmt":"2025-02-06T06:57:29","slug":"homepod-mini-market-launch-is-imminent","status":"publish","type":"post","link":"https:\/\/www.apfelpatient.de\/en\/rumors\/homepod-mini-markteinfuehrung-steht-bevor","title":{"rendered":"HomePod Mini: Market launch is imminent"},"content":{"rendered":"<p class=\"has-drop-cap\"><strong>The rumors that Apple is working on a new HomePod have been with us for many months. But will it be a HomePod 2 or just a cheaper mini model? A leaker provides clarity.<\/strong><\/p>\n\n\n\n<p>Apple will hold another digital keynote next week <a href=\"https:\/\/www.apfelpatient.de\/en\/news\/iphone-12-hi-speed-event-fuels-speculation\">organize<\/a> and present new products, including the iPhone 12. But a new HomePod is also expected at the event. This is said to be the HomePod Mini, a cheaper version of the classic Siri speaker. But there are also voices talking about a HomePod 2. But @L0vetodream - an anonymous leaker - has put an end to the speculation <a href=\"https:\/\/twitter.com\/L0vetodream\/status\/1313678039360831494?ref_src=twsrc%5Etfw%7Ctwcamp%5Etweetembed%7Ctwterm%5E1313678039360831494%7Ctwgr%5Eshare_3&amp;ref_url=safari-reader%3A%2F%2Fwww.macrumors.com%2F2020%2F10%2F07%2Fleaker-no-second-gen-homepod-this-year%2F\" target=\"_blank\" rel=\"noreferrer noopener\">slowed down<\/a>He claims that only a HomePod Mini and no \u201cHomePod 2\u201d will be released this year. Whether Apple will also continue to develop the classic device when it introduces the mini version <a href=\"https:\/\/www.apple.com\/de\/music\/\" target=\"_blank\" rel=\"noreferrer noopener\">sell<\/a> However, it is not known how this will happen.\u00a0<\/p>\n\n\n\n<h3 class=\"wp-block-heading\">HomePod: Apple Music, Spotify and Co. \u2013 we have free choice<\/h3>\n\n\n\n\n\n\n\n<p>If previous rumors are to be believed, the smaller model will only have two tweeters instead of seven. It remains to be seen in which price segment the device will be positioned. Observers, however, believe that $199 is realistic. The HomePod was originally introduced at WWDC 2017 for a price of $349. In the meantime, dozens of features such as handoff support, multi-user voice recognition, ambient sounds, multi-room audio and more have been added. But the most important change or improvement will probably be the freedom to choose the default music service. In the future, users will be able to choose between Apple Music, Spotify and Co. This means that voice control will soon be able to handle Apple Music competitors as well - read more <a href=\"https:\/\/www.apfelpatient.de\/en\/news\/ios-14-beta-2-homepod-gets-option-for-standard-services\">here<\/a>. <em>(Photo by franky242 \/ Bigstockphot)<\/em><\/p>\n\n\n\n<ul class=\"wp-block-list\"><li><a href=\"https:\/\/www.apfelpatient.de\/en\/tips-tricks\/homepod-how-to-start-ambient-sounds-2\">HomePod: How to start ambient sounds<\/a><\/li><\/ul>\n\n\n\n<h6 class=\"wp-block-heading translation-block\" id=\"h-kennt-ihr-schon-unsere-amazon-storefront-dort-findet-ihr-eine-handverlesene-auswahl-von-diversen-produkten-f-r-euer-iphone-und-co-viel-spa-beim-st-bern\"><em>Have you already visited our Amazon Storefront? There you&#039;ll find a hand-picked selection of various products for your iPhone and other devices \u2013 <span class=\"has-inline-color has-vivid-red-color\"><a href=\"https:\/\/www.amazon.de\/shop\/apfelpatientofficial\" class=\"ek-link\" data-wpel-link=\"exclude\" rel=\"follow noopener\" target=\"_self\"><span style=\"text-decoration: underline\" class=\"ek-underline\">enjoy browsing<\/span><\/a> !<\/span><\/em><\/h6>\n\n\n\n\n\n<h6 class=\"wp-block-heading translation-block\" id=\"h-der-beitrag-enthalt-partnerlinks\">This post contains <a data-type=\"URL\" data-id=\"https:\/\/www.apfelpatient.de\/partnerprogramm\" href=\"https:\/\/www.apfelpatient.de\/en\/partner-program\" data-wpel-link=\"internal\" target=\"_self\">affiliate links<\/a>.<\/h6>","protected":false},"excerpt":{"rendered":"<p>Apple Event: But will it be a HomePod 2 or just a cheaper mini model? A leaker provides clarity.<\/p>","protected":false},"author":2,"featured_media":16008,"comment_status":"closed","ping_status":"closed","sticky":false,"template":"","format":"standard","meta":{"jnews-multi-image_gallery":[],"jnews_single_post":{"subtitle":"","format":"standard","video":"","gallery":"","source_name":"","source_url":"","via_name":"","via_url":"","override":[{"single_blog_custom":"","sidebar":"","second_sidebar":"","share_position":"","share_float_style":"","post_date_format":"","post_date_format_custom":"","post_reading_time_wpm":"","zoom_button_out_step":"1","zoom_button_in_step":"1","number_popup_post":"1"}],"image_override":[{"single_post_thumbnail_size":"","single_post_gallery_size":""}],"trending_post_position":"","trending_post_label":"","sponsored_post_label":"","sponsored_post_name":"","sponsored_post_url":"","sponsored_post_logo":"","sponsored_post_desc":""},"jnews_primary_category":{"id":"25"},"footnotes":""},"categories":[25],"tags":[86,85],"class_list":["post-16007","post","type-post","status-publish","format-standard","has-post-thumbnail","hentry","category-rumors","tag-apple-event","tag-homepod"],"yoast_head":"<!-- This site is optimized with the Yoast SEO Premium plugin v27.5 (Yoast SEO v27.5) - https:\/\/yoast.com\/product\/yoast-seo-premium-wordpress\/ -->\n<title>HomePod Mini: Markteinf\u00fchrung steht bevor Apfelpatient<\/title>\n<meta name=\"description\" content=\"Apple Event: Doch wird es nun ein HomePod 2 oder lediglich ein preiswerteres Mini-Modell? Ein Leaker sorgt f\u00fcr Klarheit.\" \/>\n<meta name=\"robots\" content=\"index, follow, max-snippet:-1, max-image-preview:large, max-video-preview:-1\" \/>\n<link rel=\"canonical\" href=\"https:\/\/www.apfelpatient.de\/en\/rumors\/homepod-mini-market-launch-is-imminent\" \/>\n<meta property=\"og:locale\" content=\"en_US\" \/>\n<meta property=\"og:type\" content=\"article\" \/>\n<meta property=\"og:title\" content=\"HomePod Mini: Markteinf\u00fchrung steht bevor\" \/>\n<meta property=\"og:description\" content=\"Apple Event: Doch wird es nun ein HomePod 2 oder lediglich ein preiswerteres Mini-Modell? Ein Leaker sorgt f\u00fcr Klarheit.\" \/>\n<meta property=\"og:url\" content=\"https:\/\/www.apfelpatient.de\/en\/rumors\/homepod-mini-market-launch-is-imminent\" \/>\n<meta property=\"og:site_name\" content=\"Apfelpatient\" \/>\n<meta property=\"article:publisher\" content=\"https:\/\/www.facebook.com\/apfelpatientOfficial\" \/>\n<meta property=\"article:author\" content=\"https:\/\/www.facebook.com\/apfelpatientOfficial\" \/>\n<meta property=\"article:published_time\" content=\"2020-10-07T10:40:35+00:00\" \/>\n<meta property=\"article:modified_time\" content=\"2025-02-06T06:57:29+00:00\" \/>\n<meta property=\"og:image\" content=\"https:\/\/www.apfelpatient.de\/wp-content\/uploads\/2020\/10\/bigstock-Ostfildern-Germany-June-247178938.jpg\" \/>\n\t<meta property=\"og:image:width\" content=\"1600\" \/>\n\t<meta property=\"og:image:height\" content=\"1068\" \/>\n\t<meta property=\"og:image:type\" content=\"image\/jpeg\" \/>\n<meta name=\"author\" content=\"Milan\" \/>\n<meta name=\"twitter:card\" content=\"summary_large_image\" \/>\n<meta name=\"twitter:description\" content=\"Apple Event: Doch wird es nun ein HomePod 2 oder lediglich ein preiswerteres Mini-Modell? Ein Leaker sorgt f\u00fcr Klarheit.\" \/>\n<meta name=\"twitter:label1\" content=\"Written by\" \/>\n\t<meta name=\"twitter:data1\" content=\"Milan\" \/>\n\t<meta name=\"twitter:label2\" content=\"Est. reading time\" \/>\n\t<meta name=\"twitter:data2\" content=\"1 minute\" \/>\n<script type=\"application\/ld+json\" class=\"yoast-schema-graph\">{\"@context\":\"https:\\\/\\\/schema.org\",\"@graph\":[{\"@type\":\"NewsArticle\",\"@id\":\"https:\\\/\\\/www.apfelpatient.de\\\/rumors\\\/homepod-mini-markteinfuehrung-steht-bevor#article\",\"isPartOf\":{\"@id\":\"https:\\\/\\\/www.apfelpatient.de\\\/rumors\\\/homepod-mini-markteinfuehrung-steht-bevor\"},\"author\":{\"@type\":\"Organization\",\"@id\":\"https:\\\/\\\/www.apfelpatient.de\\\/en\\\/#organization\",\"name\":\"Apfelpatient\",\"url\":\"https:\\\/\\\/www.apfelpatient.de\\\/en\\\/\"},\"headline\":\"HomePod Mini: Markteinf\u00fchrung steht bevor\",\"datePublished\":\"2020-10-07T10:40:35+00:00\",\"dateModified\":\"2025-02-06T06:57:29+00:00\",\"mainEntityOfPage\":{\"@id\":\"https:\\\/\\\/www.apfelpatient.de\\\/rumors\\\/homepod-mini-markteinfuehrung-steht-bevor\"},\"wordCount\":280,\"publisher\":{\"@type\":\"Organization\",\"@id\":\"https:\\\/\\\/www.apfelpatient.de\\\/en\\\/#organization\",\"name\":\"Apfelpatient\",\"url\":\"https:\\\/\\\/www.apfelpatient.de\\\/en\\\/\"},\"image\":{\"@id\":\"https:\\\/\\\/www.apfelpatient.de\\\/rumors\\\/homepod-mini-markteinfuehrung-steht-bevor#primaryimage\"},\"thumbnailUrl\":\"https:\\\/\\\/www.apfelpatient.de\\\/wp-content\\\/uploads\\\/2020\\\/10\\\/bigstock-Ostfildern-Germany-June-247178938.jpg\",\"keywords\":[\"Apple Event\",\"HomePod\"],\"articleSection\":\"Rumors\",\"inLanguage\":\"en-US\",\"copyrightYear\":\"2020\",\"copyrightHolder\":{\"@id\":\"https:\\\/\\\/www.apfelpatient.de\\\/en\\\/#organization\"}},{\"@type\":\"WebPage\",\"@id\":\"https:\\\/\\\/www.apfelpatient.de\\\/rumors\\\/homepod-mini-markteinfuehrung-steht-bevor\",\"url\":\"https:\\\/\\\/www.apfelpatient.de\\\/rumors\\\/homepod-mini-markteinfuehrung-steht-bevor\",\"name\":\"HomePod Mini: Markteinf\u00fchrung steht bevor Apfelpatient\",\"isPartOf\":{\"@id\":\"https:\\\/\\\/www.apfelpatient.de\\\/#website\"},\"primaryImageOfPage\":{\"@id\":\"https:\\\/\\\/www.apfelpatient.de\\\/rumors\\\/homepod-mini-markteinfuehrung-steht-bevor#primaryimage\"},\"image\":{\"@id\":\"https:\\\/\\\/www.apfelpatient.de\\\/rumors\\\/homepod-mini-markteinfuehrung-steht-bevor#primaryimage\"},\"thumbnailUrl\":\"https:\\\/\\\/www.apfelpatient.de\\\/wp-content\\\/uploads\\\/2020\\\/10\\\/bigstock-Ostfildern-Germany-June-247178938.jpg\",\"datePublished\":\"2020-10-07T10:40:35+00:00\",\"dateModified\":\"2025-02-06T06:57:29+00:00\",\"description\":\"Apple Event: Doch wird es nun ein HomePod 2 oder lediglich ein preiswerteres Mini-Modell? Ein Leaker sorgt f\u00fcr Klarheit.\",\"breadcrumb\":{\"@id\":\"https:\\\/\\\/www.apfelpatient.de\\\/rumors\\\/homepod-mini-markteinfuehrung-steht-bevor#breadcrumb\"},\"inLanguage\":\"en-US\",\"potentialAction\":[{\"@type\":\"ReadAction\",\"target\":[\"https:\\\/\\\/www.apfelpatient.de\\\/rumors\\\/homepod-mini-markteinfuehrung-steht-bevor\"]}]},{\"@type\":\"ImageObject\",\"inLanguage\":\"en-US\",\"@id\":\"https:\\\/\\\/www.apfelpatient.de\\\/rumors\\\/homepod-mini-markteinfuehrung-steht-bevor#primaryimage\",\"url\":\"https:\\\/\\\/www.apfelpatient.de\\\/wp-content\\\/uploads\\\/2020\\\/10\\\/bigstock-Ostfildern-Germany-June-247178938.jpg\",\"contentUrl\":\"https:\\\/\\\/www.apfelpatient.de\\\/wp-content\\\/uploads\\\/2020\\\/10\\\/bigstock-Ostfildern-Germany-June-247178938.jpg\",\"width\":1600,\"height\":1068,\"caption\":\"Ostfildern, Germany - June 26, 2018: Using an Apple HomePod speaker - the smart speaker is reacting to voice input and signalling its attention by the changing lights\"},{\"@type\":\"BreadcrumbList\",\"@id\":\"https:\\\/\\\/www.apfelpatient.de\\\/rumors\\\/homepod-mini-markteinfuehrung-steht-bevor#breadcrumb\",\"itemListElement\":[{\"@type\":\"ListItem\",\"position\":1,\"name\":\"Startseite\",\"item\":\"https:\\\/\\\/www.apfelpatient.de\\\/\"},{\"@type\":\"ListItem\",\"position\":2,\"name\":\"HomePod Mini: Markteinf\u00fchrung steht bevor\"}]},{\"@type\":\"WebSite\",\"@id\":\"https:\\\/\\\/www.apfelpatient.de\\\/#website\",\"url\":\"https:\\\/\\\/www.apfelpatient.de\\\/\",\"name\":\"Apfelpatient\",\"description\":\"Alles rund um Apple!\",\"publisher\":{\"@type\":\"Organization\",\"@id\":\"https:\\\/\\\/www.apfelpatient.de\\\/en\\\/#organization\",\"name\":\"Apfelpatient\",\"url\":\"https:\\\/\\\/www.apfelpatient.de\\\/en\\\/\"},\"alternateName\":\"Apfelpatient\",\"potentialAction\":[{\"@type\":\"SearchAction\",\"target\":{\"@type\":\"EntryPoint\",\"urlTemplate\":\"https:\\\/\\\/www.apfelpatient.de\\\/?s={search_term_string}\"},\"query-input\":{\"@type\":\"PropertyValueSpecification\",\"valueRequired\":true,\"valueName\":\"search_term_string\"}}],\"inLanguage\":\"en-US\"},{\"@type\":[\"Person\",\"Organization\"],\"@id\":\"https:\\\/\\\/www.apfelpatient.de\\\/#\\\/schema\\\/person\\\/35b3ddba5832f2bfc7fff5206d4f6b7b\",\"name\":\"Milan\",\"logo\":{\"@id\":\"https:\\\/\\\/www.apfelpatient.de\\\/#\\\/schema\\\/person\\\/image\\\/\"},\"description\":\"Hallo und herzlich willkommen auf meinem Technik-Blog! Als gro\u00dfer Apple-Fan berichte ich hier \u00fcber alles, was mit Apple zu tun hat: von den neuesten News und spannenden Ger\u00fcchten \u00fcber hilfreiche Tipps und Tricks bis hin zu ausf\u00fchrlichen Produkttests. Wenn du genauso technikbegeistert bist wie ich, bist du hier genau richtig!\",\"sameAs\":[\"https:\\\/\\\/www.facebook.com\\\/apfelpatientOfficial\",\"https:\\\/\\\/www.linkedin.com\\\/in\\\/milan-jovicic-42aa0231b\"],\"url\":\"https:\\\/\\\/www.apfelpatient.de\\\/en\\\/author\\\/apfeladmin\"}]}<\/script>\n<!-- \/ Yoast SEO Premium plugin. -->","yoast_head_json":{"title":"HomePod Mini: Market launch is imminent Apfelpatient","description":"Apple Event: But will it be a HomePod 2 or just a cheaper mini model? A leaker provides clarity.","robots":{"index":"index","follow":"follow","max-snippet":"max-snippet:-1","max-image-preview":"max-image-preview:large","max-video-preview":"max-video-preview:-1"},"canonical":"https:\/\/www.apfelpatient.de\/en\/rumors\/homepod-mini-market-launch-is-imminent","og_locale":"en_US","og_type":"article","og_title":"HomePod Mini: Markteinf\u00fchrung steht bevor","og_description":"Apple Event: Doch wird es nun ein HomePod 2 oder lediglich ein preiswerteres Mini-Modell? Ein Leaker sorgt f\u00fcr Klarheit.","og_url":"https:\/\/www.apfelpatient.de\/en\/rumors\/homepod-mini-market-launch-is-imminent","og_site_name":"Apfelpatient","article_publisher":"https:\/\/www.facebook.com\/apfelpatientOfficial","article_author":"https:\/\/www.facebook.com\/apfelpatientOfficial","article_published_time":"2020-10-07T10:40:35+00:00","article_modified_time":"2025-02-06T06:57:29+00:00","og_image":[{"width":1600,"height":1068,"url":"https:\/\/www.apfelpatient.de\/wp-content\/uploads\/2020\/10\/bigstock-Ostfildern-Germany-June-247178938.jpg","type":"image\/jpeg"}],"author":"Milan","twitter_card":"summary_large_image","twitter_description":"Apple Event: Doch wird es nun ein HomePod 2 oder lediglich ein preiswerteres Mini-Modell? Ein Leaker sorgt f\u00fcr Klarheit.","twitter_misc":{"Written by":"Milan","Est. reading time":"1 minute"},"schema":{"@context":"https:\/\/schema.org","@graph":[{"@type":"NewsArticle","@id":"https:\/\/www.apfelpatient.de\/rumors\/homepod-mini-markteinfuehrung-steht-bevor#article","isPartOf":{"@id":"https:\/\/www.apfelpatient.de\/rumors\/homepod-mini-markteinfuehrung-steht-bevor"},"author":{"@type":"Organization","@id":"https:\/\/www.apfelpatient.de\/en\/#organization","name":"Apfelpatient","url":"https:\/\/www.apfelpatient.de\/en\/"},"headline":"HomePod Mini: Markteinf\u00fchrung steht bevor","datePublished":"2020-10-07T10:40:35+00:00","dateModified":"2025-02-06T06:57:29+00:00","mainEntityOfPage":{"@id":"https:\/\/www.apfelpatient.de\/rumors\/homepod-mini-markteinfuehrung-steht-bevor"},"wordCount":280,"publisher":{"@type":"Organization","@id":"https:\/\/www.apfelpatient.de\/en\/#organization","name":"Apfelpatient","url":"https:\/\/www.apfelpatient.de\/en\/"},"image":{"@id":"https:\/\/www.apfelpatient.de\/rumors\/homepod-mini-markteinfuehrung-steht-bevor#primaryimage"},"thumbnailUrl":"https:\/\/www.apfelpatient.de\/wp-content\/uploads\/2020\/10\/bigstock-Ostfildern-Germany-June-247178938.jpg","keywords":["Apple Event","HomePod"],"articleSection":"Rumors","inLanguage":"en-US","copyrightYear":"2020","copyrightHolder":{"@id":"https:\/\/www.apfelpatient.de\/en\/#organization"}},{"@type":"WebPage","@id":"https:\/\/www.apfelpatient.de\/rumors\/homepod-mini-markteinfuehrung-steht-bevor","url":"https:\/\/www.apfelpatient.de\/rumors\/homepod-mini-markteinfuehrung-steht-bevor","name":"HomePod Mini: Market launch is imminent Apfelpatient","isPartOf":{"@id":"https:\/\/www.apfelpatient.de\/#website"},"primaryImageOfPage":{"@id":"https:\/\/www.apfelpatient.de\/rumors\/homepod-mini-markteinfuehrung-steht-bevor#primaryimage"},"image":{"@id":"https:\/\/www.apfelpatient.de\/rumors\/homepod-mini-markteinfuehrung-steht-bevor#primaryimage"},"thumbnailUrl":"https:\/\/www.apfelpatient.de\/wp-content\/uploads\/2020\/10\/bigstock-Ostfildern-Germany-June-247178938.jpg","datePublished":"2020-10-07T10:40:35+00:00","dateModified":"2025-02-06T06:57:29+00:00","description":"Apple Event: But will it be a HomePod 2 or just a cheaper mini model? A leaker provides clarity.","breadcrumb":{"@id":"https:\/\/www.apfelpatient.de\/rumors\/homepod-mini-markteinfuehrung-steht-bevor#breadcrumb"},"inLanguage":"en-US","potentialAction":[{"@type":"ReadAction","target":["https:\/\/www.apfelpatient.de\/rumors\/homepod-mini-markteinfuehrung-steht-bevor"]}]},{"@type":"ImageObject","inLanguage":"en-US","@id":"https:\/\/www.apfelpatient.de\/rumors\/homepod-mini-markteinfuehrung-steht-bevor#primaryimage","url":"https:\/\/www.apfelpatient.de\/wp-content\/uploads\/2020\/10\/bigstock-Ostfildern-Germany-June-247178938.jpg","contentUrl":"https:\/\/www.apfelpatient.de\/wp-content\/uploads\/2020\/10\/bigstock-Ostfildern-Germany-June-247178938.jpg","width":1600,"height":1068,"caption":"Ostfildern, Germany - June 26, 2018: Using an Apple HomePod speaker - the smart speaker is reacting to voice input and signalling its attention by the changing lights"},{"@type":"BreadcrumbList","@id":"https:\/\/www.apfelpatient.de\/rumors\/homepod-mini-markteinfuehrung-steht-bevor#breadcrumb","itemListElement":[{"@type":"ListItem","position":1,"name":"Startseite","item":"https:\/\/www.apfelpatient.de\/"},{"@type":"ListItem","position":2,"name":"HomePod Mini: Markteinf\u00fchrung steht bevor"}]},{"@type":"WebSite","@id":"https:\/\/www.apfelpatient.de\/#website","url":"https:\/\/www.apfelpatient.de\/","name":"apple patient","description":"Everything about Apple!","publisher":{"@type":"Organization","@id":"https:\/\/www.apfelpatient.de\/en\/#organization","name":"Apfelpatient","url":"https:\/\/www.apfelpatient.de\/en\/"},"alternateName":"Apfelpatient","potentialAction":[{"@type":"SearchAction","target":{"@type":"EntryPoint","urlTemplate":"https:\/\/www.apfelpatient.de\/?s={search_term_string}"},"query-input":{"@type":"PropertyValueSpecification","valueRequired":true,"valueName":"search_term_string"}}],"inLanguage":"en-US"},{"@type":["Person","Organization"],"@id":"https:\/\/www.apfelpatient.de\/#\/schema\/person\/35b3ddba5832f2bfc7fff5206d4f6b7b","name":"Milan","logo":{"@id":"https:\/\/www.apfelpatient.de\/#\/schema\/person\/image\/"},"description":"Hello and welcome to my technology blog! As a big Apple fan, I report on everything to do with Apple: from the latest news and exciting rumors to helpful tips and tricks and detailed product tests. If you are as enthusiastic about technology as I am, you have come to the right place!","sameAs":["https:\/\/www.facebook.com\/apfelpatientOfficial","https:\/\/www.linkedin.com\/in\/milan-jovicic-42aa0231b"],"url":"https:\/\/www.apfelpatient.de\/en\/author\/apfeladmin"}]}},"_links":{"self":[{"href":"https:\/\/www.apfelpatient.de\/en\/wp-json\/wp\/v2\/posts\/16007","targetHints":{"allow":["GET"]}}],"collection":[{"href":"https:\/\/www.apfelpatient.de\/en\/wp-json\/wp\/v2\/posts"}],"about":[{"href":"https:\/\/www.apfelpatient.de\/en\/wp-json\/wp\/v2\/types\/post"}],"author":[{"embeddable":true,"href":"https:\/\/www.apfelpatient.de\/en\/wp-json\/wp\/v2\/users\/2"}],"replies":[{"embeddable":true,"href":"https:\/\/www.apfelpatient.de\/en\/wp-json\/wp\/v2\/comments?post=16007"}],"version-history":[{"count":0,"href":"https:\/\/www.apfelpatient.de\/en\/wp-json\/wp\/v2\/posts\/16007\/revisions"}],"wp:featuredmedia":[{"embeddable":true,"href":"https:\/\/www.apfelpatient.de\/en\/wp-json\/wp\/v2\/media\/16008"}],"wp:attachment":[{"href":"https:\/\/www.apfelpatient.de\/en\/wp-json\/wp\/v2\/media?parent=16007"}],"wp:term":[{"taxonomy":"category","embeddable":true,"href":"https:\/\/www.apfelpatient.de\/en\/wp-json\/wp\/v2\/categories?post=16007"},{"taxonomy":"post_tag","embeddable":true,"href":"https:\/\/www.apfelpatient.de\/en\/wp-json\/wp\/v2\/tags?post=16007"}],"curies":[{"name":"wp","href":"https:\/\/api.w.org\/{rel}","templated":true}]}}