{"id":15962,"date":"2020-10-05T15:46:06","date_gmt":"2020-10-05T13:46:06","guid":{"rendered":"https:\/\/www.apfelpatient.de\/?p=15962"},"modified":"2020-10-05T15:46:07","modified_gmt":"2020-10-05T13:46:07","slug":"iphone-12-pro-new-concept-images-show-6-1-model","status":"publish","type":"post","link":"https:\/\/www.apfelpatient.de\/en\/rumors\/iphone-12-pro-neue-konzeptbilder-zeigen-6-1-modell","title":{"rendered":"iPhone 12 Pro: New concept images show 6.1\u2033 model"},"content":{"rendered":"<p class=\"has-drop-cap\"><strong>If you believe various leakers, the iPhone 12 presentation is just around the corner. Now new concept images have been released showing the 6.1-inch iPhone 12 Pro.\u00a0<\/strong><\/p>\n\n\n\n<p>There are currently rumors that Apple could unveil the iPhone 12 series on October 13th as part of another digital keynote. Four devices are expected, which will appear in three different sizes (5.4\u2033, 2x 6.1\u2033 and 6.7\u2033). Now the Slovakian Apple blog svetapple.sk has more concept images <a href=\"https:\/\/svetapple.sk\/english\/iphone-12-in-various-colors-exclusive-renders-from-svetapple-sk\/\" target=\"_blank\" rel=\"noreferrer noopener\">designed<\/a>, which show the iPhone 12 Pro with 6.1\u2033. The model is shown in silver, space gray, gold and blue. What is interesting is that the designs are completely based on the previous rumors.\u00a0<\/p>\n\n\n\n<figure class=\"wp-block-image size-large\"><img decoding=\"async\" width=\"1024\" height=\"577\" src=\"https:\/\/www.apfelpatient.de\/wp-content\/uploads\/2020\/10\/12-2-1024x577.jpg\" alt=\"iPhone 12 Pro\" class=\"wp-image-15960\" srcset=\"https:\/\/www.apfelpatient.de\/wp-content\/uploads\/2020\/10\/12-2-1024x577.jpg 1024w, https:\/\/www.apfelpatient.de\/wp-content\/uploads\/2020\/10\/12-2-300x169.jpg 300w, https:\/\/www.apfelpatient.de\/wp-content\/uploads\/2020\/10\/12-2-768x432.jpg 768w, https:\/\/www.apfelpatient.de\/wp-content\/uploads\/2020\/10\/12-2-1536x865.jpg 1536w, https:\/\/www.apfelpatient.de\/wp-content\/uploads\/2020\/10\/12-2-750x422.jpg 750w, https:\/\/www.apfelpatient.de\/wp-content\/uploads\/2020\/10\/12-2-1140x642.jpg 1140w, https:\/\/www.apfelpatient.de\/wp-content\/uploads\/2020\/10\/12-2.jpg 1920w\" sizes=\"(max-width: 1024px) 100vw, 1024px\" \/><figcaption>Image: svetapple.sk<\/figcaption><\/figure>\n\n\n\n<h3 class=\"wp-block-heading\">iPhone 12: Will the notch remain unchanged?<\/h3>\n\n\n\n<p>If these prove to be true, we will see an iPhone that could resemble the original. A triple camera with LiDAR scanner is expected on the back. <\/p>\n\n\n\n<figure class=\"wp-block-image size-large\"><img decoding=\"async\" width=\"1024\" height=\"577\" src=\"https:\/\/www.apfelpatient.de\/wp-content\/uploads\/2020\/10\/2-2-1024x577.jpg\" alt=\"iPhone 12 Pro\" class=\"wp-image-15950\" srcset=\"https:\/\/www.apfelpatient.de\/wp-content\/uploads\/2020\/10\/2-2-1024x577.jpg 1024w, https:\/\/www.apfelpatient.de\/wp-content\/uploads\/2020\/10\/2-2-300x169.jpg 300w, https:\/\/www.apfelpatient.de\/wp-content\/uploads\/2020\/10\/2-2-768x432.jpg 768w, https:\/\/www.apfelpatient.de\/wp-content\/uploads\/2020\/10\/2-2-1536x865.jpg 1536w, https:\/\/www.apfelpatient.de\/wp-content\/uploads\/2020\/10\/2-2-750x422.jpg 750w, https:\/\/www.apfelpatient.de\/wp-content\/uploads\/2020\/10\/2-2-1140x642.jpg 1140w, https:\/\/www.apfelpatient.de\/wp-content\/uploads\/2020\/10\/2-2.jpg 1920w\" sizes=\"(max-width: 1024px) 100vw, 1024px\" \/><figcaption>Image: svetapple.sk<\/figcaption><\/figure>\n\n\n\n<p>The case design is to be aligned with the current iPad Pro. While the two cheaper iPhone 12 models are expected to have an aluminum case, Apple will give the Pro versions a stainless steel case. But what about the notch? Will Apple reduce the notch this year or not? The truth is quite simple - only Apple can answer that question. <\/p>\n\n\n\n<figure class=\"wp-block-image size-large\"><img decoding=\"async\" width=\"1024\" height=\"577\" src=\"https:\/\/www.apfelpatient.de\/wp-content\/uploads\/2020\/10\/5-2-1024x577.jpg\" alt=\"iPhone 12 Pro\" class=\"wp-image-15953\" srcset=\"https:\/\/www.apfelpatient.de\/wp-content\/uploads\/2020\/10\/5-2-1024x577.jpg 1024w, https:\/\/www.apfelpatient.de\/wp-content\/uploads\/2020\/10\/5-2-300x169.jpg 300w, https:\/\/www.apfelpatient.de\/wp-content\/uploads\/2020\/10\/5-2-768x432.jpg 768w, https:\/\/www.apfelpatient.de\/wp-content\/uploads\/2020\/10\/5-2-1536x865.jpg 1536w, https:\/\/www.apfelpatient.de\/wp-content\/uploads\/2020\/10\/5-2-750x422.jpg 750w, https:\/\/www.apfelpatient.de\/wp-content\/uploads\/2020\/10\/5-2-1140x642.jpg 1140w, https:\/\/www.apfelpatient.de\/wp-content\/uploads\/2020\/10\/5-2.jpg 1920w\" sizes=\"(max-width: 1024px) 100vw, 1024px\" \/><figcaption>Image: svetapple.sk<\/figcaption><\/figure>\n\n\n\n<p>However, if rumors are to be believed, this will remain unchanged. There were reports that a reduction of around 30 percent was conceivable. But these have since evaporated. The situation is different in the area of connectivity and display.\u00a0<\/p>\n\n\n\n<h3 class=\"wp-block-heading\">iPhone 12 Event: When will Apple announce the event?<\/h3>\n\n\n\n\n\n\n\n<p>It is firmly claimed that the new iPhone generation will have 5G support and OLED displays. This means that the cheaper models will also have the better display technology. The heart of this will be the brand new A14 chip. However, there are further differences in the area of storage space. If you believe some leakers, the two cheaper iPhone 12 devices will be available with 64, 128 and 256 GB, while the Pro versions will have 128, 256 and 512 GB. Be that as it may - if Apple does actually unveil the iPhone 12 series next week, a corresponding announcement should be made tomorrow at the latest. As a reminder: Apple announced the &quot;Time Flies&quot; event on September 15th exactly one week in advance, i.e. on September 8th. So we will be following tomorrow very closely. <em>(Image: svetapple.sk)<\/em><\/p>\n\n\n\n<ul class=\"wp-block-list\"><li><a href=\"https:\/\/www.apfelpatient.de\/en\/news\/shopping-event-amazon-announces-prime-day-2020\">Shopping Event: Amazon announces Prime Day 2020<\/a><\/li><\/ul>\n\n\n\n<h6 class=\"wp-block-heading translation-block\" id=\"h-kennt-ihr-schon-unsere-amazon-storefront-dort-findet-ihr-eine-handverlesene-auswahl-von-diversen-produkten-f-r-euer-iphone-und-co-viel-spa-beim-st-bern\"><em>Have you already visited our Amazon Storefront? There you&#039;ll find a hand-picked selection of various products for your iPhone and other devices \u2013 <span class=\"has-inline-color has-vivid-red-color\"><a href=\"https:\/\/www.amazon.de\/shop\/apfelpatientofficial\" class=\"ek-link\" data-wpel-link=\"exclude\" rel=\"follow noopener\" target=\"_self\"><span style=\"text-decoration: underline\" class=\"ek-underline\">enjoy browsing<\/span><\/a> !<\/span><\/em><\/h6>\n\n\n\n\n\n<h6 class=\"wp-block-heading translation-block\" id=\"h-der-beitrag-enthalt-partnerlinks\">This post contains <a data-type=\"URL\" data-id=\"https:\/\/www.apfelpatient.de\/partnerprogramm\" href=\"https:\/\/www.apfelpatient.de\/en\/partner-program\" data-wpel-link=\"internal\" target=\"_self\">affiliate links<\/a>.<\/h6>","protected":false},"excerpt":{"rendered":"<p>iPhone 12 presentation just around the corner: New concept images have now been released showing the 6.1-inch iPhone 12 Pro.<\/p>","protected":false},"author":2,"featured_media":15955,"comment_status":"closed","ping_status":"closed","sticky":false,"template":"","format":"standard","meta":{"jnews-multi-image_gallery":[],"jnews_single_post":{"subtitle":"","format":"standard","video":"","gallery":"","source_name":"","source_url":"","via_name":"","via_url":"","override":[{"single_blog_custom":"","sidebar":"","second_sidebar":"","share_position":"","share_float_style":"","post_date_format":"","post_date_format_custom":"","post_reading_time_wpm":"","zoom_button_out_step":"1","zoom_button_in_step":"1","number_popup_post":"1"}],"image_override":[{"single_post_thumbnail_size":"","single_post_gallery_size":""}],"trending_post_position":"","trending_post_label":"","sponsored_post_label":"","sponsored_post_name":"","sponsored_post_url":"","sponsored_post_logo":"","sponsored_post_desc":""},"jnews_primary_category":{"id":"25"},"footnotes":""},"categories":[25],"tags":[86,8,321,254],"class_list":["post-15962","post","type-post","status-publish","format-standard","has-post-thumbnail","hentry","category-rumors","tag-apple-event","tag-iphone","tag-iphone-12","tag-iphone-2020"],"yoast_head":"<!-- This site is optimized with the Yoast SEO Premium plugin v27.5 (Yoast SEO v27.5) - https:\/\/yoast.com\/product\/yoast-seo-premium-wordpress\/ -->\n<title>iPhone 12 Pro: Neue Konzeptbilder zeigen 6.1&quot; Modell Apfelpatient<\/title>\n<meta name=\"description\" content=\"iPhone 12 Pr\u00e4sentation vor der T\u00fcr: Nun wurden neue Konzeptbilder ver\u00f6ffentlicht, die das iPhone 12 Pro mit 6.1-Zoll zeigen.\" \/>\n<meta name=\"robots\" content=\"index, follow, max-snippet:-1, max-image-preview:large, max-video-preview:-1\" \/>\n<link rel=\"canonical\" href=\"https:\/\/www.apfelpatient.de\/en\/rumors\/iphone-12-pro-new-concept-images-show-6-1-model\" \/>\n<meta property=\"og:locale\" content=\"en_US\" \/>\n<meta property=\"og:type\" content=\"article\" \/>\n<meta property=\"og:title\" content=\"iPhone 12 Pro: Neue Konzeptbilder zeigen 6.1&quot; Modell\" \/>\n<meta property=\"og:description\" content=\"iPhone 12 Pr\u00e4sentation vor der T\u00fcr: Nun wurden neue Konzeptbilder ver\u00f6ffentlicht, die das iPhone 12 Pro mit 6.1-Zoll zeigen.\" \/>\n<meta property=\"og:url\" content=\"https:\/\/www.apfelpatient.de\/en\/rumors\/iphone-12-pro-new-concept-images-show-6-1-model\" \/>\n<meta property=\"og:site_name\" content=\"Apfelpatient\" \/>\n<meta property=\"article:publisher\" content=\"https:\/\/www.facebook.com\/apfelpatientOfficial\" \/>\n<meta property=\"article:author\" content=\"https:\/\/www.facebook.com\/apfelpatientOfficial\" \/>\n<meta property=\"article:published_time\" content=\"2020-10-05T13:46:06+00:00\" \/>\n<meta property=\"article:modified_time\" content=\"2020-10-05T13:46:07+00:00\" \/>\n<meta property=\"og:image\" content=\"https:\/\/www.apfelpatient.de\/wp-content\/uploads\/2020\/10\/7-2.jpg\" \/>\n\t<meta property=\"og:image:width\" content=\"1920\" \/>\n\t<meta property=\"og:image:height\" content=\"1081\" \/>\n\t<meta property=\"og:image:type\" content=\"image\/jpeg\" \/>\n<meta name=\"author\" content=\"Milan\" \/>\n<meta name=\"twitter:card\" content=\"summary_large_image\" \/>\n<meta name=\"twitter:description\" content=\"iPhone 12 Pr\u00e4sentation vor der T\u00fcr: Nun wurden neue Konzeptbilder ver\u00f6ffentlicht, die das iPhone 12 Pro mit 6.1-Zoll zeigen.\" \/>\n<meta name=\"twitter:label1\" content=\"Written by\" \/>\n\t<meta name=\"twitter:data1\" content=\"Milan\" \/>\n\t<meta name=\"twitter:label2\" content=\"Est. reading time\" \/>\n\t<meta name=\"twitter:data2\" content=\"2 minutes\" \/>\n<script type=\"application\/ld+json\" class=\"yoast-schema-graph\">{\"@context\":\"https:\\\/\\\/schema.org\",\"@graph\":[{\"@type\":\"NewsArticle\",\"@id\":\"https:\\\/\\\/www.apfelpatient.de\\\/rumors\\\/iphone-12-pro-neue-konzeptbilder-zeigen-6-1-modell#article\",\"isPartOf\":{\"@id\":\"https:\\\/\\\/www.apfelpatient.de\\\/rumors\\\/iphone-12-pro-neue-konzeptbilder-zeigen-6-1-modell\"},\"author\":{\"@type\":\"Organization\",\"@id\":\"https:\\\/\\\/www.apfelpatient.de\\\/en\\\/#organization\",\"name\":\"Apfelpatient\",\"url\":\"https:\\\/\\\/www.apfelpatient.de\\\/en\\\/\"},\"headline\":\"iPhone 12 Pro: Neue Konzeptbilder zeigen 6.1&#8243; Modell\",\"datePublished\":\"2020-10-05T13:46:06+00:00\",\"dateModified\":\"2020-10-05T13:46:07+00:00\",\"mainEntityOfPage\":{\"@id\":\"https:\\\/\\\/www.apfelpatient.de\\\/rumors\\\/iphone-12-pro-neue-konzeptbilder-zeigen-6-1-modell\"},\"wordCount\":411,\"publisher\":{\"@type\":\"Organization\",\"@id\":\"https:\\\/\\\/www.apfelpatient.de\\\/en\\\/#organization\",\"name\":\"Apfelpatient\",\"url\":\"https:\\\/\\\/www.apfelpatient.de\\\/en\\\/\"},\"image\":{\"@id\":\"https:\\\/\\\/www.apfelpatient.de\\\/rumors\\\/iphone-12-pro-neue-konzeptbilder-zeigen-6-1-modell#primaryimage\"},\"thumbnailUrl\":\"https:\\\/\\\/www.apfelpatient.de\\\/wp-content\\\/uploads\\\/2020\\\/10\\\/7-2.jpg\",\"keywords\":[\"Apple Event\",\"iPhone\",\"iPhone 12\",\"iPhone 2020\"],\"articleSection\":\"Rumors\",\"inLanguage\":\"en-US\",\"copyrightYear\":\"2020\",\"copyrightHolder\":{\"@id\":\"https:\\\/\\\/www.apfelpatient.de\\\/en\\\/#organization\"}},{\"@type\":\"WebPage\",\"@id\":\"https:\\\/\\\/www.apfelpatient.de\\\/rumors\\\/iphone-12-pro-neue-konzeptbilder-zeigen-6-1-modell\",\"url\":\"https:\\\/\\\/www.apfelpatient.de\\\/rumors\\\/iphone-12-pro-neue-konzeptbilder-zeigen-6-1-modell\",\"name\":\"iPhone 12 Pro: Neue Konzeptbilder zeigen 6.1\\\" Modell Apfelpatient\",\"isPartOf\":{\"@id\":\"https:\\\/\\\/www.apfelpatient.de\\\/#website\"},\"primaryImageOfPage\":{\"@id\":\"https:\\\/\\\/www.apfelpatient.de\\\/rumors\\\/iphone-12-pro-neue-konzeptbilder-zeigen-6-1-modell#primaryimage\"},\"image\":{\"@id\":\"https:\\\/\\\/www.apfelpatient.de\\\/rumors\\\/iphone-12-pro-neue-konzeptbilder-zeigen-6-1-modell#primaryimage\"},\"thumbnailUrl\":\"https:\\\/\\\/www.apfelpatient.de\\\/wp-content\\\/uploads\\\/2020\\\/10\\\/7-2.jpg\",\"datePublished\":\"2020-10-05T13:46:06+00:00\",\"dateModified\":\"2020-10-05T13:46:07+00:00\",\"description\":\"iPhone 12 Pr\u00e4sentation vor der T\u00fcr: Nun wurden neue Konzeptbilder ver\u00f6ffentlicht, die das iPhone 12 Pro mit 6.1-Zoll zeigen.\",\"breadcrumb\":{\"@id\":\"https:\\\/\\\/www.apfelpatient.de\\\/rumors\\\/iphone-12-pro-neue-konzeptbilder-zeigen-6-1-modell#breadcrumb\"},\"inLanguage\":\"en-US\",\"potentialAction\":[{\"@type\":\"ReadAction\",\"target\":[\"https:\\\/\\\/www.apfelpatient.de\\\/rumors\\\/iphone-12-pro-neue-konzeptbilder-zeigen-6-1-modell\"]}]},{\"@type\":\"ImageObject\",\"inLanguage\":\"en-US\",\"@id\":\"https:\\\/\\\/www.apfelpatient.de\\\/rumors\\\/iphone-12-pro-neue-konzeptbilder-zeigen-6-1-modell#primaryimage\",\"url\":\"https:\\\/\\\/www.apfelpatient.de\\\/wp-content\\\/uploads\\\/2020\\\/10\\\/7-2.jpg\",\"contentUrl\":\"https:\\\/\\\/www.apfelpatient.de\\\/wp-content\\\/uploads\\\/2020\\\/10\\\/7-2.jpg\",\"width\":1920,\"height\":1081,\"caption\":\"Bild: svetapple.sk\"},{\"@type\":\"BreadcrumbList\",\"@id\":\"https:\\\/\\\/www.apfelpatient.de\\\/rumors\\\/iphone-12-pro-neue-konzeptbilder-zeigen-6-1-modell#breadcrumb\",\"itemListElement\":[{\"@type\":\"ListItem\",\"position\":1,\"name\":\"Startseite\",\"item\":\"https:\\\/\\\/www.apfelpatient.de\\\/\"},{\"@type\":\"ListItem\",\"position\":2,\"name\":\"iPhone 12 Pro: Neue Konzeptbilder zeigen 6.1&#8243; Modell\"}]},{\"@type\":\"WebSite\",\"@id\":\"https:\\\/\\\/www.apfelpatient.de\\\/#website\",\"url\":\"https:\\\/\\\/www.apfelpatient.de\\\/\",\"name\":\"Apfelpatient\",\"description\":\"Alles rund um Apple!\",\"publisher\":{\"@type\":\"Organization\",\"@id\":\"https:\\\/\\\/www.apfelpatient.de\\\/en\\\/#organization\",\"name\":\"Apfelpatient\",\"url\":\"https:\\\/\\\/www.apfelpatient.de\\\/en\\\/\"},\"alternateName\":\"Apfelpatient\",\"potentialAction\":[{\"@type\":\"SearchAction\",\"target\":{\"@type\":\"EntryPoint\",\"urlTemplate\":\"https:\\\/\\\/www.apfelpatient.de\\\/?s={search_term_string}\"},\"query-input\":{\"@type\":\"PropertyValueSpecification\",\"valueRequired\":true,\"valueName\":\"search_term_string\"}}],\"inLanguage\":\"en-US\"},{\"@type\":[\"Person\",\"Organization\"],\"@id\":\"https:\\\/\\\/www.apfelpatient.de\\\/#\\\/schema\\\/person\\\/35b3ddba5832f2bfc7fff5206d4f6b7b\",\"name\":\"Milan\",\"logo\":{\"@id\":\"https:\\\/\\\/www.apfelpatient.de\\\/#\\\/schema\\\/person\\\/image\\\/\"},\"description\":\"Hallo und herzlich willkommen auf meinem Technik-Blog! Als gro\u00dfer Apple-Fan berichte ich hier \u00fcber alles, was mit Apple zu tun hat: von den neuesten News und spannenden Ger\u00fcchten \u00fcber hilfreiche Tipps und Tricks bis hin zu ausf\u00fchrlichen Produkttests. Wenn du genauso technikbegeistert bist wie ich, bist du hier genau richtig!\",\"sameAs\":[\"https:\\\/\\\/www.facebook.com\\\/apfelpatientOfficial\",\"https:\\\/\\\/www.linkedin.com\\\/in\\\/milan-jovicic-42aa0231b\"],\"url\":\"https:\\\/\\\/www.apfelpatient.de\\\/en\\\/author\\\/apfeladmin\"}]}<\/script>\n<!-- \/ Yoast SEO Premium plugin. -->","yoast_head_json":{"title":"iPhone 12 Pro: New concept images show 6.1&quot; model Apfelpatient","description":"iPhone 12 presentation just around the corner: New concept images have now been released showing the 6.1-inch iPhone 12 Pro.","robots":{"index":"index","follow":"follow","max-snippet":"max-snippet:-1","max-image-preview":"max-image-preview:large","max-video-preview":"max-video-preview:-1"},"canonical":"https:\/\/www.apfelpatient.de\/en\/rumors\/iphone-12-pro-new-concept-images-show-6-1-model","og_locale":"en_US","og_type":"article","og_title":"iPhone 12 Pro: Neue Konzeptbilder zeigen 6.1\" Modell","og_description":"iPhone 12 Pr\u00e4sentation vor der T\u00fcr: Nun wurden neue Konzeptbilder ver\u00f6ffentlicht, die das iPhone 12 Pro mit 6.1-Zoll zeigen.","og_url":"https:\/\/www.apfelpatient.de\/en\/rumors\/iphone-12-pro-new-concept-images-show-6-1-model","og_site_name":"Apfelpatient","article_publisher":"https:\/\/www.facebook.com\/apfelpatientOfficial","article_author":"https:\/\/www.facebook.com\/apfelpatientOfficial","article_published_time":"2020-10-05T13:46:06+00:00","article_modified_time":"2020-10-05T13:46:07+00:00","og_image":[{"width":1920,"height":1081,"url":"https:\/\/www.apfelpatient.de\/wp-content\/uploads\/2020\/10\/7-2.jpg","type":"image\/jpeg"}],"author":"Milan","twitter_card":"summary_large_image","twitter_description":"iPhone 12 Pr\u00e4sentation vor der T\u00fcr: Nun wurden neue Konzeptbilder ver\u00f6ffentlicht, die das iPhone 12 Pro mit 6.1-Zoll zeigen.","twitter_misc":{"Written by":"Milan","Est. reading time":"2 minutes"},"schema":{"@context":"https:\/\/schema.org","@graph":[{"@type":"NewsArticle","@id":"https:\/\/www.apfelpatient.de\/rumors\/iphone-12-pro-neue-konzeptbilder-zeigen-6-1-modell#article","isPartOf":{"@id":"https:\/\/www.apfelpatient.de\/rumors\/iphone-12-pro-neue-konzeptbilder-zeigen-6-1-modell"},"author":{"@type":"Organization","@id":"https:\/\/www.apfelpatient.de\/en\/#organization","name":"Apfelpatient","url":"https:\/\/www.apfelpatient.de\/en\/"},"headline":"iPhone 12 Pro: Neue Konzeptbilder zeigen 6.1&#8243; Modell","datePublished":"2020-10-05T13:46:06+00:00","dateModified":"2020-10-05T13:46:07+00:00","mainEntityOfPage":{"@id":"https:\/\/www.apfelpatient.de\/rumors\/iphone-12-pro-neue-konzeptbilder-zeigen-6-1-modell"},"wordCount":411,"publisher":{"@type":"Organization","@id":"https:\/\/www.apfelpatient.de\/en\/#organization","name":"Apfelpatient","url":"https:\/\/www.apfelpatient.de\/en\/"},"image":{"@id":"https:\/\/www.apfelpatient.de\/rumors\/iphone-12-pro-neue-konzeptbilder-zeigen-6-1-modell#primaryimage"},"thumbnailUrl":"https:\/\/www.apfelpatient.de\/wp-content\/uploads\/2020\/10\/7-2.jpg","keywords":["Apple Event","iPhone","iPhone 12","iPhone 2020"],"articleSection":"Rumors","inLanguage":"en-US","copyrightYear":"2020","copyrightHolder":{"@id":"https:\/\/www.apfelpatient.de\/en\/#organization"}},{"@type":"WebPage","@id":"https:\/\/www.apfelpatient.de\/rumors\/iphone-12-pro-neue-konzeptbilder-zeigen-6-1-modell","url":"https:\/\/www.apfelpatient.de\/rumors\/iphone-12-pro-neue-konzeptbilder-zeigen-6-1-modell","name":"iPhone 12 Pro: New concept images show 6.1&quot; model Apfelpatient","isPartOf":{"@id":"https:\/\/www.apfelpatient.de\/#website"},"primaryImageOfPage":{"@id":"https:\/\/www.apfelpatient.de\/rumors\/iphone-12-pro-neue-konzeptbilder-zeigen-6-1-modell#primaryimage"},"image":{"@id":"https:\/\/www.apfelpatient.de\/rumors\/iphone-12-pro-neue-konzeptbilder-zeigen-6-1-modell#primaryimage"},"thumbnailUrl":"https:\/\/www.apfelpatient.de\/wp-content\/uploads\/2020\/10\/7-2.jpg","datePublished":"2020-10-05T13:46:06+00:00","dateModified":"2020-10-05T13:46:07+00:00","description":"iPhone 12 presentation just around the corner: New concept images have now been released showing the 6.1-inch iPhone 12 Pro.","breadcrumb":{"@id":"https:\/\/www.apfelpatient.de\/rumors\/iphone-12-pro-neue-konzeptbilder-zeigen-6-1-modell#breadcrumb"},"inLanguage":"en-US","potentialAction":[{"@type":"ReadAction","target":["https:\/\/www.apfelpatient.de\/rumors\/iphone-12-pro-neue-konzeptbilder-zeigen-6-1-modell"]}]},{"@type":"ImageObject","inLanguage":"en-US","@id":"https:\/\/www.apfelpatient.de\/rumors\/iphone-12-pro-neue-konzeptbilder-zeigen-6-1-modell#primaryimage","url":"https:\/\/www.apfelpatient.de\/wp-content\/uploads\/2020\/10\/7-2.jpg","contentUrl":"https:\/\/www.apfelpatient.de\/wp-content\/uploads\/2020\/10\/7-2.jpg","width":1920,"height":1081,"caption":"Bild: svetapple.sk"},{"@type":"BreadcrumbList","@id":"https:\/\/www.apfelpatient.de\/rumors\/iphone-12-pro-neue-konzeptbilder-zeigen-6-1-modell#breadcrumb","itemListElement":[{"@type":"ListItem","position":1,"name":"Startseite","item":"https:\/\/www.apfelpatient.de\/"},{"@type":"ListItem","position":2,"name":"iPhone 12 Pro: Neue Konzeptbilder zeigen 6.1&#8243; Modell"}]},{"@type":"WebSite","@id":"https:\/\/www.apfelpatient.de\/#website","url":"https:\/\/www.apfelpatient.de\/","name":"apple patient","description":"Everything about Apple!","publisher":{"@type":"Organization","@id":"https:\/\/www.apfelpatient.de\/en\/#organization","name":"Apfelpatient","url":"https:\/\/www.apfelpatient.de\/en\/"},"alternateName":"Apfelpatient","potentialAction":[{"@type":"SearchAction","target":{"@type":"EntryPoint","urlTemplate":"https:\/\/www.apfelpatient.de\/?s={search_term_string}"},"query-input":{"@type":"PropertyValueSpecification","valueRequired":true,"valueName":"search_term_string"}}],"inLanguage":"en-US"},{"@type":["Person","Organization"],"@id":"https:\/\/www.apfelpatient.de\/#\/schema\/person\/35b3ddba5832f2bfc7fff5206d4f6b7b","name":"Milan","logo":{"@id":"https:\/\/www.apfelpatient.de\/#\/schema\/person\/image\/"},"description":"Hello and welcome to my technology blog! As a big Apple fan, I report on everything to do with Apple: from the latest news and exciting rumors to helpful tips and tricks and detailed product tests. If you are as enthusiastic about technology as I am, you have come to the right place!","sameAs":["https:\/\/www.facebook.com\/apfelpatientOfficial","https:\/\/www.linkedin.com\/in\/milan-jovicic-42aa0231b"],"url":"https:\/\/www.apfelpatient.de\/en\/author\/apfeladmin"}]}},"_links":{"self":[{"href":"https:\/\/www.apfelpatient.de\/en\/wp-json\/wp\/v2\/posts\/15962","targetHints":{"allow":["GET"]}}],"collection":[{"href":"https:\/\/www.apfelpatient.de\/en\/wp-json\/wp\/v2\/posts"}],"about":[{"href":"https:\/\/www.apfelpatient.de\/en\/wp-json\/wp\/v2\/types\/post"}],"author":[{"embeddable":true,"href":"https:\/\/www.apfelpatient.de\/en\/wp-json\/wp\/v2\/users\/2"}],"replies":[{"embeddable":true,"href":"https:\/\/www.apfelpatient.de\/en\/wp-json\/wp\/v2\/comments?post=15962"}],"version-history":[{"count":0,"href":"https:\/\/www.apfelpatient.de\/en\/wp-json\/wp\/v2\/posts\/15962\/revisions"}],"wp:featuredmedia":[{"embeddable":true,"href":"https:\/\/www.apfelpatient.de\/en\/wp-json\/wp\/v2\/media\/15955"}],"wp:attachment":[{"href":"https:\/\/www.apfelpatient.de\/en\/wp-json\/wp\/v2\/media?parent=15962"}],"wp:term":[{"taxonomy":"category","embeddable":true,"href":"https:\/\/www.apfelpatient.de\/en\/wp-json\/wp\/v2\/categories?post=15962"},{"taxonomy":"post_tag","embeddable":true,"href":"https:\/\/www.apfelpatient.de\/en\/wp-json\/wp\/v2\/tags?post=15962"}],"curies":[{"name":"wp","href":"https:\/\/api.w.org\/{rel}","templated":true}]}}