{"id":1593,"date":"2018-08-14T16:28:13","date_gmt":"2018-08-14T14:28:13","guid":{"rendered":"https:\/\/www.apfelpatient.de\/?p=1593"},"modified":"2025-02-06T07:05:53","modified_gmt":"2025-02-06T06:05:53","slug":"2018-iphones-mass-production-already-started","status":"publish","type":"post","link":"https:\/\/www.apfelpatient.de\/en\/news\/2018-iphones-massenproduktion-bereits-angelaufen","title":{"rendered":"2018 iPhones: Mass production already started"},"content":{"rendered":"<p><strong>In September it&#039;s time - Apple&#039;s keynote, the hottest show of the year is as certain as amen in church. There are supposed to be three new iPhone models. Two OLED devices with 5.8&quot; and 6.5&quot; each as well as an LCD iPhone with 6.1&quot; await us.<\/strong><\/p>\n\n<p>The biggest innovation: All models will follow the current iPhone X, Touch ID is a thing of the past. The 3D facial recognition Face ID is not only more secure but also more convenient and intuitive.<\/p>\n<p><strong>regular producer Foxconn<\/strong><\/p>\n<p>Production of the new devices is said to be in full swing. Apple chose <em>Foxconn<\/em>The Taiwanese-Chinese company is once again the main supplier in this case. A much smaller part of the devices is to be supplied by\u00a0<em>Foxconn<\/em>-Competitor<em>\u00a0Pegatron<\/em> be produced. <em>Wistron<\/em> is also said to be involved, but this rumor could not be confirmed. In addition, Apple is said to be involved, according to the business newspaper <em>Economic Daily News<\/em> all component suppliers have been officially certified. Production usually begins one month before sales start \u2013 i.e. in mid-September.<\/p>\n\n<p>Last year, Apple took more time, which is rather unusual for the iGroup. The first iPhone X models did not go on sale until November.<\/p>\n<p><strong>2018 iPhones: This is what Apple will deliver to us<\/strong><\/p>\n<p>For the first time, Apple will install a 512 GB flash memory in an iPhone, according to the rumor mill. What else can we expect \u2013 you can <em><strong><a href=\"https:\/\/www.apfelpatient.de\/en\">read here<\/a><\/strong><\/em>.<\/p>","protected":false},"excerpt":{"rendered":"<p>Im September ist es soweit \u2013 Apples Keynote, die hei\u00dfeste Show des Jahres ist so sicher wie das Amen in der Kirche. Drei neue iPhone Modelle sollen es werden. Zwei OLED-Ger\u00e4te mit je 5.8\u201c und 6.5\u201c sowie ein LCD-iPhone mit 6.1\u201c erwarten uns. Die gr\u00f6\u00dfte Neuerung: Alle Modelle werden dem aktuellen iPhone X folgen, Touch [&hellip;]<\/p>\n","protected":false},"author":2,"featured_media":1465,"comment_status":"open","ping_status":"open","sticky":false,"template":"","format":"standard","meta":{"jnews-multi-image_gallery":[],"jnews_single_post":[],"jnews_primary_category":[],"footnotes":""},"categories":[9],"tags":[8,88,38,39],"class_list":["post-1593","post","type-post","status-publish","format-standard","has-post-thumbnail","hentry","category-news","tag-iphone","tag-iphone-lcd","tag-iphone-x","tag-iphone-x-plus"],"yoast_head":"<!-- This site is optimized with the Yoast SEO Premium plugin v27.5 (Yoast SEO v27.5) - https:\/\/yoast.com\/product\/yoast-seo-premium-wordpress\/ -->\n<title>2018 iPhones:\u00a0Massenproduktion bereits angelaufen Apfelpatient<\/title>\n<meta name=\"description\" content=\"Im September ist es soweit \u2013 Apples Keynote, die hei\u00dfeste Show des Jahres ist so sicher wie das Amen in der Kirche. Drei neue iPhone Modelle sollen es\" \/>\n<meta name=\"robots\" content=\"index, follow, max-snippet:-1, max-image-preview:large, max-video-preview:-1\" \/>\n<link rel=\"canonical\" href=\"https:\/\/www.apfelpatient.de\/en\/news\/2018-iphones-mass-production-already-started\" \/>\n<meta property=\"og:locale\" content=\"en_US\" \/>\n<meta property=\"og:type\" content=\"article\" \/>\n<meta property=\"og:title\" content=\"2018 iPhones:\u00a0Massenproduktion bereits angelaufen\" \/>\n<meta property=\"og:description\" content=\"Im September ist es soweit \u2013 Apples Keynote, die hei\u00dfeste Show des Jahres ist so sicher wie das Amen in der Kirche. Drei neue iPhone Modelle sollen es\" \/>\n<meta property=\"og:url\" content=\"https:\/\/www.apfelpatient.de\/en\/news\/2018-iphones-mass-production-already-started\" \/>\n<meta property=\"og:site_name\" content=\"Apfelpatient\" \/>\n<meta property=\"article:publisher\" content=\"https:\/\/www.facebook.com\/apfelpatientOfficial\" \/>\n<meta property=\"article:author\" content=\"https:\/\/www.facebook.com\/apfelpatientOfficial\" \/>\n<meta property=\"article:published_time\" content=\"2018-08-14T14:28:13+00:00\" \/>\n<meta property=\"article:modified_time\" content=\"2025-02-06T06:05:53+00:00\" \/>\n<meta property=\"og:image\" content=\"https:\/\/www.apfelpatient.de\/wp-content\/uploads\/2018\/06\/tyler-lastovich-720384-unsplash.jpg\" \/>\n\t<meta property=\"og:image:width\" content=\"1024\" \/>\n\t<meta property=\"og:image:height\" content=\"753\" \/>\n\t<meta property=\"og:image:type\" content=\"image\/jpeg\" \/>\n<meta name=\"author\" content=\"Milan\" \/>\n<meta name=\"twitter:card\" content=\"summary_large_image\" \/>\n<meta name=\"twitter:label1\" content=\"Written by\" \/>\n\t<meta name=\"twitter:data1\" content=\"Milan\" \/>\n\t<meta name=\"twitter:label2\" content=\"Est. reading time\" \/>\n\t<meta name=\"twitter:data2\" content=\"1 minute\" \/>\n<script type=\"application\/ld+json\" class=\"yoast-schema-graph\">{\"@context\":\"https:\\\/\\\/schema.org\",\"@graph\":[{\"@type\":\"NewsArticle\",\"@id\":\"https:\\\/\\\/www.apfelpatient.de\\\/news\\\/2018-iphones-massenproduktion-bereits-angelaufen#article\",\"isPartOf\":{\"@id\":\"https:\\\/\\\/www.apfelpatient.de\\\/news\\\/2018-iphones-massenproduktion-bereits-angelaufen\"},\"author\":{\"@type\":\"Organization\",\"@id\":\"https:\\\/\\\/www.apfelpatient.de\\\/en\\\/#organization\",\"name\":\"Apfelpatient\",\"url\":\"https:\\\/\\\/www.apfelpatient.de\\\/en\\\/\"},\"headline\":\"2018 iPhones:\u00a0Massenproduktion bereits angelaufen\",\"datePublished\":\"2018-08-14T14:28:13+00:00\",\"dateModified\":\"2025-02-06T06:05:53+00:00\",\"mainEntityOfPage\":{\"@id\":\"https:\\\/\\\/www.apfelpatient.de\\\/news\\\/2018-iphones-massenproduktion-bereits-angelaufen\"},\"wordCount\":230,\"commentCount\":0,\"publisher\":{\"@type\":\"Organization\",\"@id\":\"https:\\\/\\\/www.apfelpatient.de\\\/en\\\/#organization\",\"name\":\"Apfelpatient\",\"url\":\"https:\\\/\\\/www.apfelpatient.de\\\/en\\\/\"},\"image\":{\"@id\":\"https:\\\/\\\/www.apfelpatient.de\\\/news\\\/2018-iphones-massenproduktion-bereits-angelaufen#primaryimage\"},\"thumbnailUrl\":\"https:\\\/\\\/www.apfelpatient.de\\\/wp-content\\\/uploads\\\/2018\\\/06\\\/tyler-lastovich-720384-unsplash.jpg\",\"keywords\":[\"iPhone\",\"iPhone LCD\",\"iPhone X\",\"iPhone X Plus\"],\"articleSection\":\"News\",\"inLanguage\":\"en-US\",\"potentialAction\":[{\"@type\":\"CommentAction\",\"name\":\"Comment\",\"target\":[\"https:\\\/\\\/www.apfelpatient.de\\\/news\\\/2018-iphones-massenproduktion-bereits-angelaufen#respond\"]}],\"copyrightYear\":\"2018\",\"copyrightHolder\":{\"@id\":\"https:\\\/\\\/www.apfelpatient.de\\\/en\\\/#organization\"}},{\"@type\":\"WebPage\",\"@id\":\"https:\\\/\\\/www.apfelpatient.de\\\/news\\\/2018-iphones-massenproduktion-bereits-angelaufen\",\"url\":\"https:\\\/\\\/www.apfelpatient.de\\\/news\\\/2018-iphones-massenproduktion-bereits-angelaufen\",\"name\":\"2018 iPhones:\u00a0Massenproduktion bereits angelaufen Apfelpatient\",\"isPartOf\":{\"@id\":\"https:\\\/\\\/www.apfelpatient.de\\\/#website\"},\"primaryImageOfPage\":{\"@id\":\"https:\\\/\\\/www.apfelpatient.de\\\/news\\\/2018-iphones-massenproduktion-bereits-angelaufen#primaryimage\"},\"image\":{\"@id\":\"https:\\\/\\\/www.apfelpatient.de\\\/news\\\/2018-iphones-massenproduktion-bereits-angelaufen#primaryimage\"},\"thumbnailUrl\":\"https:\\\/\\\/www.apfelpatient.de\\\/wp-content\\\/uploads\\\/2018\\\/06\\\/tyler-lastovich-720384-unsplash.jpg\",\"datePublished\":\"2018-08-14T14:28:13+00:00\",\"dateModified\":\"2025-02-06T06:05:53+00:00\",\"description\":\"Im September ist es soweit \u2013 Apples Keynote, die hei\u00dfeste Show des Jahres ist so sicher wie das Amen in der Kirche. Drei neue iPhone Modelle sollen es\",\"breadcrumb\":{\"@id\":\"https:\\\/\\\/www.apfelpatient.de\\\/news\\\/2018-iphones-massenproduktion-bereits-angelaufen#breadcrumb\"},\"inLanguage\":\"en-US\",\"potentialAction\":[{\"@type\":\"ReadAction\",\"target\":[\"https:\\\/\\\/www.apfelpatient.de\\\/news\\\/2018-iphones-massenproduktion-bereits-angelaufen\"]}]},{\"@type\":\"ImageObject\",\"inLanguage\":\"en-US\",\"@id\":\"https:\\\/\\\/www.apfelpatient.de\\\/news\\\/2018-iphones-massenproduktion-bereits-angelaufen#primaryimage\",\"url\":\"https:\\\/\\\/www.apfelpatient.de\\\/wp-content\\\/uploads\\\/2018\\\/06\\\/tyler-lastovich-720384-unsplash.jpg\",\"contentUrl\":\"https:\\\/\\\/www.apfelpatient.de\\\/wp-content\\\/uploads\\\/2018\\\/06\\\/tyler-lastovich-720384-unsplash.jpg\",\"width\":3885,\"height\":2857,\"caption\":\"Photo by Unsplash\"},{\"@type\":\"BreadcrumbList\",\"@id\":\"https:\\\/\\\/www.apfelpatient.de\\\/news\\\/2018-iphones-massenproduktion-bereits-angelaufen#breadcrumb\",\"itemListElement\":[{\"@type\":\"ListItem\",\"position\":1,\"name\":\"Startseite\",\"item\":\"https:\\\/\\\/www.apfelpatient.de\\\/\"},{\"@type\":\"ListItem\",\"position\":2,\"name\":\"2018 iPhones:\u00a0Massenproduktion bereits angelaufen\"}]},{\"@type\":\"WebSite\",\"@id\":\"https:\\\/\\\/www.apfelpatient.de\\\/#website\",\"url\":\"https:\\\/\\\/www.apfelpatient.de\\\/\",\"name\":\"Apfelpatient\",\"description\":\"Alles rund um Apple!\",\"publisher\":{\"@type\":\"Organization\",\"@id\":\"https:\\\/\\\/www.apfelpatient.de\\\/en\\\/#organization\",\"name\":\"Apfelpatient\",\"url\":\"https:\\\/\\\/www.apfelpatient.de\\\/en\\\/\"},\"alternateName\":\"Apfelpatient\",\"potentialAction\":[{\"@type\":\"SearchAction\",\"target\":{\"@type\":\"EntryPoint\",\"urlTemplate\":\"https:\\\/\\\/www.apfelpatient.de\\\/?s={search_term_string}\"},\"query-input\":{\"@type\":\"PropertyValueSpecification\",\"valueRequired\":true,\"valueName\":\"search_term_string\"}}],\"inLanguage\":\"en-US\"},{\"@type\":[\"Person\",\"Organization\"],\"@id\":\"https:\\\/\\\/www.apfelpatient.de\\\/#\\\/schema\\\/person\\\/7dc56ad6c8e9824b76d2c08d4c140e13\",\"name\":\"Milan\",\"logo\":{\"@id\":\"https:\\\/\\\/www.apfelpatient.de\\\/#\\\/schema\\\/person\\\/image\\\/\"},\"description\":\"Hallo und herzlich willkommen auf meinem Technik-Blog! Als gro\u00dfer Apple-Fan berichte ich hier \u00fcber alles, was mit Apple zu tun hat: von den neuesten News und spannenden Ger\u00fcchten \u00fcber hilfreiche Tipps und Tricks bis hin zu ausf\u00fchrlichen Produkttests. Wenn du genauso technikbegeistert bist wie ich, bist du hier genau richtig!\",\"sameAs\":[\"https:\\\/\\\/www.facebook.com\\\/apfelpatientOfficial\",\"https:\\\/\\\/www.linkedin.com\\\/in\\\/milan-jovicic-42aa0231b\"],\"url\":\"https:\\\/\\\/www.apfelpatient.de\\\/en\\\/author\\\/apfeladmin\"}]}<\/script>\n<!-- \/ Yoast SEO Premium plugin. -->","yoast_head_json":{"title":"2018 iPhones: Mass production already started Apfelpatient","description":"In September it will be time \u2013 Apple\u2019s keynote, the hottest show of the year is as certain as amen in church. Three new iPhone models are expected to be","robots":{"index":"index","follow":"follow","max-snippet":"max-snippet:-1","max-image-preview":"max-image-preview:large","max-video-preview":"max-video-preview:-1"},"canonical":"https:\/\/www.apfelpatient.de\/en\/news\/2018-iphones-mass-production-already-started","og_locale":"en_US","og_type":"article","og_title":"2018 iPhones:\u00a0Massenproduktion bereits angelaufen","og_description":"Im September ist es soweit \u2013 Apples Keynote, die hei\u00dfeste Show des Jahres ist so sicher wie das Amen in der Kirche. Drei neue iPhone Modelle sollen es","og_url":"https:\/\/www.apfelpatient.de\/en\/news\/2018-iphones-mass-production-already-started","og_site_name":"Apfelpatient","article_publisher":"https:\/\/www.facebook.com\/apfelpatientOfficial","article_author":"https:\/\/www.facebook.com\/apfelpatientOfficial","article_published_time":"2018-08-14T14:28:13+00:00","article_modified_time":"2025-02-06T06:05:53+00:00","og_image":[{"url":"https:\/\/www.apfelpatient.de\/wp-content\/uploads\/2018\/06\/tyler-lastovich-720384-unsplash.jpg","width":1024,"height":753,"type":"image\/jpeg"}],"author":"Milan","twitter_card":"summary_large_image","twitter_misc":{"Written by":"Milan","Est. reading time":"1 minute"},"schema":{"@context":"https:\/\/schema.org","@graph":[{"@type":"NewsArticle","@id":"https:\/\/www.apfelpatient.de\/news\/2018-iphones-massenproduktion-bereits-angelaufen#article","isPartOf":{"@id":"https:\/\/www.apfelpatient.de\/news\/2018-iphones-massenproduktion-bereits-angelaufen"},"author":{"@type":"Organization","@id":"https:\/\/www.apfelpatient.de\/en\/#organization","name":"Apfelpatient","url":"https:\/\/www.apfelpatient.de\/en\/"},"headline":"2018 iPhones:\u00a0Massenproduktion bereits angelaufen","datePublished":"2018-08-14T14:28:13+00:00","dateModified":"2025-02-06T06:05:53+00:00","mainEntityOfPage":{"@id":"https:\/\/www.apfelpatient.de\/news\/2018-iphones-massenproduktion-bereits-angelaufen"},"wordCount":230,"commentCount":0,"publisher":{"@type":"Organization","@id":"https:\/\/www.apfelpatient.de\/en\/#organization","name":"Apfelpatient","url":"https:\/\/www.apfelpatient.de\/en\/"},"image":{"@id":"https:\/\/www.apfelpatient.de\/news\/2018-iphones-massenproduktion-bereits-angelaufen#primaryimage"},"thumbnailUrl":"https:\/\/www.apfelpatient.de\/wp-content\/uploads\/2018\/06\/tyler-lastovich-720384-unsplash.jpg","keywords":["iPhone","iPhone LCD","iPhone X","iPhone X Plus"],"articleSection":"News","inLanguage":"en-US","potentialAction":[{"@type":"CommentAction","name":"Comment","target":["https:\/\/www.apfelpatient.de\/news\/2018-iphones-massenproduktion-bereits-angelaufen#respond"]}],"copyrightYear":"2018","copyrightHolder":{"@id":"https:\/\/www.apfelpatient.de\/en\/#organization"}},{"@type":"WebPage","@id":"https:\/\/www.apfelpatient.de\/news\/2018-iphones-massenproduktion-bereits-angelaufen","url":"https:\/\/www.apfelpatient.de\/news\/2018-iphones-massenproduktion-bereits-angelaufen","name":"2018 iPhones: Mass production already started Apfelpatient","isPartOf":{"@id":"https:\/\/www.apfelpatient.de\/#website"},"primaryImageOfPage":{"@id":"https:\/\/www.apfelpatient.de\/news\/2018-iphones-massenproduktion-bereits-angelaufen#primaryimage"},"image":{"@id":"https:\/\/www.apfelpatient.de\/news\/2018-iphones-massenproduktion-bereits-angelaufen#primaryimage"},"thumbnailUrl":"https:\/\/www.apfelpatient.de\/wp-content\/uploads\/2018\/06\/tyler-lastovich-720384-unsplash.jpg","datePublished":"2018-08-14T14:28:13+00:00","dateModified":"2025-02-06T06:05:53+00:00","description":"In September it will be time \u2013 Apple\u2019s keynote, the hottest show of the year is as certain as amen in church. Three new iPhone models are expected to be","breadcrumb":{"@id":"https:\/\/www.apfelpatient.de\/news\/2018-iphones-massenproduktion-bereits-angelaufen#breadcrumb"},"inLanguage":"en-US","potentialAction":[{"@type":"ReadAction","target":["https:\/\/www.apfelpatient.de\/news\/2018-iphones-massenproduktion-bereits-angelaufen"]}]},{"@type":"ImageObject","inLanguage":"en-US","@id":"https:\/\/www.apfelpatient.de\/news\/2018-iphones-massenproduktion-bereits-angelaufen#primaryimage","url":"https:\/\/www.apfelpatient.de\/wp-content\/uploads\/2018\/06\/tyler-lastovich-720384-unsplash.jpg","contentUrl":"https:\/\/www.apfelpatient.de\/wp-content\/uploads\/2018\/06\/tyler-lastovich-720384-unsplash.jpg","width":3885,"height":2857,"caption":"Photo by Unsplash"},{"@type":"BreadcrumbList","@id":"https:\/\/www.apfelpatient.de\/news\/2018-iphones-massenproduktion-bereits-angelaufen#breadcrumb","itemListElement":[{"@type":"ListItem","position":1,"name":"Startseite","item":"https:\/\/www.apfelpatient.de\/"},{"@type":"ListItem","position":2,"name":"2018 iPhones:\u00a0Massenproduktion bereits angelaufen"}]},{"@type":"WebSite","@id":"https:\/\/www.apfelpatient.de\/#website","url":"https:\/\/www.apfelpatient.de\/","name":"apple patient","description":"Everything about Apple!","publisher":{"@type":"Organization","@id":"https:\/\/www.apfelpatient.de\/en\/#organization","name":"Apfelpatient","url":"https:\/\/www.apfelpatient.de\/en\/"},"alternateName":"Apfelpatient","potentialAction":[{"@type":"SearchAction","target":{"@type":"EntryPoint","urlTemplate":"https:\/\/www.apfelpatient.de\/?s={search_term_string}"},"query-input":{"@type":"PropertyValueSpecification","valueRequired":true,"valueName":"search_term_string"}}],"inLanguage":"en-US"},{"@type":["Person","Organization"],"@id":"https:\/\/www.apfelpatient.de\/#\/schema\/person\/7dc56ad6c8e9824b76d2c08d4c140e13","name":"Milan","logo":{"@id":"https:\/\/www.apfelpatient.de\/#\/schema\/person\/image\/"},"description":"Hello and welcome to my technology blog! As a big Apple fan, I report on everything to do with Apple: from the latest news and exciting rumors to helpful tips and tricks and detailed product tests. If you are as enthusiastic about technology as I am, you have come to the right place!","sameAs":["https:\/\/www.facebook.com\/apfelpatientOfficial","https:\/\/www.linkedin.com\/in\/milan-jovicic-42aa0231b"],"url":"https:\/\/www.apfelpatient.de\/en\/author\/apfeladmin"}]}},"_links":{"self":[{"href":"https:\/\/www.apfelpatient.de\/en\/wp-json\/wp\/v2\/posts\/1593","targetHints":{"allow":["GET"]}}],"collection":[{"href":"https:\/\/www.apfelpatient.de\/en\/wp-json\/wp\/v2\/posts"}],"about":[{"href":"https:\/\/www.apfelpatient.de\/en\/wp-json\/wp\/v2\/types\/post"}],"author":[{"embeddable":true,"href":"https:\/\/www.apfelpatient.de\/en\/wp-json\/wp\/v2\/users\/2"}],"replies":[{"embeddable":true,"href":"https:\/\/www.apfelpatient.de\/en\/wp-json\/wp\/v2\/comments?post=1593"}],"version-history":[{"count":0,"href":"https:\/\/www.apfelpatient.de\/en\/wp-json\/wp\/v2\/posts\/1593\/revisions"}],"wp:featuredmedia":[{"embeddable":true,"href":"https:\/\/www.apfelpatient.de\/en\/wp-json\/wp\/v2\/media\/1465"}],"wp:attachment":[{"href":"https:\/\/www.apfelpatient.de\/en\/wp-json\/wp\/v2\/media?parent=1593"}],"wp:term":[{"taxonomy":"category","embeddable":true,"href":"https:\/\/www.apfelpatient.de\/en\/wp-json\/wp\/v2\/categories?post=1593"},{"taxonomy":"post_tag","embeddable":true,"href":"https:\/\/www.apfelpatient.de\/en\/wp-json\/wp\/v2\/tags?post=1593"}],"curies":[{"name":"wp","href":"https:\/\/api.w.org\/{rel}","templated":true}]}}