{"id":15719,"date":"2020-09-29T14:30:05","date_gmt":"2020-09-29T12:30:05","guid":{"rendered":"https:\/\/www.apfelpatient.de\/?p=15719"},"modified":"2020-09-29T14:30:07","modified_gmt":"2020-09-29T12:30:07","slug":"new-ipad-pro-macbook-pro-to-be-released-in-2021","status":"publish","type":"post","link":"https:\/\/www.apfelpatient.de\/en\/rumors\/neues-ipad-pro-macbook-pro-erscheinen-in-2021","title":{"rendered":"New iPad Pro &amp; MacBook Pro to be released in 2021"},"content":{"rendered":"<p class=\"has-drop-cap\"><strong>We have been documenting rumors for some time now that Apple plans to use mini-LED displays in the future. Now things are becoming more concrete with the iPad Pro and a new MacBook Pro.<\/strong><\/p>\n\n\n\n<p>Apple plans to equip several products with mini-LED displays. The first device could be an iPad Pro 12.9-inch model. Now the Taiwanese news site DigiTimes reports that the timetable for the introduction of these devices has been set. According to the report, an iPad Pro with a mini-LED display is expected in early 2021, while a new high-end MacBook Pro could appear at the end of 2021. This is what the <a href=\"https:\/\/www.digitimes.com\/news\/a20200926PD200.html\" target=\"_blank\" rel=\"noreferrer noopener\">report<\/a>:<\/p>\n\n\n\n<blockquote class=\"wp-block-quote is-layout-flow wp-block-quote-is-layout-flow\"><p>Osram Opto Semiconductors is expected to begin supplying mini-LED backlights for high-end MacBooks in the second half of 2021, making the company Apple&#039;s second supplier of such chips alongside Taiwanese company Epistar, according to industry sources.<\/p><p>Apple is also expected to launch a 12.9-inch mini-LED-backlit iPad Pro in early 2021, with each tablet expected to use over 10,000 mini-LEDs supplied exclusively by Epistar, the sources said. Epistar is ready to start producing mini-LEDs by modifying its blue light LED chip manufacturing equipment to produce such mini-LEDs in the third quarter of 2020, the sources said.<\/p><\/blockquote>\n\n\n\n<h3 class=\"wp-block-heading\">iPad Pro with A14X chip and more<\/h3>\n\n\n\n\n\n\n\n<p>It was originally reported that the first mini-LED devices could be introduced at the end of this year. However, there are now increasing <a href=\"https:\/\/www.apfelpatient.de\/en\/rumors\/mini-led-displays-debut-in-upcoming-ipad-pro\">notes<\/a>, according to which the whole thing will not happen until 2021. Today&#039;s report also supports an earlier statement by Ming-Chi Kuo and some leakers, according to which the time frame would be appropriate in relation to the iPad Pro. But what innovations could the iPad Pro offer besides new display technology? Observers believe that the device will have the brand new A14X chip and 5G support. Due to the new display technology, a design change cannot be ruled out - mini-LED technology allows for thinner and lighter housing designs. <em>(Image: Apple)<\/em><\/p>\n\n\n\n<h6 class=\"wp-block-heading translation-block\" id=\"h-kennt-ihr-schon-unsere-amazon-storefront-dort-findet-ihr-eine-handverlesene-auswahl-von-diversen-produkten-f-r-euer-iphone-und-co-viel-spa-beim-st-bern\"><em>Have you already visited our Amazon Storefront? There you&#039;ll find a hand-picked selection of various products for your iPhone and other devices \u2013 <span class=\"has-inline-color has-vivid-red-color\"><a href=\"https:\/\/www.amazon.de\/shop\/apfelpatientofficial\" class=\"ek-link\" data-wpel-link=\"exclude\" rel=\"follow noopener\" target=\"_self\"><span style=\"text-decoration: underline\" class=\"ek-underline\">enjoy browsing<\/span><\/a> !<\/span><\/em><\/h6>\n\n\n\n\n\n<h6 class=\"wp-block-heading translation-block\" id=\"h-der-beitrag-enthalt-partnerlinks\">This post contains <a data-type=\"URL\" data-id=\"https:\/\/www.apfelpatient.de\/partnerprogramm\" href=\"https:\/\/www.apfelpatient.de\/en\/partner-program\" data-wpel-link=\"internal\" target=\"_self\">affiliate links<\/a>.<\/h6>","protected":false},"excerpt":{"rendered":"<p>Apple plans to equip several products with mini-LED displays. The first device could be an iPad Pro 12.9-inch model.<\/p>","protected":false},"author":2,"featured_media":2476,"comment_status":"closed","ping_status":"closed","sticky":false,"template":"","format":"standard","meta":{"jnews-multi-image_gallery":[],"jnews_single_post":{"subtitle":"","format":"standard","video":"","gallery":"","source_name":"","source_url":"","via_name":"","via_url":"","override":[{"single_blog_custom":"","sidebar":"","second_sidebar":"","share_position":"","share_float_style":"","post_date_format":"","post_date_format_custom":"","post_reading_time_wpm":"","zoom_button_out_step":"1","zoom_button_in_step":"1","number_popup_post":"1"}],"image_override":[{"single_post_thumbnail_size":"","single_post_gallery_size":""}],"trending_post_position":"","trending_post_label":"","sponsored_post_label":"","sponsored_post_name":"","sponsored_post_url":"","sponsored_post_logo":"","sponsored_post_desc":""},"jnews_primary_category":{"id":""},"footnotes":""},"categories":[25],"tags":[18,66,40,50],"class_list":["post-15719","post","type-post","status-publish","format-standard","has-post-thumbnail","hentry","category-rumors","tag-ipad","tag-ipad-pro","tag-mac","tag-macbook-pro"],"yoast_head":"<!-- This site is optimized with the Yoast SEO Premium plugin v27.5 (Yoast SEO v27.5) - https:\/\/yoast.com\/product\/yoast-seo-premium-wordpress\/ -->\n<title>Neues iPad Pro &amp; MacBook Pro erscheinen in 2021 Apfelpatient<\/title>\n<meta name=\"description\" content=\"Apple plant mehrere Produkte mit Mini-LED-Displays auszustatten. Das erste Ger\u00e4t k\u00f6nnte dabei ein iPad Pro 12.9-Zoll Modell werden.\" \/>\n<meta name=\"robots\" content=\"index, follow, max-snippet:-1, max-image-preview:large, max-video-preview:-1\" \/>\n<link rel=\"canonical\" href=\"https:\/\/www.apfelpatient.de\/en\/rumors\/new-ipad-pro-macbook-pro-to-be-released-in-2021\" \/>\n<meta property=\"og:locale\" content=\"en_US\" \/>\n<meta property=\"og:type\" content=\"article\" \/>\n<meta property=\"og:title\" content=\"Neues iPad Pro &amp; MacBook Pro erscheinen in 2021\" \/>\n<meta property=\"og:description\" content=\"Apple plant mehrere Produkte mit Mini-LED-Displays auszustatten. Das erste Ger\u00e4t k\u00f6nnte dabei ein iPad Pro 12.9-Zoll Modell werden.\" \/>\n<meta property=\"og:url\" content=\"https:\/\/www.apfelpatient.de\/en\/rumors\/new-ipad-pro-macbook-pro-to-be-released-in-2021\" \/>\n<meta property=\"og:site_name\" content=\"Apfelpatient\" \/>\n<meta property=\"article:publisher\" content=\"https:\/\/www.facebook.com\/apfelpatientOfficial\" \/>\n<meta property=\"article:author\" content=\"https:\/\/www.facebook.com\/apfelpatientOfficial\" \/>\n<meta property=\"article:published_time\" content=\"2020-09-29T12:30:05+00:00\" \/>\n<meta property=\"article:modified_time\" content=\"2020-09-29T12:30:07+00:00\" \/>\n<meta property=\"og:image\" content=\"https:\/\/www.apfelpatient.de\/wp-content\/uploads\/2018\/10\/iPad-Pro_hand-5mm_10302018.jpg\" \/>\n\t<meta property=\"og:image:width\" content=\"1713\" \/>\n\t<meta property=\"og:image:height\" content=\"966\" \/>\n\t<meta property=\"og:image:type\" content=\"image\/jpeg\" \/>\n<meta name=\"author\" content=\"Milan\" \/>\n<meta name=\"twitter:card\" content=\"summary_large_image\" \/>\n<meta name=\"twitter:description\" content=\"Apple plant mehrere Produkte mit Mini-LED-Displays auszustatten. Das erste Ger\u00e4t k\u00f6nnte dabei ein iPad Pro 12.9-Zoll Modell werden.\" \/>\n<meta name=\"twitter:label1\" content=\"Written by\" \/>\n\t<meta name=\"twitter:data1\" content=\"Milan\" \/>\n\t<meta name=\"twitter:label2\" content=\"Est. reading time\" \/>\n\t<meta name=\"twitter:data2\" content=\"2 minutes\" \/>\n<script type=\"application\/ld+json\" class=\"yoast-schema-graph\">{\"@context\":\"https:\\\/\\\/schema.org\",\"@graph\":[{\"@type\":\"NewsArticle\",\"@id\":\"https:\\\/\\\/www.apfelpatient.de\\\/rumors\\\/neues-ipad-pro-macbook-pro-erscheinen-in-2021#article\",\"isPartOf\":{\"@id\":\"https:\\\/\\\/www.apfelpatient.de\\\/rumors\\\/neues-ipad-pro-macbook-pro-erscheinen-in-2021\"},\"author\":{\"@type\":\"Organization\",\"@id\":\"https:\\\/\\\/www.apfelpatient.de\\\/en\\\/#organization\",\"name\":\"Apfelpatient\",\"url\":\"https:\\\/\\\/www.apfelpatient.de\\\/en\\\/\"},\"headline\":\"Neues iPad Pro &#038; MacBook Pro erscheinen in 2021\",\"datePublished\":\"2020-09-29T12:30:05+00:00\",\"dateModified\":\"2020-09-29T12:30:07+00:00\",\"mainEntityOfPage\":{\"@id\":\"https:\\\/\\\/www.apfelpatient.de\\\/rumors\\\/neues-ipad-pro-macbook-pro-erscheinen-in-2021\"},\"wordCount\":336,\"publisher\":{\"@type\":\"Organization\",\"@id\":\"https:\\\/\\\/www.apfelpatient.de\\\/en\\\/#organization\",\"name\":\"Apfelpatient\",\"url\":\"https:\\\/\\\/www.apfelpatient.de\\\/en\\\/\"},\"image\":{\"@id\":\"https:\\\/\\\/www.apfelpatient.de\\\/rumors\\\/neues-ipad-pro-macbook-pro-erscheinen-in-2021#primaryimage\"},\"thumbnailUrl\":\"https:\\\/\\\/www.apfelpatient.de\\\/wp-content\\\/uploads\\\/2018\\\/10\\\/iPad-Pro_hand-5mm_10302018.jpg\",\"keywords\":[\"iPad\",\"iPad Pro\",\"Mac\",\"MacBook Pro\"],\"articleSection\":\"Rumors\",\"inLanguage\":\"en-US\",\"copyrightYear\":\"2020\",\"copyrightHolder\":{\"@id\":\"https:\\\/\\\/www.apfelpatient.de\\\/en\\\/#organization\"}},{\"@type\":\"WebPage\",\"@id\":\"https:\\\/\\\/www.apfelpatient.de\\\/rumors\\\/neues-ipad-pro-macbook-pro-erscheinen-in-2021\",\"url\":\"https:\\\/\\\/www.apfelpatient.de\\\/rumors\\\/neues-ipad-pro-macbook-pro-erscheinen-in-2021\",\"name\":\"Neues iPad Pro & MacBook Pro erscheinen in 2021 Apfelpatient\",\"isPartOf\":{\"@id\":\"https:\\\/\\\/www.apfelpatient.de\\\/#website\"},\"primaryImageOfPage\":{\"@id\":\"https:\\\/\\\/www.apfelpatient.de\\\/rumors\\\/neues-ipad-pro-macbook-pro-erscheinen-in-2021#primaryimage\"},\"image\":{\"@id\":\"https:\\\/\\\/www.apfelpatient.de\\\/rumors\\\/neues-ipad-pro-macbook-pro-erscheinen-in-2021#primaryimage\"},\"thumbnailUrl\":\"https:\\\/\\\/www.apfelpatient.de\\\/wp-content\\\/uploads\\\/2018\\\/10\\\/iPad-Pro_hand-5mm_10302018.jpg\",\"datePublished\":\"2020-09-29T12:30:05+00:00\",\"dateModified\":\"2020-09-29T12:30:07+00:00\",\"description\":\"Apple plant mehrere Produkte mit Mini-LED-Displays auszustatten. Das erste Ger\u00e4t k\u00f6nnte dabei ein iPad Pro 12.9-Zoll Modell werden.\",\"breadcrumb\":{\"@id\":\"https:\\\/\\\/www.apfelpatient.de\\\/rumors\\\/neues-ipad-pro-macbook-pro-erscheinen-in-2021#breadcrumb\"},\"inLanguage\":\"en-US\",\"potentialAction\":[{\"@type\":\"ReadAction\",\"target\":[\"https:\\\/\\\/www.apfelpatient.de\\\/rumors\\\/neues-ipad-pro-macbook-pro-erscheinen-in-2021\"]}]},{\"@type\":\"ImageObject\",\"inLanguage\":\"en-US\",\"@id\":\"https:\\\/\\\/www.apfelpatient.de\\\/rumors\\\/neues-ipad-pro-macbook-pro-erscheinen-in-2021#primaryimage\",\"url\":\"https:\\\/\\\/www.apfelpatient.de\\\/wp-content\\\/uploads\\\/2018\\\/10\\\/iPad-Pro_hand-5mm_10302018.jpg\",\"contentUrl\":\"https:\\\/\\\/www.apfelpatient.de\\\/wp-content\\\/uploads\\\/2018\\\/10\\\/iPad-Pro_hand-5mm_10302018.jpg\",\"width\":1713,\"height\":966,\"caption\":\"Bild: Apple\"},{\"@type\":\"BreadcrumbList\",\"@id\":\"https:\\\/\\\/www.apfelpatient.de\\\/rumors\\\/neues-ipad-pro-macbook-pro-erscheinen-in-2021#breadcrumb\",\"itemListElement\":[{\"@type\":\"ListItem\",\"position\":1,\"name\":\"Startseite\",\"item\":\"https:\\\/\\\/www.apfelpatient.de\\\/\"},{\"@type\":\"ListItem\",\"position\":2,\"name\":\"Neues iPad Pro &#038; MacBook Pro erscheinen in 2021\"}]},{\"@type\":\"WebSite\",\"@id\":\"https:\\\/\\\/www.apfelpatient.de\\\/#website\",\"url\":\"https:\\\/\\\/www.apfelpatient.de\\\/\",\"name\":\"Apfelpatient\",\"description\":\"Alles rund um Apple!\",\"publisher\":{\"@type\":\"Organization\",\"@id\":\"https:\\\/\\\/www.apfelpatient.de\\\/en\\\/#organization\",\"name\":\"Apfelpatient\",\"url\":\"https:\\\/\\\/www.apfelpatient.de\\\/en\\\/\"},\"alternateName\":\"Apfelpatient\",\"potentialAction\":[{\"@type\":\"SearchAction\",\"target\":{\"@type\":\"EntryPoint\",\"urlTemplate\":\"https:\\\/\\\/www.apfelpatient.de\\\/?s={search_term_string}\"},\"query-input\":{\"@type\":\"PropertyValueSpecification\",\"valueRequired\":true,\"valueName\":\"search_term_string\"}}],\"inLanguage\":\"en-US\"},{\"@type\":[\"Person\",\"Organization\"],\"@id\":\"https:\\\/\\\/www.apfelpatient.de\\\/#\\\/schema\\\/person\\\/7dc56ad6c8e9824b76d2c08d4c140e13\",\"name\":\"Milan\",\"logo\":{\"@id\":\"https:\\\/\\\/www.apfelpatient.de\\\/#\\\/schema\\\/person\\\/image\\\/\"},\"description\":\"Hallo und herzlich willkommen auf meinem Technik-Blog! Als gro\u00dfer Apple-Fan berichte ich hier \u00fcber alles, was mit Apple zu tun hat: von den neuesten News und spannenden Ger\u00fcchten \u00fcber hilfreiche Tipps und Tricks bis hin zu ausf\u00fchrlichen Produkttests. Wenn du genauso technikbegeistert bist wie ich, bist du hier genau richtig!\",\"sameAs\":[\"https:\\\/\\\/www.facebook.com\\\/apfelpatientOfficial\",\"https:\\\/\\\/www.linkedin.com\\\/in\\\/milan-jovicic-42aa0231b\"],\"url\":\"https:\\\/\\\/www.apfelpatient.de\\\/en\\\/author\\\/apfeladmin\"}]}<\/script>\n<!-- \/ Yoast SEO Premium plugin. -->","yoast_head_json":{"title":"New iPad Pro &amp; MacBook Pro to be released in 2021 Apfelpatient","description":"Apple plans to equip several products with mini-LED displays. The first device could be an iPad Pro 12.9-inch model.","robots":{"index":"index","follow":"follow","max-snippet":"max-snippet:-1","max-image-preview":"max-image-preview:large","max-video-preview":"max-video-preview:-1"},"canonical":"https:\/\/www.apfelpatient.de\/en\/rumors\/new-ipad-pro-macbook-pro-to-be-released-in-2021","og_locale":"en_US","og_type":"article","og_title":"Neues iPad Pro & MacBook Pro erscheinen in 2021","og_description":"Apple plant mehrere Produkte mit Mini-LED-Displays auszustatten. Das erste Ger\u00e4t k\u00f6nnte dabei ein iPad Pro 12.9-Zoll Modell werden.","og_url":"https:\/\/www.apfelpatient.de\/en\/rumors\/new-ipad-pro-macbook-pro-to-be-released-in-2021","og_site_name":"Apfelpatient","article_publisher":"https:\/\/www.facebook.com\/apfelpatientOfficial","article_author":"https:\/\/www.facebook.com\/apfelpatientOfficial","article_published_time":"2020-09-29T12:30:05+00:00","article_modified_time":"2020-09-29T12:30:07+00:00","og_image":[{"width":1713,"height":966,"url":"https:\/\/www.apfelpatient.de\/wp-content\/uploads\/2018\/10\/iPad-Pro_hand-5mm_10302018.jpg","type":"image\/jpeg"}],"author":"Milan","twitter_card":"summary_large_image","twitter_description":"Apple plant mehrere Produkte mit Mini-LED-Displays auszustatten. Das erste Ger\u00e4t k\u00f6nnte dabei ein iPad Pro 12.9-Zoll Modell werden.","twitter_misc":{"Written by":"Milan","Est. reading time":"2 minutes"},"schema":{"@context":"https:\/\/schema.org","@graph":[{"@type":"NewsArticle","@id":"https:\/\/www.apfelpatient.de\/rumors\/neues-ipad-pro-macbook-pro-erscheinen-in-2021#article","isPartOf":{"@id":"https:\/\/www.apfelpatient.de\/rumors\/neues-ipad-pro-macbook-pro-erscheinen-in-2021"},"author":{"@type":"Organization","@id":"https:\/\/www.apfelpatient.de\/en\/#organization","name":"Apfelpatient","url":"https:\/\/www.apfelpatient.de\/en\/"},"headline":"Neues iPad Pro &#038; MacBook Pro erscheinen in 2021","datePublished":"2020-09-29T12:30:05+00:00","dateModified":"2020-09-29T12:30:07+00:00","mainEntityOfPage":{"@id":"https:\/\/www.apfelpatient.de\/rumors\/neues-ipad-pro-macbook-pro-erscheinen-in-2021"},"wordCount":336,"publisher":{"@type":"Organization","@id":"https:\/\/www.apfelpatient.de\/en\/#organization","name":"Apfelpatient","url":"https:\/\/www.apfelpatient.de\/en\/"},"image":{"@id":"https:\/\/www.apfelpatient.de\/rumors\/neues-ipad-pro-macbook-pro-erscheinen-in-2021#primaryimage"},"thumbnailUrl":"https:\/\/www.apfelpatient.de\/wp-content\/uploads\/2018\/10\/iPad-Pro_hand-5mm_10302018.jpg","keywords":["iPad","iPad Pro","Mac","MacBook Pro"],"articleSection":"Rumors","inLanguage":"en-US","copyrightYear":"2020","copyrightHolder":{"@id":"https:\/\/www.apfelpatient.de\/en\/#organization"}},{"@type":"WebPage","@id":"https:\/\/www.apfelpatient.de\/rumors\/neues-ipad-pro-macbook-pro-erscheinen-in-2021","url":"https:\/\/www.apfelpatient.de\/rumors\/neues-ipad-pro-macbook-pro-erscheinen-in-2021","name":"New iPad Pro &amp; MacBook Pro to be released in 2021 Apfelpatient","isPartOf":{"@id":"https:\/\/www.apfelpatient.de\/#website"},"primaryImageOfPage":{"@id":"https:\/\/www.apfelpatient.de\/rumors\/neues-ipad-pro-macbook-pro-erscheinen-in-2021#primaryimage"},"image":{"@id":"https:\/\/www.apfelpatient.de\/rumors\/neues-ipad-pro-macbook-pro-erscheinen-in-2021#primaryimage"},"thumbnailUrl":"https:\/\/www.apfelpatient.de\/wp-content\/uploads\/2018\/10\/iPad-Pro_hand-5mm_10302018.jpg","datePublished":"2020-09-29T12:30:05+00:00","dateModified":"2020-09-29T12:30:07+00:00","description":"Apple plans to equip several products with mini-LED displays. The first device could be an iPad Pro 12.9-inch model.","breadcrumb":{"@id":"https:\/\/www.apfelpatient.de\/rumors\/neues-ipad-pro-macbook-pro-erscheinen-in-2021#breadcrumb"},"inLanguage":"en-US","potentialAction":[{"@type":"ReadAction","target":["https:\/\/www.apfelpatient.de\/rumors\/neues-ipad-pro-macbook-pro-erscheinen-in-2021"]}]},{"@type":"ImageObject","inLanguage":"en-US","@id":"https:\/\/www.apfelpatient.de\/rumors\/neues-ipad-pro-macbook-pro-erscheinen-in-2021#primaryimage","url":"https:\/\/www.apfelpatient.de\/wp-content\/uploads\/2018\/10\/iPad-Pro_hand-5mm_10302018.jpg","contentUrl":"https:\/\/www.apfelpatient.de\/wp-content\/uploads\/2018\/10\/iPad-Pro_hand-5mm_10302018.jpg","width":1713,"height":966,"caption":"Bild: Apple"},{"@type":"BreadcrumbList","@id":"https:\/\/www.apfelpatient.de\/rumors\/neues-ipad-pro-macbook-pro-erscheinen-in-2021#breadcrumb","itemListElement":[{"@type":"ListItem","position":1,"name":"Startseite","item":"https:\/\/www.apfelpatient.de\/"},{"@type":"ListItem","position":2,"name":"Neues iPad Pro &#038; MacBook Pro erscheinen in 2021"}]},{"@type":"WebSite","@id":"https:\/\/www.apfelpatient.de\/#website","url":"https:\/\/www.apfelpatient.de\/","name":"apple patient","description":"Everything about Apple!","publisher":{"@type":"Organization","@id":"https:\/\/www.apfelpatient.de\/en\/#organization","name":"Apfelpatient","url":"https:\/\/www.apfelpatient.de\/en\/"},"alternateName":"Apfelpatient","potentialAction":[{"@type":"SearchAction","target":{"@type":"EntryPoint","urlTemplate":"https:\/\/www.apfelpatient.de\/?s={search_term_string}"},"query-input":{"@type":"PropertyValueSpecification","valueRequired":true,"valueName":"search_term_string"}}],"inLanguage":"en-US"},{"@type":["Person","Organization"],"@id":"https:\/\/www.apfelpatient.de\/#\/schema\/person\/7dc56ad6c8e9824b76d2c08d4c140e13","name":"Milan","logo":{"@id":"https:\/\/www.apfelpatient.de\/#\/schema\/person\/image\/"},"description":"Hello and welcome to my technology blog! As a big Apple fan, I report on everything to do with Apple: from the latest news and exciting rumors to helpful tips and tricks and detailed product tests. If you are as enthusiastic about technology as I am, you have come to the right place!","sameAs":["https:\/\/www.facebook.com\/apfelpatientOfficial","https:\/\/www.linkedin.com\/in\/milan-jovicic-42aa0231b"],"url":"https:\/\/www.apfelpatient.de\/en\/author\/apfeladmin"}]}},"_links":{"self":[{"href":"https:\/\/www.apfelpatient.de\/en\/wp-json\/wp\/v2\/posts\/15719","targetHints":{"allow":["GET"]}}],"collection":[{"href":"https:\/\/www.apfelpatient.de\/en\/wp-json\/wp\/v2\/posts"}],"about":[{"href":"https:\/\/www.apfelpatient.de\/en\/wp-json\/wp\/v2\/types\/post"}],"author":[{"embeddable":true,"href":"https:\/\/www.apfelpatient.de\/en\/wp-json\/wp\/v2\/users\/2"}],"replies":[{"embeddable":true,"href":"https:\/\/www.apfelpatient.de\/en\/wp-json\/wp\/v2\/comments?post=15719"}],"version-history":[{"count":0,"href":"https:\/\/www.apfelpatient.de\/en\/wp-json\/wp\/v2\/posts\/15719\/revisions"}],"wp:featuredmedia":[{"embeddable":true,"href":"https:\/\/www.apfelpatient.de\/en\/wp-json\/wp\/v2\/media\/2476"}],"wp:attachment":[{"href":"https:\/\/www.apfelpatient.de\/en\/wp-json\/wp\/v2\/media?parent=15719"}],"wp:term":[{"taxonomy":"category","embeddable":true,"href":"https:\/\/www.apfelpatient.de\/en\/wp-json\/wp\/v2\/categories?post=15719"},{"taxonomy":"post_tag","embeddable":true,"href":"https:\/\/www.apfelpatient.de\/en\/wp-json\/wp\/v2\/tags?post=15719"}],"curies":[{"name":"wp","href":"https:\/\/api.w.org\/{rel}","templated":true}]}}