{"id":15717,"date":"2020-09-29T13:02:19","date_gmt":"2020-09-29T11:02:19","guid":{"rendered":"https:\/\/www.apfelpatient.de\/?p=15717"},"modified":"2020-09-29T13:02:21","modified_gmt":"2020-09-29T11:02:21","slug":"iphone-12-mini-delivery-starts-next-week","status":"publish","type":"post","link":"https:\/\/www.apfelpatient.de\/en\/rumors\/iphone-12-mini-auslieferung-beginnt-naechste-woche","title":{"rendered":"iPhone 12 mini: Delivery starts next week"},"content":{"rendered":"<p class=\"has-drop-cap\"><strong>The rumors surrounding the iPhone 12 series are now in their final phase. Now a leaker has spoken out and revealed further details.<\/strong><\/p>\n\n\n\n<p>The newcomer among the leakers \u2013 Jon Prosser \u2013 has a new <a href=\"https:\/\/twitter.com\/jon_prosser\/status\/1310753035606462464?ref_src=twsrc%5Etfw%7Ctwcamp%5Etweetembed%7Ctwterm%5E1310753035606462464%7Ctwgr%5Eshare_3&amp;ref_url=https%3A%2F%2Fwww.imore.com%2Fiphone-12-64gb-model-confirmed-shipments-start-next-week\" target=\"_blank\" rel=\"noreferrer noopener\">Contribution<\/a> on Twitter, claiming that the first iPhone 12 mini (5.4\u2033) and iPhone 12 (6.1\u2033) devices will be delivered to distributors next week. According to his information, it will start on October 5th. Deliveries include the iPhone 12 mini with 5.4 inches and the iPhone 12 with 6.1 inches. Both devices have storage variants of 64 GB, 128 GB and 256 GB. He then supported previous reports that Apple will unveil the devices on October 13th as part of a digital keynote. Pre-orders should be possible from October 16th.\u00a0<\/p>\n\n\n\n<h3 class=\"wp-block-heading\">iPhone 12: Event announcement next week?<\/h3>\n\n\n\n\n\n\n\n<p>But the post causes confusion regarding the storage variants. In May, there were reports that Apple wanted to completely eliminate the 64 GB variant. That is, it was claimed at the time that 128 GB would be the smallest storage version. The two iPhone 12 Pro models, on the other hand, are said to be available with 128 GB, 256 GB and 512 GB. Prosser also noted that the name &quot;iPhone 12 mini&quot; will be the final marketing name of the 5.4-inch device. Previously, pictures appeared that showed stickers from Apple&#039;s new silicone cases. The name was also too <a href=\"https:\/\/www.apfelpatient.de\/en\/rumors\/iphone-12-leak-sticker-reveals-designations\">recognize<\/a>So if Apple does indeed hold another digital event on October 13th <a href=\"https:\/\/www.apple.com\/\" target=\"_blank\" rel=\"noreferrer noopener\">organize<\/a>, the official announcement should be made no later than October 6th. Apple took a similar approach at the last event. The announcement was made on September 8th while the event took place on September 15th.\u00a0<em>(Photo by Viktoriya Fivko \/ Bigstockphoto)<\/em><\/p>\n\n\n\n<ul class=\"wp-block-list\"><li><a href=\"https:\/\/www.apfelpatient.de\/en\/rumors\/iphone-12-pictures-show-braided-charging-cable\">iPhone 12: Pictures show braided charging cable<\/a><\/li><\/ul>\n\n\n\n<h6 class=\"wp-block-heading translation-block\" id=\"h-kennt-ihr-schon-unsere-amazon-storefront-dort-findet-ihr-eine-handverlesene-auswahl-von-diversen-produkten-f-r-euer-iphone-und-co-viel-spa-beim-st-bern\"><em>Have you already visited our Amazon Storefront? There you&#039;ll find a hand-picked selection of various products for your iPhone and other devices \u2013 <span class=\"has-inline-color has-vivid-red-color\"><a href=\"https:\/\/www.amazon.de\/shop\/apfelpatientofficial\" class=\"ek-link\" data-wpel-link=\"exclude\" rel=\"follow noopener\" target=\"_self\"><span style=\"text-decoration: underline\" class=\"ek-underline\">enjoy browsing<\/span><\/a> !<\/span><\/em><\/h6>\n\n\n\n\n\n<h6 class=\"wp-block-heading translation-block\" id=\"h-der-beitrag-enthalt-partnerlinks\">This post contains <a data-type=\"URL\" data-id=\"https:\/\/www.apfelpatient.de\/partnerprogramm\" href=\"https:\/\/www.apfelpatient.de\/en\/partner-program\" data-wpel-link=\"internal\" target=\"_self\">affiliate links<\/a>.<\/h6>","protected":false},"excerpt":{"rendered":"<p>The rumors surrounding the iPhone 12 series are now in the final phase. Now there are more details.<\/p>","protected":false},"author":2,"featured_media":8496,"comment_status":"closed","ping_status":"closed","sticky":false,"template":"","format":"standard","meta":{"jnews-multi-image_gallery":[],"jnews_single_post":{"subtitle":"","format":"standard","video":"","gallery":"","source_name":"","source_url":"","via_name":"","via_url":"","override":[{"single_blog_custom":"","sidebar":"","second_sidebar":"","share_position":"","share_float_style":"","post_date_format":"","post_date_format_custom":"","post_reading_time_wpm":"","zoom_button_out_step":"1","zoom_button_in_step":"1","number_popup_post":"1"}],"image_override":[{"single_post_thumbnail_size":"","single_post_gallery_size":""}],"trending_post_position":"","trending_post_label":"","sponsored_post_label":"","sponsored_post_name":"","sponsored_post_url":"","sponsored_post_logo":"","sponsored_post_desc":""},"jnews_primary_category":{"id":"25"},"footnotes":""},"categories":[25],"tags":[86,8,321,254],"class_list":["post-15717","post","type-post","status-publish","format-standard","has-post-thumbnail","hentry","category-rumors","tag-apple-event","tag-iphone","tag-iphone-12","tag-iphone-2020"],"yoast_head":"<!-- This site is optimized with the Yoast SEO Premium plugin v27.5 (Yoast SEO v27.5) - https:\/\/yoast.com\/product\/yoast-seo-premium-wordpress\/ -->\n<title>iPhone 12 mini: Auslieferung beginnt n\u00e4chste Woche Apfelpatient<\/title>\n<meta name=\"description\" content=\"Die Ger\u00fcchte rund um die iPhone 12 Reihe befinden sich mittlerweile in der Endphase. Nun gibt es weitere Einzelheiten.\" \/>\n<meta name=\"robots\" content=\"index, follow, max-snippet:-1, max-image-preview:large, max-video-preview:-1\" \/>\n<link rel=\"canonical\" href=\"https:\/\/www.apfelpatient.de\/en\/rumors\/iphone-12-mini-delivery-starts-next-week\" \/>\n<meta property=\"og:locale\" content=\"en_US\" \/>\n<meta property=\"og:type\" content=\"article\" \/>\n<meta property=\"og:title\" content=\"iPhone 12 mini: Auslieferung beginnt n\u00e4chste Woche\" \/>\n<meta property=\"og:description\" content=\"Die Ger\u00fcchte rund um die iPhone 12 Reihe befinden sich mittlerweile in der Endphase. Nun gibt es weitere Einzelheiten.\" \/>\n<meta property=\"og:url\" content=\"https:\/\/www.apfelpatient.de\/en\/rumors\/iphone-12-mini-delivery-starts-next-week\" \/>\n<meta property=\"og:site_name\" content=\"Apfelpatient\" \/>\n<meta property=\"article:publisher\" content=\"https:\/\/www.facebook.com\/apfelpatientOfficial\" \/>\n<meta property=\"article:author\" content=\"https:\/\/www.facebook.com\/apfelpatientOfficial\" \/>\n<meta property=\"article:published_time\" content=\"2020-09-29T11:02:19+00:00\" \/>\n<meta property=\"article:modified_time\" content=\"2020-09-29T11:02:21+00:00\" \/>\n<meta property=\"og:image\" content=\"https:\/\/www.apfelpatient.de\/wp-content\/uploads\/2019\/12\/bigstock-Dubai-Uae-September-323441332.jpg\" \/>\n\t<meta property=\"og:image:width\" content=\"1600\" \/>\n\t<meta property=\"og:image:height\" content=\"980\" \/>\n\t<meta property=\"og:image:type\" content=\"image\/jpeg\" \/>\n<meta name=\"author\" content=\"Milan\" \/>\n<meta name=\"twitter:card\" content=\"summary_large_image\" \/>\n<meta name=\"twitter:description\" content=\"Die Ger\u00fcchte rund um die iPhone 12 Reihe befinden sich mittlerweile in der Endphase. Nun gibt es weitere Einzelheiten.\" \/>\n<meta name=\"twitter:label1\" content=\"Written by\" \/>\n\t<meta name=\"twitter:data1\" content=\"Milan\" \/>\n\t<meta name=\"twitter:label2\" content=\"Est. reading time\" \/>\n\t<meta name=\"twitter:data2\" content=\"1 minute\" \/>\n<script type=\"application\/ld+json\" class=\"yoast-schema-graph\">{\"@context\":\"https:\\\/\\\/schema.org\",\"@graph\":[{\"@type\":\"NewsArticle\",\"@id\":\"https:\\\/\\\/www.apfelpatient.de\\\/rumors\\\/iphone-12-mini-auslieferung-beginnt-naechste-woche#article\",\"isPartOf\":{\"@id\":\"https:\\\/\\\/www.apfelpatient.de\\\/rumors\\\/iphone-12-mini-auslieferung-beginnt-naechste-woche\"},\"author\":{\"@type\":\"Organization\",\"@id\":\"https:\\\/\\\/www.apfelpatient.de\\\/en\\\/#organization\",\"name\":\"Apfelpatient\",\"url\":\"https:\\\/\\\/www.apfelpatient.de\\\/en\\\/\"},\"headline\":\"iPhone 12 mini: Auslieferung beginnt n\u00e4chste Woche\",\"datePublished\":\"2020-09-29T11:02:19+00:00\",\"dateModified\":\"2020-09-29T11:02:21+00:00\",\"mainEntityOfPage\":{\"@id\":\"https:\\\/\\\/www.apfelpatient.de\\\/rumors\\\/iphone-12-mini-auslieferung-beginnt-naechste-woche\"},\"wordCount\":296,\"publisher\":{\"@type\":\"Organization\",\"@id\":\"https:\\\/\\\/www.apfelpatient.de\\\/en\\\/#organization\",\"name\":\"Apfelpatient\",\"url\":\"https:\\\/\\\/www.apfelpatient.de\\\/en\\\/\"},\"image\":{\"@id\":\"https:\\\/\\\/www.apfelpatient.de\\\/rumors\\\/iphone-12-mini-auslieferung-beginnt-naechste-woche#primaryimage\"},\"thumbnailUrl\":\"https:\\\/\\\/www.apfelpatient.de\\\/wp-content\\\/uploads\\\/2019\\\/12\\\/bigstock-Dubai-Uae-September-323441332.jpg\",\"keywords\":[\"Apple Event\",\"iPhone\",\"iPhone 12\",\"iPhone 2020\"],\"articleSection\":\"Rumors\",\"inLanguage\":\"en-US\",\"copyrightYear\":\"2020\",\"copyrightHolder\":{\"@id\":\"https:\\\/\\\/www.apfelpatient.de\\\/en\\\/#organization\"}},{\"@type\":\"WebPage\",\"@id\":\"https:\\\/\\\/www.apfelpatient.de\\\/rumors\\\/iphone-12-mini-auslieferung-beginnt-naechste-woche\",\"url\":\"https:\\\/\\\/www.apfelpatient.de\\\/rumors\\\/iphone-12-mini-auslieferung-beginnt-naechste-woche\",\"name\":\"iPhone 12 mini: Auslieferung beginnt n\u00e4chste Woche Apfelpatient\",\"isPartOf\":{\"@id\":\"https:\\\/\\\/www.apfelpatient.de\\\/#website\"},\"primaryImageOfPage\":{\"@id\":\"https:\\\/\\\/www.apfelpatient.de\\\/rumors\\\/iphone-12-mini-auslieferung-beginnt-naechste-woche#primaryimage\"},\"image\":{\"@id\":\"https:\\\/\\\/www.apfelpatient.de\\\/rumors\\\/iphone-12-mini-auslieferung-beginnt-naechste-woche#primaryimage\"},\"thumbnailUrl\":\"https:\\\/\\\/www.apfelpatient.de\\\/wp-content\\\/uploads\\\/2019\\\/12\\\/bigstock-Dubai-Uae-September-323441332.jpg\",\"datePublished\":\"2020-09-29T11:02:19+00:00\",\"dateModified\":\"2020-09-29T11:02:21+00:00\",\"description\":\"Die Ger\u00fcchte rund um die iPhone 12 Reihe befinden sich mittlerweile in der Endphase. Nun gibt es weitere Einzelheiten.\",\"breadcrumb\":{\"@id\":\"https:\\\/\\\/www.apfelpatient.de\\\/rumors\\\/iphone-12-mini-auslieferung-beginnt-naechste-woche#breadcrumb\"},\"inLanguage\":\"en-US\",\"potentialAction\":[{\"@type\":\"ReadAction\",\"target\":[\"https:\\\/\\\/www.apfelpatient.de\\\/rumors\\\/iphone-12-mini-auslieferung-beginnt-naechste-woche\"]}]},{\"@type\":\"ImageObject\",\"inLanguage\":\"en-US\",\"@id\":\"https:\\\/\\\/www.apfelpatient.de\\\/rumors\\\/iphone-12-mini-auslieferung-beginnt-naechste-woche#primaryimage\",\"url\":\"https:\\\/\\\/www.apfelpatient.de\\\/wp-content\\\/uploads\\\/2019\\\/12\\\/bigstock-Dubai-Uae-September-323441332.jpg\",\"contentUrl\":\"https:\\\/\\\/www.apfelpatient.de\\\/wp-content\\\/uploads\\\/2019\\\/12\\\/bigstock-Dubai-Uae-September-323441332.jpg\",\"width\":1600,\"height\":980,\"caption\":\"Dubai \\\/ UAE - September 21, 2019: New Midnight Green Apple Iphone 11 Pro and golden Apple Iphone XS on wooden background. Compare iphone products.\"},{\"@type\":\"BreadcrumbList\",\"@id\":\"https:\\\/\\\/www.apfelpatient.de\\\/rumors\\\/iphone-12-mini-auslieferung-beginnt-naechste-woche#breadcrumb\",\"itemListElement\":[{\"@type\":\"ListItem\",\"position\":1,\"name\":\"Startseite\",\"item\":\"https:\\\/\\\/www.apfelpatient.de\\\/\"},{\"@type\":\"ListItem\",\"position\":2,\"name\":\"iPhone 12 mini: Auslieferung beginnt n\u00e4chste Woche\"}]},{\"@type\":\"WebSite\",\"@id\":\"https:\\\/\\\/www.apfelpatient.de\\\/#website\",\"url\":\"https:\\\/\\\/www.apfelpatient.de\\\/\",\"name\":\"Apfelpatient\",\"description\":\"Alles rund um Apple!\",\"publisher\":{\"@type\":\"Organization\",\"@id\":\"https:\\\/\\\/www.apfelpatient.de\\\/en\\\/#organization\",\"name\":\"Apfelpatient\",\"url\":\"https:\\\/\\\/www.apfelpatient.de\\\/en\\\/\"},\"alternateName\":\"Apfelpatient\",\"potentialAction\":[{\"@type\":\"SearchAction\",\"target\":{\"@type\":\"EntryPoint\",\"urlTemplate\":\"https:\\\/\\\/www.apfelpatient.de\\\/?s={search_term_string}\"},\"query-input\":{\"@type\":\"PropertyValueSpecification\",\"valueRequired\":true,\"valueName\":\"search_term_string\"}}],\"inLanguage\":\"en-US\"},{\"@type\":[\"Person\",\"Organization\"],\"@id\":\"https:\\\/\\\/www.apfelpatient.de\\\/#\\\/schema\\\/person\\\/7dc56ad6c8e9824b76d2c08d4c140e13\",\"name\":\"Milan\",\"logo\":{\"@id\":\"https:\\\/\\\/www.apfelpatient.de\\\/#\\\/schema\\\/person\\\/image\\\/\"},\"description\":\"Hallo und herzlich willkommen auf meinem Technik-Blog! Als gro\u00dfer Apple-Fan berichte ich hier \u00fcber alles, was mit Apple zu tun hat: von den neuesten News und spannenden Ger\u00fcchten \u00fcber hilfreiche Tipps und Tricks bis hin zu ausf\u00fchrlichen Produkttests. Wenn du genauso technikbegeistert bist wie ich, bist du hier genau richtig!\",\"sameAs\":[\"https:\\\/\\\/www.facebook.com\\\/apfelpatientOfficial\",\"https:\\\/\\\/www.linkedin.com\\\/in\\\/milan-jovicic-42aa0231b\"],\"url\":\"https:\\\/\\\/www.apfelpatient.de\\\/en\\\/author\\\/apfeladmin\"}]}<\/script>\n<!-- \/ Yoast SEO Premium plugin. -->","yoast_head_json":{"title":"iPhone 12 mini: Delivery starts next week Apfelpatient","description":"The rumors surrounding the iPhone 12 series are now in the final phase. Now there are more details.","robots":{"index":"index","follow":"follow","max-snippet":"max-snippet:-1","max-image-preview":"max-image-preview:large","max-video-preview":"max-video-preview:-1"},"canonical":"https:\/\/www.apfelpatient.de\/en\/rumors\/iphone-12-mini-delivery-starts-next-week","og_locale":"en_US","og_type":"article","og_title":"iPhone 12 mini: Auslieferung beginnt n\u00e4chste Woche","og_description":"Die Ger\u00fcchte rund um die iPhone 12 Reihe befinden sich mittlerweile in der Endphase. Nun gibt es weitere Einzelheiten.","og_url":"https:\/\/www.apfelpatient.de\/en\/rumors\/iphone-12-mini-delivery-starts-next-week","og_site_name":"Apfelpatient","article_publisher":"https:\/\/www.facebook.com\/apfelpatientOfficial","article_author":"https:\/\/www.facebook.com\/apfelpatientOfficial","article_published_time":"2020-09-29T11:02:19+00:00","article_modified_time":"2020-09-29T11:02:21+00:00","og_image":[{"width":1600,"height":980,"url":"https:\/\/www.apfelpatient.de\/wp-content\/uploads\/2019\/12\/bigstock-Dubai-Uae-September-323441332.jpg","type":"image\/jpeg"}],"author":"Milan","twitter_card":"summary_large_image","twitter_description":"Die Ger\u00fcchte rund um die iPhone 12 Reihe befinden sich mittlerweile in der Endphase. Nun gibt es weitere Einzelheiten.","twitter_misc":{"Written by":"Milan","Est. reading time":"1 minute"},"schema":{"@context":"https:\/\/schema.org","@graph":[{"@type":"NewsArticle","@id":"https:\/\/www.apfelpatient.de\/rumors\/iphone-12-mini-auslieferung-beginnt-naechste-woche#article","isPartOf":{"@id":"https:\/\/www.apfelpatient.de\/rumors\/iphone-12-mini-auslieferung-beginnt-naechste-woche"},"author":{"@type":"Organization","@id":"https:\/\/www.apfelpatient.de\/en\/#organization","name":"Apfelpatient","url":"https:\/\/www.apfelpatient.de\/en\/"},"headline":"iPhone 12 mini: Auslieferung beginnt n\u00e4chste Woche","datePublished":"2020-09-29T11:02:19+00:00","dateModified":"2020-09-29T11:02:21+00:00","mainEntityOfPage":{"@id":"https:\/\/www.apfelpatient.de\/rumors\/iphone-12-mini-auslieferung-beginnt-naechste-woche"},"wordCount":296,"publisher":{"@type":"Organization","@id":"https:\/\/www.apfelpatient.de\/en\/#organization","name":"Apfelpatient","url":"https:\/\/www.apfelpatient.de\/en\/"},"image":{"@id":"https:\/\/www.apfelpatient.de\/rumors\/iphone-12-mini-auslieferung-beginnt-naechste-woche#primaryimage"},"thumbnailUrl":"https:\/\/www.apfelpatient.de\/wp-content\/uploads\/2019\/12\/bigstock-Dubai-Uae-September-323441332.jpg","keywords":["Apple Event","iPhone","iPhone 12","iPhone 2020"],"articleSection":"Rumors","inLanguage":"en-US","copyrightYear":"2020","copyrightHolder":{"@id":"https:\/\/www.apfelpatient.de\/en\/#organization"}},{"@type":"WebPage","@id":"https:\/\/www.apfelpatient.de\/rumors\/iphone-12-mini-auslieferung-beginnt-naechste-woche","url":"https:\/\/www.apfelpatient.de\/rumors\/iphone-12-mini-auslieferung-beginnt-naechste-woche","name":"iPhone 12 mini: Delivery starts next week Apfelpatient","isPartOf":{"@id":"https:\/\/www.apfelpatient.de\/#website"},"primaryImageOfPage":{"@id":"https:\/\/www.apfelpatient.de\/rumors\/iphone-12-mini-auslieferung-beginnt-naechste-woche#primaryimage"},"image":{"@id":"https:\/\/www.apfelpatient.de\/rumors\/iphone-12-mini-auslieferung-beginnt-naechste-woche#primaryimage"},"thumbnailUrl":"https:\/\/www.apfelpatient.de\/wp-content\/uploads\/2019\/12\/bigstock-Dubai-Uae-September-323441332.jpg","datePublished":"2020-09-29T11:02:19+00:00","dateModified":"2020-09-29T11:02:21+00:00","description":"The rumors surrounding the iPhone 12 series are now in the final phase. Now there are more details.","breadcrumb":{"@id":"https:\/\/www.apfelpatient.de\/rumors\/iphone-12-mini-auslieferung-beginnt-naechste-woche#breadcrumb"},"inLanguage":"en-US","potentialAction":[{"@type":"ReadAction","target":["https:\/\/www.apfelpatient.de\/rumors\/iphone-12-mini-auslieferung-beginnt-naechste-woche"]}]},{"@type":"ImageObject","inLanguage":"en-US","@id":"https:\/\/www.apfelpatient.de\/rumors\/iphone-12-mini-auslieferung-beginnt-naechste-woche#primaryimage","url":"https:\/\/www.apfelpatient.de\/wp-content\/uploads\/2019\/12\/bigstock-Dubai-Uae-September-323441332.jpg","contentUrl":"https:\/\/www.apfelpatient.de\/wp-content\/uploads\/2019\/12\/bigstock-Dubai-Uae-September-323441332.jpg","width":1600,"height":980,"caption":"Dubai \/ UAE - September 21, 2019: New Midnight Green Apple Iphone 11 Pro and golden Apple Iphone XS on wooden background. Compare iphone products."},{"@type":"BreadcrumbList","@id":"https:\/\/www.apfelpatient.de\/rumors\/iphone-12-mini-auslieferung-beginnt-naechste-woche#breadcrumb","itemListElement":[{"@type":"ListItem","position":1,"name":"Startseite","item":"https:\/\/www.apfelpatient.de\/"},{"@type":"ListItem","position":2,"name":"iPhone 12 mini: Auslieferung beginnt n\u00e4chste Woche"}]},{"@type":"WebSite","@id":"https:\/\/www.apfelpatient.de\/#website","url":"https:\/\/www.apfelpatient.de\/","name":"apple patient","description":"Everything about Apple!","publisher":{"@type":"Organization","@id":"https:\/\/www.apfelpatient.de\/en\/#organization","name":"Apfelpatient","url":"https:\/\/www.apfelpatient.de\/en\/"},"alternateName":"Apfelpatient","potentialAction":[{"@type":"SearchAction","target":{"@type":"EntryPoint","urlTemplate":"https:\/\/www.apfelpatient.de\/?s={search_term_string}"},"query-input":{"@type":"PropertyValueSpecification","valueRequired":true,"valueName":"search_term_string"}}],"inLanguage":"en-US"},{"@type":["Person","Organization"],"@id":"https:\/\/www.apfelpatient.de\/#\/schema\/person\/7dc56ad6c8e9824b76d2c08d4c140e13","name":"Milan","logo":{"@id":"https:\/\/www.apfelpatient.de\/#\/schema\/person\/image\/"},"description":"Hello and welcome to my technology blog! As a big Apple fan, I report on everything to do with Apple: from the latest news and exciting rumors to helpful tips and tricks and detailed product tests. If you are as enthusiastic about technology as I am, you have come to the right place!","sameAs":["https:\/\/www.facebook.com\/apfelpatientOfficial","https:\/\/www.linkedin.com\/in\/milan-jovicic-42aa0231b"],"url":"https:\/\/www.apfelpatient.de\/en\/author\/apfeladmin"}]}},"_links":{"self":[{"href":"https:\/\/www.apfelpatient.de\/en\/wp-json\/wp\/v2\/posts\/15717","targetHints":{"allow":["GET"]}}],"collection":[{"href":"https:\/\/www.apfelpatient.de\/en\/wp-json\/wp\/v2\/posts"}],"about":[{"href":"https:\/\/www.apfelpatient.de\/en\/wp-json\/wp\/v2\/types\/post"}],"author":[{"embeddable":true,"href":"https:\/\/www.apfelpatient.de\/en\/wp-json\/wp\/v2\/users\/2"}],"replies":[{"embeddable":true,"href":"https:\/\/www.apfelpatient.de\/en\/wp-json\/wp\/v2\/comments?post=15717"}],"version-history":[{"count":0,"href":"https:\/\/www.apfelpatient.de\/en\/wp-json\/wp\/v2\/posts\/15717\/revisions"}],"wp:featuredmedia":[{"embeddable":true,"href":"https:\/\/www.apfelpatient.de\/en\/wp-json\/wp\/v2\/media\/8496"}],"wp:attachment":[{"href":"https:\/\/www.apfelpatient.de\/en\/wp-json\/wp\/v2\/media?parent=15717"}],"wp:term":[{"taxonomy":"category","embeddable":true,"href":"https:\/\/www.apfelpatient.de\/en\/wp-json\/wp\/v2\/categories?post=15717"},{"taxonomy":"post_tag","embeddable":true,"href":"https:\/\/www.apfelpatient.de\/en\/wp-json\/wp\/v2\/tags?post=15717"}],"curies":[{"name":"wp","href":"https:\/\/api.w.org\/{rel}","templated":true}]}}