{"id":1567,"date":"2018-08-13T14:07:33","date_gmt":"2018-08-13T12:07:33","guid":{"rendered":"https:\/\/www.apfelpatient.de\/?p=1567"},"modified":"2018-08-13T14:07:33","modified_gmt":"2018-08-13T12:07:33","slug":"project-titan-the-apple-car-is-finally-coming","status":"publish","type":"post","link":"https:\/\/www.apfelpatient.de\/en\/news\/projekt-titan-kommt-das-apple-auto-doch-noch","title":{"rendered":"Project Titan: Is the Apple Car Coming After All?"},"content":{"rendered":"<p><strong>Doug Field was a senior executive at Apple in Mac hardware development until 2013, working with Bob Mansfield. He then moved to Tesla as chief engineer.<\/strong><\/p>\n\n<p>Field was production manager of the Model 3 until he was replaced by Elon Musk himself. He took over this role in April of this year. Shortly afterwards, Field took time off. It wasn&#039;t long before it was announced that he would be leaving Tesla. Now an Apple spokesperson has told the blog <em>Daring Fireball<\/em> Doug Fields&#039; return has been confirmed. There was no comment on which department he will work in at Apple.<\/p>\n<p>Two years ago, his old colleague Bob Mansfield took over the management of Project \u201c<em>Titanium<\/em>\u201c, Apple&#039;s car project. According to rumors, Field will now be deployed there. This step could open up a new perspective. Perhaps Apple is not only working on software for cars, perhaps the iGroup is developing iCars after all.<\/p>\n\n<p><strong>What is Project Titan?<\/strong><\/p>\n<p>Little is known about the project. The development and construction of entire cars was Apple&#039;s original goal. In the course of research, this is said to have changed and the focus was placed on software development for autonomous driving. This was then to be incorporated into models from other manufacturers. The project itself was first documented in 2015.<\/p>\n<p><em>At that time, Apple hired several specialists from the automotive industry \u2013 the foundation for the rumors surrounding the iCar was laid.<\/em><\/p>","protected":false},"excerpt":{"rendered":"<p>Doug Field war bis 2013 leitender Angestellter bei Apple im Bereich Mac-Hardware-Entwicklung und arbeitete mit Bob Mansfield zusammen. Er wechselte danach als Chefingenieur zu Tesla. Field war Produktionsleiter des Model 3 bis er von Elon Musk pers\u00f6nlich abgel\u00f6st wurde. Die \u00dcbernahme dieser Aufgabe spielte sich im April diesen Jahres ab. Kurz danach lie\u00df Field sich [&hellip;]<\/p>\n","protected":false},"author":2,"featured_media":1568,"comment_status":"open","ping_status":"open","sticky":false,"template":"","format":"standard","meta":{"jnews-multi-image_gallery":[],"jnews_single_post":[],"jnews_primary_category":[],"footnotes":""},"categories":[9],"tags":[3,8],"class_list":["post-1567","post","type-post","status-publish","format-standard","has-post-thumbnail","hentry","category-news","tag-ios","tag-iphone"],"yoast_head":"<!-- This site is optimized with the Yoast SEO Premium plugin v27.4 (Yoast SEO v27.4) - https:\/\/yoast.com\/product\/yoast-seo-premium-wordpress\/ -->\n<title>Projekt Titan: Kommt das Apple Auto doch noch? Apfelpatient<\/title>\n<meta name=\"description\" content=\"Doug Field war bis 2013 leitender Angestellter bei Apple im Bereich Mac-Hardware-Entwicklung und arbeitete mit Bob Mansfield zusammen. Er wechselte danach\" \/>\n<meta name=\"robots\" content=\"index, follow, max-snippet:-1, max-image-preview:large, max-video-preview:-1\" \/>\n<link rel=\"canonical\" href=\"https:\/\/www.apfelpatient.de\/en\/news\/project-titan-the-apple-car-is-finally-coming\" \/>\n<meta property=\"og:locale\" content=\"en_US\" \/>\n<meta property=\"og:type\" content=\"article\" \/>\n<meta property=\"og:title\" content=\"Projekt Titan: Kommt das Apple Auto doch noch?\" \/>\n<meta property=\"og:description\" content=\"Doug Field war bis 2013 leitender Angestellter bei Apple im Bereich Mac-Hardware-Entwicklung und arbeitete mit Bob Mansfield zusammen. Er wechselte danach\" \/>\n<meta property=\"og:url\" content=\"https:\/\/www.apfelpatient.de\/en\/news\/project-titan-the-apple-car-is-finally-coming\" \/>\n<meta property=\"og:site_name\" content=\"Apfelpatient\" \/>\n<meta property=\"article:publisher\" content=\"https:\/\/www.facebook.com\/apfelpatientOfficial\" \/>\n<meta property=\"article:author\" content=\"https:\/\/www.facebook.com\/apfelpatientOfficial\" \/>\n<meta property=\"article:published_time\" content=\"2018-08-13T12:07:33+00:00\" \/>\n<meta property=\"og:image\" content=\"https:\/\/www.apfelpatient.de\/wp-content\/uploads\/2018\/08\/apfel-apple-begrifflich-413279.jpg\" \/>\n\t<meta property=\"og:image:width\" content=\"5184\" \/>\n\t<meta property=\"og:image:height\" content=\"3456\" \/>\n\t<meta property=\"og:image:type\" content=\"image\/jpeg\" \/>\n<meta name=\"author\" content=\"Milan\" \/>\n<meta name=\"twitter:card\" content=\"summary_large_image\" \/>\n<meta name=\"twitter:label1\" content=\"Written by\" \/>\n\t<meta name=\"twitter:data1\" content=\"Milan\" \/>\n\t<meta name=\"twitter:label2\" content=\"Est. reading time\" \/>\n\t<meta name=\"twitter:data2\" content=\"1 minute\" \/>\n<script type=\"application\/ld+json\" class=\"yoast-schema-graph\">{\"@context\":\"https:\\\/\\\/schema.org\",\"@graph\":[{\"@type\":\"NewsArticle\",\"@id\":\"https:\\\/\\\/www.apfelpatient.de\\\/news\\\/projekt-titan-kommt-das-apple-auto-doch-noch#article\",\"isPartOf\":{\"@id\":\"https:\\\/\\\/www.apfelpatient.de\\\/news\\\/projekt-titan-kommt-das-apple-auto-doch-noch\"},\"author\":{\"@type\":\"Organization\",\"@id\":\"https:\\\/\\\/www.apfelpatient.de\\\/en\\\/#organization\",\"name\":\"Apfelpatient\",\"url\":\"https:\\\/\\\/www.apfelpatient.de\\\/en\\\/\"},\"headline\":\"Projekt Titan: Kommt das Apple Auto doch noch?\",\"datePublished\":\"2018-08-13T12:07:33+00:00\",\"mainEntityOfPage\":{\"@id\":\"https:\\\/\\\/www.apfelpatient.de\\\/news\\\/projekt-titan-kommt-das-apple-auto-doch-noch\"},\"wordCount\":249,\"commentCount\":0,\"publisher\":{\"@type\":\"Organization\",\"@id\":\"https:\\\/\\\/www.apfelpatient.de\\\/en\\\/#organization\",\"name\":\"Apfelpatient\",\"url\":\"https:\\\/\\\/www.apfelpatient.de\\\/en\\\/\"},\"image\":{\"@id\":\"https:\\\/\\\/www.apfelpatient.de\\\/news\\\/projekt-titan-kommt-das-apple-auto-doch-noch#primaryimage\"},\"thumbnailUrl\":\"https:\\\/\\\/www.apfelpatient.de\\\/wp-content\\\/uploads\\\/2018\\\/08\\\/apfel-apple-begrifflich-413279.jpg\",\"keywords\":[\"iOS\",\"iPhone\"],\"articleSection\":\"News\",\"inLanguage\":\"en-US\",\"potentialAction\":[{\"@type\":\"CommentAction\",\"name\":\"Comment\",\"target\":[\"https:\\\/\\\/www.apfelpatient.de\\\/news\\\/projekt-titan-kommt-das-apple-auto-doch-noch#respond\"]}],\"copyrightYear\":\"2018\",\"copyrightHolder\":{\"@id\":\"https:\\\/\\\/www.apfelpatient.de\\\/en\\\/#organization\"}},{\"@type\":\"WebPage\",\"@id\":\"https:\\\/\\\/www.apfelpatient.de\\\/news\\\/projekt-titan-kommt-das-apple-auto-doch-noch\",\"url\":\"https:\\\/\\\/www.apfelpatient.de\\\/news\\\/projekt-titan-kommt-das-apple-auto-doch-noch\",\"name\":\"Projekt Titan: Kommt das Apple Auto doch noch? Apfelpatient\",\"isPartOf\":{\"@id\":\"https:\\\/\\\/www.apfelpatient.de\\\/#website\"},\"primaryImageOfPage\":{\"@id\":\"https:\\\/\\\/www.apfelpatient.de\\\/news\\\/projekt-titan-kommt-das-apple-auto-doch-noch#primaryimage\"},\"image\":{\"@id\":\"https:\\\/\\\/www.apfelpatient.de\\\/news\\\/projekt-titan-kommt-das-apple-auto-doch-noch#primaryimage\"},\"thumbnailUrl\":\"https:\\\/\\\/www.apfelpatient.de\\\/wp-content\\\/uploads\\\/2018\\\/08\\\/apfel-apple-begrifflich-413279.jpg\",\"datePublished\":\"2018-08-13T12:07:33+00:00\",\"description\":\"Doug Field war bis 2013 leitender Angestellter bei Apple im Bereich Mac-Hardware-Entwicklung und arbeitete mit Bob Mansfield zusammen. Er wechselte danach\",\"breadcrumb\":{\"@id\":\"https:\\\/\\\/www.apfelpatient.de\\\/news\\\/projekt-titan-kommt-das-apple-auto-doch-noch#breadcrumb\"},\"inLanguage\":\"en-US\",\"potentialAction\":[{\"@type\":\"ReadAction\",\"target\":[\"https:\\\/\\\/www.apfelpatient.de\\\/news\\\/projekt-titan-kommt-das-apple-auto-doch-noch\"]}]},{\"@type\":\"ImageObject\",\"inLanguage\":\"en-US\",\"@id\":\"https:\\\/\\\/www.apfelpatient.de\\\/news\\\/projekt-titan-kommt-das-apple-auto-doch-noch#primaryimage\",\"url\":\"https:\\\/\\\/www.apfelpatient.de\\\/wp-content\\\/uploads\\\/2018\\\/08\\\/apfel-apple-begrifflich-413279.jpg\",\"contentUrl\":\"https:\\\/\\\/www.apfelpatient.de\\\/wp-content\\\/uploads\\\/2018\\\/08\\\/apfel-apple-begrifflich-413279.jpg\",\"width\":5184,\"height\":3456,\"caption\":\"Bild: CC0\"},{\"@type\":\"BreadcrumbList\",\"@id\":\"https:\\\/\\\/www.apfelpatient.de\\\/news\\\/projekt-titan-kommt-das-apple-auto-doch-noch#breadcrumb\",\"itemListElement\":[{\"@type\":\"ListItem\",\"position\":1,\"name\":\"Startseite\",\"item\":\"https:\\\/\\\/www.apfelpatient.de\\\/\"},{\"@type\":\"ListItem\",\"position\":2,\"name\":\"Projekt Titan: Kommt das Apple Auto doch noch?\"}]},{\"@type\":\"WebSite\",\"@id\":\"https:\\\/\\\/www.apfelpatient.de\\\/#website\",\"url\":\"https:\\\/\\\/www.apfelpatient.de\\\/\",\"name\":\"Apfelpatient\",\"description\":\"Alles rund um Apple!\",\"publisher\":{\"@type\":\"Organization\",\"@id\":\"https:\\\/\\\/www.apfelpatient.de\\\/en\\\/#organization\",\"name\":\"Apfelpatient\",\"url\":\"https:\\\/\\\/www.apfelpatient.de\\\/en\\\/\"},\"alternateName\":\"Apfelpatient\",\"potentialAction\":[{\"@type\":\"SearchAction\",\"target\":{\"@type\":\"EntryPoint\",\"urlTemplate\":\"https:\\\/\\\/www.apfelpatient.de\\\/?s={search_term_string}\"},\"query-input\":{\"@type\":\"PropertyValueSpecification\",\"valueRequired\":true,\"valueName\":\"search_term_string\"}}],\"inLanguage\":\"en-US\"},{\"@type\":[\"Person\",\"Organization\"],\"@id\":\"https:\\\/\\\/www.apfelpatient.de\\\/#\\\/schema\\\/person\\\/7dc56ad6c8e9824b76d2c08d4c140e13\",\"name\":\"Milan\",\"logo\":{\"@id\":\"https:\\\/\\\/www.apfelpatient.de\\\/#\\\/schema\\\/person\\\/image\\\/\"},\"description\":\"Hallo und herzlich willkommen auf meinem Technik-Blog! Als gro\u00dfer Apple-Fan berichte ich hier \u00fcber alles, was mit Apple zu tun hat: von den neuesten News und spannenden Ger\u00fcchten \u00fcber hilfreiche Tipps und Tricks bis hin zu ausf\u00fchrlichen Produkttests. Wenn du genauso technikbegeistert bist wie ich, bist du hier genau richtig!\",\"sameAs\":[\"https:\\\/\\\/www.facebook.com\\\/apfelpatientOfficial\",\"https:\\\/\\\/www.linkedin.com\\\/in\\\/milan-jovicic-42aa0231b\"],\"url\":\"https:\\\/\\\/www.apfelpatient.de\\\/en\\\/author\\\/apfeladmin\"}]}<\/script>\n<!-- \/ Yoast SEO Premium plugin. -->","yoast_head_json":{"title":"Project Titan: Is the Apple Car coming after all? Apfelpatient","description":"Doug Field was a senior executive at Apple in Mac hardware development until 2013, working with Bob Mansfield. He then moved","robots":{"index":"index","follow":"follow","max-snippet":"max-snippet:-1","max-image-preview":"max-image-preview:large","max-video-preview":"max-video-preview:-1"},"canonical":"https:\/\/www.apfelpatient.de\/en\/news\/project-titan-the-apple-car-is-finally-coming","og_locale":"en_US","og_type":"article","og_title":"Projekt Titan: Kommt das Apple Auto doch noch?","og_description":"Doug Field war bis 2013 leitender Angestellter bei Apple im Bereich Mac-Hardware-Entwicklung und arbeitete mit Bob Mansfield zusammen. Er wechselte danach","og_url":"https:\/\/www.apfelpatient.de\/en\/news\/project-titan-the-apple-car-is-finally-coming","og_site_name":"Apfelpatient","article_publisher":"https:\/\/www.facebook.com\/apfelpatientOfficial","article_author":"https:\/\/www.facebook.com\/apfelpatientOfficial","article_published_time":"2018-08-13T12:07:33+00:00","og_image":[{"width":5184,"height":3456,"url":"https:\/\/www.apfelpatient.de\/wp-content\/uploads\/2018\/08\/apfel-apple-begrifflich-413279.jpg","type":"image\/jpeg"}],"author":"Milan","twitter_card":"summary_large_image","twitter_misc":{"Written by":"Milan","Est. reading time":"1 minute"},"schema":{"@context":"https:\/\/schema.org","@graph":[{"@type":"NewsArticle","@id":"https:\/\/www.apfelpatient.de\/news\/projekt-titan-kommt-das-apple-auto-doch-noch#article","isPartOf":{"@id":"https:\/\/www.apfelpatient.de\/news\/projekt-titan-kommt-das-apple-auto-doch-noch"},"author":{"@type":"Organization","@id":"https:\/\/www.apfelpatient.de\/en\/#organization","name":"Apfelpatient","url":"https:\/\/www.apfelpatient.de\/en\/"},"headline":"Projekt Titan: Kommt das Apple Auto doch noch?","datePublished":"2018-08-13T12:07:33+00:00","mainEntityOfPage":{"@id":"https:\/\/www.apfelpatient.de\/news\/projekt-titan-kommt-das-apple-auto-doch-noch"},"wordCount":249,"commentCount":0,"publisher":{"@type":"Organization","@id":"https:\/\/www.apfelpatient.de\/en\/#organization","name":"Apfelpatient","url":"https:\/\/www.apfelpatient.de\/en\/"},"image":{"@id":"https:\/\/www.apfelpatient.de\/news\/projekt-titan-kommt-das-apple-auto-doch-noch#primaryimage"},"thumbnailUrl":"https:\/\/www.apfelpatient.de\/wp-content\/uploads\/2018\/08\/apfel-apple-begrifflich-413279.jpg","keywords":["iOS","iPhone"],"articleSection":"News","inLanguage":"en-US","potentialAction":[{"@type":"CommentAction","name":"Comment","target":["https:\/\/www.apfelpatient.de\/news\/projekt-titan-kommt-das-apple-auto-doch-noch#respond"]}],"copyrightYear":"2018","copyrightHolder":{"@id":"https:\/\/www.apfelpatient.de\/en\/#organization"}},{"@type":"WebPage","@id":"https:\/\/www.apfelpatient.de\/news\/projekt-titan-kommt-das-apple-auto-doch-noch","url":"https:\/\/www.apfelpatient.de\/news\/projekt-titan-kommt-das-apple-auto-doch-noch","name":"Project Titan: Is the Apple Car coming after all? Apfelpatient","isPartOf":{"@id":"https:\/\/www.apfelpatient.de\/#website"},"primaryImageOfPage":{"@id":"https:\/\/www.apfelpatient.de\/news\/projekt-titan-kommt-das-apple-auto-doch-noch#primaryimage"},"image":{"@id":"https:\/\/www.apfelpatient.de\/news\/projekt-titan-kommt-das-apple-auto-doch-noch#primaryimage"},"thumbnailUrl":"https:\/\/www.apfelpatient.de\/wp-content\/uploads\/2018\/08\/apfel-apple-begrifflich-413279.jpg","datePublished":"2018-08-13T12:07:33+00:00","description":"Doug Field was a senior executive at Apple in Mac hardware development until 2013, working with Bob Mansfield. He then moved","breadcrumb":{"@id":"https:\/\/www.apfelpatient.de\/news\/projekt-titan-kommt-das-apple-auto-doch-noch#breadcrumb"},"inLanguage":"en-US","potentialAction":[{"@type":"ReadAction","target":["https:\/\/www.apfelpatient.de\/news\/projekt-titan-kommt-das-apple-auto-doch-noch"]}]},{"@type":"ImageObject","inLanguage":"en-US","@id":"https:\/\/www.apfelpatient.de\/news\/projekt-titan-kommt-das-apple-auto-doch-noch#primaryimage","url":"https:\/\/www.apfelpatient.de\/wp-content\/uploads\/2018\/08\/apfel-apple-begrifflich-413279.jpg","contentUrl":"https:\/\/www.apfelpatient.de\/wp-content\/uploads\/2018\/08\/apfel-apple-begrifflich-413279.jpg","width":5184,"height":3456,"caption":"Bild: CC0"},{"@type":"BreadcrumbList","@id":"https:\/\/www.apfelpatient.de\/news\/projekt-titan-kommt-das-apple-auto-doch-noch#breadcrumb","itemListElement":[{"@type":"ListItem","position":1,"name":"Startseite","item":"https:\/\/www.apfelpatient.de\/"},{"@type":"ListItem","position":2,"name":"Projekt Titan: Kommt das Apple Auto doch noch?"}]},{"@type":"WebSite","@id":"https:\/\/www.apfelpatient.de\/#website","url":"https:\/\/www.apfelpatient.de\/","name":"apple patient","description":"Everything about Apple!","publisher":{"@type":"Organization","@id":"https:\/\/www.apfelpatient.de\/en\/#organization","name":"Apfelpatient","url":"https:\/\/www.apfelpatient.de\/en\/"},"alternateName":"Apfelpatient","potentialAction":[{"@type":"SearchAction","target":{"@type":"EntryPoint","urlTemplate":"https:\/\/www.apfelpatient.de\/?s={search_term_string}"},"query-input":{"@type":"PropertyValueSpecification","valueRequired":true,"valueName":"search_term_string"}}],"inLanguage":"en-US"},{"@type":["Person","Organization"],"@id":"https:\/\/www.apfelpatient.de\/#\/schema\/person\/7dc56ad6c8e9824b76d2c08d4c140e13","name":"Milan","logo":{"@id":"https:\/\/www.apfelpatient.de\/#\/schema\/person\/image\/"},"description":"Hello and welcome to my technology blog! As a big Apple fan, I report on everything to do with Apple: from the latest news and exciting rumors to helpful tips and tricks and detailed product tests. If you are as enthusiastic about technology as I am, you have come to the right place!","sameAs":["https:\/\/www.facebook.com\/apfelpatientOfficial","https:\/\/www.linkedin.com\/in\/milan-jovicic-42aa0231b"],"url":"https:\/\/www.apfelpatient.de\/en\/author\/apfeladmin"}]}},"_links":{"self":[{"href":"https:\/\/www.apfelpatient.de\/en\/wp-json\/wp\/v2\/posts\/1567","targetHints":{"allow":["GET"]}}],"collection":[{"href":"https:\/\/www.apfelpatient.de\/en\/wp-json\/wp\/v2\/posts"}],"about":[{"href":"https:\/\/www.apfelpatient.de\/en\/wp-json\/wp\/v2\/types\/post"}],"author":[{"embeddable":true,"href":"https:\/\/www.apfelpatient.de\/en\/wp-json\/wp\/v2\/users\/2"}],"replies":[{"embeddable":true,"href":"https:\/\/www.apfelpatient.de\/en\/wp-json\/wp\/v2\/comments?post=1567"}],"version-history":[{"count":0,"href":"https:\/\/www.apfelpatient.de\/en\/wp-json\/wp\/v2\/posts\/1567\/revisions"}],"wp:featuredmedia":[{"embeddable":true,"href":"https:\/\/www.apfelpatient.de\/en\/wp-json\/wp\/v2\/media\/1568"}],"wp:attachment":[{"href":"https:\/\/www.apfelpatient.de\/en\/wp-json\/wp\/v2\/media?parent=1567"}],"wp:term":[{"taxonomy":"category","embeddable":true,"href":"https:\/\/www.apfelpatient.de\/en\/wp-json\/wp\/v2\/categories?post=1567"},{"taxonomy":"post_tag","embeddable":true,"href":"https:\/\/www.apfelpatient.de\/en\/wp-json\/wp\/v2\/tags?post=1567"}],"curies":[{"name":"wp","href":"https:\/\/api.w.org\/{rel}","templated":true}]}}