{"id":15606,"date":"2020-09-23T11:04:50","date_gmt":"2020-09-23T09:04:50","guid":{"rendered":"https:\/\/www.apfelpatient.de\/?p=15606"},"modified":"2020-09-23T11:04:52","modified_gmt":"2020-09-23T09:04:52","slug":"mini-led-displays-debut-in-upcoming-ipad-pro","status":"publish","type":"post","link":"https:\/\/www.apfelpatient.de\/en\/rumors\/mini-led-displays-debuetieren-in-kommendem-ipad-pro","title":{"rendered":"Mini-LED displays debut in upcoming iPad Pro"},"content":{"rendered":"<p class=\"has-drop-cap\"><strong>The rumors that Apple is planning to introduce mini-LED displays have been around for a long time. Now a well-known analyst has spoken out.<\/strong><\/p>\n\n\n\n<p>Apple analyst Ming-Chi Kuo was the first to predict the introduction of mini-LED technology. At the time, he said that Apple plans to use the new screen technology in six products, including a range of Mac and iPad devices. After reporting earlier this week on Apple&#039;s suppliers in this area, Kuo now sheds more light on the matter (<a href=\"https:\/\/www.macrumors.com\/2020\/09\/23\/kuo-mini-led-ipad-pro\/\" target=\"_blank\" rel=\"noreferrer noopener\">via<\/a> According to the analyst, Epistar remains Apple&#039;s main supplier in this area, but Sanan and other suppliers will be able to integrate into the supply chain fairly quickly. While Sanan has seen rapid development of its own mini-LED capabilities, Epistar is said to have had some problems. Kuo explained that Apple has at least six iPad and Mac products with mini-LED displays in the pipeline, which are scheduled to be released by the end of 2021. At the same time, he emphasized that the first mini-LED displays to be shipped later this year are intended for the upcoming iPad Pro.\u00a0<\/p>\n\n\n\n<h3 class=\"wp-block-heading\">Mini-LED iPad Pro could be released in the first half of 2021<\/h3>\n\n\n\n\n\n\n\n<blockquote class=\"wp-block-quote is-layout-flow wp-block-quote-is-layout-flow\"><p>Apple&#039;s mini-LEDs will be mass-produced in 4Q20, but due to yield issues related to the production process of display module materials, 4Q20 display shipments were reduced by 50% to 300,000-400,000. We expect the mini-LED display to be used in the new iPad Pro in 4Q20.<\/p><\/blockquote>\n\n\n\n<p>Kuo has repeatedly stressed that the iPad Pro 12.9-inch will be the first to switch to mini-LEDs. So he is sticking to his statement. The device was originally expected in spring this year. But Apple has instead presented an updated version of the 2018 model. Kuo did not give a specific release date in today&#039;s forecast. However, it would not be unrealistic if Cupertino presented the brand new device in spring 2021.<em>\u00a0(Image: Apple)<\/em><\/p>\n\n\n\n<ul class=\"wp-block-list\"><li><a href=\"https:\/\/www.apfelpatient.de\/en\/rumors\/ipad-mac-mini-led-introduction-is-accelerated\">iPad &amp; Mac: Mini-LED introduction is accelerated<\/a><\/li><\/ul>\n\n\n\n<h6 class=\"wp-block-heading translation-block\" id=\"h-kennt-ihr-schon-unsere-amazon-storefront-dort-findet-ihr-eine-handverlesene-auswahl-von-diversen-produkten-f-r-euer-iphone-und-co-viel-spa-beim-st-bern\"><em>Have you already visited our Amazon Storefront? There you&#039;ll find a hand-picked selection of various products for your iPhone and other devices \u2013 <span class=\"has-inline-color has-vivid-red-color\"><a href=\"https:\/\/www.amazon.de\/shop\/apfelpatientofficial\" class=\"ek-link\" data-wpel-link=\"exclude\" rel=\"follow noopener\" target=\"_self\"><span style=\"text-decoration: underline\" class=\"ek-underline\">enjoy browsing<\/span><\/a> !<\/span><\/em><\/h6>\n\n\n\n\n\n<h6 class=\"wp-block-heading translation-block\" id=\"h-der-beitrag-enthalt-partnerlinks\">This post contains <a data-type=\"URL\" data-id=\"https:\/\/www.apfelpatient.de\/partnerprogramm\" href=\"https:\/\/www.apfelpatient.de\/en\/partner-program\" data-wpel-link=\"internal\" target=\"_self\">affiliate links<\/a>.<\/h6>","protected":false},"excerpt":{"rendered":"<p>iPad Pro: The rumors that Apple is planning to introduce mini-LED displays have been around for a long time.<\/p>","protected":false},"author":2,"featured_media":15607,"comment_status":"closed","ping_status":"closed","sticky":false,"template":"","format":"standard","meta":{"jnews-multi-image_gallery":[],"jnews_single_post":{"subtitle":"","format":"standard","video":"","gallery":"","source_name":"","source_url":"","via_name":"","via_url":"","override":[{"single_blog_custom":"","sidebar":"","second_sidebar":"","share_position":"","share_float_style":"","post_date_format":"","post_date_format_custom":"","post_reading_time_wpm":"","zoom_button_out_step":"1","zoom_button_in_step":"1","number_popup_post":"1"}],"image_override":[{"single_post_thumbnail_size":"","single_post_gallery_size":""}],"trending_post_position":"","trending_post_label":"","sponsored_post_label":"","sponsored_post_name":"","sponsored_post_url":"","sponsored_post_logo":"","sponsored_post_desc":""},"jnews_primary_category":{"id":""},"footnotes":""},"categories":[25],"tags":[18,66],"class_list":["post-15606","post","type-post","status-publish","format-standard","has-post-thumbnail","hentry","category-rumors","tag-ipad","tag-ipad-pro"],"yoast_head":"<!-- This site is optimized with the Yoast SEO Premium plugin v27.5 (Yoast SEO v27.5) - https:\/\/yoast.com\/product\/yoast-seo-premium-wordpress\/ -->\n<title>Mini-LED-Displays deb\u00fctieren in kommendem iPad Pro Apfelpatient<\/title>\n<meta name=\"description\" content=\"iPad Pro: Die Ger\u00fcchte, wonach Apple die Einf\u00fchrung von Mini-LED-Displays in Planung hat, begleiten uns schon sehr lange.\" \/>\n<meta name=\"robots\" content=\"index, follow, max-snippet:-1, max-image-preview:large, max-video-preview:-1\" \/>\n<link rel=\"canonical\" href=\"https:\/\/www.apfelpatient.de\/en\/rumors\/mini-led-displays-debut-in-upcoming-ipad-pro\" \/>\n<meta property=\"og:locale\" content=\"en_US\" \/>\n<meta property=\"og:type\" content=\"article\" \/>\n<meta property=\"og:title\" content=\"Mini-LED-Displays deb\u00fctieren in kommendem iPad Pro\" \/>\n<meta property=\"og:description\" content=\"iPad Pro: Die Ger\u00fcchte, wonach Apple die Einf\u00fchrung von Mini-LED-Displays in Planung hat, begleiten uns schon sehr lange.\" \/>\n<meta property=\"og:url\" content=\"https:\/\/www.apfelpatient.de\/en\/rumors\/mini-led-displays-debut-in-upcoming-ipad-pro\" \/>\n<meta property=\"og:site_name\" content=\"Apfelpatient\" \/>\n<meta property=\"article:publisher\" content=\"https:\/\/www.facebook.com\/apfelpatientOfficial\" \/>\n<meta property=\"article:author\" content=\"https:\/\/www.facebook.com\/apfelpatientOfficial\" \/>\n<meta property=\"article:published_time\" content=\"2020-09-23T09:04:50+00:00\" \/>\n<meta property=\"article:modified_time\" content=\"2020-09-23T09:04:52+00:00\" \/>\n<meta property=\"og:image\" content=\"https:\/\/www.apfelpatient.de\/wp-content\/uploads\/2020\/09\/apple_ipad-pro-keyboard_now-available_04152020.jpg\" \/>\n\t<meta property=\"og:image:width\" content=\"1960\" \/>\n\t<meta property=\"og:image:height\" content=\"1700\" \/>\n\t<meta property=\"og:image:type\" content=\"image\/jpeg\" \/>\n<meta name=\"author\" content=\"Milan\" \/>\n<meta name=\"twitter:card\" content=\"summary_large_image\" \/>\n<meta name=\"twitter:description\" content=\"iPad Pro: Die Ger\u00fcchte, wonach Apple die Einf\u00fchrung von Mini-LED-Displays in Planung hat, begleiten uns schon sehr lange.\" \/>\n<meta name=\"twitter:label1\" content=\"Written by\" \/>\n\t<meta name=\"twitter:data1\" content=\"Milan\" \/>\n\t<meta name=\"twitter:label2\" content=\"Est. reading time\" \/>\n\t<meta name=\"twitter:data2\" content=\"2 minutes\" \/>\n<script type=\"application\/ld+json\" class=\"yoast-schema-graph\">{\"@context\":\"https:\\\/\\\/schema.org\",\"@graph\":[{\"@type\":\"NewsArticle\",\"@id\":\"https:\\\/\\\/www.apfelpatient.de\\\/rumors\\\/mini-led-displays-debuetieren-in-kommendem-ipad-pro#article\",\"isPartOf\":{\"@id\":\"https:\\\/\\\/www.apfelpatient.de\\\/rumors\\\/mini-led-displays-debuetieren-in-kommendem-ipad-pro\"},\"author\":{\"@type\":\"Organization\",\"@id\":\"https:\\\/\\\/www.apfelpatient.de\\\/en\\\/#organization\",\"name\":\"Apfelpatient\",\"url\":\"https:\\\/\\\/www.apfelpatient.de\\\/en\\\/\"},\"headline\":\"Mini-LED-Displays deb\u00fctieren in kommendem iPad Pro\",\"datePublished\":\"2020-09-23T09:04:50+00:00\",\"dateModified\":\"2020-09-23T09:04:52+00:00\",\"mainEntityOfPage\":{\"@id\":\"https:\\\/\\\/www.apfelpatient.de\\\/rumors\\\/mini-led-displays-debuetieren-in-kommendem-ipad-pro\"},\"wordCount\":321,\"publisher\":{\"@type\":\"Organization\",\"@id\":\"https:\\\/\\\/www.apfelpatient.de\\\/en\\\/#organization\",\"name\":\"Apfelpatient\",\"url\":\"https:\\\/\\\/www.apfelpatient.de\\\/en\\\/\"},\"image\":{\"@id\":\"https:\\\/\\\/www.apfelpatient.de\\\/rumors\\\/mini-led-displays-debuetieren-in-kommendem-ipad-pro#primaryimage\"},\"thumbnailUrl\":\"https:\\\/\\\/www.apfelpatient.de\\\/wp-content\\\/uploads\\\/2020\\\/09\\\/apple_ipad-pro-keyboard_now-available_04152020.jpg\",\"keywords\":[\"iPad\",\"iPad Pro\"],\"articleSection\":\"Rumors\",\"inLanguage\":\"en-US\",\"copyrightYear\":\"2020\",\"copyrightHolder\":{\"@id\":\"https:\\\/\\\/www.apfelpatient.de\\\/en\\\/#organization\"}},{\"@type\":\"WebPage\",\"@id\":\"https:\\\/\\\/www.apfelpatient.de\\\/rumors\\\/mini-led-displays-debuetieren-in-kommendem-ipad-pro\",\"url\":\"https:\\\/\\\/www.apfelpatient.de\\\/rumors\\\/mini-led-displays-debuetieren-in-kommendem-ipad-pro\",\"name\":\"Mini-LED-Displays deb\u00fctieren in kommendem iPad Pro Apfelpatient\",\"isPartOf\":{\"@id\":\"https:\\\/\\\/www.apfelpatient.de\\\/#website\"},\"primaryImageOfPage\":{\"@id\":\"https:\\\/\\\/www.apfelpatient.de\\\/rumors\\\/mini-led-displays-debuetieren-in-kommendem-ipad-pro#primaryimage\"},\"image\":{\"@id\":\"https:\\\/\\\/www.apfelpatient.de\\\/rumors\\\/mini-led-displays-debuetieren-in-kommendem-ipad-pro#primaryimage\"},\"thumbnailUrl\":\"https:\\\/\\\/www.apfelpatient.de\\\/wp-content\\\/uploads\\\/2020\\\/09\\\/apple_ipad-pro-keyboard_now-available_04152020.jpg\",\"datePublished\":\"2020-09-23T09:04:50+00:00\",\"dateModified\":\"2020-09-23T09:04:52+00:00\",\"description\":\"iPad Pro: Die Ger\u00fcchte, wonach Apple die Einf\u00fchrung von Mini-LED-Displays in Planung hat, begleiten uns schon sehr lange.\",\"breadcrumb\":{\"@id\":\"https:\\\/\\\/www.apfelpatient.de\\\/rumors\\\/mini-led-displays-debuetieren-in-kommendem-ipad-pro#breadcrumb\"},\"inLanguage\":\"en-US\",\"potentialAction\":[{\"@type\":\"ReadAction\",\"target\":[\"https:\\\/\\\/www.apfelpatient.de\\\/rumors\\\/mini-led-displays-debuetieren-in-kommendem-ipad-pro\"]}]},{\"@type\":\"ImageObject\",\"inLanguage\":\"en-US\",\"@id\":\"https:\\\/\\\/www.apfelpatient.de\\\/rumors\\\/mini-led-displays-debuetieren-in-kommendem-ipad-pro#primaryimage\",\"url\":\"https:\\\/\\\/www.apfelpatient.de\\\/wp-content\\\/uploads\\\/2020\\\/09\\\/apple_ipad-pro-keyboard_now-available_04152020.jpg\",\"contentUrl\":\"https:\\\/\\\/www.apfelpatient.de\\\/wp-content\\\/uploads\\\/2020\\\/09\\\/apple_ipad-pro-keyboard_now-available_04152020.jpg\",\"width\":1960,\"height\":1700,\"caption\":\"iPad Pro\"},{\"@type\":\"BreadcrumbList\",\"@id\":\"https:\\\/\\\/www.apfelpatient.de\\\/rumors\\\/mini-led-displays-debuetieren-in-kommendem-ipad-pro#breadcrumb\",\"itemListElement\":[{\"@type\":\"ListItem\",\"position\":1,\"name\":\"Startseite\",\"item\":\"https:\\\/\\\/www.apfelpatient.de\\\/\"},{\"@type\":\"ListItem\",\"position\":2,\"name\":\"Mini-LED-Displays deb\u00fctieren in kommendem iPad Pro\"}]},{\"@type\":\"WebSite\",\"@id\":\"https:\\\/\\\/www.apfelpatient.de\\\/#website\",\"url\":\"https:\\\/\\\/www.apfelpatient.de\\\/\",\"name\":\"Apfelpatient\",\"description\":\"Alles rund um Apple!\",\"publisher\":{\"@type\":\"Organization\",\"@id\":\"https:\\\/\\\/www.apfelpatient.de\\\/en\\\/#organization\",\"name\":\"Apfelpatient\",\"url\":\"https:\\\/\\\/www.apfelpatient.de\\\/en\\\/\"},\"alternateName\":\"Apfelpatient\",\"potentialAction\":[{\"@type\":\"SearchAction\",\"target\":{\"@type\":\"EntryPoint\",\"urlTemplate\":\"https:\\\/\\\/www.apfelpatient.de\\\/?s={search_term_string}\"},\"query-input\":{\"@type\":\"PropertyValueSpecification\",\"valueRequired\":true,\"valueName\":\"search_term_string\"}}],\"inLanguage\":\"en-US\"},{\"@type\":[\"Person\",\"Organization\"],\"@id\":\"https:\\\/\\\/www.apfelpatient.de\\\/#\\\/schema\\\/person\\\/35b3ddba5832f2bfc7fff5206d4f6b7b\",\"name\":\"Milan\",\"logo\":{\"@id\":\"https:\\\/\\\/www.apfelpatient.de\\\/#\\\/schema\\\/person\\\/image\\\/\"},\"description\":\"Hallo und herzlich willkommen auf meinem Technik-Blog! Als gro\u00dfer Apple-Fan berichte ich hier \u00fcber alles, was mit Apple zu tun hat: von den neuesten News und spannenden Ger\u00fcchten \u00fcber hilfreiche Tipps und Tricks bis hin zu ausf\u00fchrlichen Produkttests. Wenn du genauso technikbegeistert bist wie ich, bist du hier genau richtig!\",\"sameAs\":[\"https:\\\/\\\/www.facebook.com\\\/apfelpatientOfficial\",\"https:\\\/\\\/www.linkedin.com\\\/in\\\/milan-jovicic-42aa0231b\"],\"url\":\"https:\\\/\\\/www.apfelpatient.de\\\/en\\\/author\\\/apfeladmin\"}]}<\/script>\n<!-- \/ Yoast SEO Premium plugin. -->","yoast_head_json":{"title":"Mini-LED displays debut in upcoming iPad Pro Apfelpatient","description":"iPad Pro: The rumors that Apple is planning to introduce mini-LED displays have been around for a long time.","robots":{"index":"index","follow":"follow","max-snippet":"max-snippet:-1","max-image-preview":"max-image-preview:large","max-video-preview":"max-video-preview:-1"},"canonical":"https:\/\/www.apfelpatient.de\/en\/rumors\/mini-led-displays-debut-in-upcoming-ipad-pro","og_locale":"en_US","og_type":"article","og_title":"Mini-LED-Displays deb\u00fctieren in kommendem iPad Pro","og_description":"iPad Pro: Die Ger\u00fcchte, wonach Apple die Einf\u00fchrung von Mini-LED-Displays in Planung hat, begleiten uns schon sehr lange.","og_url":"https:\/\/www.apfelpatient.de\/en\/rumors\/mini-led-displays-debut-in-upcoming-ipad-pro","og_site_name":"Apfelpatient","article_publisher":"https:\/\/www.facebook.com\/apfelpatientOfficial","article_author":"https:\/\/www.facebook.com\/apfelpatientOfficial","article_published_time":"2020-09-23T09:04:50+00:00","article_modified_time":"2020-09-23T09:04:52+00:00","og_image":[{"width":1960,"height":1700,"url":"https:\/\/www.apfelpatient.de\/wp-content\/uploads\/2020\/09\/apple_ipad-pro-keyboard_now-available_04152020.jpg","type":"image\/jpeg"}],"author":"Milan","twitter_card":"summary_large_image","twitter_description":"iPad Pro: Die Ger\u00fcchte, wonach Apple die Einf\u00fchrung von Mini-LED-Displays in Planung hat, begleiten uns schon sehr lange.","twitter_misc":{"Written by":"Milan","Est. reading time":"2 minutes"},"schema":{"@context":"https:\/\/schema.org","@graph":[{"@type":"NewsArticle","@id":"https:\/\/www.apfelpatient.de\/rumors\/mini-led-displays-debuetieren-in-kommendem-ipad-pro#article","isPartOf":{"@id":"https:\/\/www.apfelpatient.de\/rumors\/mini-led-displays-debuetieren-in-kommendem-ipad-pro"},"author":{"@type":"Organization","@id":"https:\/\/www.apfelpatient.de\/en\/#organization","name":"Apfelpatient","url":"https:\/\/www.apfelpatient.de\/en\/"},"headline":"Mini-LED-Displays deb\u00fctieren in kommendem iPad Pro","datePublished":"2020-09-23T09:04:50+00:00","dateModified":"2020-09-23T09:04:52+00:00","mainEntityOfPage":{"@id":"https:\/\/www.apfelpatient.de\/rumors\/mini-led-displays-debuetieren-in-kommendem-ipad-pro"},"wordCount":321,"publisher":{"@type":"Organization","@id":"https:\/\/www.apfelpatient.de\/en\/#organization","name":"Apfelpatient","url":"https:\/\/www.apfelpatient.de\/en\/"},"image":{"@id":"https:\/\/www.apfelpatient.de\/rumors\/mini-led-displays-debuetieren-in-kommendem-ipad-pro#primaryimage"},"thumbnailUrl":"https:\/\/www.apfelpatient.de\/wp-content\/uploads\/2020\/09\/apple_ipad-pro-keyboard_now-available_04152020.jpg","keywords":["iPad","iPad Pro"],"articleSection":"Rumors","inLanguage":"en-US","copyrightYear":"2020","copyrightHolder":{"@id":"https:\/\/www.apfelpatient.de\/en\/#organization"}},{"@type":"WebPage","@id":"https:\/\/www.apfelpatient.de\/rumors\/mini-led-displays-debuetieren-in-kommendem-ipad-pro","url":"https:\/\/www.apfelpatient.de\/rumors\/mini-led-displays-debuetieren-in-kommendem-ipad-pro","name":"Mini-LED displays debut in upcoming iPad Pro Apfelpatient","isPartOf":{"@id":"https:\/\/www.apfelpatient.de\/#website"},"primaryImageOfPage":{"@id":"https:\/\/www.apfelpatient.de\/rumors\/mini-led-displays-debuetieren-in-kommendem-ipad-pro#primaryimage"},"image":{"@id":"https:\/\/www.apfelpatient.de\/rumors\/mini-led-displays-debuetieren-in-kommendem-ipad-pro#primaryimage"},"thumbnailUrl":"https:\/\/www.apfelpatient.de\/wp-content\/uploads\/2020\/09\/apple_ipad-pro-keyboard_now-available_04152020.jpg","datePublished":"2020-09-23T09:04:50+00:00","dateModified":"2020-09-23T09:04:52+00:00","description":"iPad Pro: The rumors that Apple is planning to introduce mini-LED displays have been around for a long time.","breadcrumb":{"@id":"https:\/\/www.apfelpatient.de\/rumors\/mini-led-displays-debuetieren-in-kommendem-ipad-pro#breadcrumb"},"inLanguage":"en-US","potentialAction":[{"@type":"ReadAction","target":["https:\/\/www.apfelpatient.de\/rumors\/mini-led-displays-debuetieren-in-kommendem-ipad-pro"]}]},{"@type":"ImageObject","inLanguage":"en-US","@id":"https:\/\/www.apfelpatient.de\/rumors\/mini-led-displays-debuetieren-in-kommendem-ipad-pro#primaryimage","url":"https:\/\/www.apfelpatient.de\/wp-content\/uploads\/2020\/09\/apple_ipad-pro-keyboard_now-available_04152020.jpg","contentUrl":"https:\/\/www.apfelpatient.de\/wp-content\/uploads\/2020\/09\/apple_ipad-pro-keyboard_now-available_04152020.jpg","width":1960,"height":1700,"caption":"iPad Pro"},{"@type":"BreadcrumbList","@id":"https:\/\/www.apfelpatient.de\/rumors\/mini-led-displays-debuetieren-in-kommendem-ipad-pro#breadcrumb","itemListElement":[{"@type":"ListItem","position":1,"name":"Startseite","item":"https:\/\/www.apfelpatient.de\/"},{"@type":"ListItem","position":2,"name":"Mini-LED-Displays deb\u00fctieren in kommendem iPad Pro"}]},{"@type":"WebSite","@id":"https:\/\/www.apfelpatient.de\/#website","url":"https:\/\/www.apfelpatient.de\/","name":"apple patient","description":"Everything about Apple!","publisher":{"@type":"Organization","@id":"https:\/\/www.apfelpatient.de\/en\/#organization","name":"Apfelpatient","url":"https:\/\/www.apfelpatient.de\/en\/"},"alternateName":"Apfelpatient","potentialAction":[{"@type":"SearchAction","target":{"@type":"EntryPoint","urlTemplate":"https:\/\/www.apfelpatient.de\/?s={search_term_string}"},"query-input":{"@type":"PropertyValueSpecification","valueRequired":true,"valueName":"search_term_string"}}],"inLanguage":"en-US"},{"@type":["Person","Organization"],"@id":"https:\/\/www.apfelpatient.de\/#\/schema\/person\/35b3ddba5832f2bfc7fff5206d4f6b7b","name":"Milan","logo":{"@id":"https:\/\/www.apfelpatient.de\/#\/schema\/person\/image\/"},"description":"Hello and welcome to my technology blog! As a big Apple fan, I report on everything to do with Apple: from the latest news and exciting rumors to helpful tips and tricks and detailed product tests. If you are as enthusiastic about technology as I am, you have come to the right place!","sameAs":["https:\/\/www.facebook.com\/apfelpatientOfficial","https:\/\/www.linkedin.com\/in\/milan-jovicic-42aa0231b"],"url":"https:\/\/www.apfelpatient.de\/en\/author\/apfeladmin"}]}},"_links":{"self":[{"href":"https:\/\/www.apfelpatient.de\/en\/wp-json\/wp\/v2\/posts\/15606","targetHints":{"allow":["GET"]}}],"collection":[{"href":"https:\/\/www.apfelpatient.de\/en\/wp-json\/wp\/v2\/posts"}],"about":[{"href":"https:\/\/www.apfelpatient.de\/en\/wp-json\/wp\/v2\/types\/post"}],"author":[{"embeddable":true,"href":"https:\/\/www.apfelpatient.de\/en\/wp-json\/wp\/v2\/users\/2"}],"replies":[{"embeddable":true,"href":"https:\/\/www.apfelpatient.de\/en\/wp-json\/wp\/v2\/comments?post=15606"}],"version-history":[{"count":0,"href":"https:\/\/www.apfelpatient.de\/en\/wp-json\/wp\/v2\/posts\/15606\/revisions"}],"wp:featuredmedia":[{"embeddable":true,"href":"https:\/\/www.apfelpatient.de\/en\/wp-json\/wp\/v2\/media\/15607"}],"wp:attachment":[{"href":"https:\/\/www.apfelpatient.de\/en\/wp-json\/wp\/v2\/media?parent=15606"}],"wp:term":[{"taxonomy":"category","embeddable":true,"href":"https:\/\/www.apfelpatient.de\/en\/wp-json\/wp\/v2\/categories?post=15606"},{"taxonomy":"post_tag","embeddable":true,"href":"https:\/\/www.apfelpatient.de\/en\/wp-json\/wp\/v2\/tags?post=15606"}],"curies":[{"name":"wp","href":"https:\/\/api.w.org\/{rel}","templated":true}]}}