{"id":15538,"date":"2020-09-21T14:50:07","date_gmt":"2020-09-21T12:50:07","guid":{"rendered":"https:\/\/www.apfelpatient.de\/?p=15538"},"modified":"2020-09-21T14:50:08","modified_gmt":"2020-09-21T12:50:08","slug":"ipad-mac-mini-led-introduction-is-accelerated","status":"publish","type":"post","link":"https:\/\/www.apfelpatient.de\/en\/rumors\/ipad-mac-mini-led-einfuehrung-wird-beschleunigt","title":{"rendered":"iPad &amp; Mac: Mini-LED introduction is accelerated"},"content":{"rendered":"<p class=\"has-drop-cap\"><strong>Rumor has it that Apple plans to equip both the MacBook and iPad series with mini-LED screens in the future. Now there are reports that Apple wants to speed things up.<\/strong><\/p>\n\n\n\n<p>Apple analyst Ming-Chi Kuo has explained in a new forecast (<a href=\"https:\/\/www.macrumors.com\/2020\/09\/21\/kuo-apple-accelerating-mini-led-adoption\/\" data-type=\"URL\" data-id=\"https:\/\/www.macrumors.com\/2020\/09\/21\/kuo-apple-accelerating-mini-led-adoption\/\" target=\"_blank\" rel=\"noreferrer noopener\">via<\/a> MacRumors) that increased competition among Apple&#039;s mini-LED display suppliers will accelerate the adoption of the advanced technology. It was originally claimed that Epistar would be Apple&#039;s exclusive supplier for the new display technology in 2021. But Sanan Optoelectronics seems to be doing better than expected. According to the publication, the company will also be able to supply Apple in 2021. The increased supply capacity and competition between suppliers will reportedly bring Apple&#039;s mini-LED display costs down from $75 to $85 to around $45. As a result, Kuo expects mini-LED technology to be present in around 30-40% of iPad shipments and 20-30% of MacBook shipments in 2021, while previous estimates were 10-20%. The publication states:<\/p>\n\n\n\n<h3 class=\"wp-block-heading\">Mini-LED display: Better brightness and contrast, deeper blacks<\/h3>\n\n\n\n\n\n\n\n<blockquote class=\"wp-block-quote is-layout-flow wp-block-quote-is-layout-flow\"><p>Although Epistar has met Apple&#039;s mass production requirements, we believe Apple continues to seek new suppliers to reduce supply risks and costs. Among the candidates for a second-party supplier, Sanan Optoelectronics&#039; development schedule and costs are superior to competitors (including Osram and Seoul Semiconductor). We forecast that Sanan Optoelectronics will have 20-30% and 45-55% of Apple&#039;s mini-LED market share in 2021 and 2022, respectively (compared to our previous estimates of 01-10% and 201-5%, respectively), plus non-Apple. Demand for mini-LEDs in China has been increasing, so we believe Sanan Optoelectronics will benefit significantly from the mini-LED business in the next 3-5 years.<\/p><\/blockquote>\n\n\n\n<p>Kuo originally predicted that six new Apple products would be the first to be equipped with the new display technology. These include a 12.9-inch iPad Pro, a 27-inch iMac Pro, a 14.1-inch MacBook Pro, a 16-inch MacBook Pro, a 10.2-inch iPad and a 7.9-inch iPad mini. Mini-LED technology is said to deliver better brightness and significantly better contrast overall. Deeper blacks are also guaranteed. The burn-in problem of OLEDs is also solved. In addition, mini-LEDs are more efficient and would enable thinner and lighter product designs. <em>(Photo by Colour59 \/ Bigstockphoto)<\/em><\/p>\n\n\n\n<ul class=\"wp-block-list\"><li><a href=\"https:\/\/www.apfelpatient.de\/en\/rumors\/airpods-studio-u1-chip-has-greater-significance\" data-type=\"URL\" data-id=\"https:\/\/www.apfelpatient.de\/rumors\/airpods-studio-u1-chip-hat-groessere-bedeutung\">AirPods Studio: U1 chip has greater significance<\/a><\/li><\/ul>","protected":false},"excerpt":{"rendered":"<p>Rumor has it that Apple plans to equip both the MacBook and iPad series with mini-LED screens in the future.<\/p>","protected":false},"author":2,"featured_media":15539,"comment_status":"closed","ping_status":"closed","sticky":false,"template":"","format":"standard","meta":{"jnews-multi-image_gallery":[],"jnews_single_post":{"subtitle":"","format":"standard","video":"","gallery":"","source_name":"","source_url":"","via_name":"","via_url":"","override_template":"1","override":[{"template":"4","single_blog_custom":"","sidebar":"","second_sidebar":"","share_position":"","share_float_style":"","post_date_format":"","post_date_format_custom":"","post_reading_time_wpm":"","zoom_button_out_step":"1","zoom_button_in_step":"1","number_popup_post":"1"}],"image_override":[{"single_post_thumbnail_size":"","single_post_gallery_size":""}],"trending_post_position":"","trending_post_label":"","sponsored_post_label":"","sponsored_post_name":"","sponsored_post_url":"","sponsored_post_logo":"","sponsored_post_desc":""},"jnews_primary_category":{"id":"25"},"footnotes":""},"categories":[25],"tags":[18,40],"class_list":["post-15538","post","type-post","status-publish","format-standard","has-post-thumbnail","hentry","category-rumors","tag-ipad","tag-mac"],"yoast_head":"<!-- This site is optimized with the Yoast SEO Premium plugin v27.5 (Yoast SEO v27.5) - https:\/\/yoast.com\/product\/yoast-seo-premium-wordpress\/ -->\n<title>iPad &amp; Mac: Mini-LED-Einf\u00fchrung wird beschleunigt Apfelpatient<\/title>\n<meta name=\"description\" content=\"Ger\u00fcchten zufolge plant Apple in Zukunft sowohl die MacBook- als auch iPad-Reihe mit Mini-LED-Bildschirmen auszustatten.\" \/>\n<meta name=\"robots\" content=\"index, follow, max-snippet:-1, max-image-preview:large, max-video-preview:-1\" \/>\n<link rel=\"canonical\" href=\"https:\/\/www.apfelpatient.de\/en\/rumors\/ipad-mac-mini-led-introduction-is-accelerated\" \/>\n<meta property=\"og:locale\" content=\"en_US\" \/>\n<meta property=\"og:type\" content=\"article\" \/>\n<meta property=\"og:title\" content=\"iPad &amp; Mac: Mini-LED-Einf\u00fchrung wird beschleunigt\" \/>\n<meta property=\"og:description\" content=\"Ger\u00fcchten zufolge plant Apple in Zukunft sowohl die MacBook- als auch iPad-Reihe mit Mini-LED-Bildschirmen auszustatten.\" \/>\n<meta property=\"og:url\" content=\"https:\/\/www.apfelpatient.de\/en\/rumors\/ipad-mac-mini-led-introduction-is-accelerated\" \/>\n<meta property=\"og:site_name\" content=\"Apfelpatient\" \/>\n<meta property=\"article:publisher\" content=\"https:\/\/www.facebook.com\/apfelpatientOfficial\" \/>\n<meta property=\"article:author\" content=\"https:\/\/www.facebook.com\/apfelpatientOfficial\" \/>\n<meta property=\"article:published_time\" content=\"2020-09-21T12:50:07+00:00\" \/>\n<meta property=\"article:modified_time\" content=\"2020-09-21T12:50:08+00:00\" \/>\n<meta property=\"og:image\" content=\"https:\/\/www.apfelpatient.de\/wp-content\/uploads\/2020\/09\/bigstock-Wetzlar-Germany-376534726.jpg\" \/>\n\t<meta property=\"og:image:width\" content=\"1600\" \/>\n\t<meta property=\"og:image:height\" content=\"1067\" \/>\n\t<meta property=\"og:image:type\" content=\"image\/jpeg\" \/>\n<meta name=\"author\" content=\"Milan\" \/>\n<meta name=\"twitter:card\" content=\"summary_large_image\" \/>\n<meta name=\"twitter:label1\" content=\"Written by\" \/>\n\t<meta name=\"twitter:data1\" content=\"Milan\" \/>\n\t<meta name=\"twitter:label2\" content=\"Est. reading time\" \/>\n\t<meta name=\"twitter:data2\" content=\"2 minutes\" \/>\n<script type=\"application\/ld+json\" class=\"yoast-schema-graph\">{\"@context\":\"https:\\\/\\\/schema.org\",\"@graph\":[{\"@type\":\"NewsArticle\",\"@id\":\"https:\\\/\\\/www.apfelpatient.de\\\/rumors\\\/ipad-mac-mini-led-einfuehrung-wird-beschleunigt#article\",\"isPartOf\":{\"@id\":\"https:\\\/\\\/www.apfelpatient.de\\\/rumors\\\/ipad-mac-mini-led-einfuehrung-wird-beschleunigt\"},\"author\":{\"@type\":\"Organization\",\"@id\":\"https:\\\/\\\/www.apfelpatient.de\\\/en\\\/#organization\",\"name\":\"Apfelpatient\",\"url\":\"https:\\\/\\\/www.apfelpatient.de\\\/en\\\/\"},\"headline\":\"iPad &#038; Mac: Mini-LED-Einf\u00fchrung wird beschleunigt\",\"datePublished\":\"2020-09-21T12:50:07+00:00\",\"dateModified\":\"2020-09-21T12:50:08+00:00\",\"mainEntityOfPage\":{\"@id\":\"https:\\\/\\\/www.apfelpatient.de\\\/rumors\\\/ipad-mac-mini-led-einfuehrung-wird-beschleunigt\"},\"wordCount\":383,\"publisher\":{\"@type\":\"Organization\",\"@id\":\"https:\\\/\\\/www.apfelpatient.de\\\/en\\\/#organization\",\"name\":\"Apfelpatient\",\"url\":\"https:\\\/\\\/www.apfelpatient.de\\\/en\\\/\"},\"image\":{\"@id\":\"https:\\\/\\\/www.apfelpatient.de\\\/rumors\\\/ipad-mac-mini-led-einfuehrung-wird-beschleunigt#primaryimage\"},\"thumbnailUrl\":\"https:\\\/\\\/www.apfelpatient.de\\\/wp-content\\\/uploads\\\/2020\\\/09\\\/bigstock-Wetzlar-Germany-376534726.jpg\",\"keywords\":[\"iPad\",\"Mac\"],\"articleSection\":\"Rumors\",\"inLanguage\":\"en-US\",\"copyrightYear\":\"2020\",\"copyrightHolder\":{\"@id\":\"https:\\\/\\\/www.apfelpatient.de\\\/en\\\/#organization\"}},{\"@type\":\"WebPage\",\"@id\":\"https:\\\/\\\/www.apfelpatient.de\\\/rumors\\\/ipad-mac-mini-led-einfuehrung-wird-beschleunigt\",\"url\":\"https:\\\/\\\/www.apfelpatient.de\\\/rumors\\\/ipad-mac-mini-led-einfuehrung-wird-beschleunigt\",\"name\":\"iPad & Mac: Mini-LED-Einf\u00fchrung wird beschleunigt Apfelpatient\",\"isPartOf\":{\"@id\":\"https:\\\/\\\/www.apfelpatient.de\\\/#website\"},\"primaryImageOfPage\":{\"@id\":\"https:\\\/\\\/www.apfelpatient.de\\\/rumors\\\/ipad-mac-mini-led-einfuehrung-wird-beschleunigt#primaryimage\"},\"image\":{\"@id\":\"https:\\\/\\\/www.apfelpatient.de\\\/rumors\\\/ipad-mac-mini-led-einfuehrung-wird-beschleunigt#primaryimage\"},\"thumbnailUrl\":\"https:\\\/\\\/www.apfelpatient.de\\\/wp-content\\\/uploads\\\/2020\\\/09\\\/bigstock-Wetzlar-Germany-376534726.jpg\",\"datePublished\":\"2020-09-21T12:50:07+00:00\",\"dateModified\":\"2020-09-21T12:50:08+00:00\",\"description\":\"Ger\u00fcchten zufolge plant Apple in Zukunft sowohl die MacBook- als auch iPad-Reihe mit Mini-LED-Bildschirmen auszustatten.\",\"breadcrumb\":{\"@id\":\"https:\\\/\\\/www.apfelpatient.de\\\/rumors\\\/ipad-mac-mini-led-einfuehrung-wird-beschleunigt#breadcrumb\"},\"inLanguage\":\"en-US\",\"potentialAction\":[{\"@type\":\"ReadAction\",\"target\":[\"https:\\\/\\\/www.apfelpatient.de\\\/rumors\\\/ipad-mac-mini-led-einfuehrung-wird-beschleunigt\"]}]},{\"@type\":\"ImageObject\",\"inLanguage\":\"en-US\",\"@id\":\"https:\\\/\\\/www.apfelpatient.de\\\/rumors\\\/ipad-mac-mini-led-einfuehrung-wird-beschleunigt#primaryimage\",\"url\":\"https:\\\/\\\/www.apfelpatient.de\\\/wp-content\\\/uploads\\\/2020\\\/09\\\/bigstock-Wetzlar-Germany-376534726.jpg\",\"contentUrl\":\"https:\\\/\\\/www.apfelpatient.de\\\/wp-content\\\/uploads\\\/2020\\\/09\\\/bigstock-Wetzlar-Germany-376534726.jpg\",\"width\":1600,\"height\":1067,\"caption\":\"iPad Pro\"},{\"@type\":\"BreadcrumbList\",\"@id\":\"https:\\\/\\\/www.apfelpatient.de\\\/rumors\\\/ipad-mac-mini-led-einfuehrung-wird-beschleunigt#breadcrumb\",\"itemListElement\":[{\"@type\":\"ListItem\",\"position\":1,\"name\":\"Startseite\",\"item\":\"https:\\\/\\\/www.apfelpatient.de\\\/\"},{\"@type\":\"ListItem\",\"position\":2,\"name\":\"iPad &#038; Mac: Mini-LED-Einf\u00fchrung wird beschleunigt\"}]},{\"@type\":\"WebSite\",\"@id\":\"https:\\\/\\\/www.apfelpatient.de\\\/#website\",\"url\":\"https:\\\/\\\/www.apfelpatient.de\\\/\",\"name\":\"Apfelpatient\",\"description\":\"Alles rund um Apple!\",\"publisher\":{\"@type\":\"Organization\",\"@id\":\"https:\\\/\\\/www.apfelpatient.de\\\/en\\\/#organization\",\"name\":\"Apfelpatient\",\"url\":\"https:\\\/\\\/www.apfelpatient.de\\\/en\\\/\"},\"alternateName\":\"Apfelpatient\",\"potentialAction\":[{\"@type\":\"SearchAction\",\"target\":{\"@type\":\"EntryPoint\",\"urlTemplate\":\"https:\\\/\\\/www.apfelpatient.de\\\/?s={search_term_string}\"},\"query-input\":{\"@type\":\"PropertyValueSpecification\",\"valueRequired\":true,\"valueName\":\"search_term_string\"}}],\"inLanguage\":\"en-US\"},{\"@type\":[\"Person\",\"Organization\"],\"@id\":\"https:\\\/\\\/www.apfelpatient.de\\\/#\\\/schema\\\/person\\\/35b3ddba5832f2bfc7fff5206d4f6b7b\",\"name\":\"Milan\",\"logo\":{\"@id\":\"https:\\\/\\\/www.apfelpatient.de\\\/#\\\/schema\\\/person\\\/image\\\/\"},\"description\":\"Hallo und herzlich willkommen auf meinem Technik-Blog! Als gro\u00dfer Apple-Fan berichte ich hier \u00fcber alles, was mit Apple zu tun hat: von den neuesten News und spannenden Ger\u00fcchten \u00fcber hilfreiche Tipps und Tricks bis hin zu ausf\u00fchrlichen Produkttests. Wenn du genauso technikbegeistert bist wie ich, bist du hier genau richtig!\",\"sameAs\":[\"https:\\\/\\\/www.facebook.com\\\/apfelpatientOfficial\",\"https:\\\/\\\/www.linkedin.com\\\/in\\\/milan-jovicic-42aa0231b\"],\"url\":\"https:\\\/\\\/www.apfelpatient.de\\\/en\\\/author\\\/apfeladmin\"}]}<\/script>\n<!-- \/ Yoast SEO Premium plugin. -->","yoast_head_json":{"title":"iPad &amp; Mac: Mini-LED introduction is being accelerated Apfelpatient","description":"Rumor has it that Apple plans to equip both the MacBook and iPad series with mini-LED screens in the future.","robots":{"index":"index","follow":"follow","max-snippet":"max-snippet:-1","max-image-preview":"max-image-preview:large","max-video-preview":"max-video-preview:-1"},"canonical":"https:\/\/www.apfelpatient.de\/en\/rumors\/ipad-mac-mini-led-introduction-is-accelerated","og_locale":"en_US","og_type":"article","og_title":"iPad & Mac: Mini-LED-Einf\u00fchrung wird beschleunigt","og_description":"Ger\u00fcchten zufolge plant Apple in Zukunft sowohl die MacBook- als auch iPad-Reihe mit Mini-LED-Bildschirmen auszustatten.","og_url":"https:\/\/www.apfelpatient.de\/en\/rumors\/ipad-mac-mini-led-introduction-is-accelerated","og_site_name":"Apfelpatient","article_publisher":"https:\/\/www.facebook.com\/apfelpatientOfficial","article_author":"https:\/\/www.facebook.com\/apfelpatientOfficial","article_published_time":"2020-09-21T12:50:07+00:00","article_modified_time":"2020-09-21T12:50:08+00:00","og_image":[{"width":1600,"height":1067,"url":"https:\/\/www.apfelpatient.de\/wp-content\/uploads\/2020\/09\/bigstock-Wetzlar-Germany-376534726.jpg","type":"image\/jpeg"}],"author":"Milan","twitter_card":"summary_large_image","twitter_misc":{"Written by":"Milan","Est. reading time":"2 minutes"},"schema":{"@context":"https:\/\/schema.org","@graph":[{"@type":"NewsArticle","@id":"https:\/\/www.apfelpatient.de\/rumors\/ipad-mac-mini-led-einfuehrung-wird-beschleunigt#article","isPartOf":{"@id":"https:\/\/www.apfelpatient.de\/rumors\/ipad-mac-mini-led-einfuehrung-wird-beschleunigt"},"author":{"@type":"Organization","@id":"https:\/\/www.apfelpatient.de\/en\/#organization","name":"Apfelpatient","url":"https:\/\/www.apfelpatient.de\/en\/"},"headline":"iPad &#038; Mac: Mini-LED-Einf\u00fchrung wird beschleunigt","datePublished":"2020-09-21T12:50:07+00:00","dateModified":"2020-09-21T12:50:08+00:00","mainEntityOfPage":{"@id":"https:\/\/www.apfelpatient.de\/rumors\/ipad-mac-mini-led-einfuehrung-wird-beschleunigt"},"wordCount":383,"publisher":{"@type":"Organization","@id":"https:\/\/www.apfelpatient.de\/en\/#organization","name":"Apfelpatient","url":"https:\/\/www.apfelpatient.de\/en\/"},"image":{"@id":"https:\/\/www.apfelpatient.de\/rumors\/ipad-mac-mini-led-einfuehrung-wird-beschleunigt#primaryimage"},"thumbnailUrl":"https:\/\/www.apfelpatient.de\/wp-content\/uploads\/2020\/09\/bigstock-Wetzlar-Germany-376534726.jpg","keywords":["iPad","Mac"],"articleSection":"Rumors","inLanguage":"en-US","copyrightYear":"2020","copyrightHolder":{"@id":"https:\/\/www.apfelpatient.de\/en\/#organization"}},{"@type":"WebPage","@id":"https:\/\/www.apfelpatient.de\/rumors\/ipad-mac-mini-led-einfuehrung-wird-beschleunigt","url":"https:\/\/www.apfelpatient.de\/rumors\/ipad-mac-mini-led-einfuehrung-wird-beschleunigt","name":"iPad &amp; Mac: Mini-LED introduction is being accelerated Apfelpatient","isPartOf":{"@id":"https:\/\/www.apfelpatient.de\/#website"},"primaryImageOfPage":{"@id":"https:\/\/www.apfelpatient.de\/rumors\/ipad-mac-mini-led-einfuehrung-wird-beschleunigt#primaryimage"},"image":{"@id":"https:\/\/www.apfelpatient.de\/rumors\/ipad-mac-mini-led-einfuehrung-wird-beschleunigt#primaryimage"},"thumbnailUrl":"https:\/\/www.apfelpatient.de\/wp-content\/uploads\/2020\/09\/bigstock-Wetzlar-Germany-376534726.jpg","datePublished":"2020-09-21T12:50:07+00:00","dateModified":"2020-09-21T12:50:08+00:00","description":"Rumor has it that Apple plans to equip both the MacBook and iPad series with mini-LED screens in the future.","breadcrumb":{"@id":"https:\/\/www.apfelpatient.de\/rumors\/ipad-mac-mini-led-einfuehrung-wird-beschleunigt#breadcrumb"},"inLanguage":"en-US","potentialAction":[{"@type":"ReadAction","target":["https:\/\/www.apfelpatient.de\/rumors\/ipad-mac-mini-led-einfuehrung-wird-beschleunigt"]}]},{"@type":"ImageObject","inLanguage":"en-US","@id":"https:\/\/www.apfelpatient.de\/rumors\/ipad-mac-mini-led-einfuehrung-wird-beschleunigt#primaryimage","url":"https:\/\/www.apfelpatient.de\/wp-content\/uploads\/2020\/09\/bigstock-Wetzlar-Germany-376534726.jpg","contentUrl":"https:\/\/www.apfelpatient.de\/wp-content\/uploads\/2020\/09\/bigstock-Wetzlar-Germany-376534726.jpg","width":1600,"height":1067,"caption":"iPad Pro"},{"@type":"BreadcrumbList","@id":"https:\/\/www.apfelpatient.de\/rumors\/ipad-mac-mini-led-einfuehrung-wird-beschleunigt#breadcrumb","itemListElement":[{"@type":"ListItem","position":1,"name":"Startseite","item":"https:\/\/www.apfelpatient.de\/"},{"@type":"ListItem","position":2,"name":"iPad &#038; Mac: Mini-LED-Einf\u00fchrung wird beschleunigt"}]},{"@type":"WebSite","@id":"https:\/\/www.apfelpatient.de\/#website","url":"https:\/\/www.apfelpatient.de\/","name":"apple patient","description":"Everything about Apple!","publisher":{"@type":"Organization","@id":"https:\/\/www.apfelpatient.de\/en\/#organization","name":"Apfelpatient","url":"https:\/\/www.apfelpatient.de\/en\/"},"alternateName":"Apfelpatient","potentialAction":[{"@type":"SearchAction","target":{"@type":"EntryPoint","urlTemplate":"https:\/\/www.apfelpatient.de\/?s={search_term_string}"},"query-input":{"@type":"PropertyValueSpecification","valueRequired":true,"valueName":"search_term_string"}}],"inLanguage":"en-US"},{"@type":["Person","Organization"],"@id":"https:\/\/www.apfelpatient.de\/#\/schema\/person\/35b3ddba5832f2bfc7fff5206d4f6b7b","name":"Milan","logo":{"@id":"https:\/\/www.apfelpatient.de\/#\/schema\/person\/image\/"},"description":"Hello and welcome to my technology blog! As a big Apple fan, I report on everything to do with Apple: from the latest news and exciting rumors to helpful tips and tricks and detailed product tests. If you are as enthusiastic about technology as I am, you have come to the right place!","sameAs":["https:\/\/www.facebook.com\/apfelpatientOfficial","https:\/\/www.linkedin.com\/in\/milan-jovicic-42aa0231b"],"url":"https:\/\/www.apfelpatient.de\/en\/author\/apfeladmin"}]}},"_links":{"self":[{"href":"https:\/\/www.apfelpatient.de\/en\/wp-json\/wp\/v2\/posts\/15538","targetHints":{"allow":["GET"]}}],"collection":[{"href":"https:\/\/www.apfelpatient.de\/en\/wp-json\/wp\/v2\/posts"}],"about":[{"href":"https:\/\/www.apfelpatient.de\/en\/wp-json\/wp\/v2\/types\/post"}],"author":[{"embeddable":true,"href":"https:\/\/www.apfelpatient.de\/en\/wp-json\/wp\/v2\/users\/2"}],"replies":[{"embeddable":true,"href":"https:\/\/www.apfelpatient.de\/en\/wp-json\/wp\/v2\/comments?post=15538"}],"version-history":[{"count":0,"href":"https:\/\/www.apfelpatient.de\/en\/wp-json\/wp\/v2\/posts\/15538\/revisions"}],"wp:featuredmedia":[{"embeddable":true,"href":"https:\/\/www.apfelpatient.de\/en\/wp-json\/wp\/v2\/media\/15539"}],"wp:attachment":[{"href":"https:\/\/www.apfelpatient.de\/en\/wp-json\/wp\/v2\/media?parent=15538"}],"wp:term":[{"taxonomy":"category","embeddable":true,"href":"https:\/\/www.apfelpatient.de\/en\/wp-json\/wp\/v2\/categories?post=15538"},{"taxonomy":"post_tag","embeddable":true,"href":"https:\/\/www.apfelpatient.de\/en\/wp-json\/wp\/v2\/tags?post=15538"}],"curies":[{"name":"wp","href":"https:\/\/api.w.org\/{rel}","templated":true}]}}