{"id":15517,"date":"2020-09-18T16:47:16","date_gmt":"2020-09-18T14:47:16","guid":{"rendered":"https:\/\/www.apfelpatient.de\/?p=15082"},"modified":"2020-09-24T14:12:38","modified_gmt":"2020-09-24T12:12:38","slug":"iphone-insurance-applecare-monthly-subscription-and-more","status":"publish","type":"post","link":"https:\/\/www.apfelpatient.de\/en\/news\/iphone-versicherung-applecare-im-monatsabo-und-mehr","title":{"rendered":"iPhone insurance: AppleCare+ in monthly subscription and more"},"content":{"rendered":"<p class=\"has-drop-cap\"><strong>Anyone who buys a new iPhone, iPad, etc. has the option of purchasing AppleCare+. The company has now expanded the insurance policy to include a monthly subscription.<\/strong><\/p>\n\n\n\n<p>AppleCare+ can be booked up to 60 days after purchasing a device and is valid for two years. Previously, Apple&#039;s insurance cover covered two cases of accidental damage during this period. But that is now changing. Accordingly, in the future, up to four such cases will be covered - two per year. But it goes further. AppleCare+ was previously only available through a one-off payment. The amount depended on the device itself and could be higher in some cases. For this reason, some customers preferred to forego it. But that is now changing. Accordingly, customers can now also pay for AppleCare+ monthly. The monthly policy can also be canceled monthly. The catch, however, is the deductible. This ranges from 29 to 99 euros. This is what the official website says. <a href=\"https:\/\/www.apple.com\/legal\/sales-support\/applecare\/applecareplus\/0920\/091520_applecareplus_de_kfd.pdf\" class=\"ek-link\"><span style=\"text-decoration: underline;\" class=\"ek-underline\">follows<\/span><\/a>:<\/p>\n\n\n\n<h3 class=\"wp-block-heading\">AppleCare+ monthly policy: valid since September 15th<\/h3>\n\n\n\n\n\n\n\n<blockquote class=\"wp-block-quote is-layout-flow wp-block-quote-is-layout-flow\"><p>For term policies, coverage for all devices ends after 24 months from the date you purchased AppleCare+, except for Apple Watch Herm\u00e8s and Edition, for which coverage ends after 36 months from the date you purchased AppleCare+. For monthly policies, your coverage lasts for one month and automatically renews each month starting from the date you purchased your original policy. Your AppleCare+ purchase date is shown on your original policy receipt, and your Certificate of Insurance will show the type of policy you have and the duration of your coverage.<\/p><\/blockquote>\n\n\n\n<figure class=\"wp-block-image size-large\"><img decoding=\"async\" src=\"https:\/\/www.apfelpatient.de\/wp-content\/uploads\/2020\/09\/Bildschirmfoto-2020-09-18-um-15.34.09-1024x667.png\" alt=\"AppleCare+\" class=\"wp-image-15083\"\/><figcaption>via Apple<\/figcaption><\/figure>\n\n\n\n<p>Furthermore, coverage for loss and theft remains excluded. According to Apple, the new AppleCare+ policy and monthly policy officially came into effect on September 15th. Further details can be found on the relevant website below. <em>(Photo by PixieMe \/ Bigstockphoto)<\/em><\/p>\n\n\n\n<ul class=\"wp-block-list\"><li><a href=\"https:\/\/www.apfelpatient.de\/en\/tips-tricks\/ios-14-iphone-back-triggers-quick-actions\" class=\"ek-link\"><span style=\"text-decoration: underline;\" class=\"ek-underline\">iOS 14: iPhone back triggers quick actions<\/span><\/a><\/li><\/ul>\n\n\n\n<h6 class=\"wp-block-heading translation-block\" id=\"h-kennt-ihr-schon-unsere-amazon-storefront-dort-findet-ihr-eine-handverlesene-auswahl-von-diversen-produkten-f-r-euer-iphone-und-co-viel-spa-beim-st-bern\"><em>Have you already visited our Amazon Storefront? There you&#039;ll find a hand-picked selection of various products for your iPhone and other devices \u2013 <span class=\"has-inline-color has-vivid-red-color\"><a href=\"https:\/\/www.amazon.de\/shop\/apfelpatientofficial\" class=\"ek-link\" data-wpel-link=\"exclude\" rel=\"follow noopener\" target=\"_self\"><span style=\"text-decoration: underline\" class=\"ek-underline\">enjoy browsing<\/span><\/a> !<\/span><\/em><\/h6>\n\n\n\n\n\n<h6 class=\"wp-block-heading translation-block\" id=\"h-der-beitrag-enthalt-partnerlinks\">This post contains <a data-type=\"URL\" data-id=\"https:\/\/www.apfelpatient.de\/partnerprogramm\" href=\"https:\/\/www.apfelpatient.de\/en\/partner-program\" data-wpel-link=\"internal\" target=\"_self\">affiliate links<\/a>.<\/h6>","protected":false},"excerpt":{"rendered":"<p>Buy iPhone, iPad, etc. with AppleCare+: The company has now expanded the insurance policy to include a monthly subscription and more.<\/p>","protected":false},"author":2,"featured_media":15641,"comment_status":"closed","ping_status":"open","sticky":false,"template":"","format":"standard","meta":{"jnews-multi-image_gallery":[],"jnews_single_post":{"subtitle":"","format":"standard","video":"","gallery":"","source_name":"","source_url":"","via_name":"","via_url":"","override":[{"single_blog_custom":"","sidebar":"","second_sidebar":"","share_position":"","share_float_style":"","post_date_format":"","post_date_format_custom":"","post_reading_time_wpm":"","zoom_button_out_step":"1","zoom_button_in_step":"1","number_popup_post":"1"}],"image_override":[{"single_post_thumbnail_size":"","single_post_gallery_size":""}],"trending_post_position":"","trending_post_label":"","sponsored_post_label":"","sponsored_post_name":"","sponsored_post_url":"","sponsored_post_logo":"","sponsored_post_desc":""},"jnews_primary_category":{"id":""},"footnotes":""},"categories":[9],"tags":[34,156,14,18,8,40],"class_list":["post-15517","post","type-post","status-publish","format-standard","has-post-thumbnail","hentry","category-news","tag-apple-dienste","tag-apple-tv","tag-apple-watch","tag-ipad","tag-iphone","tag-mac"],"yoast_head":"<!-- This site is optimized with the Yoast SEO Premium plugin v27.5 (Yoast SEO v27.5) - https:\/\/yoast.com\/product\/yoast-seo-premium-wordpress\/ -->\n<title>iPhone-Versicherung: AppleCare+ im Monatsabo und mehr Apfelpatient<\/title>\n<meta name=\"description\" content=\"iPhone, iPad und Co. mit AppleCare+ kaufen: Nun hat das Unternehmen die Versicherungspolice um ein Monatsabo erweitert und mehr.\" \/>\n<meta name=\"robots\" content=\"index, follow, max-snippet:-1, max-image-preview:large, max-video-preview:-1\" \/>\n<link rel=\"canonical\" href=\"https:\/\/www.apfelpatient.de\/en\/news\/iphone-insurance-applecare-monthly-subscription-and-more\" \/>\n<meta property=\"og:locale\" content=\"en_US\" \/>\n<meta property=\"og:type\" content=\"article\" \/>\n<meta property=\"og:title\" content=\"iPhone-Versicherung: AppleCare+ im Monatsabo und mehr\" \/>\n<meta property=\"og:description\" content=\"iPhone, iPad und Co. mit AppleCare+ kaufen: Nun hat das Unternehmen die Versicherungspolice um ein Monatsabo erweitert und mehr.\" \/>\n<meta property=\"og:url\" content=\"https:\/\/www.apfelpatient.de\/en\/news\/iphone-insurance-applecare-monthly-subscription-and-more\" \/>\n<meta property=\"og:site_name\" content=\"Apfelpatient\" \/>\n<meta property=\"article:publisher\" content=\"https:\/\/www.facebook.com\/apfelpatientOfficial\" \/>\n<meta property=\"article:author\" content=\"https:\/\/www.facebook.com\/apfelpatientOfficial\" \/>\n<meta property=\"article:published_time\" content=\"2020-09-18T14:47:16+00:00\" \/>\n<meta property=\"article:modified_time\" content=\"2020-09-24T12:12:38+00:00\" \/>\n<meta property=\"og:image\" content=\"https:\/\/www.apfelpatient.de\/wp-content\/uploads\/2020\/09\/APP_Apfelpatient_RZ.png\" \/>\n\t<meta property=\"og:image:width\" content=\"992\" \/>\n\t<meta property=\"og:image:height\" content=\"992\" \/>\n\t<meta property=\"og:image:type\" content=\"image\/png\" \/>\n<meta name=\"author\" content=\"Milan\" \/>\n<meta name=\"twitter:card\" content=\"summary_large_image\" \/>\n<meta name=\"twitter:description\" content=\"iPhone, iPad und Co. mit AppleCare+ kaufen: Nun hat das Unternehmen die Versicherungspolice um ein Monatsabo erweitert und mehr.\" \/>\n<meta name=\"twitter:label1\" content=\"Written by\" \/>\n\t<meta name=\"twitter:data1\" content=\"Milan\" \/>\n\t<meta name=\"twitter:label2\" content=\"Est. reading time\" \/>\n\t<meta name=\"twitter:data2\" content=\"2 minutes\" \/>\n<script type=\"application\/ld+json\" class=\"yoast-schema-graph\">{\"@context\":\"https:\\\/\\\/schema.org\",\"@graph\":[{\"@type\":\"NewsArticle\",\"@id\":\"https:\\\/\\\/www.apfelpatient.de\\\/news\\\/iphone-versicherung-applecare-im-monatsabo-und-mehr#article\",\"isPartOf\":{\"@id\":\"https:\\\/\\\/www.apfelpatient.de\\\/news\\\/iphone-versicherung-applecare-im-monatsabo-und-mehr\"},\"author\":{\"@type\":\"Organization\",\"@id\":\"https:\\\/\\\/www.apfelpatient.de\\\/en\\\/#organization\",\"name\":\"Apfelpatient\",\"url\":\"https:\\\/\\\/www.apfelpatient.de\\\/en\\\/\"},\"headline\":\"iPhone-Versicherung: AppleCare+ im Monatsabo und mehr\",\"datePublished\":\"2020-09-18T14:47:16+00:00\",\"dateModified\":\"2020-09-24T12:12:38+00:00\",\"mainEntityOfPage\":{\"@id\":\"https:\\\/\\\/www.apfelpatient.de\\\/news\\\/iphone-versicherung-applecare-im-monatsabo-und-mehr\"},\"wordCount\":338,\"publisher\":{\"@type\":\"Organization\",\"@id\":\"https:\\\/\\\/www.apfelpatient.de\\\/en\\\/#organization\",\"name\":\"Apfelpatient\",\"url\":\"https:\\\/\\\/www.apfelpatient.de\\\/en\\\/\"},\"image\":{\"@id\":\"https:\\\/\\\/www.apfelpatient.de\\\/news\\\/iphone-versicherung-applecare-im-monatsabo-und-mehr#primaryimage\"},\"thumbnailUrl\":\"https:\\\/\\\/www.apfelpatient.de\\\/wp-content\\\/uploads\\\/2020\\\/09\\\/bigstock-New-York-Usa-May-242291806-1.jpg\",\"keywords\":[\"Apple Dienste\",\"Apple TV\",\"Apple Watch\",\"iPad\",\"iPhone\",\"Mac\"],\"articleSection\":\"News\",\"inLanguage\":\"en-US\",\"copyrightYear\":\"2020\",\"copyrightHolder\":{\"@id\":\"https:\\\/\\\/www.apfelpatient.de\\\/en\\\/#organization\"}},{\"@type\":\"WebPage\",\"@id\":\"https:\\\/\\\/www.apfelpatient.de\\\/news\\\/iphone-versicherung-applecare-im-monatsabo-und-mehr\",\"url\":\"https:\\\/\\\/www.apfelpatient.de\\\/news\\\/iphone-versicherung-applecare-im-monatsabo-und-mehr\",\"name\":\"iPhone-Versicherung: AppleCare+ im Monatsabo und mehr Apfelpatient\",\"isPartOf\":{\"@id\":\"https:\\\/\\\/www.apfelpatient.de\\\/#website\"},\"primaryImageOfPage\":{\"@id\":\"https:\\\/\\\/www.apfelpatient.de\\\/news\\\/iphone-versicherung-applecare-im-monatsabo-und-mehr#primaryimage\"},\"image\":{\"@id\":\"https:\\\/\\\/www.apfelpatient.de\\\/news\\\/iphone-versicherung-applecare-im-monatsabo-und-mehr#primaryimage\"},\"thumbnailUrl\":\"https:\\\/\\\/www.apfelpatient.de\\\/wp-content\\\/uploads\\\/2020\\\/09\\\/bigstock-New-York-Usa-May-242291806-1.jpg\",\"datePublished\":\"2020-09-18T14:47:16+00:00\",\"dateModified\":\"2020-09-24T12:12:38+00:00\",\"description\":\"iPhone, iPad und Co. mit AppleCare+ kaufen: Nun hat das Unternehmen die Versicherungspolice um ein Monatsabo erweitert und mehr.\",\"breadcrumb\":{\"@id\":\"https:\\\/\\\/www.apfelpatient.de\\\/news\\\/iphone-versicherung-applecare-im-monatsabo-und-mehr#breadcrumb\"},\"inLanguage\":\"en-US\",\"potentialAction\":[{\"@type\":\"ReadAction\",\"target\":[\"https:\\\/\\\/www.apfelpatient.de\\\/news\\\/iphone-versicherung-applecare-im-monatsabo-und-mehr\"]}]},{\"@type\":\"ImageObject\",\"inLanguage\":\"en-US\",\"@id\":\"https:\\\/\\\/www.apfelpatient.de\\\/news\\\/iphone-versicherung-applecare-im-monatsabo-und-mehr#primaryimage\",\"url\":\"https:\\\/\\\/www.apfelpatient.de\\\/wp-content\\\/uploads\\\/2020\\\/09\\\/bigstock-New-York-Usa-May-242291806-1.jpg\",\"contentUrl\":\"https:\\\/\\\/www.apfelpatient.de\\\/wp-content\\\/uploads\\\/2020\\\/09\\\/bigstock-New-York-Usa-May-242291806-1.jpg\",\"width\":1600,\"height\":1068,\"caption\":\"New york, USA - May 25, 2018: Apple care menu bar on laprop screen close up\"},{\"@type\":\"BreadcrumbList\",\"@id\":\"https:\\\/\\\/www.apfelpatient.de\\\/news\\\/iphone-versicherung-applecare-im-monatsabo-und-mehr#breadcrumb\",\"itemListElement\":[{\"@type\":\"ListItem\",\"position\":1,\"name\":\"Startseite\",\"item\":\"https:\\\/\\\/www.apfelpatient.de\\\/\"},{\"@type\":\"ListItem\",\"position\":2,\"name\":\"iPhone-Versicherung: AppleCare+ im Monatsabo und mehr\"}]},{\"@type\":\"WebSite\",\"@id\":\"https:\\\/\\\/www.apfelpatient.de\\\/#website\",\"url\":\"https:\\\/\\\/www.apfelpatient.de\\\/\",\"name\":\"Apfelpatient\",\"description\":\"Alles rund um Apple!\",\"publisher\":{\"@type\":\"Organization\",\"@id\":\"https:\\\/\\\/www.apfelpatient.de\\\/en\\\/#organization\",\"name\":\"Apfelpatient\",\"url\":\"https:\\\/\\\/www.apfelpatient.de\\\/en\\\/\"},\"alternateName\":\"Apfelpatient\",\"potentialAction\":[{\"@type\":\"SearchAction\",\"target\":{\"@type\":\"EntryPoint\",\"urlTemplate\":\"https:\\\/\\\/www.apfelpatient.de\\\/?s={search_term_string}\"},\"query-input\":{\"@type\":\"PropertyValueSpecification\",\"valueRequired\":true,\"valueName\":\"search_term_string\"}}],\"inLanguage\":\"en-US\"},{\"@type\":[\"Person\",\"Organization\"],\"@id\":\"https:\\\/\\\/www.apfelpatient.de\\\/#\\\/schema\\\/person\\\/7dc56ad6c8e9824b76d2c08d4c140e13\",\"name\":\"Milan\",\"logo\":{\"@id\":\"https:\\\/\\\/www.apfelpatient.de\\\/#\\\/schema\\\/person\\\/image\\\/\"},\"description\":\"Hallo und herzlich willkommen auf meinem Technik-Blog! Als gro\u00dfer Apple-Fan berichte ich hier \u00fcber alles, was mit Apple zu tun hat: von den neuesten News und spannenden Ger\u00fcchten \u00fcber hilfreiche Tipps und Tricks bis hin zu ausf\u00fchrlichen Produkttests. Wenn du genauso technikbegeistert bist wie ich, bist du hier genau richtig!\",\"sameAs\":[\"https:\\\/\\\/www.facebook.com\\\/apfelpatientOfficial\",\"https:\\\/\\\/www.linkedin.com\\\/in\\\/milan-jovicic-42aa0231b\"],\"url\":\"https:\\\/\\\/www.apfelpatient.de\\\/en\\\/author\\\/apfeladmin\"}]}<\/script>\n<!-- \/ Yoast SEO Premium plugin. -->","yoast_head_json":{"title":"iPhone insurance: AppleCare+ in monthly subscription and more Apfelpatient","description":"Buy iPhone, iPad, etc. with AppleCare+: The company has now expanded the insurance policy to include a monthly subscription and more.","robots":{"index":"index","follow":"follow","max-snippet":"max-snippet:-1","max-image-preview":"max-image-preview:large","max-video-preview":"max-video-preview:-1"},"canonical":"https:\/\/www.apfelpatient.de\/en\/news\/iphone-insurance-applecare-monthly-subscription-and-more","og_locale":"en_US","og_type":"article","og_title":"iPhone-Versicherung: AppleCare+ im Monatsabo und mehr","og_description":"iPhone, iPad und Co. mit AppleCare+ kaufen: Nun hat das Unternehmen die Versicherungspolice um ein Monatsabo erweitert und mehr.","og_url":"https:\/\/www.apfelpatient.de\/en\/news\/iphone-insurance-applecare-monthly-subscription-and-more","og_site_name":"Apfelpatient","article_publisher":"https:\/\/www.facebook.com\/apfelpatientOfficial","article_author":"https:\/\/www.facebook.com\/apfelpatientOfficial","article_published_time":"2020-09-18T14:47:16+00:00","article_modified_time":"2020-09-24T12:12:38+00:00","og_image":[{"width":992,"height":992,"url":"https:\/\/www.apfelpatient.de\/wp-content\/uploads\/2020\/09\/APP_Apfelpatient_RZ.png","type":"image\/png"}],"author":"Milan","twitter_card":"summary_large_image","twitter_description":"iPhone, iPad und Co. mit AppleCare+ kaufen: Nun hat das Unternehmen die Versicherungspolice um ein Monatsabo erweitert und mehr.","twitter_misc":{"Written by":"Milan","Est. reading time":"2 minutes"},"schema":{"@context":"https:\/\/schema.org","@graph":[{"@type":"NewsArticle","@id":"https:\/\/www.apfelpatient.de\/news\/iphone-versicherung-applecare-im-monatsabo-und-mehr#article","isPartOf":{"@id":"https:\/\/www.apfelpatient.de\/news\/iphone-versicherung-applecare-im-monatsabo-und-mehr"},"author":{"@type":"Organization","@id":"https:\/\/www.apfelpatient.de\/en\/#organization","name":"Apfelpatient","url":"https:\/\/www.apfelpatient.de\/en\/"},"headline":"iPhone-Versicherung: AppleCare+ im Monatsabo und mehr","datePublished":"2020-09-18T14:47:16+00:00","dateModified":"2020-09-24T12:12:38+00:00","mainEntityOfPage":{"@id":"https:\/\/www.apfelpatient.de\/news\/iphone-versicherung-applecare-im-monatsabo-und-mehr"},"wordCount":338,"publisher":{"@type":"Organization","@id":"https:\/\/www.apfelpatient.de\/en\/#organization","name":"Apfelpatient","url":"https:\/\/www.apfelpatient.de\/en\/"},"image":{"@id":"https:\/\/www.apfelpatient.de\/news\/iphone-versicherung-applecare-im-monatsabo-und-mehr#primaryimage"},"thumbnailUrl":"https:\/\/www.apfelpatient.de\/wp-content\/uploads\/2020\/09\/bigstock-New-York-Usa-May-242291806-1.jpg","keywords":["Apple Dienste","Apple TV","Apple Watch","iPad","iPhone","Mac"],"articleSection":"News","inLanguage":"en-US","copyrightYear":"2020","copyrightHolder":{"@id":"https:\/\/www.apfelpatient.de\/en\/#organization"}},{"@type":"WebPage","@id":"https:\/\/www.apfelpatient.de\/news\/iphone-versicherung-applecare-im-monatsabo-und-mehr","url":"https:\/\/www.apfelpatient.de\/news\/iphone-versicherung-applecare-im-monatsabo-und-mehr","name":"iPhone insurance: AppleCare+ in monthly subscription and more Apfelpatient","isPartOf":{"@id":"https:\/\/www.apfelpatient.de\/#website"},"primaryImageOfPage":{"@id":"https:\/\/www.apfelpatient.de\/news\/iphone-versicherung-applecare-im-monatsabo-und-mehr#primaryimage"},"image":{"@id":"https:\/\/www.apfelpatient.de\/news\/iphone-versicherung-applecare-im-monatsabo-und-mehr#primaryimage"},"thumbnailUrl":"https:\/\/www.apfelpatient.de\/wp-content\/uploads\/2020\/09\/bigstock-New-York-Usa-May-242291806-1.jpg","datePublished":"2020-09-18T14:47:16+00:00","dateModified":"2020-09-24T12:12:38+00:00","description":"Buy iPhone, iPad, etc. with AppleCare+: The company has now expanded the insurance policy to include a monthly subscription and more.","breadcrumb":{"@id":"https:\/\/www.apfelpatient.de\/news\/iphone-versicherung-applecare-im-monatsabo-und-mehr#breadcrumb"},"inLanguage":"en-US","potentialAction":[{"@type":"ReadAction","target":["https:\/\/www.apfelpatient.de\/news\/iphone-versicherung-applecare-im-monatsabo-und-mehr"]}]},{"@type":"ImageObject","inLanguage":"en-US","@id":"https:\/\/www.apfelpatient.de\/news\/iphone-versicherung-applecare-im-monatsabo-und-mehr#primaryimage","url":"https:\/\/www.apfelpatient.de\/wp-content\/uploads\/2020\/09\/bigstock-New-York-Usa-May-242291806-1.jpg","contentUrl":"https:\/\/www.apfelpatient.de\/wp-content\/uploads\/2020\/09\/bigstock-New-York-Usa-May-242291806-1.jpg","width":1600,"height":1068,"caption":"New york, USA - May 25, 2018: Apple care menu bar on laprop screen close up"},{"@type":"BreadcrumbList","@id":"https:\/\/www.apfelpatient.de\/news\/iphone-versicherung-applecare-im-monatsabo-und-mehr#breadcrumb","itemListElement":[{"@type":"ListItem","position":1,"name":"Startseite","item":"https:\/\/www.apfelpatient.de\/"},{"@type":"ListItem","position":2,"name":"iPhone-Versicherung: AppleCare+ im Monatsabo und mehr"}]},{"@type":"WebSite","@id":"https:\/\/www.apfelpatient.de\/#website","url":"https:\/\/www.apfelpatient.de\/","name":"apple patient","description":"Everything about Apple!","publisher":{"@type":"Organization","@id":"https:\/\/www.apfelpatient.de\/en\/#organization","name":"Apfelpatient","url":"https:\/\/www.apfelpatient.de\/en\/"},"alternateName":"Apfelpatient","potentialAction":[{"@type":"SearchAction","target":{"@type":"EntryPoint","urlTemplate":"https:\/\/www.apfelpatient.de\/?s={search_term_string}"},"query-input":{"@type":"PropertyValueSpecification","valueRequired":true,"valueName":"search_term_string"}}],"inLanguage":"en-US"},{"@type":["Person","Organization"],"@id":"https:\/\/www.apfelpatient.de\/#\/schema\/person\/7dc56ad6c8e9824b76d2c08d4c140e13","name":"Milan","logo":{"@id":"https:\/\/www.apfelpatient.de\/#\/schema\/person\/image\/"},"description":"Hello and welcome to my technology blog! As a big Apple fan, I report on everything to do with Apple: from the latest news and exciting rumors to helpful tips and tricks and detailed product tests. If you are as enthusiastic about technology as I am, you have come to the right place!","sameAs":["https:\/\/www.facebook.com\/apfelpatientOfficial","https:\/\/www.linkedin.com\/in\/milan-jovicic-42aa0231b"],"url":"https:\/\/www.apfelpatient.de\/en\/author\/apfeladmin"}]}},"_links":{"self":[{"href":"https:\/\/www.apfelpatient.de\/en\/wp-json\/wp\/v2\/posts\/15517","targetHints":{"allow":["GET"]}}],"collection":[{"href":"https:\/\/www.apfelpatient.de\/en\/wp-json\/wp\/v2\/posts"}],"about":[{"href":"https:\/\/www.apfelpatient.de\/en\/wp-json\/wp\/v2\/types\/post"}],"author":[{"embeddable":true,"href":"https:\/\/www.apfelpatient.de\/en\/wp-json\/wp\/v2\/users\/2"}],"replies":[{"embeddable":true,"href":"https:\/\/www.apfelpatient.de\/en\/wp-json\/wp\/v2\/comments?post=15517"}],"version-history":[{"count":0,"href":"https:\/\/www.apfelpatient.de\/en\/wp-json\/wp\/v2\/posts\/15517\/revisions"}],"wp:featuredmedia":[{"embeddable":true,"href":"https:\/\/www.apfelpatient.de\/en\/wp-json\/wp\/v2\/media\/15641"}],"wp:attachment":[{"href":"https:\/\/www.apfelpatient.de\/en\/wp-json\/wp\/v2\/media?parent=15517"}],"wp:term":[{"taxonomy":"category","embeddable":true,"href":"https:\/\/www.apfelpatient.de\/en\/wp-json\/wp\/v2\/categories?post=15517"},{"taxonomy":"post_tag","embeddable":true,"href":"https:\/\/www.apfelpatient.de\/en\/wp-json\/wp\/v2\/tags?post=15517"}],"curies":[{"name":"wp","href":"https:\/\/api.w.org\/{rel}","templated":true}]}}