{"id":14996,"date":"2020-09-15T22:02:48","date_gmt":"2020-09-15T20:02:48","guid":{"rendered":"https:\/\/www.apfelpatient.de\/?p=14996"},"modified":"2020-09-15T22:02:48","modified_gmt":"2020-09-15T20:02:48","slug":"apple-watch-series-6-in-the-future-without-usb-power-supply","status":"publish","type":"post","link":"https:\/\/www.apfelpatient.de\/en\/news\/apple-watch-series-6-in-zukunft-ohne-usb-netzteil","title":{"rendered":"Apple Watch Series 6: No USB power adapter in the future"},"content":{"rendered":"<p class=\"has-drop-cap\"><strong>Apple introduced new iPad and Apple Watch models at the \u201cTime Flies\u201d event. The company also discussed the included USB power adapter<\/strong>.<\/p>\n\n\n\n<p>Rumors that Apple plans to ship the iPhone 12 without a power adapter this year have been a hot topic of conversation. Now it is at least partially official. Apple announced today that the company will remove the USB power adapter from Apple Watch packaging in the future. The reason for this is environmental concerns. In addition, Apple explained the whole thing in a footnote as follows: <a href=\"https:\/\/www.apple.com\/newsroom\/2020\/09\/apple-watch-series-6-delivers-breakthrough-wellness-and-fitness-capabilities\/\" class=\"ek-link\"><span style=\"text-decoration: underline;\" class=\"ek-underline\">noted<\/span><\/a>:<\/p>\n\n\n\n<h3 class=\"wp-block-heading\">Less waste, lower emissions<\/h3>\n\n\n\n\n\n\n\n<blockquote class=\"wp-block-quote is-layout-flow wp-block-quote-is-layout-flow\"><p>In keeping with Apple&#039;s commitment to the environment, Apple Watch Series 6 features industry-leading levels of recycled content: 100 percent recycled rare earth elements in the Taptic Engine, nearly 100 percent recycled tungsten throughout the product, and a 100 percent recycled casing on aluminum models. Apple is also helping protect the environment by removing the power adapter, which could become electronic waste, from Apple Watch Series 6 packaging and supporting its Apple Watch manufacturing partners in their transition to renewable energy.<\/p><\/blockquote>\n\n\n\n<p>The new strategy seems to be set. The iPhone 12 will also probably be delivered without an adapter or EarPods. After all, slimmer packaging leads to less waste and lower emissions. The environmental aspect should therefore not be ignored. However, it can be assumed that there will also be criticism in view of the prices. <em>(Image: Apple)<\/em><\/p>\n\n\n\n<figure class=\"wp-block-image size-large\"><img decoding=\"async\" src=\"https:\/\/www.apfelpatient.de\/wp-content\/uploads\/2020\/09\/Apple_delivers-apple-watch-series-6_09152020-1024x883.jpg\" alt=\"Apple Watch Series 6\" class=\"wp-image-14998\"\/><figcaption>Image: Apple<\/figcaption><\/figure>\n\n\n\n<ul class=\"wp-block-list\"><li><a href=\"https:\/\/www.apfelpatient.de\/en\/news\/apple-announces-apple-watch-series-6-apple-watch-se\" class=\"ek-link\"><span style=\"text-decoration: underline;\" class=\"ek-underline\">Apple announces Apple Watch Series 6 &amp; Apple Watch SE<\/span><\/a><\/li><\/ul>\n\n\n\n<h6 class=\"wp-block-heading translation-block\" id=\"h-kennt-ihr-schon-unsere-amazon-storefront-dort-findet-ihr-eine-handverlesene-auswahl-von-diversen-produkten-f-r-euer-iphone-und-co-viel-spa-beim-st-bern\"><em>Have you already visited our Amazon Storefront? There you&#039;ll find a hand-picked selection of various products for your iPhone and other devices \u2013 <span class=\"has-inline-color has-vivid-red-color\"><a href=\"https:\/\/www.amazon.de\/shop\/apfelpatientofficial\" class=\"ek-link\" data-wpel-link=\"exclude\" rel=\"follow noopener\" target=\"_self\"><span style=\"text-decoration: underline\" class=\"ek-underline\">enjoy browsing<\/span><\/a> !<\/span><\/em><\/h6>\n\n\n\n\n\n<h6 class=\"wp-block-heading translation-block\" id=\"h-der-beitrag-enthalt-partnerlinks\">This post contains <a data-type=\"URL\" data-id=\"https:\/\/www.apfelpatient.de\/partnerprogramm\" href=\"https:\/\/www.apfelpatient.de\/en\/partner-program\" data-wpel-link=\"internal\" target=\"_self\">affiliate links<\/a>.<\/h6>","protected":false},"excerpt":{"rendered":"<p>\u201cTime Flies\u201d event \u2013 new iPad and Apple Watch models: The company also discussed the included USB power adapter.<\/p>","protected":false},"author":2,"featured_media":14997,"comment_status":"closed","ping_status":"open","sticky":false,"template":"","format":"standard","meta":{"jnews-multi-image_gallery":[],"jnews_single_post":{"subtitle":"","format":"standard","video":"","gallery":"","source_name":"","source_url":"","via_name":"","via_url":"","override":[{"single_blog_custom":"","sidebar":"","second_sidebar":"","share_position":"","share_float_style":"","post_date_format":"","post_date_format_custom":"","post_reading_time_wpm":"","zoom_button_out_step":"1","zoom_button_in_step":"1","number_popup_post":"1"}],"image_override":[{"single_post_thumbnail_size":"","single_post_gallery_size":""}],"trending_post_position":"","trending_post_label":"","sponsored_post_label":"","sponsored_post_name":"","sponsored_post_url":"","sponsored_post_logo":"","sponsored_post_desc":""},"jnews_primary_category":{"id":"265"},"footnotes":""},"categories":[9],"tags":[86,14,428,20,8,321],"class_list":["post-14996","post","type-post","status-publish","format-standard","has-post-thumbnail","hentry","category-news","tag-apple-event","tag-apple-watch","tag-apple-watch-se","tag-apple-watch-series-6","tag-iphone","tag-iphone-12"],"yoast_head":"<!-- This site is optimized with the Yoast SEO Premium plugin v27.5 (Yoast SEO v27.5) - https:\/\/yoast.com\/product\/yoast-seo-premium-wordpress\/ -->\n<title>Apple Watch Series 6: In Zukunft ohne USB-Netzteil Apfelpatient<\/title>\n<meta name=\"description\" content=\"&quot;Time Flies&quot;-Event - neue iPad- sowie Apple Watch-Modelle: Dabei ging das Unternehmen auch in Bezug auf das beigelegte USB-Netzteil ein.\" \/>\n<meta name=\"robots\" content=\"index, follow, max-snippet:-1, max-image-preview:large, max-video-preview:-1\" \/>\n<link rel=\"canonical\" href=\"https:\/\/www.apfelpatient.de\/en\/news\/apple-watch-series-6-in-the-future-without-usb-power-supply\" \/>\n<meta property=\"og:locale\" content=\"en_US\" \/>\n<meta property=\"og:type\" content=\"article\" \/>\n<meta property=\"og:title\" content=\"Apple Watch Series 6: In Zukunft ohne USB-Netzteil\" \/>\n<meta property=\"og:description\" content=\"&quot;Time Flies&quot;-Event - neue iPad- sowie Apple Watch-Modelle: Dabei ging das Unternehmen auch in Bezug auf das beigelegte USB-Netzteil ein.\" \/>\n<meta property=\"og:url\" content=\"https:\/\/www.apfelpatient.de\/en\/news\/apple-watch-series-6-in-the-future-without-usb-power-supply\" \/>\n<meta property=\"og:site_name\" content=\"Apfelpatient\" \/>\n<meta property=\"article:publisher\" content=\"https:\/\/www.facebook.com\/apfelpatientOfficial\" \/>\n<meta property=\"article:author\" content=\"https:\/\/www.facebook.com\/apfelpatientOfficial\" \/>\n<meta property=\"article:published_time\" content=\"2020-09-15T20:02:48+00:00\" \/>\n<meta property=\"og:image\" content=\"https:\/\/www.apfelpatient.de\/wp-content\/uploads\/2020\/09\/Apple_watch-series-6-sensor_09152020.jpg\" \/>\n\t<meta property=\"og:image:width\" content=\"1960\" \/>\n\t<meta property=\"og:image:height\" content=\"1102\" \/>\n\t<meta property=\"og:image:type\" content=\"image\/jpeg\" \/>\n<meta name=\"author\" content=\"Milan\" \/>\n<meta name=\"twitter:card\" content=\"summary_large_image\" \/>\n<meta name=\"twitter:description\" content=\"&quot;Time Flies&quot;-Event - neue iPad- sowie Apple Watch-Modelle: Dabei ging das Unternehmen auch in Bezug auf das beigelegte USB-Netzteil ein.\" \/>\n<meta name=\"twitter:label1\" content=\"Written by\" \/>\n\t<meta name=\"twitter:data1\" content=\"Milan\" \/>\n\t<meta name=\"twitter:label2\" content=\"Est. reading time\" \/>\n\t<meta name=\"twitter:data2\" content=\"1 minute\" \/>\n<script type=\"application\/ld+json\" class=\"yoast-schema-graph\">{\"@context\":\"https:\\\/\\\/schema.org\",\"@graph\":[{\"@type\":\"NewsArticle\",\"@id\":\"https:\\\/\\\/www.apfelpatient.de\\\/news\\\/apple-watch-series-6-in-zukunft-ohne-usb-netzteil#article\",\"isPartOf\":{\"@id\":\"https:\\\/\\\/www.apfelpatient.de\\\/news\\\/apple-watch-series-6-in-zukunft-ohne-usb-netzteil\"},\"author\":{\"@type\":\"Organization\",\"@id\":\"https:\\\/\\\/www.apfelpatient.de\\\/en\\\/#organization\",\"name\":\"Apfelpatient\",\"url\":\"https:\\\/\\\/www.apfelpatient.de\\\/en\\\/\"},\"headline\":\"Apple Watch Series 6: In Zukunft ohne USB-Netzteil\",\"datePublished\":\"2020-09-15T20:02:48+00:00\",\"mainEntityOfPage\":{\"@id\":\"https:\\\/\\\/www.apfelpatient.de\\\/news\\\/apple-watch-series-6-in-zukunft-ohne-usb-netzteil\"},\"wordCount\":256,\"publisher\":{\"@type\":\"Organization\",\"@id\":\"https:\\\/\\\/www.apfelpatient.de\\\/en\\\/#organization\",\"name\":\"Apfelpatient\",\"url\":\"https:\\\/\\\/www.apfelpatient.de\\\/en\\\/\"},\"image\":{\"@id\":\"https:\\\/\\\/www.apfelpatient.de\\\/news\\\/apple-watch-series-6-in-zukunft-ohne-usb-netzteil#primaryimage\"},\"thumbnailUrl\":\"https:\\\/\\\/www.apfelpatient.de\\\/wp-content\\\/uploads\\\/2020\\\/09\\\/Apple_watch-series-6-sensor_09152020.jpg\",\"keywords\":[\"Apple Event\",\"Apple Watch\",\"Apple Watch SE\",\"Apple Watch Series 6\",\"iPhone\",\"iPhone 12\"],\"articleSection\":\"News\",\"inLanguage\":\"en-US\",\"copyrightYear\":\"2020\",\"copyrightHolder\":{\"@id\":\"https:\\\/\\\/www.apfelpatient.de\\\/en\\\/#organization\"}},{\"@type\":\"WebPage\",\"@id\":\"https:\\\/\\\/www.apfelpatient.de\\\/news\\\/apple-watch-series-6-in-zukunft-ohne-usb-netzteil\",\"url\":\"https:\\\/\\\/www.apfelpatient.de\\\/news\\\/apple-watch-series-6-in-zukunft-ohne-usb-netzteil\",\"name\":\"Apple Watch Series 6: In Zukunft ohne USB-Netzteil Apfelpatient\",\"isPartOf\":{\"@id\":\"https:\\\/\\\/www.apfelpatient.de\\\/#website\"},\"primaryImageOfPage\":{\"@id\":\"https:\\\/\\\/www.apfelpatient.de\\\/news\\\/apple-watch-series-6-in-zukunft-ohne-usb-netzteil#primaryimage\"},\"image\":{\"@id\":\"https:\\\/\\\/www.apfelpatient.de\\\/news\\\/apple-watch-series-6-in-zukunft-ohne-usb-netzteil#primaryimage\"},\"thumbnailUrl\":\"https:\\\/\\\/www.apfelpatient.de\\\/wp-content\\\/uploads\\\/2020\\\/09\\\/Apple_watch-series-6-sensor_09152020.jpg\",\"datePublished\":\"2020-09-15T20:02:48+00:00\",\"description\":\"\\\"Time Flies\\\"-Event - neue iPad- sowie Apple Watch-Modelle: Dabei ging das Unternehmen auch in Bezug auf das beigelegte USB-Netzteil ein.\",\"breadcrumb\":{\"@id\":\"https:\\\/\\\/www.apfelpatient.de\\\/news\\\/apple-watch-series-6-in-zukunft-ohne-usb-netzteil#breadcrumb\"},\"inLanguage\":\"en-US\",\"potentialAction\":[{\"@type\":\"ReadAction\",\"target\":[\"https:\\\/\\\/www.apfelpatient.de\\\/news\\\/apple-watch-series-6-in-zukunft-ohne-usb-netzteil\"]}]},{\"@type\":\"ImageObject\",\"inLanguage\":\"en-US\",\"@id\":\"https:\\\/\\\/www.apfelpatient.de\\\/news\\\/apple-watch-series-6-in-zukunft-ohne-usb-netzteil#primaryimage\",\"url\":\"https:\\\/\\\/www.apfelpatient.de\\\/wp-content\\\/uploads\\\/2020\\\/09\\\/Apple_watch-series-6-sensor_09152020.jpg\",\"contentUrl\":\"https:\\\/\\\/www.apfelpatient.de\\\/wp-content\\\/uploads\\\/2020\\\/09\\\/Apple_watch-series-6-sensor_09152020.jpg\",\"width\":1960,\"height\":1102,\"caption\":\"Bild: Apple\"},{\"@type\":\"BreadcrumbList\",\"@id\":\"https:\\\/\\\/www.apfelpatient.de\\\/news\\\/apple-watch-series-6-in-zukunft-ohne-usb-netzteil#breadcrumb\",\"itemListElement\":[{\"@type\":\"ListItem\",\"position\":1,\"name\":\"Startseite\",\"item\":\"https:\\\/\\\/www.apfelpatient.de\\\/\"},{\"@type\":\"ListItem\",\"position\":2,\"name\":\"Apple Watch Series 6: In Zukunft ohne USB-Netzteil\"}]},{\"@type\":\"WebSite\",\"@id\":\"https:\\\/\\\/www.apfelpatient.de\\\/#website\",\"url\":\"https:\\\/\\\/www.apfelpatient.de\\\/\",\"name\":\"Apfelpatient\",\"description\":\"Alles rund um Apple!\",\"publisher\":{\"@type\":\"Organization\",\"@id\":\"https:\\\/\\\/www.apfelpatient.de\\\/en\\\/#organization\",\"name\":\"Apfelpatient\",\"url\":\"https:\\\/\\\/www.apfelpatient.de\\\/en\\\/\"},\"alternateName\":\"Apfelpatient\",\"potentialAction\":[{\"@type\":\"SearchAction\",\"target\":{\"@type\":\"EntryPoint\",\"urlTemplate\":\"https:\\\/\\\/www.apfelpatient.de\\\/?s={search_term_string}\"},\"query-input\":{\"@type\":\"PropertyValueSpecification\",\"valueRequired\":true,\"valueName\":\"search_term_string\"}}],\"inLanguage\":\"en-US\"},{\"@type\":[\"Person\",\"Organization\"],\"@id\":\"https:\\\/\\\/www.apfelpatient.de\\\/#\\\/schema\\\/person\\\/7dc56ad6c8e9824b76d2c08d4c140e13\",\"name\":\"Milan\",\"logo\":{\"@id\":\"https:\\\/\\\/www.apfelpatient.de\\\/#\\\/schema\\\/person\\\/image\\\/\"},\"description\":\"Hallo und herzlich willkommen auf meinem Technik-Blog! Als gro\u00dfer Apple-Fan berichte ich hier \u00fcber alles, was mit Apple zu tun hat: von den neuesten News und spannenden Ger\u00fcchten \u00fcber hilfreiche Tipps und Tricks bis hin zu ausf\u00fchrlichen Produkttests. Wenn du genauso technikbegeistert bist wie ich, bist du hier genau richtig!\",\"sameAs\":[\"https:\\\/\\\/www.facebook.com\\\/apfelpatientOfficial\",\"https:\\\/\\\/www.linkedin.com\\\/in\\\/milan-jovicic-42aa0231b\"],\"url\":\"https:\\\/\\\/www.apfelpatient.de\\\/en\\\/author\\\/apfeladmin\"}]}<\/script>\n<!-- \/ Yoast SEO Premium plugin. -->","yoast_head_json":{"title":"Apple Watch Series 6: No USB power adapter in the future Apfelpatient","description":"&quot;Time Flies&quot; event - new iPad and Apple Watch models: The company also discussed the included USB power adapter.","robots":{"index":"index","follow":"follow","max-snippet":"max-snippet:-1","max-image-preview":"max-image-preview:large","max-video-preview":"max-video-preview:-1"},"canonical":"https:\/\/www.apfelpatient.de\/en\/news\/apple-watch-series-6-in-the-future-without-usb-power-supply","og_locale":"en_US","og_type":"article","og_title":"Apple Watch Series 6: In Zukunft ohne USB-Netzteil","og_description":"\"Time Flies\"-Event - neue iPad- sowie Apple Watch-Modelle: Dabei ging das Unternehmen auch in Bezug auf das beigelegte USB-Netzteil ein.","og_url":"https:\/\/www.apfelpatient.de\/en\/news\/apple-watch-series-6-in-the-future-without-usb-power-supply","og_site_name":"Apfelpatient","article_publisher":"https:\/\/www.facebook.com\/apfelpatientOfficial","article_author":"https:\/\/www.facebook.com\/apfelpatientOfficial","article_published_time":"2020-09-15T20:02:48+00:00","og_image":[{"width":1960,"height":1102,"url":"https:\/\/www.apfelpatient.de\/wp-content\/uploads\/2020\/09\/Apple_watch-series-6-sensor_09152020.jpg","type":"image\/jpeg"}],"author":"Milan","twitter_card":"summary_large_image","twitter_description":"\"Time Flies\"-Event - neue iPad- sowie Apple Watch-Modelle: Dabei ging das Unternehmen auch in Bezug auf das beigelegte USB-Netzteil ein.","twitter_misc":{"Written by":"Milan","Est. reading time":"1 minute"},"schema":{"@context":"https:\/\/schema.org","@graph":[{"@type":"NewsArticle","@id":"https:\/\/www.apfelpatient.de\/news\/apple-watch-series-6-in-zukunft-ohne-usb-netzteil#article","isPartOf":{"@id":"https:\/\/www.apfelpatient.de\/news\/apple-watch-series-6-in-zukunft-ohne-usb-netzteil"},"author":{"@type":"Organization","@id":"https:\/\/www.apfelpatient.de\/en\/#organization","name":"Apfelpatient","url":"https:\/\/www.apfelpatient.de\/en\/"},"headline":"Apple Watch Series 6: In Zukunft ohne USB-Netzteil","datePublished":"2020-09-15T20:02:48+00:00","mainEntityOfPage":{"@id":"https:\/\/www.apfelpatient.de\/news\/apple-watch-series-6-in-zukunft-ohne-usb-netzteil"},"wordCount":256,"publisher":{"@type":"Organization","@id":"https:\/\/www.apfelpatient.de\/en\/#organization","name":"Apfelpatient","url":"https:\/\/www.apfelpatient.de\/en\/"},"image":{"@id":"https:\/\/www.apfelpatient.de\/news\/apple-watch-series-6-in-zukunft-ohne-usb-netzteil#primaryimage"},"thumbnailUrl":"https:\/\/www.apfelpatient.de\/wp-content\/uploads\/2020\/09\/Apple_watch-series-6-sensor_09152020.jpg","keywords":["Apple Event","Apple Watch","Apple Watch SE","Apple Watch Series 6","iPhone","iPhone 12"],"articleSection":"News","inLanguage":"en-US","copyrightYear":"2020","copyrightHolder":{"@id":"https:\/\/www.apfelpatient.de\/en\/#organization"}},{"@type":"WebPage","@id":"https:\/\/www.apfelpatient.de\/news\/apple-watch-series-6-in-zukunft-ohne-usb-netzteil","url":"https:\/\/www.apfelpatient.de\/news\/apple-watch-series-6-in-zukunft-ohne-usb-netzteil","name":"Apple Watch Series 6: No USB power adapter in the future Apfelpatient","isPartOf":{"@id":"https:\/\/www.apfelpatient.de\/#website"},"primaryImageOfPage":{"@id":"https:\/\/www.apfelpatient.de\/news\/apple-watch-series-6-in-zukunft-ohne-usb-netzteil#primaryimage"},"image":{"@id":"https:\/\/www.apfelpatient.de\/news\/apple-watch-series-6-in-zukunft-ohne-usb-netzteil#primaryimage"},"thumbnailUrl":"https:\/\/www.apfelpatient.de\/wp-content\/uploads\/2020\/09\/Apple_watch-series-6-sensor_09152020.jpg","datePublished":"2020-09-15T20:02:48+00:00","description":"&quot;Time Flies&quot; event - new iPad and Apple Watch models: The company also discussed the included USB power adapter.","breadcrumb":{"@id":"https:\/\/www.apfelpatient.de\/news\/apple-watch-series-6-in-zukunft-ohne-usb-netzteil#breadcrumb"},"inLanguage":"en-US","potentialAction":[{"@type":"ReadAction","target":["https:\/\/www.apfelpatient.de\/news\/apple-watch-series-6-in-zukunft-ohne-usb-netzteil"]}]},{"@type":"ImageObject","inLanguage":"en-US","@id":"https:\/\/www.apfelpatient.de\/news\/apple-watch-series-6-in-zukunft-ohne-usb-netzteil#primaryimage","url":"https:\/\/www.apfelpatient.de\/wp-content\/uploads\/2020\/09\/Apple_watch-series-6-sensor_09152020.jpg","contentUrl":"https:\/\/www.apfelpatient.de\/wp-content\/uploads\/2020\/09\/Apple_watch-series-6-sensor_09152020.jpg","width":1960,"height":1102,"caption":"Bild: Apple"},{"@type":"BreadcrumbList","@id":"https:\/\/www.apfelpatient.de\/news\/apple-watch-series-6-in-zukunft-ohne-usb-netzteil#breadcrumb","itemListElement":[{"@type":"ListItem","position":1,"name":"Startseite","item":"https:\/\/www.apfelpatient.de\/"},{"@type":"ListItem","position":2,"name":"Apple Watch Series 6: In Zukunft ohne USB-Netzteil"}]},{"@type":"WebSite","@id":"https:\/\/www.apfelpatient.de\/#website","url":"https:\/\/www.apfelpatient.de\/","name":"apple patient","description":"Everything about Apple!","publisher":{"@type":"Organization","@id":"https:\/\/www.apfelpatient.de\/en\/#organization","name":"Apfelpatient","url":"https:\/\/www.apfelpatient.de\/en\/"},"alternateName":"Apfelpatient","potentialAction":[{"@type":"SearchAction","target":{"@type":"EntryPoint","urlTemplate":"https:\/\/www.apfelpatient.de\/?s={search_term_string}"},"query-input":{"@type":"PropertyValueSpecification","valueRequired":true,"valueName":"search_term_string"}}],"inLanguage":"en-US"},{"@type":["Person","Organization"],"@id":"https:\/\/www.apfelpatient.de\/#\/schema\/person\/7dc56ad6c8e9824b76d2c08d4c140e13","name":"Milan","logo":{"@id":"https:\/\/www.apfelpatient.de\/#\/schema\/person\/image\/"},"description":"Hello and welcome to my technology blog! As a big Apple fan, I report on everything to do with Apple: from the latest news and exciting rumors to helpful tips and tricks and detailed product tests. If you are as enthusiastic about technology as I am, you have come to the right place!","sameAs":["https:\/\/www.facebook.com\/apfelpatientOfficial","https:\/\/www.linkedin.com\/in\/milan-jovicic-42aa0231b"],"url":"https:\/\/www.apfelpatient.de\/en\/author\/apfeladmin"}]}},"_links":{"self":[{"href":"https:\/\/www.apfelpatient.de\/en\/wp-json\/wp\/v2\/posts\/14996","targetHints":{"allow":["GET"]}}],"collection":[{"href":"https:\/\/www.apfelpatient.de\/en\/wp-json\/wp\/v2\/posts"}],"about":[{"href":"https:\/\/www.apfelpatient.de\/en\/wp-json\/wp\/v2\/types\/post"}],"author":[{"embeddable":true,"href":"https:\/\/www.apfelpatient.de\/en\/wp-json\/wp\/v2\/users\/2"}],"replies":[{"embeddable":true,"href":"https:\/\/www.apfelpatient.de\/en\/wp-json\/wp\/v2\/comments?post=14996"}],"version-history":[{"count":0,"href":"https:\/\/www.apfelpatient.de\/en\/wp-json\/wp\/v2\/posts\/14996\/revisions"}],"wp:featuredmedia":[{"embeddable":true,"href":"https:\/\/www.apfelpatient.de\/en\/wp-json\/wp\/v2\/media\/14997"}],"wp:attachment":[{"href":"https:\/\/www.apfelpatient.de\/en\/wp-json\/wp\/v2\/media?parent=14996"}],"wp:term":[{"taxonomy":"category","embeddable":true,"href":"https:\/\/www.apfelpatient.de\/en\/wp-json\/wp\/v2\/categories?post=14996"},{"taxonomy":"post_tag","embeddable":true,"href":"https:\/\/www.apfelpatient.de\/en\/wp-json\/wp\/v2\/tags?post=14996"}],"curies":[{"name":"wp","href":"https:\/\/api.w.org\/{rel}","templated":true}]}}