{"id":14991,"date":"2020-09-15T21:12:57","date_gmt":"2020-09-15T19:12:57","guid":{"rendered":"https:\/\/www.apfelpatient.de\/?p=14991"},"modified":"2020-09-15T21:12:57","modified_gmt":"2020-09-15T19:12:57","slug":"apple-announces-ipad-air-4-and-ipad-8","status":"publish","type":"post","link":"https:\/\/www.apfelpatient.de\/en\/news\/apple-kuendigt-ipad-air-4-und-ipad-8-an","title":{"rendered":"Apple announces iPad Air 4 and iPad 8"},"content":{"rendered":"<p class=\"has-drop-cap\"><strong>As part of the \u201cTime Flies\u201d event, new Apple Watch models were also introduced alongside Apple One and Apple Fitness+. <a href=\"https:\/\/www.apfelpatient.de\/en\/news\/apple-one-bundle-apple-fitness-come\" class=\"ek-link\"><span style=\"text-decoration: underline;\" class=\"ek-underline\">revealed<\/span><\/a>. But there are also two new iPad devices.&nbsp;<\/strong><\/p>\n\n\n\n<p>Apple has now officially introduced the new iPad Air 4. The device has a completely new design - modeled on the iPad Pro - and offers a high-resolution 10.9-inch display. As already suspected, the Touch ID sensor has been housed in the standby switch. The new iPad Air has a &quot;huge leap in performance&quot; thanks to the latest A14 Bionic processor. The CPU is 40% faster, GPU performance has been improved by 30%, and machine learning performance has also increased thanks to a new neural engine. It also has True Tone and an anti-reflective coating as well as USB-C. The speaker system was also revised as part of the update.<\/p>\n\n\n\n<h3 class=\"wp-block-heading\">iPad Air 4 accessories and iPad 8<\/h3>\n\n\n\n\n\n\n\n<p>The device supports the second generation Apple Pencil and the brand new Magic Keyboard. The device can be pre-ordered from October at a starting price of around 632.60 euros. It is currently unknown when the new iPad Air 4 will be delivered. In addition to the iPad Air 4, a new entry-level model - the iPad 8 - was also presented. While the predecessor had the A10 processor, the new version comes with the A12 chip. In terms of the casing, however, everything remained the same. According to Apple, the A12 chip offers more than twice the performance of the best-selling Windows laptop, 6x faster than the best-selling Android tablet and 6x faster than the best-selling Chromebook. So while the device has become faster, its price remains at the same level as its predecessor. This means that the device is available from 369.40 euros. Pre-orders are already being accepted today - deliveries will start this Friday.&nbsp;<em>(Image: Apple)<\/em><\/p>\n\n\n\n<figure class=\"wp-block-image size-large\"><img decoding=\"async\" src=\"https:\/\/www.apfelpatient.de\/wp-content\/uploads\/2020\/09\/apple_new-ipad-air_new-design_09152020-1024x1024.jpg\" alt=\"iPad Air 4\" class=\"wp-image-14993\"\/><figcaption>Image: Apple<\/figcaption><\/figure>\n\n\n\n<ul class=\"wp-block-list\"><li><a href=\"https:\/\/www.apfelpatient.de\/en\/news\/ios-14-ipados-14-watchos-7-will-be-released-tomorrow\" class=\"ek-link\"><span style=\"text-decoration: underline;\" class=\"ek-underline\">iOS 14, iPadOS 14 &amp; watchOS 7 will be released tomorrow<\/span><\/a><\/li><\/ul>\n\n\n\n<h6 class=\"wp-block-heading translation-block\" id=\"h-kennt-ihr-schon-unsere-amazon-storefront-dort-findet-ihr-eine-handverlesene-auswahl-von-diversen-produkten-f-r-euer-iphone-und-co-viel-spa-beim-st-bern\"><em>Have you already visited our Amazon Storefront? There you&#039;ll find a hand-picked selection of various products for your iPhone and other devices \u2013 <span class=\"has-inline-color has-vivid-red-color\"><a href=\"https:\/\/www.amazon.de\/shop\/apfelpatientofficial\" class=\"ek-link\" data-wpel-link=\"exclude\" rel=\"follow noopener\" target=\"_self\"><span style=\"text-decoration: underline\" class=\"ek-underline\">enjoy browsing<\/span><\/a> !<\/span><\/em><\/h6>\n\n\n\n\n\n<h6 class=\"wp-block-heading translation-block\" id=\"h-der-beitrag-enthalt-partnerlinks\">This post contains <a data-type=\"URL\" data-id=\"https:\/\/www.apfelpatient.de\/partnerprogramm\" href=\"https:\/\/www.apfelpatient.de\/en\/partner-program\" data-wpel-link=\"internal\" target=\"_self\">affiliate links<\/a>.<\/h6>","protected":false},"excerpt":{"rendered":"<p>iPad Air 4: As part of the \u201eTime Flies\u201c event, new Apple Watch models were unveiled alongside Apple One and Apple Fitness+.<\/p>","protected":false},"author":2,"featured_media":14990,"comment_status":"closed","ping_status":"open","sticky":false,"template":"","format":"standard","meta":{"jnews-multi-image_gallery":[],"jnews_single_post":{"subtitle":"","format":"standard","video":"","gallery":"","source_name":"","source_url":"","via_name":"","via_url":"","override":[{"single_blog_custom":"","sidebar":"","second_sidebar":"","share_position":"","share_float_style":"","post_date_format":"","post_date_format_custom":"","post_reading_time_wpm":"","zoom_button_out_step":"1","zoom_button_in_step":"1","number_popup_post":"1"}],"image_override":[{"single_post_thumbnail_size":"","single_post_gallery_size":""}],"trending_post_position":"","trending_post_label":"","sponsored_post_label":"","sponsored_post_name":"","sponsored_post_url":"","sponsored_post_logo":"","sponsored_post_desc":""},"jnews_primary_category":{"id":""},"footnotes":""},"categories":[9],"tags":[86,18,240],"class_list":["post-14991","post","type-post","status-publish","format-standard","has-post-thumbnail","hentry","category-news","tag-apple-event","tag-ipad","tag-ipad-air"],"yoast_head":"<!-- This site is optimized with the Yoast SEO Premium plugin v27.5 (Yoast SEO v27.5) - https:\/\/yoast.com\/product\/yoast-seo-premium-wordpress\/ -->\n<title>Apple k\u00fcndigt iPad Air 4 und iPad 8 an Apfelpatient<\/title>\n<meta name=\"description\" content=\"iPad Air 4: Im Rahmen des &quot;Time Flies&quot;-Events wurden neben Apple One und Apple Fitness+ auch neue Apple Watch Modelle enth\u00fcllt.\" \/>\n<meta name=\"robots\" content=\"index, follow, max-snippet:-1, max-image-preview:large, max-video-preview:-1\" \/>\n<link rel=\"canonical\" href=\"https:\/\/www.apfelpatient.de\/en\/news\/apple-announces-ipad-air-4-and-ipad-8\" \/>\n<meta property=\"og:locale\" content=\"en_US\" \/>\n<meta property=\"og:type\" content=\"article\" \/>\n<meta property=\"og:title\" content=\"Apple k\u00fcndigt iPad Air 4 und iPad 8 an\" \/>\n<meta property=\"og:description\" content=\"iPad Air 4: Im Rahmen des &quot;Time Flies&quot;-Events wurden neben Apple One und Apple Fitness+ auch neue Apple Watch Modelle enth\u00fcllt.\" \/>\n<meta property=\"og:url\" content=\"https:\/\/www.apfelpatient.de\/en\/news\/apple-announces-ipad-air-4-and-ipad-8\" \/>\n<meta property=\"og:site_name\" content=\"Apfelpatient\" \/>\n<meta property=\"article:publisher\" content=\"https:\/\/www.facebook.com\/apfelpatientOfficial\" \/>\n<meta property=\"article:author\" content=\"https:\/\/www.facebook.com\/apfelpatientOfficial\" \/>\n<meta property=\"article:published_time\" content=\"2020-09-15T19:12:57+00:00\" \/>\n<meta property=\"og:image\" content=\"https:\/\/www.apfelpatient.de\/wp-content\/uploads\/2020\/09\/apple_ipad-8th-gen_ipad-lineup_09152020.jpg\" \/>\n\t<meta property=\"og:image:width\" content=\"1306\" \/>\n\t<meta property=\"og:image:height\" content=\"734\" \/>\n\t<meta property=\"og:image:type\" content=\"image\/jpeg\" \/>\n<meta name=\"author\" content=\"Milan\" \/>\n<meta name=\"twitter:card\" content=\"summary_large_image\" \/>\n<meta name=\"twitter:description\" content=\"iPad Air 4: Im Rahmen des &quot;Time Flies&quot;-Events wurden neben Apple One und Apple Fitness+ auch neue Apple Watch Modelle enth\u00fcllt.\" \/>\n<meta name=\"twitter:label1\" content=\"Written by\" \/>\n\t<meta name=\"twitter:data1\" content=\"Milan\" \/>\n\t<meta name=\"twitter:label2\" content=\"Est. reading time\" \/>\n\t<meta name=\"twitter:data2\" content=\"2 minutes\" \/>\n<script type=\"application\/ld+json\" class=\"yoast-schema-graph\">{\"@context\":\"https:\\\/\\\/schema.org\",\"@graph\":[{\"@type\":\"NewsArticle\",\"@id\":\"https:\\\/\\\/www.apfelpatient.de\\\/news\\\/apple-kuendigt-ipad-air-4-und-ipad-8-an#article\",\"isPartOf\":{\"@id\":\"https:\\\/\\\/www.apfelpatient.de\\\/news\\\/apple-kuendigt-ipad-air-4-und-ipad-8-an\"},\"author\":{\"@type\":\"Organization\",\"@id\":\"https:\\\/\\\/www.apfelpatient.de\\\/en\\\/#organization\",\"name\":\"Apfelpatient\",\"url\":\"https:\\\/\\\/www.apfelpatient.de\\\/en\\\/\"},\"headline\":\"Apple k\u00fcndigt iPad Air 4 und iPad 8 an\",\"datePublished\":\"2020-09-15T19:12:57+00:00\",\"mainEntityOfPage\":{\"@id\":\"https:\\\/\\\/www.apfelpatient.de\\\/news\\\/apple-kuendigt-ipad-air-4-und-ipad-8-an\"},\"wordCount\":313,\"publisher\":{\"@type\":\"Organization\",\"@id\":\"https:\\\/\\\/www.apfelpatient.de\\\/en\\\/#organization\",\"name\":\"Apfelpatient\",\"url\":\"https:\\\/\\\/www.apfelpatient.de\\\/en\\\/\"},\"image\":{\"@id\":\"https:\\\/\\\/www.apfelpatient.de\\\/news\\\/apple-kuendigt-ipad-air-4-und-ipad-8-an#primaryimage\"},\"thumbnailUrl\":\"https:\\\/\\\/www.apfelpatient.de\\\/wp-content\\\/uploads\\\/2020\\\/09\\\/apple_ipad-8th-gen_ipad-lineup_09152020.jpg\",\"keywords\":[\"Apple Event\",\"iPad\",\"iPad Air\"],\"articleSection\":\"News\",\"inLanguage\":\"en-US\",\"copyrightYear\":\"2020\",\"copyrightHolder\":{\"@id\":\"https:\\\/\\\/www.apfelpatient.de\\\/en\\\/#organization\"}},{\"@type\":\"WebPage\",\"@id\":\"https:\\\/\\\/www.apfelpatient.de\\\/news\\\/apple-kuendigt-ipad-air-4-und-ipad-8-an\",\"url\":\"https:\\\/\\\/www.apfelpatient.de\\\/news\\\/apple-kuendigt-ipad-air-4-und-ipad-8-an\",\"name\":\"Apple k\u00fcndigt iPad Air 4 und iPad 8 an Apfelpatient\",\"isPartOf\":{\"@id\":\"https:\\\/\\\/www.apfelpatient.de\\\/#website\"},\"primaryImageOfPage\":{\"@id\":\"https:\\\/\\\/www.apfelpatient.de\\\/news\\\/apple-kuendigt-ipad-air-4-und-ipad-8-an#primaryimage\"},\"image\":{\"@id\":\"https:\\\/\\\/www.apfelpatient.de\\\/news\\\/apple-kuendigt-ipad-air-4-und-ipad-8-an#primaryimage\"},\"thumbnailUrl\":\"https:\\\/\\\/www.apfelpatient.de\\\/wp-content\\\/uploads\\\/2020\\\/09\\\/apple_ipad-8th-gen_ipad-lineup_09152020.jpg\",\"datePublished\":\"2020-09-15T19:12:57+00:00\",\"description\":\"iPad Air 4: Im Rahmen des \\\"Time Flies\\\"-Events wurden neben Apple One und Apple Fitness+ auch neue Apple Watch Modelle enth\u00fcllt.\",\"breadcrumb\":{\"@id\":\"https:\\\/\\\/www.apfelpatient.de\\\/news\\\/apple-kuendigt-ipad-air-4-und-ipad-8-an#breadcrumb\"},\"inLanguage\":\"en-US\",\"potentialAction\":[{\"@type\":\"ReadAction\",\"target\":[\"https:\\\/\\\/www.apfelpatient.de\\\/news\\\/apple-kuendigt-ipad-air-4-und-ipad-8-an\"]}]},{\"@type\":\"ImageObject\",\"inLanguage\":\"en-US\",\"@id\":\"https:\\\/\\\/www.apfelpatient.de\\\/news\\\/apple-kuendigt-ipad-air-4-und-ipad-8-an#primaryimage\",\"url\":\"https:\\\/\\\/www.apfelpatient.de\\\/wp-content\\\/uploads\\\/2020\\\/09\\\/apple_ipad-8th-gen_ipad-lineup_09152020.jpg\",\"contentUrl\":\"https:\\\/\\\/www.apfelpatient.de\\\/wp-content\\\/uploads\\\/2020\\\/09\\\/apple_ipad-8th-gen_ipad-lineup_09152020.jpg\",\"width\":1306,\"height\":734,\"caption\":\"Bild: Apple\"},{\"@type\":\"BreadcrumbList\",\"@id\":\"https:\\\/\\\/www.apfelpatient.de\\\/news\\\/apple-kuendigt-ipad-air-4-und-ipad-8-an#breadcrumb\",\"itemListElement\":[{\"@type\":\"ListItem\",\"position\":1,\"name\":\"Startseite\",\"item\":\"https:\\\/\\\/www.apfelpatient.de\\\/\"},{\"@type\":\"ListItem\",\"position\":2,\"name\":\"Apple k\u00fcndigt iPad Air 4 und iPad 8 an\"}]},{\"@type\":\"WebSite\",\"@id\":\"https:\\\/\\\/www.apfelpatient.de\\\/#website\",\"url\":\"https:\\\/\\\/www.apfelpatient.de\\\/\",\"name\":\"Apfelpatient\",\"description\":\"Alles rund um Apple!\",\"publisher\":{\"@type\":\"Organization\",\"@id\":\"https:\\\/\\\/www.apfelpatient.de\\\/en\\\/#organization\",\"name\":\"Apfelpatient\",\"url\":\"https:\\\/\\\/www.apfelpatient.de\\\/en\\\/\"},\"alternateName\":\"Apfelpatient\",\"potentialAction\":[{\"@type\":\"SearchAction\",\"target\":{\"@type\":\"EntryPoint\",\"urlTemplate\":\"https:\\\/\\\/www.apfelpatient.de\\\/?s={search_term_string}\"},\"query-input\":{\"@type\":\"PropertyValueSpecification\",\"valueRequired\":true,\"valueName\":\"search_term_string\"}}],\"inLanguage\":\"en-US\"},{\"@type\":[\"Person\",\"Organization\"],\"@id\":\"https:\\\/\\\/www.apfelpatient.de\\\/#\\\/schema\\\/person\\\/35b3ddba5832f2bfc7fff5206d4f6b7b\",\"name\":\"Milan\",\"logo\":{\"@id\":\"https:\\\/\\\/www.apfelpatient.de\\\/#\\\/schema\\\/person\\\/image\\\/\"},\"description\":\"Hallo und herzlich willkommen auf meinem Technik-Blog! Als gro\u00dfer Apple-Fan berichte ich hier \u00fcber alles, was mit Apple zu tun hat: von den neuesten News und spannenden Ger\u00fcchten \u00fcber hilfreiche Tipps und Tricks bis hin zu ausf\u00fchrlichen Produkttests. Wenn du genauso technikbegeistert bist wie ich, bist du hier genau richtig!\",\"sameAs\":[\"https:\\\/\\\/www.facebook.com\\\/apfelpatientOfficial\",\"https:\\\/\\\/www.linkedin.com\\\/in\\\/milan-jovicic-42aa0231b\"],\"url\":\"https:\\\/\\\/www.apfelpatient.de\\\/en\\\/author\\\/apfeladmin\"}]}<\/script>\n<!-- \/ Yoast SEO Premium plugin. -->","yoast_head_json":{"title":"Apple announces iPad Air 4 and iPad 8 Apfelpatient","description":"iPad Air 4: As part of the &quot;Time Flies&quot; event, new Apple Watch models were unveiled alongside Apple One and Apple Fitness+.","robots":{"index":"index","follow":"follow","max-snippet":"max-snippet:-1","max-image-preview":"max-image-preview:large","max-video-preview":"max-video-preview:-1"},"canonical":"https:\/\/www.apfelpatient.de\/en\/news\/apple-announces-ipad-air-4-and-ipad-8","og_locale":"en_US","og_type":"article","og_title":"Apple k\u00fcndigt iPad Air 4 und iPad 8 an","og_description":"iPad Air 4: Im Rahmen des \"Time Flies\"-Events wurden neben Apple One und Apple Fitness+ auch neue Apple Watch Modelle enth\u00fcllt.","og_url":"https:\/\/www.apfelpatient.de\/en\/news\/apple-announces-ipad-air-4-and-ipad-8","og_site_name":"Apfelpatient","article_publisher":"https:\/\/www.facebook.com\/apfelpatientOfficial","article_author":"https:\/\/www.facebook.com\/apfelpatientOfficial","article_published_time":"2020-09-15T19:12:57+00:00","og_image":[{"width":1306,"height":734,"url":"https:\/\/www.apfelpatient.de\/wp-content\/uploads\/2020\/09\/apple_ipad-8th-gen_ipad-lineup_09152020.jpg","type":"image\/jpeg"}],"author":"Milan","twitter_card":"summary_large_image","twitter_description":"iPad Air 4: Im Rahmen des \"Time Flies\"-Events wurden neben Apple One und Apple Fitness+ auch neue Apple Watch Modelle enth\u00fcllt.","twitter_misc":{"Written by":"Milan","Est. reading time":"2 minutes"},"schema":{"@context":"https:\/\/schema.org","@graph":[{"@type":"NewsArticle","@id":"https:\/\/www.apfelpatient.de\/news\/apple-kuendigt-ipad-air-4-und-ipad-8-an#article","isPartOf":{"@id":"https:\/\/www.apfelpatient.de\/news\/apple-kuendigt-ipad-air-4-und-ipad-8-an"},"author":{"@type":"Organization","@id":"https:\/\/www.apfelpatient.de\/en\/#organization","name":"Apfelpatient","url":"https:\/\/www.apfelpatient.de\/en\/"},"headline":"Apple k\u00fcndigt iPad Air 4 und iPad 8 an","datePublished":"2020-09-15T19:12:57+00:00","mainEntityOfPage":{"@id":"https:\/\/www.apfelpatient.de\/news\/apple-kuendigt-ipad-air-4-und-ipad-8-an"},"wordCount":313,"publisher":{"@type":"Organization","@id":"https:\/\/www.apfelpatient.de\/en\/#organization","name":"Apfelpatient","url":"https:\/\/www.apfelpatient.de\/en\/"},"image":{"@id":"https:\/\/www.apfelpatient.de\/news\/apple-kuendigt-ipad-air-4-und-ipad-8-an#primaryimage"},"thumbnailUrl":"https:\/\/www.apfelpatient.de\/wp-content\/uploads\/2020\/09\/apple_ipad-8th-gen_ipad-lineup_09152020.jpg","keywords":["Apple Event","iPad","iPad Air"],"articleSection":"News","inLanguage":"en-US","copyrightYear":"2020","copyrightHolder":{"@id":"https:\/\/www.apfelpatient.de\/en\/#organization"}},{"@type":"WebPage","@id":"https:\/\/www.apfelpatient.de\/news\/apple-kuendigt-ipad-air-4-und-ipad-8-an","url":"https:\/\/www.apfelpatient.de\/news\/apple-kuendigt-ipad-air-4-und-ipad-8-an","name":"Apple announces iPad Air 4 and iPad 8 Apfelpatient","isPartOf":{"@id":"https:\/\/www.apfelpatient.de\/#website"},"primaryImageOfPage":{"@id":"https:\/\/www.apfelpatient.de\/news\/apple-kuendigt-ipad-air-4-und-ipad-8-an#primaryimage"},"image":{"@id":"https:\/\/www.apfelpatient.de\/news\/apple-kuendigt-ipad-air-4-und-ipad-8-an#primaryimage"},"thumbnailUrl":"https:\/\/www.apfelpatient.de\/wp-content\/uploads\/2020\/09\/apple_ipad-8th-gen_ipad-lineup_09152020.jpg","datePublished":"2020-09-15T19:12:57+00:00","description":"iPad Air 4: As part of the &quot;Time Flies&quot; event, new Apple Watch models were unveiled alongside Apple One and Apple Fitness+.","breadcrumb":{"@id":"https:\/\/www.apfelpatient.de\/news\/apple-kuendigt-ipad-air-4-und-ipad-8-an#breadcrumb"},"inLanguage":"en-US","potentialAction":[{"@type":"ReadAction","target":["https:\/\/www.apfelpatient.de\/news\/apple-kuendigt-ipad-air-4-und-ipad-8-an"]}]},{"@type":"ImageObject","inLanguage":"en-US","@id":"https:\/\/www.apfelpatient.de\/news\/apple-kuendigt-ipad-air-4-und-ipad-8-an#primaryimage","url":"https:\/\/www.apfelpatient.de\/wp-content\/uploads\/2020\/09\/apple_ipad-8th-gen_ipad-lineup_09152020.jpg","contentUrl":"https:\/\/www.apfelpatient.de\/wp-content\/uploads\/2020\/09\/apple_ipad-8th-gen_ipad-lineup_09152020.jpg","width":1306,"height":734,"caption":"Bild: Apple"},{"@type":"BreadcrumbList","@id":"https:\/\/www.apfelpatient.de\/news\/apple-kuendigt-ipad-air-4-und-ipad-8-an#breadcrumb","itemListElement":[{"@type":"ListItem","position":1,"name":"Startseite","item":"https:\/\/www.apfelpatient.de\/"},{"@type":"ListItem","position":2,"name":"Apple k\u00fcndigt iPad Air 4 und iPad 8 an"}]},{"@type":"WebSite","@id":"https:\/\/www.apfelpatient.de\/#website","url":"https:\/\/www.apfelpatient.de\/","name":"apple patient","description":"Everything about Apple!","publisher":{"@type":"Organization","@id":"https:\/\/www.apfelpatient.de\/en\/#organization","name":"Apfelpatient","url":"https:\/\/www.apfelpatient.de\/en\/"},"alternateName":"Apfelpatient","potentialAction":[{"@type":"SearchAction","target":{"@type":"EntryPoint","urlTemplate":"https:\/\/www.apfelpatient.de\/?s={search_term_string}"},"query-input":{"@type":"PropertyValueSpecification","valueRequired":true,"valueName":"search_term_string"}}],"inLanguage":"en-US"},{"@type":["Person","Organization"],"@id":"https:\/\/www.apfelpatient.de\/#\/schema\/person\/35b3ddba5832f2bfc7fff5206d4f6b7b","name":"Milan","logo":{"@id":"https:\/\/www.apfelpatient.de\/#\/schema\/person\/image\/"},"description":"Hello and welcome to my technology blog! As a big Apple fan, I report on everything to do with Apple: from the latest news and exciting rumors to helpful tips and tricks and detailed product tests. If you are as enthusiastic about technology as I am, you have come to the right place!","sameAs":["https:\/\/www.facebook.com\/apfelpatientOfficial","https:\/\/www.linkedin.com\/in\/milan-jovicic-42aa0231b"],"url":"https:\/\/www.apfelpatient.de\/en\/author\/apfeladmin"}]}},"_links":{"self":[{"href":"https:\/\/www.apfelpatient.de\/en\/wp-json\/wp\/v2\/posts\/14991","targetHints":{"allow":["GET"]}}],"collection":[{"href":"https:\/\/www.apfelpatient.de\/en\/wp-json\/wp\/v2\/posts"}],"about":[{"href":"https:\/\/www.apfelpatient.de\/en\/wp-json\/wp\/v2\/types\/post"}],"author":[{"embeddable":true,"href":"https:\/\/www.apfelpatient.de\/en\/wp-json\/wp\/v2\/users\/2"}],"replies":[{"embeddable":true,"href":"https:\/\/www.apfelpatient.de\/en\/wp-json\/wp\/v2\/comments?post=14991"}],"version-history":[{"count":0,"href":"https:\/\/www.apfelpatient.de\/en\/wp-json\/wp\/v2\/posts\/14991\/revisions"}],"wp:featuredmedia":[{"embeddable":true,"href":"https:\/\/www.apfelpatient.de\/en\/wp-json\/wp\/v2\/media\/14990"}],"wp:attachment":[{"href":"https:\/\/www.apfelpatient.de\/en\/wp-json\/wp\/v2\/media?parent=14991"}],"wp:term":[{"taxonomy":"category","embeddable":true,"href":"https:\/\/www.apfelpatient.de\/en\/wp-json\/wp\/v2\/categories?post=14991"},{"taxonomy":"post_tag","embeddable":true,"href":"https:\/\/www.apfelpatient.de\/en\/wp-json\/wp\/v2\/tags?post=14991"}],"curies":[{"name":"wp","href":"https:\/\/api.w.org\/{rel}","templated":true}]}}