{"id":14977,"date":"2020-09-15T19:51:13","date_gmt":"2020-09-15T17:51:13","guid":{"rendered":"https:\/\/www.apfelpatient.de\/?p=14977"},"modified":"2020-09-15T19:51:13","modified_gmt":"2020-09-15T17:51:13","slug":"apple-announces-apple-watch-series-6-apple-watch-se","status":"publish","type":"post","link":"https:\/\/www.apfelpatient.de\/en\/news\/apple-kuendigt-apple-watch-series-6-apple-watch-se-an","title":{"rendered":"Apple announces Apple Watch Series 6 &amp; Apple Watch SE"},"content":{"rendered":"<p class=\"has-drop-cap\"><strong>After countless rumors and various <a href=\"https:\/\/www.apfelpatient.de\/en\/rumors\/apple-event-new-details-about-apple-watch-se\" class=\"ek-link\"><span style=\"text-decoration: underline;\" class=\"ek-underline\">speculation<\/span><\/a> Apple has now officially announced the Apple Watch Series 6 and Apple Watch SE in a digital keynote.<\/strong><\/p>\n\n\n\n<p>Rumors about new Apple Watch models are usually rare. But this year, nothing seems to be normal anymore - and so is the rumor mill with regard to new Apple products. The sixth generation of the popular smartwatch and a cheaper model have now been officially unveiled. Let&#039;s start with the Apple Watch Series 6. Thanks to advanced algorithms that analyze the color of the wearer&#039;s blood to determine the oxygen level, users can use the Apple Watch Series 6 to measure the oxygen level in the blood directly from their wrist. The measurement can be carried out manually within 15 seconds - during sleep phases it is done automatically. According to Apple, the sixth generation of the smartwatch has the new S6 chip with a dual-core processor based on the A13 chip. This is said to be 20 percent faster than its predecessor. In addition, the Series 6 has a 2.5x brighter display and an always-on altimeter.<\/p>\n\n\n\n<h3 class=\"wp-block-heading\">The Apple Watch SE is coming<\/h3>\n\n\n\n\n\n\n\n<p>The Apple Watch Series 6 is also available in a new blue aluminum case and PRODUCT(RED). In addition, the classic stainless steel gold and stainless steel graphite have been updated. But that&#039;s not all. Of course, the Series 6 also comes with new watch faces, including a tachymeter, MeMoji, striped watch faces and more. In terms of availability, Apple said that the device can be pre-ordered starting today and deliveries should start at the end of the week - the Series 6 starts at $399. In addition to the sixth <a href=\"https:\/\/www.apple.com\/newsroom\/2020\/09\/apple-watch-series-6-delivers-breakthrough-wellness-and-fitness-capabilities\/\" class=\"ek-link\"><span style=\"text-decoration: underline;\" class=\"ek-underline\">generation<\/span><\/a> A cheaper model called the Apple Watch SE was also unveiled. The product is based on the Series 5 and offers a built-in compass in addition to the S5 chip. The SE version of the popular smartwatch is available in 40mm and 44mm sizes with GPS and Cellular. The price starts at $279 and can also be pre-ordered starting today. <em>(Image: Apple)<\/em><\/p>\n\n\n\n<h6 class=\"wp-block-heading translation-block\" id=\"h-kennt-ihr-schon-unsere-amazon-storefront-dort-findet-ihr-eine-handverlesene-auswahl-von-diversen-produkten-f-r-euer-iphone-und-co-viel-spa-beim-st-bern\"><em>Have you already visited our Amazon Storefront? There you&#039;ll find a hand-picked selection of various products for your iPhone and other devices \u2013 <span class=\"has-inline-color has-vivid-red-color\"><a href=\"https:\/\/www.amazon.de\/shop\/apfelpatientofficial\" class=\"ek-link\" data-wpel-link=\"exclude\" rel=\"follow noopener\" target=\"_self\"><span style=\"text-decoration: underline\" class=\"ek-underline\">enjoy browsing<\/span><\/a> !<\/span><\/em><\/h6>\n\n\n\n\n\n<h6 class=\"wp-block-heading translation-block\" id=\"h-der-beitrag-enthalt-partnerlinks\">This post contains <a data-type=\"URL\" data-id=\"https:\/\/www.apfelpatient.de\/partnerprogramm\" href=\"https:\/\/www.apfelpatient.de\/en\/partner-program\" data-wpel-link=\"internal\" target=\"_self\">affiliate links<\/a>.<\/h6>","protected":false},"excerpt":{"rendered":"<p>Apple has now officially announced the Apple Watch Series 6 and Apple Watch SE in a digital keynote.<\/p>","protected":false},"author":2,"featured_media":14978,"comment_status":"closed","ping_status":"open","sticky":false,"template":"","format":"standard","meta":{"jnews-multi-image_gallery":[],"jnews_single_post":{"subtitle":"","format":"standard","video":"","gallery":"","source_name":"","source_url":"","via_name":"","via_url":"","override":[{"single_blog_custom":"","sidebar":"","second_sidebar":"","share_position":"","share_float_style":"","post_date_format":"","post_date_format_custom":"","post_reading_time_wpm":"","zoom_button_out_step":"1","zoom_button_in_step":"1","number_popup_post":"1"}],"image_override":[{"single_post_thumbnail_size":"","single_post_gallery_size":""}],"trending_post_position":"","trending_post_label":"","sponsored_post_label":"","sponsored_post_name":"","sponsored_post_url":"","sponsored_post_logo":"","sponsored_post_desc":""},"jnews_primary_category":{"id":""},"footnotes":""},"categories":[9],"tags":[14,428,20],"class_list":["post-14977","post","type-post","status-publish","format-standard","has-post-thumbnail","hentry","category-news","tag-apple-watch","tag-apple-watch-se","tag-apple-watch-series-6"],"yoast_head":"<!-- This site is optimized with the Yoast SEO Premium plugin v27.5 (Yoast SEO v27.5) - https:\/\/yoast.com\/product\/yoast-seo-premium-wordpress\/ -->\n<title>Apple k\u00fcndigt Apple Watch Series 6 &amp; Apple Watch SE an Apfelpatient<\/title>\n<meta name=\"description\" content=\"Apple nun offiziell die Apple Watch Series 6 und Apple Watch SE im Rahmen einer digitalen Keynote angek\u00fcndigt.\" \/>\n<meta name=\"robots\" content=\"index, follow, max-snippet:-1, max-image-preview:large, max-video-preview:-1\" \/>\n<link rel=\"canonical\" href=\"https:\/\/www.apfelpatient.de\/en\/news\/apple-announces-apple-watch-series-6-apple-watch-se\" \/>\n<meta property=\"og:locale\" content=\"en_US\" \/>\n<meta property=\"og:type\" content=\"article\" \/>\n<meta property=\"og:title\" content=\"Apple k\u00fcndigt Apple Watch Series 6 &amp; Apple Watch SE an\" \/>\n<meta property=\"og:description\" content=\"Apple nun offiziell die Apple Watch Series 6 und Apple Watch SE im Rahmen einer digitalen Keynote angek\u00fcndigt.\" \/>\n<meta property=\"og:url\" content=\"https:\/\/www.apfelpatient.de\/en\/news\/apple-announces-apple-watch-series-6-apple-watch-se\" \/>\n<meta property=\"og:site_name\" content=\"Apfelpatient\" \/>\n<meta property=\"article:publisher\" content=\"https:\/\/www.facebook.com\/apfelpatientOfficial\" \/>\n<meta property=\"article:author\" content=\"https:\/\/www.facebook.com\/apfelpatientOfficial\" \/>\n<meta property=\"article:published_time\" content=\"2020-09-15T17:51:13+00:00\" \/>\n<meta property=\"og:image\" content=\"https:\/\/www.apfelpatient.de\/wp-content\/uploads\/2020\/09\/Apple_watch-series-6-Aluminum-blue-case-close-up_09152020.jpg\" \/>\n\t<meta property=\"og:image:width\" content=\"1960\" \/>\n\t<meta property=\"og:image:height\" content=\"1102\" \/>\n\t<meta property=\"og:image:type\" content=\"image\/jpeg\" \/>\n<meta name=\"author\" content=\"Milan\" \/>\n<meta name=\"twitter:card\" content=\"summary_large_image\" \/>\n<meta name=\"twitter:description\" content=\"Apple nun offiziell die Apple Watch Series 6 und Apple Watch SE im Rahmen einer digitalen Keynote angek\u00fcndigt.\" \/>\n<meta name=\"twitter:label1\" content=\"Written by\" \/>\n\t<meta name=\"twitter:data1\" content=\"Milan\" \/>\n\t<meta name=\"twitter:label2\" content=\"Est. reading time\" \/>\n\t<meta name=\"twitter:data2\" content=\"2 minutes\" \/>\n<script type=\"application\/ld+json\" class=\"yoast-schema-graph\">{\"@context\":\"https:\\\/\\\/schema.org\",\"@graph\":[{\"@type\":\"NewsArticle\",\"@id\":\"https:\\\/\\\/www.apfelpatient.de\\\/news\\\/apple-kuendigt-apple-watch-series-6-apple-watch-se-an#article\",\"isPartOf\":{\"@id\":\"https:\\\/\\\/www.apfelpatient.de\\\/news\\\/apple-kuendigt-apple-watch-series-6-apple-watch-se-an\"},\"author\":{\"@type\":\"Organization\",\"@id\":\"https:\\\/\\\/www.apfelpatient.de\\\/en\\\/#organization\",\"name\":\"Apfelpatient\",\"url\":\"https:\\\/\\\/www.apfelpatient.de\\\/en\\\/\"},\"headline\":\"Apple k\u00fcndigt Apple Watch Series 6 &#038; Apple Watch SE an\",\"datePublished\":\"2020-09-15T17:51:13+00:00\",\"mainEntityOfPage\":{\"@id\":\"https:\\\/\\\/www.apfelpatient.de\\\/news\\\/apple-kuendigt-apple-watch-series-6-apple-watch-se-an\"},\"wordCount\":361,\"publisher\":{\"@type\":\"Organization\",\"@id\":\"https:\\\/\\\/www.apfelpatient.de\\\/en\\\/#organization\",\"name\":\"Apfelpatient\",\"url\":\"https:\\\/\\\/www.apfelpatient.de\\\/en\\\/\"},\"image\":{\"@id\":\"https:\\\/\\\/www.apfelpatient.de\\\/news\\\/apple-kuendigt-apple-watch-series-6-apple-watch-se-an#primaryimage\"},\"thumbnailUrl\":\"https:\\\/\\\/www.apfelpatient.de\\\/wp-content\\\/uploads\\\/2020\\\/09\\\/Apple_watch-series-6-Aluminum-blue-case-close-up_09152020.jpg\",\"keywords\":[\"Apple Watch\",\"Apple Watch SE\",\"Apple Watch Series 6\"],\"articleSection\":\"News\",\"inLanguage\":\"en-US\",\"copyrightYear\":\"2020\",\"copyrightHolder\":{\"@id\":\"https:\\\/\\\/www.apfelpatient.de\\\/en\\\/#organization\"}},{\"@type\":\"WebPage\",\"@id\":\"https:\\\/\\\/www.apfelpatient.de\\\/news\\\/apple-kuendigt-apple-watch-series-6-apple-watch-se-an\",\"url\":\"https:\\\/\\\/www.apfelpatient.de\\\/news\\\/apple-kuendigt-apple-watch-series-6-apple-watch-se-an\",\"name\":\"Apple k\u00fcndigt Apple Watch Series 6 & Apple Watch SE an Apfelpatient\",\"isPartOf\":{\"@id\":\"https:\\\/\\\/www.apfelpatient.de\\\/#website\"},\"primaryImageOfPage\":{\"@id\":\"https:\\\/\\\/www.apfelpatient.de\\\/news\\\/apple-kuendigt-apple-watch-series-6-apple-watch-se-an#primaryimage\"},\"image\":{\"@id\":\"https:\\\/\\\/www.apfelpatient.de\\\/news\\\/apple-kuendigt-apple-watch-series-6-apple-watch-se-an#primaryimage\"},\"thumbnailUrl\":\"https:\\\/\\\/www.apfelpatient.de\\\/wp-content\\\/uploads\\\/2020\\\/09\\\/Apple_watch-series-6-Aluminum-blue-case-close-up_09152020.jpg\",\"datePublished\":\"2020-09-15T17:51:13+00:00\",\"description\":\"Apple nun offiziell die Apple Watch Series 6 und Apple Watch SE im Rahmen einer digitalen Keynote angek\u00fcndigt.\",\"breadcrumb\":{\"@id\":\"https:\\\/\\\/www.apfelpatient.de\\\/news\\\/apple-kuendigt-apple-watch-series-6-apple-watch-se-an#breadcrumb\"},\"inLanguage\":\"en-US\",\"potentialAction\":[{\"@type\":\"ReadAction\",\"target\":[\"https:\\\/\\\/www.apfelpatient.de\\\/news\\\/apple-kuendigt-apple-watch-series-6-apple-watch-se-an\"]}]},{\"@type\":\"ImageObject\",\"inLanguage\":\"en-US\",\"@id\":\"https:\\\/\\\/www.apfelpatient.de\\\/news\\\/apple-kuendigt-apple-watch-series-6-apple-watch-se-an#primaryimage\",\"url\":\"https:\\\/\\\/www.apfelpatient.de\\\/wp-content\\\/uploads\\\/2020\\\/09\\\/Apple_watch-series-6-Aluminum-blue-case-close-up_09152020.jpg\",\"contentUrl\":\"https:\\\/\\\/www.apfelpatient.de\\\/wp-content\\\/uploads\\\/2020\\\/09\\\/Apple_watch-series-6-Aluminum-blue-case-close-up_09152020.jpg\",\"width\":1960,\"height\":1102,\"caption\":\"Bild: Apple\"},{\"@type\":\"BreadcrumbList\",\"@id\":\"https:\\\/\\\/www.apfelpatient.de\\\/news\\\/apple-kuendigt-apple-watch-series-6-apple-watch-se-an#breadcrumb\",\"itemListElement\":[{\"@type\":\"ListItem\",\"position\":1,\"name\":\"Startseite\",\"item\":\"https:\\\/\\\/www.apfelpatient.de\\\/\"},{\"@type\":\"ListItem\",\"position\":2,\"name\":\"Apple k\u00fcndigt Apple Watch Series 6 &#038; Apple Watch SE an\"}]},{\"@type\":\"WebSite\",\"@id\":\"https:\\\/\\\/www.apfelpatient.de\\\/#website\",\"url\":\"https:\\\/\\\/www.apfelpatient.de\\\/\",\"name\":\"Apfelpatient\",\"description\":\"Alles rund um Apple!\",\"publisher\":{\"@type\":\"Organization\",\"@id\":\"https:\\\/\\\/www.apfelpatient.de\\\/en\\\/#organization\",\"name\":\"Apfelpatient\",\"url\":\"https:\\\/\\\/www.apfelpatient.de\\\/en\\\/\"},\"alternateName\":\"Apfelpatient\",\"potentialAction\":[{\"@type\":\"SearchAction\",\"target\":{\"@type\":\"EntryPoint\",\"urlTemplate\":\"https:\\\/\\\/www.apfelpatient.de\\\/?s={search_term_string}\"},\"query-input\":{\"@type\":\"PropertyValueSpecification\",\"valueRequired\":true,\"valueName\":\"search_term_string\"}}],\"inLanguage\":\"en-US\"},{\"@type\":[\"Person\",\"Organization\"],\"@id\":\"https:\\\/\\\/www.apfelpatient.de\\\/#\\\/schema\\\/person\\\/7dc56ad6c8e9824b76d2c08d4c140e13\",\"name\":\"Milan\",\"logo\":{\"@id\":\"https:\\\/\\\/www.apfelpatient.de\\\/#\\\/schema\\\/person\\\/image\\\/\"},\"description\":\"Hallo und herzlich willkommen auf meinem Technik-Blog! Als gro\u00dfer Apple-Fan berichte ich hier \u00fcber alles, was mit Apple zu tun hat: von den neuesten News und spannenden Ger\u00fcchten \u00fcber hilfreiche Tipps und Tricks bis hin zu ausf\u00fchrlichen Produkttests. Wenn du genauso technikbegeistert bist wie ich, bist du hier genau richtig!\",\"sameAs\":[\"https:\\\/\\\/www.facebook.com\\\/apfelpatientOfficial\",\"https:\\\/\\\/www.linkedin.com\\\/in\\\/milan-jovicic-42aa0231b\"],\"url\":\"https:\\\/\\\/www.apfelpatient.de\\\/en\\\/author\\\/apfeladmin\"}]}<\/script>\n<!-- \/ Yoast SEO Premium plugin. -->","yoast_head_json":{"title":"Apple announces Apple Watch Series 6 &amp; Apple Watch SE Apfelpatient","description":"Apple has now officially announced the Apple Watch Series 6 and Apple Watch SE in a digital keynote.","robots":{"index":"index","follow":"follow","max-snippet":"max-snippet:-1","max-image-preview":"max-image-preview:large","max-video-preview":"max-video-preview:-1"},"canonical":"https:\/\/www.apfelpatient.de\/en\/news\/apple-announces-apple-watch-series-6-apple-watch-se","og_locale":"en_US","og_type":"article","og_title":"Apple k\u00fcndigt Apple Watch Series 6 & Apple Watch SE an","og_description":"Apple nun offiziell die Apple Watch Series 6 und Apple Watch SE im Rahmen einer digitalen Keynote angek\u00fcndigt.","og_url":"https:\/\/www.apfelpatient.de\/en\/news\/apple-announces-apple-watch-series-6-apple-watch-se","og_site_name":"Apfelpatient","article_publisher":"https:\/\/www.facebook.com\/apfelpatientOfficial","article_author":"https:\/\/www.facebook.com\/apfelpatientOfficial","article_published_time":"2020-09-15T17:51:13+00:00","og_image":[{"width":1960,"height":1102,"url":"https:\/\/www.apfelpatient.de\/wp-content\/uploads\/2020\/09\/Apple_watch-series-6-Aluminum-blue-case-close-up_09152020.jpg","type":"image\/jpeg"}],"author":"Milan","twitter_card":"summary_large_image","twitter_description":"Apple nun offiziell die Apple Watch Series 6 und Apple Watch SE im Rahmen einer digitalen Keynote angek\u00fcndigt.","twitter_misc":{"Written by":"Milan","Est. reading time":"2 minutes"},"schema":{"@context":"https:\/\/schema.org","@graph":[{"@type":"NewsArticle","@id":"https:\/\/www.apfelpatient.de\/news\/apple-kuendigt-apple-watch-series-6-apple-watch-se-an#article","isPartOf":{"@id":"https:\/\/www.apfelpatient.de\/news\/apple-kuendigt-apple-watch-series-6-apple-watch-se-an"},"author":{"@type":"Organization","@id":"https:\/\/www.apfelpatient.de\/en\/#organization","name":"Apfelpatient","url":"https:\/\/www.apfelpatient.de\/en\/"},"headline":"Apple k\u00fcndigt Apple Watch Series 6 &#038; Apple Watch SE an","datePublished":"2020-09-15T17:51:13+00:00","mainEntityOfPage":{"@id":"https:\/\/www.apfelpatient.de\/news\/apple-kuendigt-apple-watch-series-6-apple-watch-se-an"},"wordCount":361,"publisher":{"@type":"Organization","@id":"https:\/\/www.apfelpatient.de\/en\/#organization","name":"Apfelpatient","url":"https:\/\/www.apfelpatient.de\/en\/"},"image":{"@id":"https:\/\/www.apfelpatient.de\/news\/apple-kuendigt-apple-watch-series-6-apple-watch-se-an#primaryimage"},"thumbnailUrl":"https:\/\/www.apfelpatient.de\/wp-content\/uploads\/2020\/09\/Apple_watch-series-6-Aluminum-blue-case-close-up_09152020.jpg","keywords":["Apple Watch","Apple Watch SE","Apple Watch Series 6"],"articleSection":"News","inLanguage":"en-US","copyrightYear":"2020","copyrightHolder":{"@id":"https:\/\/www.apfelpatient.de\/en\/#organization"}},{"@type":"WebPage","@id":"https:\/\/www.apfelpatient.de\/news\/apple-kuendigt-apple-watch-series-6-apple-watch-se-an","url":"https:\/\/www.apfelpatient.de\/news\/apple-kuendigt-apple-watch-series-6-apple-watch-se-an","name":"Apple announces Apple Watch Series 6 &amp; Apple Watch SE Apfelpatient","isPartOf":{"@id":"https:\/\/www.apfelpatient.de\/#website"},"primaryImageOfPage":{"@id":"https:\/\/www.apfelpatient.de\/news\/apple-kuendigt-apple-watch-series-6-apple-watch-se-an#primaryimage"},"image":{"@id":"https:\/\/www.apfelpatient.de\/news\/apple-kuendigt-apple-watch-series-6-apple-watch-se-an#primaryimage"},"thumbnailUrl":"https:\/\/www.apfelpatient.de\/wp-content\/uploads\/2020\/09\/Apple_watch-series-6-Aluminum-blue-case-close-up_09152020.jpg","datePublished":"2020-09-15T17:51:13+00:00","description":"Apple has now officially announced the Apple Watch Series 6 and Apple Watch SE in a digital keynote.","breadcrumb":{"@id":"https:\/\/www.apfelpatient.de\/news\/apple-kuendigt-apple-watch-series-6-apple-watch-se-an#breadcrumb"},"inLanguage":"en-US","potentialAction":[{"@type":"ReadAction","target":["https:\/\/www.apfelpatient.de\/news\/apple-kuendigt-apple-watch-series-6-apple-watch-se-an"]}]},{"@type":"ImageObject","inLanguage":"en-US","@id":"https:\/\/www.apfelpatient.de\/news\/apple-kuendigt-apple-watch-series-6-apple-watch-se-an#primaryimage","url":"https:\/\/www.apfelpatient.de\/wp-content\/uploads\/2020\/09\/Apple_watch-series-6-Aluminum-blue-case-close-up_09152020.jpg","contentUrl":"https:\/\/www.apfelpatient.de\/wp-content\/uploads\/2020\/09\/Apple_watch-series-6-Aluminum-blue-case-close-up_09152020.jpg","width":1960,"height":1102,"caption":"Bild: Apple"},{"@type":"BreadcrumbList","@id":"https:\/\/www.apfelpatient.de\/news\/apple-kuendigt-apple-watch-series-6-apple-watch-se-an#breadcrumb","itemListElement":[{"@type":"ListItem","position":1,"name":"Startseite","item":"https:\/\/www.apfelpatient.de\/"},{"@type":"ListItem","position":2,"name":"Apple k\u00fcndigt Apple Watch Series 6 &#038; Apple Watch SE an"}]},{"@type":"WebSite","@id":"https:\/\/www.apfelpatient.de\/#website","url":"https:\/\/www.apfelpatient.de\/","name":"apple patient","description":"Everything about Apple!","publisher":{"@type":"Organization","@id":"https:\/\/www.apfelpatient.de\/en\/#organization","name":"Apfelpatient","url":"https:\/\/www.apfelpatient.de\/en\/"},"alternateName":"Apfelpatient","potentialAction":[{"@type":"SearchAction","target":{"@type":"EntryPoint","urlTemplate":"https:\/\/www.apfelpatient.de\/?s={search_term_string}"},"query-input":{"@type":"PropertyValueSpecification","valueRequired":true,"valueName":"search_term_string"}}],"inLanguage":"en-US"},{"@type":["Person","Organization"],"@id":"https:\/\/www.apfelpatient.de\/#\/schema\/person\/7dc56ad6c8e9824b76d2c08d4c140e13","name":"Milan","logo":{"@id":"https:\/\/www.apfelpatient.de\/#\/schema\/person\/image\/"},"description":"Hello and welcome to my technology blog! As a big Apple fan, I report on everything to do with Apple: from the latest news and exciting rumors to helpful tips and tricks and detailed product tests. If you are as enthusiastic about technology as I am, you have come to the right place!","sameAs":["https:\/\/www.facebook.com\/apfelpatientOfficial","https:\/\/www.linkedin.com\/in\/milan-jovicic-42aa0231b"],"url":"https:\/\/www.apfelpatient.de\/en\/author\/apfeladmin"}]}},"_links":{"self":[{"href":"https:\/\/www.apfelpatient.de\/en\/wp-json\/wp\/v2\/posts\/14977","targetHints":{"allow":["GET"]}}],"collection":[{"href":"https:\/\/www.apfelpatient.de\/en\/wp-json\/wp\/v2\/posts"}],"about":[{"href":"https:\/\/www.apfelpatient.de\/en\/wp-json\/wp\/v2\/types\/post"}],"author":[{"embeddable":true,"href":"https:\/\/www.apfelpatient.de\/en\/wp-json\/wp\/v2\/users\/2"}],"replies":[{"embeddable":true,"href":"https:\/\/www.apfelpatient.de\/en\/wp-json\/wp\/v2\/comments?post=14977"}],"version-history":[{"count":0,"href":"https:\/\/www.apfelpatient.de\/en\/wp-json\/wp\/v2\/posts\/14977\/revisions"}],"wp:featuredmedia":[{"embeddable":true,"href":"https:\/\/www.apfelpatient.de\/en\/wp-json\/wp\/v2\/media\/14978"}],"wp:attachment":[{"href":"https:\/\/www.apfelpatient.de\/en\/wp-json\/wp\/v2\/media?parent=14977"}],"wp:term":[{"taxonomy":"category","embeddable":true,"href":"https:\/\/www.apfelpatient.de\/en\/wp-json\/wp\/v2\/categories?post=14977"},{"taxonomy":"post_tag","embeddable":true,"href":"https:\/\/www.apfelpatient.de\/en\/wp-json\/wp\/v2\/tags?post=14977"}],"curies":[{"name":"wp","href":"https:\/\/api.w.org\/{rel}","templated":true}]}}