{"id":14975,"date":"2020-09-15T23:33:27","date_gmt":"2020-09-15T21:33:27","guid":{"rendered":"https:\/\/www.apfelpatient.de\/?p=14975"},"modified":"2020-09-15T23:33:27","modified_gmt":"2020-09-15T21:33:27","slug":"identity-card-on-the-iphone-federal-government-states-date","status":"publish","type":"post","link":"https:\/\/www.apfelpatient.de\/en\/news\/personalausweis-auf-dem-iphone-bundesregierung-nennt-datum","title":{"rendered":"Identity card on the iPhone? Federal government announces date"},"content":{"rendered":"<p class=\"has-drop-cap\"><strong>With Apple Pay, iPhone users have a simple and secure way to make contactless payments at any time. While credit and debit cards can stay at home, this does not apply to ID cards. But that is set to change soon.<\/strong><\/p>\n\n\n\n<p>The Wallet app on the iPhone has now become a small wallet. In addition to credit cards, you can also find vouchers and tickets there. But when will we be able to carry our ID card digitally? This question has now been answered by the federal government. According to the app, the so-called ID card app will be released as early as June 1, 2021, thus supporting the electronic ID card. The first prototype of the application is expected in the first quarter of 2021. This is what the <a href=\"https:\/\/dip21.bundestag.de\/dip21\/btd\/19\/218\/1921855.pdf\" class=\"ek-link\"><span style=\"text-decoration: underline;\" class=\"ek-underline\">PDF<\/span><\/a>:<\/p>\n\n\n\n<blockquote class=\"wp-block-quote is-layout-flow wp-block-quote-is-layout-flow\"><p>The OPTIMOS funding project will expire in November 2020. According to current plans, the prototype of a smartphone app should be ready for use on February 1, 2021, which will enable a test login user account and access to the e-government\/Online Access Act (OZG) application in test operation. The app should be available for download from June 1, 2021.<\/p><\/blockquote>\n\n\n\n<h3 class=\"wp-block-heading\">&quot;Establish Electronic Identity&quot;<\/h3>\n\n\n\n\n\n\n\n<p>So we now finally have a concrete time frame. But what exactly should the electronic ID card be able to do? The answer to this is provided by the so-called \u201c9-point plan for a digital Germany\u201d, which was presented in July this year. The third section \u2013 \u201cEstablishing electronic identity\u201d \u2013 contains three important points <a href=\"https:\/\/www.cio.bund.de\/SharedDocs\/Kurzmeldungen\/DE\/2020\/20200715_9-punkte-plan.html\" class=\"ek-link\"><span style=\"text-decoration: underline;\" class=\"ek-underline\">listed<\/span><\/a>:<\/p>\n\n\n\n<ul class=\"wp-block-list\"><li>Bring cards to smartphones, e.g. online ID,<\/li><li>Make using the online ID easier, e.g. resetting a forgotten PIN, use in company networks,<\/li><li>Involve the economy for use in the commercial sector.<\/li><\/ul>\n\n\n\n<p>The corresponding application is to be made available by the Federal Printing Office in the App Store. It remains to be seen whether the whole thing will be implemented in this way and whether the deadline can actually be met. <em>(Photo by Denys Prykhodov \/ Bigstockphoto)<\/em><\/p>\n\n\n\n<ul class=\"wp-block-list\"><li><a href=\"https:\/\/www.apfelpatient.de\/en\/news\/sparkasse-girocard-apple-pay-support-launched\" class=\"ek-link\"><span style=\"text-decoration: underline;\" class=\"ek-underline\">Sparkasse Girocard: Apple Pay support launched<\/span><\/a><\/li><\/ul>\n\n\n\n<h6 class=\"wp-block-heading translation-block\" id=\"h-kennt-ihr-schon-unsere-amazon-storefront-dort-findet-ihr-eine-handverlesene-auswahl-von-diversen-produkten-f-r-euer-iphone-und-co-viel-spa-beim-st-bern\"><em>Have you already visited our Amazon Storefront? There you&#039;ll find a hand-picked selection of various products for your iPhone and other devices \u2013 <span class=\"has-inline-color has-vivid-red-color\"><a href=\"https:\/\/www.amazon.de\/shop\/apfelpatientofficial\" class=\"ek-link\" data-wpel-link=\"exclude\" rel=\"follow noopener\" target=\"_self\"><span style=\"text-decoration: underline\" class=\"ek-underline\">enjoy browsing<\/span><\/a> !<\/span><\/em><\/h6>\n\n\n\n\n\n<h6 class=\"wp-block-heading translation-block\" id=\"h-der-beitrag-enthalt-partnerlinks\">This post contains <a data-type=\"URL\" data-id=\"https:\/\/www.apfelpatient.de\/partnerprogramm\" href=\"https:\/\/www.apfelpatient.de\/en\/partner-program\" data-wpel-link=\"internal\" target=\"_self\">affiliate links<\/a>.<\/h6>","protected":false},"excerpt":{"rendered":"<p>Electronic ID card iPhone: But when will we be able to carry our ID card digitally?<\/p>","protected":false},"author":2,"featured_media":10707,"comment_status":"closed","ping_status":"open","sticky":false,"template":"","format":"standard","meta":{"jnews-multi-image_gallery":[],"jnews_single_post":{"subtitle":"","format":"standard","video":"","gallery":"","source_name":"","source_url":"","via_name":"","via_url":"","override":[{"single_blog_custom":"","sidebar":"","second_sidebar":"","share_position":"","share_float_style":"","post_date_format":"","post_date_format_custom":"","post_reading_time_wpm":"","zoom_button_out_step":"1","zoom_button_in_step":"1","number_popup_post":"1"}],"image_override":[{"single_post_thumbnail_size":"","single_post_gallery_size":""}],"trending_post_position":"","trending_post_label":"","sponsored_post_label":"","sponsored_post_name":"","sponsored_post_url":"","sponsored_post_logo":"","sponsored_post_desc":""},"jnews_primary_category":{"id":"265"},"footnotes":""},"categories":[9],"tags":[6,3,8],"class_list":["post-14975","post","type-post","status-publish","format-standard","has-post-thumbnail","hentry","category-news","tag-app-store","tag-ios","tag-iphone"],"yoast_head":"<!-- This site is optimized with the Yoast SEO Premium plugin v27.5 (Yoast SEO v27.5) - https:\/\/yoast.com\/product\/yoast-seo-premium-wordpress\/ -->\n<title>Personalausweis auf dem iPhone? Bundesregierung nennt Datum<\/title>\n<meta name=\"description\" content=\"Elektronischer Personalausweis iPhone: Doch wann werden wir unseren Personalausweis digital mitf\u00fchren k\u00f6nnen?\" \/>\n<meta name=\"robots\" content=\"index, follow, max-snippet:-1, max-image-preview:large, max-video-preview:-1\" \/>\n<link rel=\"canonical\" href=\"https:\/\/www.apfelpatient.de\/en\/news\/identity-card-on-the-iphone-federal-government-states-date\" \/>\n<meta property=\"og:locale\" content=\"en_US\" \/>\n<meta property=\"og:type\" content=\"article\" \/>\n<meta property=\"og:title\" content=\"Personalausweis auf dem iPhone? Bundesregierung nennt Datum\" \/>\n<meta property=\"og:description\" content=\"Elektronischer Personalausweis iPhone: Doch wann werden wir unseren Personalausweis digital mitf\u00fchren k\u00f6nnen?\" \/>\n<meta property=\"og:url\" content=\"https:\/\/www.apfelpatient.de\/en\/news\/identity-card-on-the-iphone-federal-government-states-date\" \/>\n<meta property=\"og:site_name\" content=\"Apfelpatient\" \/>\n<meta property=\"article:publisher\" content=\"https:\/\/www.facebook.com\/apfelpatientOfficial\" \/>\n<meta property=\"article:author\" content=\"https:\/\/www.facebook.com\/apfelpatientOfficial\" \/>\n<meta property=\"article:published_time\" content=\"2020-09-15T21:33:27+00:00\" \/>\n<meta property=\"og:image\" content=\"https:\/\/www.apfelpatient.de\/wp-content\/uploads\/2020\/03\/bigstock-Anapa-Russia-October-330247585.jpg\" \/>\n\t<meta property=\"og:image:width\" content=\"1600\" \/>\n\t<meta property=\"og:image:height\" content=\"1067\" \/>\n\t<meta property=\"og:image:type\" content=\"image\/jpeg\" \/>\n<meta name=\"author\" content=\"Milan\" \/>\n<meta name=\"twitter:card\" content=\"summary_large_image\" \/>\n<meta name=\"twitter:description\" content=\"Elektronischer Personalausweis iPhone: Doch wann werden wir unseren Personalausweis digital mitf\u00fchren k\u00f6nnen?\" \/>\n<meta name=\"twitter:label1\" content=\"Written by\" \/>\n\t<meta name=\"twitter:data1\" content=\"Milan\" \/>\n\t<meta name=\"twitter:label2\" content=\"Est. reading time\" \/>\n\t<meta name=\"twitter:data2\" content=\"2 minutes\" \/>\n<script type=\"application\/ld+json\" class=\"yoast-schema-graph\">{\"@context\":\"https:\\\/\\\/schema.org\",\"@graph\":[{\"@type\":\"NewsArticle\",\"@id\":\"https:\\\/\\\/www.apfelpatient.de\\\/news\\\/personalausweis-auf-dem-iphone-bundesregierung-nennt-datum#article\",\"isPartOf\":{\"@id\":\"https:\\\/\\\/www.apfelpatient.de\\\/news\\\/personalausweis-auf-dem-iphone-bundesregierung-nennt-datum\"},\"author\":{\"@type\":\"Organization\",\"@id\":\"https:\\\/\\\/www.apfelpatient.de\\\/en\\\/#organization\",\"name\":\"Apfelpatient\",\"url\":\"https:\\\/\\\/www.apfelpatient.de\\\/en\\\/\"},\"headline\":\"Personalausweis auf dem iPhone? Bundesregierung nennt Datum\",\"datePublished\":\"2020-09-15T21:33:27+00:00\",\"mainEntityOfPage\":{\"@id\":\"https:\\\/\\\/www.apfelpatient.de\\\/news\\\/personalausweis-auf-dem-iphone-bundesregierung-nennt-datum\"},\"wordCount\":312,\"publisher\":{\"@type\":\"Organization\",\"@id\":\"https:\\\/\\\/www.apfelpatient.de\\\/en\\\/#organization\",\"name\":\"Apfelpatient\",\"url\":\"https:\\\/\\\/www.apfelpatient.de\\\/en\\\/\"},\"image\":{\"@id\":\"https:\\\/\\\/www.apfelpatient.de\\\/news\\\/personalausweis-auf-dem-iphone-bundesregierung-nennt-datum#primaryimage\"},\"thumbnailUrl\":\"https:\\\/\\\/www.apfelpatient.de\\\/wp-content\\\/uploads\\\/2020\\\/03\\\/bigstock-Anapa-Russia-October-330247585.jpg\",\"keywords\":[\"App Store\",\"iOS\",\"iPhone\"],\"articleSection\":\"News\",\"inLanguage\":\"en-US\",\"copyrightYear\":\"2020\",\"copyrightHolder\":{\"@id\":\"https:\\\/\\\/www.apfelpatient.de\\\/en\\\/#organization\"}},{\"@type\":\"WebPage\",\"@id\":\"https:\\\/\\\/www.apfelpatient.de\\\/news\\\/personalausweis-auf-dem-iphone-bundesregierung-nennt-datum\",\"url\":\"https:\\\/\\\/www.apfelpatient.de\\\/news\\\/personalausweis-auf-dem-iphone-bundesregierung-nennt-datum\",\"name\":\"Personalausweis auf dem iPhone? Bundesregierung nennt Datum\",\"isPartOf\":{\"@id\":\"https:\\\/\\\/www.apfelpatient.de\\\/#website\"},\"primaryImageOfPage\":{\"@id\":\"https:\\\/\\\/www.apfelpatient.de\\\/news\\\/personalausweis-auf-dem-iphone-bundesregierung-nennt-datum#primaryimage\"},\"image\":{\"@id\":\"https:\\\/\\\/www.apfelpatient.de\\\/news\\\/personalausweis-auf-dem-iphone-bundesregierung-nennt-datum#primaryimage\"},\"thumbnailUrl\":\"https:\\\/\\\/www.apfelpatient.de\\\/wp-content\\\/uploads\\\/2020\\\/03\\\/bigstock-Anapa-Russia-October-330247585.jpg\",\"datePublished\":\"2020-09-15T21:33:27+00:00\",\"description\":\"Elektronischer Personalausweis iPhone: Doch wann werden wir unseren Personalausweis digital mitf\u00fchren k\u00f6nnen?\",\"breadcrumb\":{\"@id\":\"https:\\\/\\\/www.apfelpatient.de\\\/news\\\/personalausweis-auf-dem-iphone-bundesregierung-nennt-datum#breadcrumb\"},\"inLanguage\":\"en-US\",\"potentialAction\":[{\"@type\":\"ReadAction\",\"target\":[\"https:\\\/\\\/www.apfelpatient.de\\\/news\\\/personalausweis-auf-dem-iphone-bundesregierung-nennt-datum\"]}]},{\"@type\":\"ImageObject\",\"inLanguage\":\"en-US\",\"@id\":\"https:\\\/\\\/www.apfelpatient.de\\\/news\\\/personalausweis-auf-dem-iphone-bundesregierung-nennt-datum#primaryimage\",\"url\":\"https:\\\/\\\/www.apfelpatient.de\\\/wp-content\\\/uploads\\\/2020\\\/03\\\/bigstock-Anapa-Russia-October-330247585.jpg\",\"contentUrl\":\"https:\\\/\\\/www.apfelpatient.de\\\/wp-content\\\/uploads\\\/2020\\\/03\\\/bigstock-Anapa-Russia-October-330247585.jpg\",\"width\":1600,\"height\":1067,\"caption\":\"Anapa, Russia - October 4, 2019: Women hand holding iPhone 11 with call number on the screen. iPhone 11 was created and developed by the Apple inc.\"},{\"@type\":\"BreadcrumbList\",\"@id\":\"https:\\\/\\\/www.apfelpatient.de\\\/news\\\/personalausweis-auf-dem-iphone-bundesregierung-nennt-datum#breadcrumb\",\"itemListElement\":[{\"@type\":\"ListItem\",\"position\":1,\"name\":\"Startseite\",\"item\":\"https:\\\/\\\/www.apfelpatient.de\\\/\"},{\"@type\":\"ListItem\",\"position\":2,\"name\":\"Personalausweis auf dem iPhone? Bundesregierung nennt Datum\"}]},{\"@type\":\"WebSite\",\"@id\":\"https:\\\/\\\/www.apfelpatient.de\\\/#website\",\"url\":\"https:\\\/\\\/www.apfelpatient.de\\\/\",\"name\":\"Apfelpatient\",\"description\":\"Alles rund um Apple!\",\"publisher\":{\"@type\":\"Organization\",\"@id\":\"https:\\\/\\\/www.apfelpatient.de\\\/en\\\/#organization\",\"name\":\"Apfelpatient\",\"url\":\"https:\\\/\\\/www.apfelpatient.de\\\/en\\\/\"},\"alternateName\":\"Apfelpatient\",\"potentialAction\":[{\"@type\":\"SearchAction\",\"target\":{\"@type\":\"EntryPoint\",\"urlTemplate\":\"https:\\\/\\\/www.apfelpatient.de\\\/?s={search_term_string}\"},\"query-input\":{\"@type\":\"PropertyValueSpecification\",\"valueRequired\":true,\"valueName\":\"search_term_string\"}}],\"inLanguage\":\"en-US\"},{\"@type\":[\"Person\",\"Organization\"],\"@id\":\"https:\\\/\\\/www.apfelpatient.de\\\/#\\\/schema\\\/person\\\/35b3ddba5832f2bfc7fff5206d4f6b7b\",\"name\":\"Milan\",\"logo\":{\"@id\":\"https:\\\/\\\/www.apfelpatient.de\\\/#\\\/schema\\\/person\\\/image\\\/\"},\"description\":\"Hallo und herzlich willkommen auf meinem Technik-Blog! Als gro\u00dfer Apple-Fan berichte ich hier \u00fcber alles, was mit Apple zu tun hat: von den neuesten News und spannenden Ger\u00fcchten \u00fcber hilfreiche Tipps und Tricks bis hin zu ausf\u00fchrlichen Produkttests. Wenn du genauso technikbegeistert bist wie ich, bist du hier genau richtig!\",\"sameAs\":[\"https:\\\/\\\/www.facebook.com\\\/apfelpatientOfficial\",\"https:\\\/\\\/www.linkedin.com\\\/in\\\/milan-jovicic-42aa0231b\"],\"url\":\"https:\\\/\\\/www.apfelpatient.de\\\/en\\\/author\\\/apfeladmin\"}]}<\/script>\n<!-- \/ Yoast SEO Premium plugin. -->","yoast_head_json":{"title":"Identity card on the iPhone? Federal government announces date","description":"Electronic ID card iPhone: But when will we be able to carry our ID card digitally?","robots":{"index":"index","follow":"follow","max-snippet":"max-snippet:-1","max-image-preview":"max-image-preview:large","max-video-preview":"max-video-preview:-1"},"canonical":"https:\/\/www.apfelpatient.de\/en\/news\/identity-card-on-the-iphone-federal-government-states-date","og_locale":"en_US","og_type":"article","og_title":"Personalausweis auf dem iPhone? Bundesregierung nennt Datum","og_description":"Elektronischer Personalausweis iPhone: Doch wann werden wir unseren Personalausweis digital mitf\u00fchren k\u00f6nnen?","og_url":"https:\/\/www.apfelpatient.de\/en\/news\/identity-card-on-the-iphone-federal-government-states-date","og_site_name":"Apfelpatient","article_publisher":"https:\/\/www.facebook.com\/apfelpatientOfficial","article_author":"https:\/\/www.facebook.com\/apfelpatientOfficial","article_published_time":"2020-09-15T21:33:27+00:00","og_image":[{"width":1600,"height":1067,"url":"https:\/\/www.apfelpatient.de\/wp-content\/uploads\/2020\/03\/bigstock-Anapa-Russia-October-330247585.jpg","type":"image\/jpeg"}],"author":"Milan","twitter_card":"summary_large_image","twitter_description":"Elektronischer Personalausweis iPhone: Doch wann werden wir unseren Personalausweis digital mitf\u00fchren k\u00f6nnen?","twitter_misc":{"Written by":"Milan","Est. reading time":"2 minutes"},"schema":{"@context":"https:\/\/schema.org","@graph":[{"@type":"NewsArticle","@id":"https:\/\/www.apfelpatient.de\/news\/personalausweis-auf-dem-iphone-bundesregierung-nennt-datum#article","isPartOf":{"@id":"https:\/\/www.apfelpatient.de\/news\/personalausweis-auf-dem-iphone-bundesregierung-nennt-datum"},"author":{"@type":"Organization","@id":"https:\/\/www.apfelpatient.de\/en\/#organization","name":"Apfelpatient","url":"https:\/\/www.apfelpatient.de\/en\/"},"headline":"Personalausweis auf dem iPhone? Bundesregierung nennt Datum","datePublished":"2020-09-15T21:33:27+00:00","mainEntityOfPage":{"@id":"https:\/\/www.apfelpatient.de\/news\/personalausweis-auf-dem-iphone-bundesregierung-nennt-datum"},"wordCount":312,"publisher":{"@type":"Organization","@id":"https:\/\/www.apfelpatient.de\/en\/#organization","name":"Apfelpatient","url":"https:\/\/www.apfelpatient.de\/en\/"},"image":{"@id":"https:\/\/www.apfelpatient.de\/news\/personalausweis-auf-dem-iphone-bundesregierung-nennt-datum#primaryimage"},"thumbnailUrl":"https:\/\/www.apfelpatient.de\/wp-content\/uploads\/2020\/03\/bigstock-Anapa-Russia-October-330247585.jpg","keywords":["App Store","iOS","iPhone"],"articleSection":"News","inLanguage":"en-US","copyrightYear":"2020","copyrightHolder":{"@id":"https:\/\/www.apfelpatient.de\/en\/#organization"}},{"@type":"WebPage","@id":"https:\/\/www.apfelpatient.de\/news\/personalausweis-auf-dem-iphone-bundesregierung-nennt-datum","url":"https:\/\/www.apfelpatient.de\/news\/personalausweis-auf-dem-iphone-bundesregierung-nennt-datum","name":"Identity card on the iPhone? Federal government announces date","isPartOf":{"@id":"https:\/\/www.apfelpatient.de\/#website"},"primaryImageOfPage":{"@id":"https:\/\/www.apfelpatient.de\/news\/personalausweis-auf-dem-iphone-bundesregierung-nennt-datum#primaryimage"},"image":{"@id":"https:\/\/www.apfelpatient.de\/news\/personalausweis-auf-dem-iphone-bundesregierung-nennt-datum#primaryimage"},"thumbnailUrl":"https:\/\/www.apfelpatient.de\/wp-content\/uploads\/2020\/03\/bigstock-Anapa-Russia-October-330247585.jpg","datePublished":"2020-09-15T21:33:27+00:00","description":"Electronic ID card iPhone: But when will we be able to carry our ID card digitally?","breadcrumb":{"@id":"https:\/\/www.apfelpatient.de\/news\/personalausweis-auf-dem-iphone-bundesregierung-nennt-datum#breadcrumb"},"inLanguage":"en-US","potentialAction":[{"@type":"ReadAction","target":["https:\/\/www.apfelpatient.de\/news\/personalausweis-auf-dem-iphone-bundesregierung-nennt-datum"]}]},{"@type":"ImageObject","inLanguage":"en-US","@id":"https:\/\/www.apfelpatient.de\/news\/personalausweis-auf-dem-iphone-bundesregierung-nennt-datum#primaryimage","url":"https:\/\/www.apfelpatient.de\/wp-content\/uploads\/2020\/03\/bigstock-Anapa-Russia-October-330247585.jpg","contentUrl":"https:\/\/www.apfelpatient.de\/wp-content\/uploads\/2020\/03\/bigstock-Anapa-Russia-October-330247585.jpg","width":1600,"height":1067,"caption":"Anapa, Russia - October 4, 2019: Women hand holding iPhone 11 with call number on the screen. iPhone 11 was created and developed by the Apple inc."},{"@type":"BreadcrumbList","@id":"https:\/\/www.apfelpatient.de\/news\/personalausweis-auf-dem-iphone-bundesregierung-nennt-datum#breadcrumb","itemListElement":[{"@type":"ListItem","position":1,"name":"Startseite","item":"https:\/\/www.apfelpatient.de\/"},{"@type":"ListItem","position":2,"name":"Personalausweis auf dem iPhone? Bundesregierung nennt Datum"}]},{"@type":"WebSite","@id":"https:\/\/www.apfelpatient.de\/#website","url":"https:\/\/www.apfelpatient.de\/","name":"apple patient","description":"Everything about Apple!","publisher":{"@type":"Organization","@id":"https:\/\/www.apfelpatient.de\/en\/#organization","name":"Apfelpatient","url":"https:\/\/www.apfelpatient.de\/en\/"},"alternateName":"Apfelpatient","potentialAction":[{"@type":"SearchAction","target":{"@type":"EntryPoint","urlTemplate":"https:\/\/www.apfelpatient.de\/?s={search_term_string}"},"query-input":{"@type":"PropertyValueSpecification","valueRequired":true,"valueName":"search_term_string"}}],"inLanguage":"en-US"},{"@type":["Person","Organization"],"@id":"https:\/\/www.apfelpatient.de\/#\/schema\/person\/35b3ddba5832f2bfc7fff5206d4f6b7b","name":"Milan","logo":{"@id":"https:\/\/www.apfelpatient.de\/#\/schema\/person\/image\/"},"description":"Hello and welcome to my technology blog! As a big Apple fan, I report on everything to do with Apple: from the latest news and exciting rumors to helpful tips and tricks and detailed product tests. If you are as enthusiastic about technology as I am, you have come to the right place!","sameAs":["https:\/\/www.facebook.com\/apfelpatientOfficial","https:\/\/www.linkedin.com\/in\/milan-jovicic-42aa0231b"],"url":"https:\/\/www.apfelpatient.de\/en\/author\/apfeladmin"}]}},"_links":{"self":[{"href":"https:\/\/www.apfelpatient.de\/en\/wp-json\/wp\/v2\/posts\/14975","targetHints":{"allow":["GET"]}}],"collection":[{"href":"https:\/\/www.apfelpatient.de\/en\/wp-json\/wp\/v2\/posts"}],"about":[{"href":"https:\/\/www.apfelpatient.de\/en\/wp-json\/wp\/v2\/types\/post"}],"author":[{"embeddable":true,"href":"https:\/\/www.apfelpatient.de\/en\/wp-json\/wp\/v2\/users\/2"}],"replies":[{"embeddable":true,"href":"https:\/\/www.apfelpatient.de\/en\/wp-json\/wp\/v2\/comments?post=14975"}],"version-history":[{"count":0,"href":"https:\/\/www.apfelpatient.de\/en\/wp-json\/wp\/v2\/posts\/14975\/revisions"}],"wp:featuredmedia":[{"embeddable":true,"href":"https:\/\/www.apfelpatient.de\/en\/wp-json\/wp\/v2\/media\/10707"}],"wp:attachment":[{"href":"https:\/\/www.apfelpatient.de\/en\/wp-json\/wp\/v2\/media?parent=14975"}],"wp:term":[{"taxonomy":"category","embeddable":true,"href":"https:\/\/www.apfelpatient.de\/en\/wp-json\/wp\/v2\/categories?post=14975"},{"taxonomy":"post_tag","embeddable":true,"href":"https:\/\/www.apfelpatient.de\/en\/wp-json\/wp\/v2\/tags?post=14975"}],"curies":[{"name":"wp","href":"https:\/\/api.w.org\/{rel}","templated":true}]}}